{"id":158266,"date":"2026-01-22T20:15:00","date_gmt":"2026-01-22T23:15:00","guid":{"rendered":"https:\/\/www.em.com.br\/emfoco\/?p=158266"},"modified":"2026-01-21T20:13:20","modified_gmt":"2026-01-21T23:13:20","slug":"esqueca-a-cama-auxiliar-a-tendencia-de-design-de-interiores-que-vai-bombar-em-2026","status":"publish","type":"post","link":"https:\/\/www.em.com.br\/emfoco\/2026\/01\/22\/esqueca-a-cama-auxiliar-a-tendencia-de-design-de-interiores-que-vai-bombar-em-2026\/","title":{"rendered":"Esque\u00e7a \u00e0 cama auxiliar: a tend\u00eancia de design de interiores que vai bombar em 2026"},"content":{"rendered":"\n<p>A cama auxiliar marcou presen\u00e7a em muitos quartos pequenos, sobretudo em apartamentos urbanos, mas hoje vem sendo substitu\u00edda por modelos mais leves, elevados e alinhados ao estilo de vida contempor\u00e2neo, que valorizam conforto, praticidade e um visual mais clean.<\/p>\n\n\n\n<h2 class=\"wp-block-heading\">Qual ser\u00e1 a tend\u00eancia de camas para 2026<\/h2>\n\n\n\n<p>A\u00a0<strong>base de cama elevada<\/strong>, que combina est\u00e9tica limpa, funcionalidade e conforto t\u00e9rmico. Em vez de um grande bloco encostado no ch\u00e3o, ganham destaque as camas com p\u00e9s aparentes, estrutura mais fina e sensa\u00e7\u00e3o de amplitude visual.<\/p>\n\n\n\n<p>Essas bases podem ser em madeira aparente ou estofadas, geralmente mais baixas, criando um v\u00e3o entre o piso e a <a href=\"https:\/\/www.em.com.br\/emfoco\/2026\/01\/21\/adeus-as-camas-box-esta-e-a-nova-tendencia-mais-confortavel-e-elegante-para-2026\/\" target=\"_blank\" rel=\"noreferrer noopener\">cama<\/a>. Esse espa\u00e7o livre facilita a limpeza, melhora a circula\u00e7\u00e3o de ar e da luz e contribui para um ambiente mais arejado e f\u00e1cil de manter organizado.<\/p>\n\n\n\n<figure class=\"wp-block-image size-large\"><img loading=\"lazy\" decoding=\"async\" width=\"1024\" height=\"576\" src=\"https:\/\/www.em.com.br\/emfoco\/wp-content\/uploads\/2026\/01\/Gemini_Generated_Image_b16fvfb16fvfb16f-1-1024x576.png\" alt=\"A maior tend\u00eancia de camas para quartos modernos\" class=\"wp-image-158322\" srcset=\"https:\/\/www.em.com.br\/emfoco\/wp-content\/uploads\/2026\/01\/Gemini_Generated_Image_b16fvfb16fvfb16f-1-1024x576.png 1024w, https:\/\/www.em.com.br\/emfoco\/wp-content\/uploads\/2026\/01\/Gemini_Generated_Image_b16fvfb16fvfb16f-1-300x169.png 300w, https:\/\/www.em.com.br\/emfoco\/wp-content\/uploads\/2026\/01\/Gemini_Generated_Image_b16fvfb16fvfb16f-1-768x432.png 768w, https:\/\/www.em.com.br\/emfoco\/wp-content\/uploads\/2026\/01\/Gemini_Generated_Image_b16fvfb16fvfb16f-1-750x422.png 750w, https:\/\/www.em.com.br\/emfoco\/wp-content\/uploads\/2026\/01\/Gemini_Generated_Image_b16fvfb16fvfb16f-1-1140x641.png 1140w, https:\/\/www.em.com.br\/emfoco\/wp-content\/uploads\/2026\/01\/Gemini_Generated_Image_b16fvfb16fvfb16f-1.png 1280w\" sizes=\"auto, (max-width: 1024px) 100vw, 1024px\" \/><figcaption class=\"wp-element-caption\">A maior tend\u00eancia de camas para quartos modernos<\/figcaption><\/figure>\n\n\n\n<h2 class=\"wp-block-heading\">Por que a cama auxiliar est\u00e1 perdendo espa\u00e7o na decora\u00e7\u00e3o<\/h2>\n\n\n\n<p>A queda de popularidade da cama auxiliar est\u00e1 ligada a tr\u00eas pontos principais:\u00a0<strong>visual, conforto e manuten\u00e7\u00e3o<\/strong>. O desenho robusto e fechado pesa na decora\u00e7\u00e3o, ocupa visualmente o ambiente e dificulta a integra\u00e7\u00e3o com projetos mais atuais e minimalistas.<\/p>\n\n\n\n<p><strong>No conforto, o colch\u00e3o inferior costuma ser mais fino e pouco ventilado, favorecendo calor e umidade.<\/strong>&nbsp;J\u00e1 as bases elevadas permitem maior circula\u00e7\u00e3o de ar sob o colch\u00e3o, o que melhora a sensa\u00e7\u00e3o t\u00e9rmica, aumenta a durabilidade dos materiais e simplifica a limpeza do dia a dia.<\/p>\n\n\n\n<h2 class=\"wp-block-heading\">Quais s\u00e3o as principais caracter\u00edsticas das camas em alta<\/h2>\n\n\n\n<p>A tend\u00eancia para 2026 aposta no chamado\u00a0<em><a href=\"https:\/\/www.pinterest.com\/pin\/minimalismo-quente--393361348718647289\/\" target=\"_blank\" rel=\"noreferrer noopener\">minimalismo quente<\/a><\/em>, unindo linhas simples, materiais aconchegantes e cara de su\u00edte de hotel adaptada \u00e0 rotina real. A cama vira protagonista, mas sem excesso de volume, mantendo o visual leve e contempor\u00e2neo.<\/p>\n\n\n\n<p>Esse estilo aparece em quartos infantis, juvenis e de casal, com foco em conforto visual e uso inteligente do espa\u00e7o. Para entender melhor essa nova abordagem, vale observar alguns elementos que se repetem nos projetos recentes:<\/p>\n\n\n\n<ul class=\"wp-block-list\">\n<li><strong>Bases estofadas<\/strong>\u00a0em linho, algod\u00e3o ou suede, em tons neutros, muito presentes em projetos brasileiros atuais.<\/li>\n\n\n\n<li><strong>Estruturas de madeira \u00e0 mostra<\/strong>, com desenho clean e p\u00e9s finos ou chanfrados, combinando com pisos de madeira, porcelanato amadeirado ou cimento queimado.<\/li>\n\n\n\n<li><strong>Cabeceiras amplas<\/strong>, estofadas ou em pain\u00e9is de madeira, que podem integrar mesas de cabeceira e nichos embutidos, sem exagero visual.<\/li>\n\n\n\n<li><strong>Cores suaves<\/strong>, como bege, off-white, cinza claro e amadeirados naturais, que valorizam a luz natural e o clima brasileiro.<\/li>\n<\/ul>\n\n\n\n<figure class=\"wp-block-image size-large\"><img loading=\"lazy\" decoding=\"async\" width=\"1024\" height=\"576\" src=\"https:\/\/www.em.com.br\/emfoco\/wp-content\/uploads\/2026\/01\/Gemini_Generated_Image_l4266ll4266ll426-1-1024x576.png\" alt=\"A maior tend\u00eancia de camas para quartos modernos\" class=\"wp-image-158323\" srcset=\"https:\/\/www.em.com.br\/emfoco\/wp-content\/uploads\/2026\/01\/Gemini_Generated_Image_l4266ll4266ll426-1-1024x576.png 1024w, https:\/\/www.em.com.br\/emfoco\/wp-content\/uploads\/2026\/01\/Gemini_Generated_Image_l4266ll4266ll426-1-300x169.png 300w, https:\/\/www.em.com.br\/emfoco\/wp-content\/uploads\/2026\/01\/Gemini_Generated_Image_l4266ll4266ll426-1-768x432.png 768w, https:\/\/www.em.com.br\/emfoco\/wp-content\/uploads\/2026\/01\/Gemini_Generated_Image_l4266ll4266ll426-1-750x422.png 750w, https:\/\/www.em.com.br\/emfoco\/wp-content\/uploads\/2026\/01\/Gemini_Generated_Image_l4266ll4266ll426-1-1140x641.png 1140w, https:\/\/www.em.com.br\/emfoco\/wp-content\/uploads\/2026\/01\/Gemini_Generated_Image_l4266ll4266ll426-1.png 1280w\" sizes=\"auto, (max-width: 1024px) 100vw, 1024px\" \/><figcaption class=\"wp-element-caption\">A maior tend\u00eancia de camas para quartos modernos<\/figcaption><\/figure>\n\n\n\n<h2 class=\"wp-block-heading\">Como organizar o quarto sem depender da cama auxiliar<\/h2>\n\n\n\n<p>O armazenamento continua essencial, mas deixa de ficar concentrado em um \u00fanico m\u00f3vel pesado. Em vez de uma cama auxiliar com duas camas embutidas, os projetos de 2026 priorizam solu\u00e7\u00f5es distribu\u00eddas e discretas, que mant\u00eam o quarto funcional e visualmente leve.<\/p>\n\n\n\n<p>Assim, a \u00e1rea de descanso ganha protagonismo, enquanto a organiza\u00e7\u00e3o \u00e9 resolvida com pe\u00e7as complementares, como gaveteiros compactos, arm\u00e1rios bem planejados, prateleiras a\u00e9reas e ba\u00fas baixos. O resultado \u00e9 um quarto mais fluido, f\u00e1cil de limpar e com circula\u00e7\u00e3o mais confort\u00e1vel.<\/p>\n\n\n\n<h2 class=\"wp-block-heading\">Como adaptar seu quarto agora \u00e0 nova tend\u00eancia<\/h2>\n\n\n\n<p>Para aproximar o quarto da nova est\u00e9tica, n\u00e3o \u00e9 obrigat\u00f3rio partir para uma grande reforma. Comece trocando o enxoval por tecidos naturais, apostando em cores claras, reduzindo m\u00f3veis volumosos e, se poss\u00edvel, substituindo a cama auxiliar por uma base elevada mais leve.<\/p>\n\n\n\n<p>N\u00e3o espere o quarto ficar ainda mais pesado ou apertado para agir: avalie hoje suas necessidades de armazenamento, reprograme os m\u00f3veis auxiliares e d\u00ea o primeiro passo rumo a uma cama mais atual. A mudan\u00e7a impacta diretamente seu bem-estar di\u00e1rio \u2014 fa\u00e7a essa transforma\u00e7\u00e3o agora e crie, enfim, o quarto dos seus sonhos.<\/p>\n","protected":false},"excerpt":{"rendered":"<p>A cama auxiliar marcou presen\u00e7a em muitos quartos pequenos, sobretudo em apartamentos urbanos, mas hoje vem sendo substitu\u00edda por modelos mais leves, elevados e alinhados ao estilo de vida contempor\u00e2neo, que valorizam conforto, praticidade e um visual mais clean. Qual ser\u00e1 a tend\u00eancia de camas para 2026 A\u00a0base de cama elevada, que combina est\u00e9tica limpa, [&hellip;]<\/p>\n","protected":false},"author":11,"featured_media":158321,"comment_status":"open","ping_status":"open","sticky":false,"template":"","format":"standard","meta":{"jnews-multi-image_gallery":[],"jnews_single_post":{"format":"standard"},"jnews_primary_category":[],"jnews_social_meta":[],"jnews_override_counter":[],"footnotes":""},"categories":[8819,1],"tags":[23143,4687,13874,1920],"class_list":["post-158266","post","type-post","status-publish","format-standard","has-post-thumbnail","hentry","category-curiosidades","category-noticias","tag-cama-auxiliar","tag-decoracao","tag-quarto","tag-tendencia"],"yoast_head":"<!-- This site is optimized with the Yoast SEO plugin v23.8 - https:\/\/yoast.com\/wordpress\/plugins\/seo\/ -->\n<title>Esque\u00e7a \u00e0 cama auxiliar: a tend\u00eancia de design de interiores que vai bombar em 2026 - Estado de Minas - Em foco<\/title>\n<meta name=\"description\" content=\"A cama auxiliar perde espa\u00e7o em 2026 e d\u00e1 lugar a bases elevadas mais leves confort\u00e1veis e f\u00e1ceis de limpar.\" \/>\n<meta name=\"robots\" content=\"index, follow, max-snippet:-1, max-image-preview:large, max-video-preview:-1\" \/>\n<link rel=\"canonical\" href=\"https:\/\/www.em.com.br\/emfoco\/2026\/01\/22\/esqueca-a-cama-auxiliar-a-tendencia-de-design-de-interiores-que-vai-bombar-em-2026\/\" \/>\n<meta property=\"og:locale\" content=\"pt_BR\" \/>\n<meta property=\"og:type\" content=\"article\" \/>\n<meta property=\"og:title\" content=\"Esque\u00e7a \u00e0 cama auxiliar: a tend\u00eancia de design de interiores que vai bombar em 2026 - Estado de Minas - Em foco\" \/>\n<meta property=\"og:description\" content=\"A cama auxiliar perde espa\u00e7o em 2026 e d\u00e1 lugar a bases elevadas mais leves confort\u00e1veis e f\u00e1ceis de limpar.\" \/>\n<meta property=\"og:url\" content=\"https:\/\/www.em.com.br\/emfoco\/2026\/01\/22\/esqueca-a-cama-auxiliar-a-tendencia-de-design-de-interiores-que-vai-bombar-em-2026\/\" \/>\n<meta property=\"og:site_name\" content=\"Estado de Minas - Em foco\" \/>\n<meta property=\"article:published_time\" content=\"2026-01-22T23:15:00+00:00\" \/>\n<meta property=\"article:modified_time\" content=\"2026-01-21T23:13:20+00:00\" \/>\n<meta property=\"og:image\" content=\"https:\/\/www.em.com.br\/emfoco\/wp-content\/uploads\/2026\/01\/ChatGPT-Image-21-de-jan.-de-2026-16_53_42-1.png\" \/>\n\t<meta property=\"og:image:width\" content=\"1280\" \/>\n\t<meta property=\"og:image:height\" content=\"720\" \/>\n\t<meta property=\"og:image:type\" content=\"image\/png\" \/>\n<meta name=\"author\" content=\"Andre\u0301 Rangel\u00a0\" \/>\n<meta name=\"twitter:card\" content=\"summary_large_image\" \/>\n<meta name=\"twitter:label1\" content=\"Escrito por\" \/>\n\t<meta name=\"twitter:data1\" content=\"Andre\u0301 Rangel\u00a0\" \/>\n\t<meta name=\"twitter:label2\" content=\"Est. tempo de leitura\" \/>\n\t<meta name=\"twitter:data2\" content=\"4 minutos\" \/>\n<!-- \/ Yoast SEO plugin. -->","yoast_head_json":{"title":"Esque\u00e7a \u00e0 cama auxiliar: a tend\u00eancia de design de interiores que vai bombar em 2026 - Estado de Minas - Em foco","description":"A cama auxiliar perde espa\u00e7o em 2026 e d\u00e1 lugar a bases elevadas mais leves confort\u00e1veis e f\u00e1ceis de limpar.","robots":{"index":"index","follow":"follow","max-snippet":"max-snippet:-1","max-image-preview":"max-image-preview:large","max-video-preview":"max-video-preview:-1"},"canonical":"https:\/\/www.em.com.br\/emfoco\/2026\/01\/22\/esqueca-a-cama-auxiliar-a-tendencia-de-design-de-interiores-que-vai-bombar-em-2026\/","og_locale":"pt_BR","og_type":"article","og_title":"Esque\u00e7a \u00e0 cama auxiliar: a tend\u00eancia de design de interiores que vai bombar em 2026 - Estado de Minas - Em foco","og_description":"A cama auxiliar perde espa\u00e7o em 2026 e d\u00e1 lugar a bases elevadas mais leves confort\u00e1veis e f\u00e1ceis de limpar.","og_url":"https:\/\/www.em.com.br\/emfoco\/2026\/01\/22\/esqueca-a-cama-auxiliar-a-tendencia-de-design-de-interiores-que-vai-bombar-em-2026\/","og_site_name":"Estado de Minas - Em foco","article_published_time":"2026-01-22T23:15:00+00:00","article_modified_time":"2026-01-21T23:13:20+00:00","og_image":[{"width":1280,"height":720,"url":"https:\/\/www.em.com.br\/emfoco\/wp-content\/uploads\/2026\/01\/ChatGPT-Image-21-de-jan.-de-2026-16_53_42-1.png","type":"image\/png"}],"author":"Andre\u0301 Rangel\u00a0","twitter_card":"summary_large_image","twitter_misc":{"Escrito por":"Andre\u0301 Rangel\u00a0","Est. tempo de leitura":"4 minutos"},"schema":{"@context":"https:\/\/schema.org","@graph":[{"@type":"WebPage","@id":"https:\/\/www.em.com.br\/emfoco\/2026\/01\/22\/esqueca-a-cama-auxiliar-a-tendencia-de-design-de-interiores-que-vai-bombar-em-2026\/","url":"https:\/\/www.em.com.br\/emfoco\/2026\/01\/22\/esqueca-a-cama-auxiliar-a-tendencia-de-design-de-interiores-que-vai-bombar-em-2026\/","name":"Esque\u00e7a \u00e0 cama auxiliar: a tend\u00eancia de design de interiores que vai bombar em 2026 - Estado de Minas - Em foco","isPartOf":{"@id":"https:\/\/www.em.com.br\/emfoco\/#website"},"primaryImageOfPage":{"@id":"https:\/\/www.em.com.br\/emfoco\/2026\/01\/22\/esqueca-a-cama-auxiliar-a-tendencia-de-design-de-interiores-que-vai-bombar-em-2026\/#primaryimage"},"image":{"@id":"https:\/\/www.em.com.br\/emfoco\/2026\/01\/22\/esqueca-a-cama-auxiliar-a-tendencia-de-design-de-interiores-que-vai-bombar-em-2026\/#primaryimage"},"thumbnailUrl":"https:\/\/www.em.com.br\/emfoco\/wp-content\/uploads\/2026\/01\/ChatGPT-Image-21-de-jan.-de-2026-16_53_42-1.png","datePublished":"2026-01-22T23:15:00+00:00","dateModified":"2026-01-21T23:13:20+00:00","author":{"@id":"https:\/\/www.em.com.br\/emfoco\/#\/schema\/person\/60eda09c1fedf0d6891f4cef4b60b8b8"},"description":"A cama auxiliar perde espa\u00e7o em 2026 e d\u00e1 lugar a bases elevadas mais leves confort\u00e1veis e f\u00e1ceis de limpar.","breadcrumb":{"@id":"https:\/\/www.em.com.br\/emfoco\/2026\/01\/22\/esqueca-a-cama-auxiliar-a-tendencia-de-design-de-interiores-que-vai-bombar-em-2026\/#breadcrumb"},"inLanguage":"pt-BR","potentialAction":[{"@type":"ReadAction","target":["https:\/\/www.em.com.br\/emfoco\/2026\/01\/22\/esqueca-a-cama-auxiliar-a-tendencia-de-design-de-interiores-que-vai-bombar-em-2026\/"]}]},{"@type":"ImageObject","inLanguage":"pt-BR","@id":"https:\/\/www.em.com.br\/emfoco\/2026\/01\/22\/esqueca-a-cama-auxiliar-a-tendencia-de-design-de-interiores-que-vai-bombar-em-2026\/#primaryimage","url":"https:\/\/www.em.com.br\/emfoco\/wp-content\/uploads\/2026\/01\/ChatGPT-Image-21-de-jan.-de-2026-16_53_42-1.png","contentUrl":"https:\/\/www.em.com.br\/emfoco\/wp-content\/uploads\/2026\/01\/ChatGPT-Image-21-de-jan.-de-2026-16_53_42-1.png","width":1280,"height":720,"caption":"A maior tend\u00eancia de camas para quartos modernos"},{"@type":"BreadcrumbList","@id":"https:\/\/www.em.com.br\/emfoco\/2026\/01\/22\/esqueca-a-cama-auxiliar-a-tendencia-de-design-de-interiores-que-vai-bombar-em-2026\/#breadcrumb","itemListElement":[{"@type":"ListItem","position":1,"name":"In\u00edcio","item":"https:\/\/www.em.com.br\/emfoco\/"},{"@type":"ListItem","position":2,"name":"Esque\u00e7a \u00e0 cama auxiliar: a tend\u00eancia de design de interiores que vai bombar em 2026"}]},{"@type":"WebSite","@id":"https:\/\/www.em.com.br\/emfoco\/#website","url":"https:\/\/www.em.com.br\/emfoco\/","name":"Estado de Minas - Em foco","description":"Acompanhe as \u00faltimas not\u00edcias e fique bem informado sobre tudo o que acontece em Minas Gerais, Brasil e no mundo.","potentialAction":[{"@type":"SearchAction","target":{"@type":"EntryPoint","urlTemplate":"https:\/\/www.em.com.br\/emfoco\/?s={search_term_string}"},"query-input":{"@type":"PropertyValueSpecification","valueRequired":true,"valueName":"search_term_string"}}],"inLanguage":"pt-BR"},{"@type":"Person","@id":"https:\/\/www.em.com.br\/emfoco\/#\/schema\/person\/60eda09c1fedf0d6891f4cef4b60b8b8","name":"Andre\u0301 Rangel\u00a0","image":{"@type":"ImageObject","inLanguage":"pt-BR","@id":"https:\/\/www.em.com.br\/emfoco\/#\/schema\/person\/image\/","url":"https:\/\/secure.gravatar.com\/avatar\/6234dc814c77c8ef6d8bba622c787efc?s=96&d=mm&r=g","contentUrl":"https:\/\/secure.gravatar.com\/avatar\/6234dc814c77c8ef6d8bba622c787efc?s=96&d=mm&r=g","caption":"Andre\u0301 Rangel\u00a0"},"url":"https:\/\/www.em.com.br\/emfoco\/author\/luizmyth\/"}]}},"_links":{"self":[{"href":"https:\/\/www.em.com.br\/emfoco\/wp-json\/wp\/v2\/posts\/158266","targetHints":{"allow":["GET"]}}],"collection":[{"href":"https:\/\/www.em.com.br\/emfoco\/wp-json\/wp\/v2\/posts"}],"about":[{"href":"https:\/\/www.em.com.br\/emfoco\/wp-json\/wp\/v2\/types\/post"}],"author":[{"embeddable":true,"href":"https:\/\/www.em.com.br\/emfoco\/wp-json\/wp\/v2\/users\/11"}],"replies":[{"embeddable":true,"href":"https:\/\/www.em.com.br\/emfoco\/wp-json\/wp\/v2\/comments?post=158266"}],"version-history":[{"count":4,"href":"https:\/\/www.em.com.br\/emfoco\/wp-json\/wp\/v2\/posts\/158266\/revisions"}],"predecessor-version":[{"id":158362,"href":"https:\/\/www.em.com.br\/emfoco\/wp-json\/wp\/v2\/posts\/158266\/revisions\/158362"}],"wp:featuredmedia":[{"embeddable":true,"href":"https:\/\/www.em.com.br\/emfoco\/wp-json\/wp\/v2\/media\/158321"}],"wp:attachment":[{"href":"https:\/\/www.em.com.br\/emfoco\/wp-json\/wp\/v2\/media?parent=158266"}],"wp:term":[{"taxonomy":"category","embeddable":true,"href":"https:\/\/www.em.com.br\/emfoco\/wp-json\/wp\/v2\/categories?post=158266"},{"taxonomy":"post_tag","embeddable":true,"href":"https:\/\/www.em.com.br\/emfoco\/wp-json\/wp\/v2\/tags?post=158266"}],"curies":[{"name":"wp","href":"https:\/\/api.w.org\/{rel}","templated":true}]}}