{"id":158255,"date":"2026-01-22T16:45:00","date_gmt":"2026-01-22T19:45:00","guid":{"rendered":"https:\/\/www.em.com.br\/emfoco\/?p=158255"},"modified":"2026-01-21T20:08:59","modified_gmt":"2026-01-21T23:08:59","slug":"adeus-as-paredes-sem-graca-a-tendencia-dos-anos-70-que-esta-voltando-com-tudo-para-ser-a-grande-sensacao-em-2026","status":"publish","type":"post","link":"https:\/\/www.em.com.br\/emfoco\/2026\/01\/22\/adeus-as-paredes-sem-graca-a-tendencia-dos-anos-70-que-esta-voltando-com-tudo-para-ser-a-grande-sensacao-em-2026\/","title":{"rendered":"Adeus \u00e0s paredes sem gra\u00e7a: a tend\u00eancia dos anos 70 que est\u00e1 voltando com tudo para ser a grande sensa\u00e7\u00e3o em 2026"},"content":{"rendered":"\n<p>Em 2026, a decora\u00e7\u00e3o de interiores entra em uma fase em que a parede deixa de ser apenas um fundo neutro e passa a ocupar um papel central no projeto. Depois de anos dominados pelo minimalismo extremo e pelas superf\u00edcies totalmente lisas, ganha espa\u00e7o uma proposta mais sensorial, inspirada nos anos 70, mas adaptada ao estilo de vida atual, em que a palavra de ordem passa a ser&nbsp;<strong>personalidade<\/strong>, com formas geom\u00e9tricas, texturas marcadas e cores mais ousadas, sem abrir m\u00e3o de funcionalidade, conforto visual e bem-estar.<\/p>\n\n\n\n<h2 class=\"wp-block-heading\">Por que as paredes ganham protagonismo na decora\u00e7\u00e3o em 2026<\/h2>\n\n\n\n<p>Esse movimento n\u00e3o significa um abandono completo da simplicidade, mas uma revis\u00e3o do que ela representa nos ambientes contempor\u00e2neos. Em vez de espa\u00e7os inteiramente brancos, a tend\u00eancia aponta para paredes com mais profundidade visual, capazes de criar cenas espec\u00edficas e dialogar com o estilo de vida dos moradores.<\/p>\n\n\n\n<p>A decora\u00e7\u00e3o deixa de ficar restrita a m\u00f3veis e objetos soltos e passa a considerar a superf\u00edcie vertical como elemento protagonista. Assim, a <a href=\"https:\/\/www.em.com.br\/emfoco\/2026\/01\/15\/paredes-brancas-encardidas-estes-4-metodos-de-limpeza-vao-deixa-las-impecaveis\/\" target=\"_blank\" rel=\"noreferrer noopener\">parede <\/a>organiza visualmente o espa\u00e7o, define pontos focais e muitas vezes substitui o excesso de itens decorativos, tornando os ambientes mais personalizados e funcionais.<\/p>\n\n\n\n<figure class=\"wp-block-image size-large\"><img loading=\"lazy\" decoding=\"async\" width=\"1024\" height=\"576\" src=\"https:\/\/www.em.com.br\/emfoco\/wp-content\/uploads\/2026\/01\/Gemini_Generated_Image_axr7mwaxr7mwaxr7-1-1024x576.png\" alt=\"Decora\u00e7\u00e3o de paredes em 2026 aposta em textura e formas geom\u00e9tricas\" class=\"wp-image-158326\" srcset=\"https:\/\/www.em.com.br\/emfoco\/wp-content\/uploads\/2026\/01\/Gemini_Generated_Image_axr7mwaxr7mwaxr7-1-1024x576.png 1024w, https:\/\/www.em.com.br\/emfoco\/wp-content\/uploads\/2026\/01\/Gemini_Generated_Image_axr7mwaxr7mwaxr7-1-300x169.png 300w, https:\/\/www.em.com.br\/emfoco\/wp-content\/uploads\/2026\/01\/Gemini_Generated_Image_axr7mwaxr7mwaxr7-1-768x432.png 768w, https:\/\/www.em.com.br\/emfoco\/wp-content\/uploads\/2026\/01\/Gemini_Generated_Image_axr7mwaxr7mwaxr7-1-750x422.png 750w, https:\/\/www.em.com.br\/emfoco\/wp-content\/uploads\/2026\/01\/Gemini_Generated_Image_axr7mwaxr7mwaxr7-1-1140x641.png 1140w, https:\/\/www.em.com.br\/emfoco\/wp-content\/uploads\/2026\/01\/Gemini_Generated_Image_axr7mwaxr7mwaxr7-1.png 1280w\" sizes=\"auto, (max-width: 1024px) 100vw, 1024px\" \/><figcaption class=\"wp-element-caption\">Decora\u00e7\u00e3o de paredes em 2026 aposta em textura e formas geom\u00e9tricas<\/figcaption><\/figure>\n\n\n\n<h2 class=\"wp-block-heading\">O que impulsiona a tend\u00eancia das paredes geom\u00e9tricas e com relevo<\/h2>\n\n\n\n<p>A&nbsp;<strong>decora\u00e7\u00e3o de paredes<\/strong>&nbsp;com relevo e figuras geom\u00e9tricas volta \u00e0 cena como resposta \u00e0 busca por espa\u00e7os mais acolhedores, expressivos e menos impessoais. A inspira\u00e7\u00e3o vem dos anos 70, agora reinterpretada com foco em equil\u00edbrio est\u00e9tico, conforto visual e integra\u00e7\u00e3o com a rotina h\u00edbrida de trabalho e lazer.<\/p>\n\n\n\n<p>O papel de parede com relevo, os pain\u00e9is em 3D e os revestimentos geom\u00e9tricos criam sensa\u00e7\u00e3o de movimento mesmo em ambientes pequenos. Ao interagir com a luz natural e artificial, esses materiais produzem jogos de sombra que mudam ao longo do dia, fazendo com que as paredes participem ativamente da decora\u00e7\u00e3o.<\/p>\n\n\n\n<h2 class=\"wp-block-heading\">Como usar texturas e formas geom\u00e9tricas sem exageros na decora\u00e7\u00e3o<\/h2>\n\n\n\n<p>Especialistas em\u00a0<a href=\"https:\/\/www.youtube.com\/watch?v=FixTpPaXcpk\" target=\"_blank\" rel=\"noreferrer noopener\"><strong>decora\u00e7\u00e3o de paredes<\/strong>\u00a0<\/a>apontam que a chave est\u00e1 no uso estrat\u00e9gico de pontos focais bem definidos. Em vez de aplicar revestimentos em todas as paredes, a recomenda\u00e7\u00e3o \u00e9 escolher uma principal, atr\u00e1s do sof\u00e1, da cama ou da mesa de jantar, para funcionar como cen\u00e1rio do restante do mobili\u00e1rio.<\/p>\n\n\n\n<p>Para manter o equil\u00edbrio visual e evitar excesso de informa\u00e7\u00e3o, os demais planos ficam em cores s\u00f3brias, como brancos aquecidos, cinzas suaves ou tons terrosos. A partir dessa l\u00f3gica, alguns tipos de acabamentos se destacam como escolhas vers\u00e1teis para diferentes estilos de casa:<\/p>\n\n\n\n<ul class=\"wp-block-list\">\n<li><strong>Paredes com relevo suave<\/strong>: indicadas para quem busca textura discreta; funcionam bem com ilumina\u00e7\u00e3o indireta em trilhos ou fitas de LED.<\/li>\n\n\n\n<li><strong>Pap\u00e9is de parede geom\u00e9tricos<\/strong>: ideais para dar protagonismo a cantos espec\u00edficos, como home office, hall de entrada ou \u00e1rea de estudo.<\/li>\n\n\n\n<li><strong>Pain\u00e9is tridimensionais<\/strong>: \u00f3timos em salas de TV e \u00e1reas sociais, criando profundidade e podendo integrar nichos, tecnologia e aconchego.<\/li>\n<\/ul>\n\n\n\n<figure class=\"wp-block-image\"><img decoding=\"async\" src=\"https:\/\/www.em.com.br\/emfoco\/wp-content\/uploads\/2025\/11\/pintar-parede_1762539569944-1024x576.jpg\" alt=\"\"\/><figcaption class=\"wp-element-caption\">A cor certa pode transformar seu espa\u00e7o e mudar sua sensa\u00e7\u00e3o de bem-estar &#8211; Cr\u00e9ditos: depositphotos.com \/ StudioLightAndShade<\/figcaption><\/figure>\n\n\n\n<h2 class=\"wp-block-heading\">Quais cores e materiais favorecem a decora\u00e7\u00e3o de paredes em 2026<\/h2>\n\n\n\n<p>Na decora\u00e7\u00e3o deste ano, paredes com relevo e formas geom\u00e9tricas aparecem em paletas que misturam neutralidade e for\u00e7a crom\u00e1tica. Tons como areia, bege, cinza claro e off-white servem de base para detalhes em verde escuro, terracota, azul petr\u00f3leo, mostarda e at\u00e9 preto, atualizando a mem\u00f3ria dos anos 70 com um olhar mais sofisticado.<\/p>\n\n\n\n<p>Entre os materiais em alta est\u00e3o pap\u00e9is de parede vin\u00edlicos com textura, boiseries repaginadas com desenhos geom\u00e9tricos, placas de gesso 3D e pain\u00e9is em MDF ripado ou recortado a laser. Em projetos brasileiros, ganham destaque ciment\u00edcios decorativos, ripas de madeira e pinturas texturizadas, sempre considerando luz, umidade, manuten\u00e7\u00e3o e or\u00e7amento.<\/p>\n\n\n\n<h2 class=\"wp-block-heading\">Como a decora\u00e7\u00e3o de paredes transforma o bem-estar e a experi\u00eancia em casa<\/h2>\n\n\n\n<p>A&nbsp;<strong>decora\u00e7\u00e3o de paredes<\/strong>&nbsp;com texturas e figuras geom\u00e9tricas vai al\u00e9m da est\u00e9tica e impacta diretamente o bem-estar di\u00e1rio. Ambientes visualmente estimulantes, mas organizados, favorecem criatividade, sensa\u00e7\u00e3o de aconchego e perman\u00eancia prolongada, especialmente em casas usadas tanto para descanso quanto para trabalho remoto.<\/p>\n\n\n\n<p>Se voc\u00ea quer que sua casa conte sua hist\u00f3ria e n\u00e3o pare\u00e7a igual a todas as outras, o momento de agir \u00e9 agora. Escolha uma parede, defina uma paleta e comece hoje com um papel de parede geom\u00e9trico ou uma faixa de cor marcante: cada semana que passa \u00e9 um dia a mais vivendo em um cen\u00e1rio que n\u00e3o traduz quem voc\u00ea \u00e9.<\/p>\n\n\n\n<p><\/p>\n","protected":false},"excerpt":{"rendered":"<p>Em 2026, a decora\u00e7\u00e3o de interiores entra em uma fase em que a parede deixa de ser apenas um fundo neutro e passa a ocupar um papel central no projeto. Depois de anos dominados pelo minimalismo extremo e pelas superf\u00edcies totalmente lisas, ganha espa\u00e7o uma proposta mais sensorial, inspirada nos anos 70, mas adaptada ao [&hellip;]<\/p>\n","protected":false},"author":11,"featured_media":158327,"comment_status":"open","ping_status":"open","sticky":false,"template":"","format":"standard","meta":{"jnews-multi-image_gallery":[],"jnews_single_post":{"format":"standard"},"jnews_primary_category":[],"jnews_social_meta":[],"jnews_override_counter":[],"footnotes":""},"categories":[8819,1],"tags":[23142,14526,1920,7034],"class_list":["post-158255","post","type-post","status-publish","format-standard","has-post-thumbnail","hentry","category-curiosidades","category-noticias","tag-decoracao-de-paredes","tag-paredes","tag-tendencia","tag-textura"],"yoast_head":"<!-- This site is optimized with the Yoast SEO plugin v23.8 - https:\/\/yoast.com\/wordpress\/plugins\/seo\/ -->\n<title>Adeus \u00e0s paredes sem gra\u00e7a: a tend\u00eancia dos anos 70 que est\u00e1 voltando com tudo para ser a grande sensa\u00e7\u00e3o em 2026 - Estado de Minas - Em foco<\/title>\n<meta name=\"description\" content=\"A decora\u00e7\u00e3o de paredes em 2026 ganha textura relevo e formas geom\u00e9tricas para criar ambientes mais pessoais e acolhedores.\" \/>\n<meta name=\"robots\" content=\"index, follow, max-snippet:-1, max-image-preview:large, max-video-preview:-1\" \/>\n<link rel=\"canonical\" href=\"https:\/\/www.em.com.br\/emfoco\/2026\/01\/22\/adeus-as-paredes-sem-graca-a-tendencia-dos-anos-70-que-esta-voltando-com-tudo-para-ser-a-grande-sensacao-em-2026\/\" \/>\n<meta property=\"og:locale\" content=\"pt_BR\" \/>\n<meta property=\"og:type\" content=\"article\" \/>\n<meta property=\"og:title\" content=\"Adeus \u00e0s paredes sem gra\u00e7a: a tend\u00eancia dos anos 70 que est\u00e1 voltando com tudo para ser a grande sensa\u00e7\u00e3o em 2026 - Estado de Minas - Em foco\" \/>\n<meta property=\"og:description\" content=\"A decora\u00e7\u00e3o de paredes em 2026 ganha textura relevo e formas geom\u00e9tricas para criar ambientes mais pessoais e acolhedores.\" \/>\n<meta property=\"og:url\" content=\"https:\/\/www.em.com.br\/emfoco\/2026\/01\/22\/adeus-as-paredes-sem-graca-a-tendencia-dos-anos-70-que-esta-voltando-com-tudo-para-ser-a-grande-sensacao-em-2026\/\" \/>\n<meta property=\"og:site_name\" content=\"Estado de Minas - Em foco\" \/>\n<meta property=\"article:published_time\" content=\"2026-01-22T19:45:00+00:00\" \/>\n<meta property=\"article:modified_time\" content=\"2026-01-21T23:08:59+00:00\" \/>\n<meta property=\"og:image\" content=\"https:\/\/www.em.com.br\/emfoco\/wp-content\/uploads\/2026\/01\/ChatGPT-Image-21-de-jan.-de-2026-17_04_37-1.png\" \/>\n\t<meta property=\"og:image:width\" content=\"1280\" \/>\n\t<meta property=\"og:image:height\" content=\"720\" \/>\n\t<meta property=\"og:image:type\" content=\"image\/png\" \/>\n<meta name=\"author\" content=\"Andre\u0301 Rangel\u00a0\" \/>\n<meta name=\"twitter:card\" content=\"summary_large_image\" \/>\n<meta name=\"twitter:label1\" content=\"Escrito por\" \/>\n\t<meta name=\"twitter:data1\" content=\"Andre\u0301 Rangel\u00a0\" \/>\n\t<meta name=\"twitter:label2\" content=\"Est. tempo de leitura\" \/>\n\t<meta name=\"twitter:data2\" content=\"5 minutos\" \/>\n<!-- \/ Yoast SEO plugin. -->","yoast_head_json":{"title":"Adeus \u00e0s paredes sem gra\u00e7a: a tend\u00eancia dos anos 70 que est\u00e1 voltando com tudo para ser a grande sensa\u00e7\u00e3o em 2026 - Estado de Minas - Em foco","description":"A decora\u00e7\u00e3o de paredes em 2026 ganha textura relevo e formas geom\u00e9tricas para criar ambientes mais pessoais e acolhedores.","robots":{"index":"index","follow":"follow","max-snippet":"max-snippet:-1","max-image-preview":"max-image-preview:large","max-video-preview":"max-video-preview:-1"},"canonical":"https:\/\/www.em.com.br\/emfoco\/2026\/01\/22\/adeus-as-paredes-sem-graca-a-tendencia-dos-anos-70-que-esta-voltando-com-tudo-para-ser-a-grande-sensacao-em-2026\/","og_locale":"pt_BR","og_type":"article","og_title":"Adeus \u00e0s paredes sem gra\u00e7a: a tend\u00eancia dos anos 70 que est\u00e1 voltando com tudo para ser a grande sensa\u00e7\u00e3o em 2026 - Estado de Minas - Em foco","og_description":"A decora\u00e7\u00e3o de paredes em 2026 ganha textura relevo e formas geom\u00e9tricas para criar ambientes mais pessoais e acolhedores.","og_url":"https:\/\/www.em.com.br\/emfoco\/2026\/01\/22\/adeus-as-paredes-sem-graca-a-tendencia-dos-anos-70-que-esta-voltando-com-tudo-para-ser-a-grande-sensacao-em-2026\/","og_site_name":"Estado de Minas - Em foco","article_published_time":"2026-01-22T19:45:00+00:00","article_modified_time":"2026-01-21T23:08:59+00:00","og_image":[{"width":1280,"height":720,"url":"https:\/\/www.em.com.br\/emfoco\/wp-content\/uploads\/2026\/01\/ChatGPT-Image-21-de-jan.-de-2026-17_04_37-1.png","type":"image\/png"}],"author":"Andre\u0301 Rangel\u00a0","twitter_card":"summary_large_image","twitter_misc":{"Escrito por":"Andre\u0301 Rangel\u00a0","Est. tempo de leitura":"5 minutos"},"schema":{"@context":"https:\/\/schema.org","@graph":[{"@type":"WebPage","@id":"https:\/\/www.em.com.br\/emfoco\/2026\/01\/22\/adeus-as-paredes-sem-graca-a-tendencia-dos-anos-70-que-esta-voltando-com-tudo-para-ser-a-grande-sensacao-em-2026\/","url":"https:\/\/www.em.com.br\/emfoco\/2026\/01\/22\/adeus-as-paredes-sem-graca-a-tendencia-dos-anos-70-que-esta-voltando-com-tudo-para-ser-a-grande-sensacao-em-2026\/","name":"Adeus \u00e0s paredes sem gra\u00e7a: a tend\u00eancia dos anos 70 que est\u00e1 voltando com tudo para ser a grande sensa\u00e7\u00e3o em 2026 - Estado de Minas - Em foco","isPartOf":{"@id":"https:\/\/www.em.com.br\/emfoco\/#website"},"primaryImageOfPage":{"@id":"https:\/\/www.em.com.br\/emfoco\/2026\/01\/22\/adeus-as-paredes-sem-graca-a-tendencia-dos-anos-70-que-esta-voltando-com-tudo-para-ser-a-grande-sensacao-em-2026\/#primaryimage"},"image":{"@id":"https:\/\/www.em.com.br\/emfoco\/2026\/01\/22\/adeus-as-paredes-sem-graca-a-tendencia-dos-anos-70-que-esta-voltando-com-tudo-para-ser-a-grande-sensacao-em-2026\/#primaryimage"},"thumbnailUrl":"https:\/\/www.em.com.br\/emfoco\/wp-content\/uploads\/2026\/01\/ChatGPT-Image-21-de-jan.-de-2026-17_04_37-1.png","datePublished":"2026-01-22T19:45:00+00:00","dateModified":"2026-01-21T23:08:59+00:00","author":{"@id":"https:\/\/www.em.com.br\/emfoco\/#\/schema\/person\/60eda09c1fedf0d6891f4cef4b60b8b8"},"description":"A decora\u00e7\u00e3o de paredes em 2026 ganha textura relevo e formas geom\u00e9tricas para criar ambientes mais pessoais e acolhedores.","breadcrumb":{"@id":"https:\/\/www.em.com.br\/emfoco\/2026\/01\/22\/adeus-as-paredes-sem-graca-a-tendencia-dos-anos-70-que-esta-voltando-com-tudo-para-ser-a-grande-sensacao-em-2026\/#breadcrumb"},"inLanguage":"pt-BR","potentialAction":[{"@type":"ReadAction","target":["https:\/\/www.em.com.br\/emfoco\/2026\/01\/22\/adeus-as-paredes-sem-graca-a-tendencia-dos-anos-70-que-esta-voltando-com-tudo-para-ser-a-grande-sensacao-em-2026\/"]}]},{"@type":"ImageObject","inLanguage":"pt-BR","@id":"https:\/\/www.em.com.br\/emfoco\/2026\/01\/22\/adeus-as-paredes-sem-graca-a-tendencia-dos-anos-70-que-esta-voltando-com-tudo-para-ser-a-grande-sensacao-em-2026\/#primaryimage","url":"https:\/\/www.em.com.br\/emfoco\/wp-content\/uploads\/2026\/01\/ChatGPT-Image-21-de-jan.-de-2026-17_04_37-1.png","contentUrl":"https:\/\/www.em.com.br\/emfoco\/wp-content\/uploads\/2026\/01\/ChatGPT-Image-21-de-jan.-de-2026-17_04_37-1.png","width":1280,"height":720,"caption":"Decora\u00e7\u00e3o de paredes em 2026 aposta em textura e formas geom\u00e9tricas"},{"@type":"BreadcrumbList","@id":"https:\/\/www.em.com.br\/emfoco\/2026\/01\/22\/adeus-as-paredes-sem-graca-a-tendencia-dos-anos-70-que-esta-voltando-com-tudo-para-ser-a-grande-sensacao-em-2026\/#breadcrumb","itemListElement":[{"@type":"ListItem","position":1,"name":"In\u00edcio","item":"https:\/\/www.em.com.br\/emfoco\/"},{"@type":"ListItem","position":2,"name":"Adeus \u00e0s paredes sem gra\u00e7a: a tend\u00eancia dos anos 70 que est\u00e1 voltando com tudo para ser a grande sensa\u00e7\u00e3o em 2026"}]},{"@type":"WebSite","@id":"https:\/\/www.em.com.br\/emfoco\/#website","url":"https:\/\/www.em.com.br\/emfoco\/","name":"Estado de Minas - Em foco","description":"Acompanhe as \u00faltimas not\u00edcias e fique bem informado sobre tudo o que acontece em Minas Gerais, Brasil e no mundo.","potentialAction":[{"@type":"SearchAction","target":{"@type":"EntryPoint","urlTemplate":"https:\/\/www.em.com.br\/emfoco\/?s={search_term_string}"},"query-input":{"@type":"PropertyValueSpecification","valueRequired":true,"valueName":"search_term_string"}}],"inLanguage":"pt-BR"},{"@type":"Person","@id":"https:\/\/www.em.com.br\/emfoco\/#\/schema\/person\/60eda09c1fedf0d6891f4cef4b60b8b8","name":"Andre\u0301 Rangel\u00a0","image":{"@type":"ImageObject","inLanguage":"pt-BR","@id":"https:\/\/www.em.com.br\/emfoco\/#\/schema\/person\/image\/","url":"https:\/\/secure.gravatar.com\/avatar\/6234dc814c77c8ef6d8bba622c787efc?s=96&d=mm&r=g","contentUrl":"https:\/\/secure.gravatar.com\/avatar\/6234dc814c77c8ef6d8bba622c787efc?s=96&d=mm&r=g","caption":"Andre\u0301 Rangel\u00a0"},"url":"https:\/\/www.em.com.br\/emfoco\/author\/luizmyth\/"}]}},"_links":{"self":[{"href":"https:\/\/www.em.com.br\/emfoco\/wp-json\/wp\/v2\/posts\/158255","targetHints":{"allow":["GET"]}}],"collection":[{"href":"https:\/\/www.em.com.br\/emfoco\/wp-json\/wp\/v2\/posts"}],"about":[{"href":"https:\/\/www.em.com.br\/emfoco\/wp-json\/wp\/v2\/types\/post"}],"author":[{"embeddable":true,"href":"https:\/\/www.em.com.br\/emfoco\/wp-json\/wp\/v2\/users\/11"}],"replies":[{"embeddable":true,"href":"https:\/\/www.em.com.br\/emfoco\/wp-json\/wp\/v2\/comments?post=158255"}],"version-history":[{"count":4,"href":"https:\/\/www.em.com.br\/emfoco\/wp-json\/wp\/v2\/posts\/158255\/revisions"}],"predecessor-version":[{"id":158361,"href":"https:\/\/www.em.com.br\/emfoco\/wp-json\/wp\/v2\/posts\/158255\/revisions\/158361"}],"wp:featuredmedia":[{"embeddable":true,"href":"https:\/\/www.em.com.br\/emfoco\/wp-json\/wp\/v2\/media\/158327"}],"wp:attachment":[{"href":"https:\/\/www.em.com.br\/emfoco\/wp-json\/wp\/v2\/media?parent=158255"}],"wp:term":[{"taxonomy":"category","embeddable":true,"href":"https:\/\/www.em.com.br\/emfoco\/wp-json\/wp\/v2\/categories?post=158255"},{"taxonomy":"post_tag","embeddable":true,"href":"https:\/\/www.em.com.br\/emfoco\/wp-json\/wp\/v2\/tags?post=158255"}],"curies":[{"name":"wp","href":"https:\/\/api.w.org\/{rel}","templated":true}]}}