{"id":158160,"date":"2026-01-22T08:15:47","date_gmt":"2026-01-22T11:15:47","guid":{"rendered":"https:\/\/www.em.com.br\/emfoco\/?p=158160"},"modified":"2026-01-21T15:50:20","modified_gmt":"2026-01-21T18:50:20","slug":"menopausa-afinou-os-fios-veja-os-cortes-curtos-que-disfarcam-as-falhas-e-levantam-o-visual-apos-os-40-anos","status":"publish","type":"post","link":"https:\/\/www.em.com.br\/emfoco\/2026\/01\/22\/menopausa-afinou-os-fios-veja-os-cortes-curtos-que-disfarcam-as-falhas-e-levantam-o-visual-apos-os-40-anos\/","title":{"rendered":"Menopausa afinou os fios? Veja os cortes curtos que disfar\u00e7am as falhas e levantam o visual ap\u00f3s os 40 anos"},"content":{"rendered":"\n<h2 class=\"wp-block-heading\">A menopausa afina os fios ap\u00f3s os 40 exigindo cortes como Long Bob e Pixie para criar volume Aposte em camadas e franjas que rejuvenescem Mantenha o corte a cada oito semanas e use produtos leves para um visual cheio e atual<\/h2>\n\n\n\n<p>Voc\u00ea j\u00e1 se olhou no espelho, percebeu o cabelo mais ralo e pensou que <b>\u201cn\u00e3o \u00e9 mais o mesmo\u201d<\/b>? Com a chegada dos 40, essa sensa\u00e7\u00e3o \u00e9 muito comum, porque o cabelo muda junto com a gente. Os fios costumam ficar mais finos, perder <b>volume<\/b> e at\u00e9 mudar de textura, e \u00e9 a\u00ed que o corte certo faz toda a diferen\u00e7a para <b>rejuvenescer o visual<\/b> e valorizar o rosto.<\/p>\n\n\n\n<h2 class=\"wp-block-heading\">Por que os cabelos afinam depois dos 40 anos<\/h2>\n\n\n\n<p>O afinamento dos fios depois dos 40 est\u00e1 muito ligado \u00e0s <b>mudan\u00e7as hormonais<\/b> da fase que envolve a menopausa. A queda de alguns horm\u00f4nios deixa o cabelo mais <b>ralo<\/b>, com menos brilho e <b>dificuldade de manter o volume natural<\/b>.<\/p>\n\n\n\n<p>Somado a isso, qu\u00edmicas em excesso, chapinha, <b>secador sem prote\u00e7\u00e3o<\/b> e sol em demasia aceleram o desgaste do fio. Nessas horas, o corte se torna um <b>aliado<\/b>: ele ajuda a criar movimento, leveza e uma impress\u00e3o visual de <b>mais cabelo<\/b>, principalmente em comprimentos m\u00e9dios ou curtos.<\/p>\n\n\n\n<figure class=\"wp-block-embed is-type-rich is-provider-pinterest wp-block-embed-pinterest\"><div class=\"wp-block-embed__wrapper\">\n<iframe loading=\"lazy\" title=\"PENTEADO ELSA Rotina de Cuidados Com o Cabelo\" src=\"https:\/\/assets.pinterest.com\/ext\/embed.html?id=4855512095002344&#038;src=oembed\" height=\"899\" width=\"450\" frameborder=\"0\" scrolling=\"no\" ><\/iframe>\n<\/div><\/figure>\n\n\n\n<p>Leia tamb\u00e9m:&nbsp;<a href=\"https:\/\/www.em.com.br\/emfoco\/2026\/01\/21\/adeus-cachos-sem-graca-os-cortes-que-deixam-o-cabelo-cacheado-moderno-e-cheio-de-movimento\/\" target=\"_blank\" rel=\"noopener\">Adeus cachos sem gra\u00e7a: os cortes que deixam o cabelo cacheado moderno e cheio de movimento<\/a><\/p>\n\n\n\n<h2 class=\"wp-block-heading\">Qual \u00e9 o corte ideal para cabelos finos que ajuda a rejuvenescer<\/h2>\n\n\n\n<p>Quando se fala em corte ideal para cabelos finos, o objetivo \u00e9 simples: <b>criar volume<\/b> onde falta e moldar o rosto de um jeito suave. Para mulheres acima dos 40, alguns cortes se destacam por unir <b>praticidade<\/b>, modernidade e um ar mais <b>jovem<\/b>.<\/p>\n\n\n\n<ul class=\"wp-block-list\">\n<li><strong>Long bob em camadas suaves:<\/strong> vai do queixo aos ombros, com leves desfiados nas pontas. D\u00e1 <b>movimento<\/b>, combina com fios lisos ou ondulados e \u00e9 f\u00e1cil de <b>arrumar<\/b>, al\u00e9m de permitir varia\u00e7\u00f5es como ondas suaves para criar ainda mais <b>volume natural<\/b>.<\/li>\n\n\n\n<li><strong>Bob curto texturizado:<\/strong> mais curto na nuca e levemente alongado na frente, com <b>camadas internas<\/b> que criam sensa\u00e7\u00e3o de mais cabelo e valorizam pesco\u00e7o e <b>maxilar<\/b>, funcionando muito bem com finalizadores leves que destacam a <b>textura<\/b> dos fios.<\/li>\n\n\n\n<li><strong>Shaggy hair moderno:<\/strong> cheio de camadas desconectadas, com <b>textura<\/b> e franja leve, ideal para quem gosta de visual <b>despojado<\/b>, mas sem exagerar no volume, podendo ser adaptado para fios lisos, ondulados ou levemente <b>cacheados<\/b>.<\/li>\n\n\n\n<li><strong>Pixie cut estruturado:<\/strong> bem curtinho, com topo um pouco mais longo, dando um ar <b>atual<\/b> e destacando os tra\u00e7os do <b>rosto<\/b>, \u00f3timo para fios finos bem finalizados com pomadas leves que garantem <b>defini\u00e7\u00e3o<\/b> sem pesar.<\/li>\n<\/ul>\n\n\n\n<figure class=\"wp-block-embed is-type-rich is-provider-pinterest wp-block-embed-pinterest\"><div class=\"wp-block-embed__wrapper\">\n<iframe loading=\"lazy\" title=\"Cabelo curto\" src=\"https:\/\/assets.pinterest.com\/ext\/embed.html?id=1057360818734031995&#038;src=oembed\" height=\"899\" width=\"450\" frameborder=\"0\" scrolling=\"no\" ><\/iframe>\n<\/div><\/figure>\n\n\n\n<h2 class=\"wp-block-heading\">Como as camadas e a franja ajudam a rejuvenescer o visual<\/h2>\n\n\n\n<p>A <b>franja<\/b> \u00e9 uma grande aliada para suavizar a regi\u00e3o dos olhos e da testa, o que muitas vezes traz um ar mais <b>jovem<\/b>. Em cabelos finos, por\u00e9m, \u00e9 importante escolher bem: franjas muito cheias podem tirar <b>volume<\/b> do resto do cabelo, e muito ralas podem evidenciar ainda mais a falta de densidade.<\/p>\n\n\n\n<figure class=\"wp-block-embed is-type-rich is-provider-pinterest wp-block-embed-pinterest\"><div class=\"wp-block-embed__wrapper\">\n<iframe loading=\"lazy\" title=\"@patrickbaydoun |. Ficou maravilhosa \u2764\ufe0f\ud83d\ude0d, gostaram ?\" src=\"https:\/\/assets.pinterest.com\/ext\/embed.html?id=211174978183863&#038;src=oembed\" height=\"899\" width=\"450\" frameborder=\"0\" scrolling=\"no\" ><\/iframe>\n<\/div><\/figure>\n\n\n\n<p>J\u00e1 as <b>camadas<\/b>, quando feitas de forma discreta, ajudam a dar movimento sem deixar as pontas \u201cralas\u201d. Muitos profissionais apostam em um <b>repicado interno<\/b>, quase invis\u00edvel, que sustenta o formato do corte e faz o cabelo <b>\u201ccair\u201d melhor<\/b>, exigindo menos esfor\u00e7o no dia a dia.<\/p>\n\n\n\n<p>Para voc\u00ea que quer aprofundar, separamos um v\u00eddeo do canal do <a class=\"yt-simple-endpoint style-scope yt-formatted-string\" spellcheck=\"false\" href=\"https:\/\/www.youtube.com\/@AbnerMatias\" target=\"_blank\" rel=\"noopener\">Abner Matias<\/a> com dicas de cortes para dar volume nos cabelos finos:<\/p>\n\n\n\n<figure class=\"wp-block-embed is-type-video is-provider-youtube wp-block-embed-youtube wp-embed-aspect-16-9 wp-has-aspect-ratio\"><div class=\"wp-block-embed__wrapper\">\n<div class=\"jeg_video_container jeg_video_content\"><iframe loading=\"lazy\" title=\"CORTE IDEAL PARA CABELO FINO\" width=\"500\" height=\"281\" src=\"https:\/\/www.youtube.com\/embed\/-LtHYqKW04o?feature=oembed\" frameborder=\"0\" allow=\"accelerometer; autoplay; clipboard-write; encrypted-media; gyroscope; picture-in-picture; web-share\" referrerpolicy=\"strict-origin-when-cross-origin\" allowfullscreen><\/iframe><\/div>\n<\/div><\/figure>\n\n\n\n<h2 class=\"wp-block-heading\">Como manter o corte para cabelos finos sempre valorizado<\/h2>\n\n\n\n<p>Depois de encontrar o corte que combina com voc\u00ea, a <b>manuten\u00e7\u00e3o<\/b> \u00e9 o que garante o efeito rejuvenescedor por mais tempo. O ideal \u00e9 aparar a cada seis a oito semanas para n\u00e3o perder o <b>formato<\/b> e evitar que o cabelo volte a ficar pesado ou sem <b>gra\u00e7a<\/b>.<\/p>\n\n\n\n<p>Os cuidados di\u00e1rios tamb\u00e9m fazem diferen\u00e7a: escolha produtos <b>leves<\/b>, finalize sem exageros e use a secagem a seu favor para levantar a <b>raiz<\/b>. Assim, o corte ideal para cabelos finos que rejuvenesce e valoriza mulheres acima de 40 deixa de ser s\u00f3 uma <b>promessa<\/b> e passa a fazer parte da sua rotina real.<\/p>\n","protected":false},"excerpt":{"rendered":"<p>A menopausa afina os fios ap\u00f3s os 40 exigindo cortes como Long Bob e Pixie para criar volume Aposte em camadas e franjas que rejuvenescem Mantenha o corte a cada oito semanas e use produtos leves para um visual cheio e atual Voc\u00ea j\u00e1 se olhou no espelho, percebeu o cabelo mais ralo e pensou [&hellip;]<\/p>\n","protected":false},"author":9,"featured_media":141369,"comment_status":"open","ping_status":"open","sticky":false,"template":"","format":"standard","meta":{"jnews-multi-image_gallery":[],"jnews_single_post":{"format":"standard"},"jnews_primary_category":[],"jnews_social_meta":[],"jnews_override_counter":[],"footnotes":""},"categories":[8691,8819,1],"tags":[23117,12832,5257],"class_list":["post-158160","post","type-post","status-publish","format-standard","has-post-thumbnail","hentry","category-bem-estar","category-curiosidades","category-noticias","tag-acima-dos-40","tag-cabelos-finos","tag-corte"],"yoast_head":"<!-- This site is optimized with the Yoast SEO plugin v23.8 - https:\/\/yoast.com\/wordpress\/plugins\/seo\/ -->\n<title>Menopausa afinou os fios? Veja os cortes curtos que disfar\u00e7am as falhas e levantam o visual ap\u00f3s os 40 anos - Estado de Minas - Em foco<\/title>\n<meta name=\"description\" content=\"Cabelos finos pedem cortes como Long Bob e Pixie para dar volume Use camadas e franjas para rejuvenescer o visual agora\" \/>\n<meta name=\"robots\" content=\"index, follow, max-snippet:-1, max-image-preview:large, max-video-preview:-1\" \/>\n<link rel=\"canonical\" href=\"https:\/\/www.em.com.br\/emfoco\/2026\/01\/22\/menopausa-afinou-os-fios-veja-os-cortes-curtos-que-disfarcam-as-falhas-e-levantam-o-visual-apos-os-40-anos\/\" \/>\n<meta property=\"og:locale\" content=\"pt_BR\" \/>\n<meta property=\"og:type\" content=\"article\" \/>\n<meta property=\"og:title\" content=\"Menopausa afinou os fios? Veja os cortes curtos que disfar\u00e7am as falhas e levantam o visual ap\u00f3s os 40 anos - Estado de Minas - Em foco\" \/>\n<meta property=\"og:description\" content=\"Cabelos finos pedem cortes como Long Bob e Pixie para dar volume Use camadas e franjas para rejuvenescer o visual agora\" \/>\n<meta property=\"og:url\" content=\"https:\/\/www.em.com.br\/emfoco\/2026\/01\/22\/menopausa-afinou-os-fios-veja-os-cortes-curtos-que-disfarcam-as-falhas-e-levantam-o-visual-apos-os-40-anos\/\" \/>\n<meta property=\"og:site_name\" content=\"Estado de Minas - Em foco\" \/>\n<meta property=\"article:published_time\" content=\"2026-01-22T11:15:47+00:00\" \/>\n<meta property=\"article:modified_time\" content=\"2026-01-21T18:50:20+00:00\" \/>\n<meta property=\"og:image\" content=\"https:\/\/www.em.com.br\/emfoco\/wp-content\/uploads\/2025\/12\/Gemini_Generated_Image_uqtdkkuqtdkkuqtd-1.png\" \/>\n\t<meta property=\"og:image:width\" content=\"1280\" \/>\n\t<meta property=\"og:image:height\" content=\"720\" \/>\n\t<meta property=\"og:image:type\" content=\"image\/png\" \/>\n<meta name=\"author\" content=\"Daniely Cardoso\" \/>\n<meta name=\"twitter:card\" content=\"summary_large_image\" \/>\n<meta name=\"twitter:label1\" content=\"Escrito por\" \/>\n\t<meta name=\"twitter:data1\" content=\"Daniely Cardoso\" \/>\n\t<meta name=\"twitter:label2\" content=\"Est. tempo de leitura\" \/>\n\t<meta name=\"twitter:data2\" content=\"4 minutos\" \/>\n<!-- \/ Yoast SEO plugin. -->","yoast_head_json":{"title":"Menopausa afinou os fios? Veja os cortes curtos que disfar\u00e7am as falhas e levantam o visual ap\u00f3s os 40 anos - Estado de Minas - Em foco","description":"Cabelos finos pedem cortes como Long Bob e Pixie para dar volume Use camadas e franjas para rejuvenescer o visual agora","robots":{"index":"index","follow":"follow","max-snippet":"max-snippet:-1","max-image-preview":"max-image-preview:large","max-video-preview":"max-video-preview:-1"},"canonical":"https:\/\/www.em.com.br\/emfoco\/2026\/01\/22\/menopausa-afinou-os-fios-veja-os-cortes-curtos-que-disfarcam-as-falhas-e-levantam-o-visual-apos-os-40-anos\/","og_locale":"pt_BR","og_type":"article","og_title":"Menopausa afinou os fios? Veja os cortes curtos que disfar\u00e7am as falhas e levantam o visual ap\u00f3s os 40 anos - Estado de Minas - Em foco","og_description":"Cabelos finos pedem cortes como Long Bob e Pixie para dar volume Use camadas e franjas para rejuvenescer o visual agora","og_url":"https:\/\/www.em.com.br\/emfoco\/2026\/01\/22\/menopausa-afinou-os-fios-veja-os-cortes-curtos-que-disfarcam-as-falhas-e-levantam-o-visual-apos-os-40-anos\/","og_site_name":"Estado de Minas - Em foco","article_published_time":"2026-01-22T11:15:47+00:00","article_modified_time":"2026-01-21T18:50:20+00:00","og_image":[{"width":1280,"height":720,"url":"https:\/\/www.em.com.br\/emfoco\/wp-content\/uploads\/2025\/12\/Gemini_Generated_Image_uqtdkkuqtdkkuqtd-1.png","type":"image\/png"}],"author":"Daniely Cardoso","twitter_card":"summary_large_image","twitter_misc":{"Escrito por":"Daniely Cardoso","Est. tempo de leitura":"4 minutos"},"schema":{"@context":"https:\/\/schema.org","@graph":[{"@type":"WebPage","@id":"https:\/\/www.em.com.br\/emfoco\/2026\/01\/22\/menopausa-afinou-os-fios-veja-os-cortes-curtos-que-disfarcam-as-falhas-e-levantam-o-visual-apos-os-40-anos\/","url":"https:\/\/www.em.com.br\/emfoco\/2026\/01\/22\/menopausa-afinou-os-fios-veja-os-cortes-curtos-que-disfarcam-as-falhas-e-levantam-o-visual-apos-os-40-anos\/","name":"Menopausa afinou os fios? Veja os cortes curtos que disfar\u00e7am as falhas e levantam o visual ap\u00f3s os 40 anos - Estado de Minas - Em foco","isPartOf":{"@id":"https:\/\/www.em.com.br\/emfoco\/#website"},"primaryImageOfPage":{"@id":"https:\/\/www.em.com.br\/emfoco\/2026\/01\/22\/menopausa-afinou-os-fios-veja-os-cortes-curtos-que-disfarcam-as-falhas-e-levantam-o-visual-apos-os-40-anos\/#primaryimage"},"image":{"@id":"https:\/\/www.em.com.br\/emfoco\/2026\/01\/22\/menopausa-afinou-os-fios-veja-os-cortes-curtos-que-disfarcam-as-falhas-e-levantam-o-visual-apos-os-40-anos\/#primaryimage"},"thumbnailUrl":"https:\/\/www.em.com.br\/emfoco\/wp-content\/uploads\/2025\/12\/Gemini_Generated_Image_uqtdkkuqtdkkuqtd-1.png","datePublished":"2026-01-22T11:15:47+00:00","dateModified":"2026-01-21T18:50:20+00:00","author":{"@id":"https:\/\/www.em.com.br\/emfoco\/#\/schema\/person\/0a8186d72f2c3a5c6276d90b41f271a0"},"description":"Cabelos finos pedem cortes como Long Bob e Pixie para dar volume Use camadas e franjas para rejuvenescer o visual agora","breadcrumb":{"@id":"https:\/\/www.em.com.br\/emfoco\/2026\/01\/22\/menopausa-afinou-os-fios-veja-os-cortes-curtos-que-disfarcam-as-falhas-e-levantam-o-visual-apos-os-40-anos\/#breadcrumb"},"inLanguage":"pt-BR","potentialAction":[{"@type":"ReadAction","target":["https:\/\/www.em.com.br\/emfoco\/2026\/01\/22\/menopausa-afinou-os-fios-veja-os-cortes-curtos-que-disfarcam-as-falhas-e-levantam-o-visual-apos-os-40-anos\/"]}]},{"@type":"ImageObject","inLanguage":"pt-BR","@id":"https:\/\/www.em.com.br\/emfoco\/2026\/01\/22\/menopausa-afinou-os-fios-veja-os-cortes-curtos-que-disfarcam-as-falhas-e-levantam-o-visual-apos-os-40-anos\/#primaryimage","url":"https:\/\/www.em.com.br\/emfoco\/wp-content\/uploads\/2025\/12\/Gemini_Generated_Image_uqtdkkuqtdkkuqtd-1.png","contentUrl":"https:\/\/www.em.com.br\/emfoco\/wp-content\/uploads\/2025\/12\/Gemini_Generated_Image_uqtdkkuqtdkkuqtd-1.png","width":1280,"height":720,"caption":"Depois dos 45 anos, o cabelo costuma mudar de espessura e textura, ficando mais fino ou com mais ondula\u00e7\u00e3o"},{"@type":"BreadcrumbList","@id":"https:\/\/www.em.com.br\/emfoco\/2026\/01\/22\/menopausa-afinou-os-fios-veja-os-cortes-curtos-que-disfarcam-as-falhas-e-levantam-o-visual-apos-os-40-anos\/#breadcrumb","itemListElement":[{"@type":"ListItem","position":1,"name":"In\u00edcio","item":"https:\/\/www.em.com.br\/emfoco\/"},{"@type":"ListItem","position":2,"name":"Menopausa afinou os fios? Veja os cortes curtos que disfar\u00e7am as falhas e levantam o visual ap\u00f3s os 40 anos"}]},{"@type":"WebSite","@id":"https:\/\/www.em.com.br\/emfoco\/#website","url":"https:\/\/www.em.com.br\/emfoco\/","name":"Estado de Minas - Em foco","description":"Acompanhe as \u00faltimas not\u00edcias e fique bem informado sobre tudo o que acontece em Minas Gerais, Brasil e no mundo.","potentialAction":[{"@type":"SearchAction","target":{"@type":"EntryPoint","urlTemplate":"https:\/\/www.em.com.br\/emfoco\/?s={search_term_string}"},"query-input":{"@type":"PropertyValueSpecification","valueRequired":true,"valueName":"search_term_string"}}],"inLanguage":"pt-BR"},{"@type":"Person","@id":"https:\/\/www.em.com.br\/emfoco\/#\/schema\/person\/0a8186d72f2c3a5c6276d90b41f271a0","name":"Daniely Cardoso","image":{"@type":"ImageObject","inLanguage":"pt-BR","@id":"https:\/\/www.em.com.br\/emfoco\/#\/schema\/person\/image\/","url":"https:\/\/secure.gravatar.com\/avatar\/4b80ddbd124d1f071b626d52d62e5dff?s=96&d=mm&r=g","contentUrl":"https:\/\/secure.gravatar.com\/avatar\/4b80ddbd124d1f071b626d52d62e5dff?s=96&d=mm&r=g","caption":"Daniely Cardoso"},"url":"https:\/\/www.em.com.br\/emfoco\/author\/danielymyth\/"}]}},"_links":{"self":[{"href":"https:\/\/www.em.com.br\/emfoco\/wp-json\/wp\/v2\/posts\/158160","targetHints":{"allow":["GET"]}}],"collection":[{"href":"https:\/\/www.em.com.br\/emfoco\/wp-json\/wp\/v2\/posts"}],"about":[{"href":"https:\/\/www.em.com.br\/emfoco\/wp-json\/wp\/v2\/types\/post"}],"author":[{"embeddable":true,"href":"https:\/\/www.em.com.br\/emfoco\/wp-json\/wp\/v2\/users\/9"}],"replies":[{"embeddable":true,"href":"https:\/\/www.em.com.br\/emfoco\/wp-json\/wp\/v2\/comments?post=158160"}],"version-history":[{"count":3,"href":"https:\/\/www.em.com.br\/emfoco\/wp-json\/wp\/v2\/posts\/158160\/revisions"}],"predecessor-version":[{"id":158198,"href":"https:\/\/www.em.com.br\/emfoco\/wp-json\/wp\/v2\/posts\/158160\/revisions\/158198"}],"wp:featuredmedia":[{"embeddable":true,"href":"https:\/\/www.em.com.br\/emfoco\/wp-json\/wp\/v2\/media\/141369"}],"wp:attachment":[{"href":"https:\/\/www.em.com.br\/emfoco\/wp-json\/wp\/v2\/media?parent=158160"}],"wp:term":[{"taxonomy":"category","embeddable":true,"href":"https:\/\/www.em.com.br\/emfoco\/wp-json\/wp\/v2\/categories?post=158160"},{"taxonomy":"post_tag","embeddable":true,"href":"https:\/\/www.em.com.br\/emfoco\/wp-json\/wp\/v2\/tags?post=158160"}],"curies":[{"name":"wp","href":"https:\/\/api.w.org\/{rel}","templated":true}]}}