{"id":158134,"date":"2026-01-22T17:35:27","date_gmt":"2026-01-22T20:35:27","guid":{"rendered":"https:\/\/www.em.com.br\/emfoco\/?p=158134"},"modified":"2026-01-21T16:17:13","modified_gmt":"2026-01-21T19:17:13","slug":"casa-cheia-de-vida-veja-quais-plantas-resistem-a-sombra-e-falta-de-agua","status":"publish","type":"post","link":"https:\/\/www.em.com.br\/emfoco\/2026\/01\/22\/casa-cheia-de-vida-veja-quais-plantas-resistem-a-sombra-e-falta-de-agua\/","title":{"rendered":"Casa cheia de vida: veja quais plantas resistem \u00e0 sombra e falta de \u00e1gua"},"content":{"rendered":"\n<h2 class=\"wp-block-heading\">Plantas como Jiboia e Zamioculca s\u00e3o ideais para decorar interiores pois exigem pouca rega e luz indireta Escolha esp\u00e9cies conforme o ambiente e use vasos com drenagem mantendo o solo \u00famido sem encharcar as ra\u00edzes<\/h2>\n\n\n\n<p><b>Chegar em casa depois de um dia cheio<\/b> e encontrar um <b>cantinho verde<\/b>, com plantas saud\u00e1veis e bonitas, transforma qualquer ambiente e at\u00e9 o nosso humor. Mesmo quem n\u00e3o tem \u201cm\u00e3o boa\u201d para jardinagem consegue criar esse ref\u00fagio, desde que escolha <b>esp\u00e9cies certas para dentro de casa<\/b> e entenda o b\u00e1sico de luz, \u00e1gua e espa\u00e7o.<\/p>\n\n\n\n<h2 class=\"wp-block-heading\">Quais s\u00e3o as melhores plantas para decorar a casa hoje<\/h2>\n\n\n\n<p>A express\u00e3o <b>melhores plantas para decorar a casa<\/b> geralmente se refere a esp\u00e9cies bonitas, resistentes e f\u00e1ceis de cuidar, perfeitas para quem tem rotina corrida. Elas aguentam bem as varia\u00e7\u00f5es de temperatura dos ambientes internos e n\u00e3o exigem <b>poda constante<\/b> ou <b>cuidados complicados<\/b>.<\/p>\n\n\n\n<p>Muitas dessas plantas crescem bem em <b>vasos pequenos<\/b>, ideais para apartamentos, prateleiras e mesas. Assim, d\u00e1 para criar um clima aconchegante na sala, no quarto ou at\u00e9 no banheiro, sem medo de ver as <b>folhas murchando<\/b> em poucos dias, especialmente quando se escolhem esp\u00e9cies mais <b>resistentes \u00e0 varia\u00e7\u00e3o de luz<\/b>.<\/p>\n\n\n\n<figure class=\"wp-block-embed is-type-rich is-provider-pinterest wp-block-embed-pinterest\"><div class=\"wp-block-embed__wrapper\">\n<iframe loading=\"lazy\" title=\"En la selecci\u00f3n de hoy les traemos PLANTAS QUE SE ADAPTAN A POCA LUZ\ud83d\udca1 . Obvio que estos ejemplares aman la luz natural pero son muy adaptables y pueden vivir en situaciones de menor afluencia lum\u00ednica.  . Son guerreras y poco demandantes! \u00bfYa probaron alguna en sus espacios? Nos cuentan ac\u00e1 abajo c\u00f3mo les fue?\ud83c\udf31 . Y adem\u00e1s hoy sigue la GRAN BARATA, ante \u00faltimo d\u00eda de 30% OFF en todo v\u00e1lido en efectivo o 6 CUOTAS SIN INTER\u00c9S  . . . #plantas #plantasparainterior #indoorplants\" src=\"https:\/\/assets.pinterest.com\/ext\/embed.html?id=12384967723747377&#038;src=oembed\" height=\"899\" width=\"450\" frameborder=\"0\" scrolling=\"no\" ><\/iframe>\n<\/div><\/figure>\n\n\n\n<p>Leia tamb\u00e9m:&nbsp;<a href=\"https:\/\/www.em.com.br\/emfoco\/2026\/01\/21\/por-que-plantar-lentilhas-no-solo-do-limoeiro-ajuda-no-crescimento-da-planta\/\" target=\"_blank\" rel=\"noopener\">Por que plantar lentilhas no solo do limoeiro ajuda no crescimento da planta<\/a><\/p>\n\n\n\n<h2 class=\"wp-block-heading\">Quais plantas f\u00e1ceis de cuidar v\u00e3o bem em ambientes internos<\/h2>\n\n\n\n<p>Algumas esp\u00e9cies s\u00e3o verdadeiras <b>amigas dos iniciantes<\/b>, pois exigem pouca rega e se adaptam bem \u00e0 <b>luz indireta<\/b>. S\u00e3o \u00f3timas para quem est\u00e1 come\u00e7ando agora no mundo das plantas ou n\u00e3o tem muito tempo para se dedicar \u00e0 <b>jardinagem di\u00e1ria<\/b>.<\/p>\n\n\n\n<ul class=\"wp-block-list\">\n<li><b>Jiboia (Epipremnum aureum)<\/b>: trepadeira que cresce bem em vasos pendentes ou apoiada em suportes; gosta de <b>luz indireta<\/b> e tolera falhas ocasionais de rega.<\/li>\n\n\n\n<li><b>Zamioculca (Zamioculcas zamiifolia)<\/b>: famosa pela resist\u00eancia, suporta ambientes com pouca luz e precisa de <b>regas bem espa\u00e7adas<\/b>.<\/li>\n\n\n\n<li><b>Espada-de-S\u00e3o-Jorge (Sansevieria)<\/b>: muito r\u00fastica, apropriada para interiores; adapta-se a <b>sol indireto<\/b> e requer pouca \u00e1gua.<\/li>\n\n\n\n<li><b>L\u00edrio-da-paz (Spathiphyllum)<\/b>: al\u00e9m da folhagem verde escura, produz <b>flores brancas<\/b>; prefere luz filtrada e solo levemente \u00famido.<\/li>\n\n\n\n<li><b>Suculentas e cactos<\/b>: perfeitos para locais bem iluminados; armazenam \u00e1gua nas <b>folhas ou caules<\/b>, reduzindo a frequ\u00eancia de rega.<\/li>\n<\/ul>\n\n\n\n<figure class=\"wp-block-embed is-type-rich is-provider-pinterest wp-block-embed-pinterest\"><div class=\"wp-block-embed__wrapper\">\n<iframe loading=\"lazy\" title=\"\ud83e\udeb4 Voc\u00ea sabe qual planta pode usar dentro de casa \ud83e\udd14. - Veja o video Dica 07 plantas pr\u00e1 vc decorar seu lar! - Gostou \ud83d\ude0d \u2022 curte\/comenta\/compartilhe \u2022 siga @meularcaranova *pr\u00e1 mais dicas\ud83d\ude09 #casa #plantas #decoracao\" src=\"https:\/\/assets.pinterest.com\/ext\/embed.html?id=3729612269110834&#038;src=oembed\" height=\"898\" width=\"450\" frameborder=\"0\" scrolling=\"no\" ><\/iframe>\n<\/div><\/figure>\n\n\n\n<h2 class=\"wp-block-heading\">Como escolher as melhores plantas para cada ambiente<\/h2>\n\n\n\n<p>Na hora de escolher as <b>melhores plantas para decorar a casa<\/b>, observe primeiro a <b>ilumina\u00e7\u00e3o de cada c\u00f4modo<\/b>. Lugares com sol direto pela manh\u00e3 costumam favorecer suculentas, cactos e algumas brom\u00e9lias, enquanto espa\u00e7os com luz filtrada combinam mais com <b>l\u00edrio-da-paz<\/b> e jiboia.<\/p>\n\n\n\n<p>Tamb\u00e9m pense no <b>tamanho do ambiente<\/b> e na circula\u00e7\u00e3o. Em apartamentos pequenos, \u00e9 comum usar plantas pendentes, prateleiras e suportes para n\u00e3o ocupar o ch\u00e3o. J\u00e1 plantas maiores, como algumas <b>palmeiras de interior<\/b>, precisam de espa\u00e7o ao redor do vaso para crescerem sem atrapalhar a <b>passagem de pessoas<\/b>.<\/p>\n\n\n\n<figure class=\"wp-block-embed is-type-rich is-provider-pinterest wp-block-embed-pinterest\"><div class=\"wp-block-embed__wrapper\">\n<iframe loading=\"lazy\" title=\"4 plantas esquineras \ud83c\udf3f\ud83c\udf3f Les dejamos un poco de inspiraci\u00f3n con esta selecci\u00f3n de PLANTAS que son ideales para transformar visualmente espacios.  . Cu\u00e9ntenme en comentarios, cu\u00e1l es su preferida y si se animan a plantas de gran tama\u00f1o en interiores.  Los leo\ud83d\udc47\ud83c\udffc\ud83d\udc47\ud83c\udffc . plantas #indoorplants #planta #plantasdeinterior #plantastropicales #macetas #indoordecor\" src=\"https:\/\/assets.pinterest.com\/ext\/embed.html?id=1759287348797452&#038;src=oembed\" height=\"899\" width=\"450\" frameborder=\"0\" scrolling=\"no\" ><\/iframe>\n<\/div><\/figure>\n\n\n\n<h2 class=\"wp-block-heading\">Quais plantas combinam com cada tipo de luz<\/h2>\n\n\n\n<p>Entender o <b>tipo de luz<\/b> que entra na sua casa evita frustra\u00e7\u00e3o com folhas amareladas e plantas que n\u00e3o vingam. Mesmo esp\u00e9cies resistentes t\u00eam prefer\u00eancias que fazem diferen\u00e7a no <b>desenvolvimento saud\u00e1vel<\/b> e na cor da folhagem.<\/p>\n\n\n\n<p>Ambientes muito claros combinam com plantas que gostam de bastante <b>luminosidade<\/b>, enquanto salas mais sombreadas pedem esp\u00e9cies que se adaptam bem \u00e0 luz indireta ou moderada, como <b>zamioculca<\/b> e espada-de-S\u00e3o-Jorge.<\/p>\n\n\n\n<h2 class=\"wp-block-heading\">Quais cuidados b\u00e1sicos manter com plantas decorativas<\/h2>\n\n\n\n<p>Depois de escolher bem as esp\u00e9cies, a <b>rotina de cuidados<\/b> tende a ser simples. O principal \u00e9 n\u00e3o exagerar na \u00e1gua, algo muito comum com suculentas e plantas de <b>raiz mais sens\u00edvel<\/b>, e prestar aten\u00e7\u00e3o nos sinais que elas d\u00e3o, como folhas murchas ou manchadas.<\/p>\n\n\n\n<p>Tr\u00eas pontos fazem muita diferen\u00e7a no dia a dia: regar apenas quando a <b>terra estiver secando<\/b>, usar vasos com furos para drenagem e manter as <b>folhas limpas<\/b> para facilitar a fotoss\u00edntese. Girar o vaso de vez em quando tamb\u00e9m ajuda a planta a crescer de forma mais uniforme e a receber <b>luz por todos os lados<\/b>.<\/p>\n\n\n\n<p>para voc\u00ea que gosta de plantas, separamos um v\u00eddeo do canal <a class=\"yt-simple-endpoint style-scope yt-formatted-string\" spellcheck=\"false\" href=\"https:\/\/www.youtube.com\/@MinhasPlantas\" target=\"_blank\" rel=\"noopener\">Minhas Plantas<\/a> com dicas de plantas para ter dentro de casa:<\/p>\n\n\n\n<figure class=\"wp-block-embed is-type-video is-provider-youtube wp-block-embed-youtube wp-embed-aspect-16-9 wp-has-aspect-ratio\"><div class=\"wp-block-embed__wrapper\">\n<div class=\"jeg_video_container jeg_video_content\"><iframe loading=\"lazy\" title=\"15 PLANTAS GRANDES para SALA: sugest\u00f5es de DECORA\u00c7\u00c3O de CASA\" width=\"500\" height=\"281\" src=\"https:\/\/www.youtube.com\/embed\/O-MCGpPjmoY?feature=oembed\" frameborder=\"0\" allow=\"accelerometer; autoplay; clipboard-write; encrypted-media; gyroscope; picture-in-picture; web-share\" referrerpolicy=\"strict-origin-when-cross-origin\" allowfullscreen><\/iframe><\/div>\n<\/div><\/figure>\n\n\n\n<h2 class=\"wp-block-heading\">Quais plantas s\u00e3o ideais para cada c\u00f4modo da casa<\/h2>\n\n\n\n<p>Para aproveitar melhor o potencial das plantas na decora\u00e7\u00e3o, vale pensar em cada <b>c\u00f4modo separadamente<\/b>. Na sala, vasos m\u00e9dios ou grandes podem virar ponto de destaque perto da janela, enquanto no quarto \u00e9 mais comum usar <b>esp\u00e9cies menores<\/b>, que n\u00e3o atrapalham a circula\u00e7\u00e3o.<\/p>\n\n\n\n<p>Na cozinha, as <b>ervas em vasos<\/b>, como manjeric\u00e3o e alecrim, decoram e ainda v\u00e3o direto para a panela. J\u00e1 em banheiros ventilados, <b>l\u00edrio-da-paz<\/b> e samambaia gostam da umidade do ar, desde que tenham luz indireta e <b>circula\u00e7\u00e3o de ar adequada<\/b>.<\/p>\n","protected":false},"excerpt":{"rendered":"<p>Plantas como Jiboia e Zamioculca s\u00e3o ideais para decorar interiores pois exigem pouca rega e luz indireta Escolha esp\u00e9cies conforme o ambiente e use vasos com drenagem mantendo o solo \u00famido sem encharcar as ra\u00edzes Chegar em casa depois de um dia cheio e encontrar um cantinho verde, com plantas saud\u00e1veis e bonitas, transforma qualquer [&hellip;]<\/p>\n","protected":false},"author":9,"featured_media":158227,"comment_status":"open","ping_status":"open","sticky":false,"template":"","format":"standard","meta":{"jnews-multi-image_gallery":[],"jnews_single_post":{"format":"standard"},"jnews_primary_category":[],"jnews_social_meta":[],"jnews_override_counter":[],"footnotes":""},"categories":[8691,8819,1],"tags":[7701,20728,12986],"class_list":["post-158134","post","type-post","status-publish","format-standard","has-post-thumbnail","hentry","category-bem-estar","category-curiosidades","category-noticias","tag-como-plantar","tag-faceis","tag-plantas-decorativas"],"yoast_head":"<!-- This site is optimized with the Yoast SEO plugin v23.8 - https:\/\/yoast.com\/wordpress\/plugins\/seo\/ -->\n<title>Casa cheia de vida: veja quais plantas resistem \u00e0 sombra e falta de \u00e1gua - Estado de Minas - Em foco<\/title>\n<meta name=\"description\" content=\"Decore a casa com Jiboia e Zamioculca plantas f\u00e1ceis que pedem pouca luz e \u00e1gua Saiba escolher o vaso ideal\" \/>\n<meta name=\"robots\" content=\"index, follow, max-snippet:-1, max-image-preview:large, max-video-preview:-1\" \/>\n<link rel=\"canonical\" href=\"https:\/\/www.em.com.br\/emfoco\/2026\/01\/22\/casa-cheia-de-vida-veja-quais-plantas-resistem-a-sombra-e-falta-de-agua\/\" \/>\n<meta property=\"og:locale\" content=\"pt_BR\" \/>\n<meta property=\"og:type\" content=\"article\" \/>\n<meta property=\"og:title\" content=\"Casa cheia de vida: veja quais plantas resistem \u00e0 sombra e falta de \u00e1gua - Estado de Minas - Em foco\" \/>\n<meta property=\"og:description\" content=\"Decore a casa com Jiboia e Zamioculca plantas f\u00e1ceis que pedem pouca luz e \u00e1gua Saiba escolher o vaso ideal\" \/>\n<meta property=\"og:url\" content=\"https:\/\/www.em.com.br\/emfoco\/2026\/01\/22\/casa-cheia-de-vida-veja-quais-plantas-resistem-a-sombra-e-falta-de-agua\/\" \/>\n<meta property=\"og:site_name\" content=\"Estado de Minas - Em foco\" \/>\n<meta property=\"article:published_time\" content=\"2026-01-22T20:35:27+00:00\" \/>\n<meta property=\"article:modified_time\" content=\"2026-01-21T19:17:13+00:00\" \/>\n<meta property=\"og:image\" content=\"https:\/\/www.em.com.br\/emfoco\/wp-content\/uploads\/2026\/01\/casa-com-plantas_1769022039537.jpg\" \/>\n\t<meta property=\"og:image:width\" content=\"1280\" \/>\n\t<meta property=\"og:image:height\" content=\"720\" \/>\n\t<meta property=\"og:image:type\" content=\"image\/jpeg\" \/>\n<meta name=\"author\" content=\"Daniely Cardoso\" \/>\n<meta name=\"twitter:card\" content=\"summary_large_image\" \/>\n<meta name=\"twitter:label1\" content=\"Escrito por\" \/>\n\t<meta name=\"twitter:data1\" content=\"Daniely Cardoso\" \/>\n\t<meta name=\"twitter:label2\" content=\"Est. tempo de leitura\" \/>\n\t<meta name=\"twitter:data2\" content=\"5 minutos\" \/>\n<!-- \/ Yoast SEO plugin. -->","yoast_head_json":{"title":"Casa cheia de vida: veja quais plantas resistem \u00e0 sombra e falta de \u00e1gua - Estado de Minas - Em foco","description":"Decore a casa com Jiboia e Zamioculca plantas f\u00e1ceis que pedem pouca luz e \u00e1gua Saiba escolher o vaso ideal","robots":{"index":"index","follow":"follow","max-snippet":"max-snippet:-1","max-image-preview":"max-image-preview:large","max-video-preview":"max-video-preview:-1"},"canonical":"https:\/\/www.em.com.br\/emfoco\/2026\/01\/22\/casa-cheia-de-vida-veja-quais-plantas-resistem-a-sombra-e-falta-de-agua\/","og_locale":"pt_BR","og_type":"article","og_title":"Casa cheia de vida: veja quais plantas resistem \u00e0 sombra e falta de \u00e1gua - Estado de Minas - Em foco","og_description":"Decore a casa com Jiboia e Zamioculca plantas f\u00e1ceis que pedem pouca luz e \u00e1gua Saiba escolher o vaso ideal","og_url":"https:\/\/www.em.com.br\/emfoco\/2026\/01\/22\/casa-cheia-de-vida-veja-quais-plantas-resistem-a-sombra-e-falta-de-agua\/","og_site_name":"Estado de Minas - Em foco","article_published_time":"2026-01-22T20:35:27+00:00","article_modified_time":"2026-01-21T19:17:13+00:00","og_image":[{"width":1280,"height":720,"url":"https:\/\/www.em.com.br\/emfoco\/wp-content\/uploads\/2026\/01\/casa-com-plantas_1769022039537.jpg","type":"image\/jpeg"}],"author":"Daniely Cardoso","twitter_card":"summary_large_image","twitter_misc":{"Escrito por":"Daniely Cardoso","Est. tempo de leitura":"5 minutos"},"schema":{"@context":"https:\/\/schema.org","@graph":[{"@type":"WebPage","@id":"https:\/\/www.em.com.br\/emfoco\/2026\/01\/22\/casa-cheia-de-vida-veja-quais-plantas-resistem-a-sombra-e-falta-de-agua\/","url":"https:\/\/www.em.com.br\/emfoco\/2026\/01\/22\/casa-cheia-de-vida-veja-quais-plantas-resistem-a-sombra-e-falta-de-agua\/","name":"Casa cheia de vida: veja quais plantas resistem \u00e0 sombra e falta de \u00e1gua - Estado de Minas - Em foco","isPartOf":{"@id":"https:\/\/www.em.com.br\/emfoco\/#website"},"primaryImageOfPage":{"@id":"https:\/\/www.em.com.br\/emfoco\/2026\/01\/22\/casa-cheia-de-vida-veja-quais-plantas-resistem-a-sombra-e-falta-de-agua\/#primaryimage"},"image":{"@id":"https:\/\/www.em.com.br\/emfoco\/2026\/01\/22\/casa-cheia-de-vida-veja-quais-plantas-resistem-a-sombra-e-falta-de-agua\/#primaryimage"},"thumbnailUrl":"https:\/\/www.em.com.br\/emfoco\/wp-content\/uploads\/2026\/01\/casa-com-plantas_1769022039537.jpg","datePublished":"2026-01-22T20:35:27+00:00","dateModified":"2026-01-21T19:17:13+00:00","author":{"@id":"https:\/\/www.em.com.br\/emfoco\/#\/schema\/person\/0a8186d72f2c3a5c6276d90b41f271a0"},"description":"Decore a casa com Jiboia e Zamioculca plantas f\u00e1ceis que pedem pouca luz e \u00e1gua Saiba escolher o vaso ideal","breadcrumb":{"@id":"https:\/\/www.em.com.br\/emfoco\/2026\/01\/22\/casa-cheia-de-vida-veja-quais-plantas-resistem-a-sombra-e-falta-de-agua\/#breadcrumb"},"inLanguage":"pt-BR","potentialAction":[{"@type":"ReadAction","target":["https:\/\/www.em.com.br\/emfoco\/2026\/01\/22\/casa-cheia-de-vida-veja-quais-plantas-resistem-a-sombra-e-falta-de-agua\/"]}]},{"@type":"ImageObject","inLanguage":"pt-BR","@id":"https:\/\/www.em.com.br\/emfoco\/2026\/01\/22\/casa-cheia-de-vida-veja-quais-plantas-resistem-a-sombra-e-falta-de-agua\/#primaryimage","url":"https:\/\/www.em.com.br\/emfoco\/wp-content\/uploads\/2026\/01\/casa-com-plantas_1769022039537.jpg","contentUrl":"https:\/\/www.em.com.br\/emfoco\/wp-content\/uploads\/2026\/01\/casa-com-plantas_1769022039537.jpg","width":1280,"height":720,"caption":"A express\u00e3o melhores plantas para decorar a casa geralmente se refere a esp\u00e9cies bonitas - Cr\u00e9ditos: depositphotos.com \/ AndrewLozovyi"},{"@type":"BreadcrumbList","@id":"https:\/\/www.em.com.br\/emfoco\/2026\/01\/22\/casa-cheia-de-vida-veja-quais-plantas-resistem-a-sombra-e-falta-de-agua\/#breadcrumb","itemListElement":[{"@type":"ListItem","position":1,"name":"In\u00edcio","item":"https:\/\/www.em.com.br\/emfoco\/"},{"@type":"ListItem","position":2,"name":"Casa cheia de vida: veja quais plantas resistem \u00e0 sombra e falta de \u00e1gua"}]},{"@type":"WebSite","@id":"https:\/\/www.em.com.br\/emfoco\/#website","url":"https:\/\/www.em.com.br\/emfoco\/","name":"Estado de Minas - Em foco","description":"Acompanhe as \u00faltimas not\u00edcias e fique bem informado sobre tudo o que acontece em Minas Gerais, Brasil e no mundo.","potentialAction":[{"@type":"SearchAction","target":{"@type":"EntryPoint","urlTemplate":"https:\/\/www.em.com.br\/emfoco\/?s={search_term_string}"},"query-input":{"@type":"PropertyValueSpecification","valueRequired":true,"valueName":"search_term_string"}}],"inLanguage":"pt-BR"},{"@type":"Person","@id":"https:\/\/www.em.com.br\/emfoco\/#\/schema\/person\/0a8186d72f2c3a5c6276d90b41f271a0","name":"Daniely Cardoso","image":{"@type":"ImageObject","inLanguage":"pt-BR","@id":"https:\/\/www.em.com.br\/emfoco\/#\/schema\/person\/image\/","url":"https:\/\/secure.gravatar.com\/avatar\/4b80ddbd124d1f071b626d52d62e5dff?s=96&d=mm&r=g","contentUrl":"https:\/\/secure.gravatar.com\/avatar\/4b80ddbd124d1f071b626d52d62e5dff?s=96&d=mm&r=g","caption":"Daniely Cardoso"},"url":"https:\/\/www.em.com.br\/emfoco\/author\/danielymyth\/"}]}},"_links":{"self":[{"href":"https:\/\/www.em.com.br\/emfoco\/wp-json\/wp\/v2\/posts\/158134","targetHints":{"allow":["GET"]}}],"collection":[{"href":"https:\/\/www.em.com.br\/emfoco\/wp-json\/wp\/v2\/posts"}],"about":[{"href":"https:\/\/www.em.com.br\/emfoco\/wp-json\/wp\/v2\/types\/post"}],"author":[{"embeddable":true,"href":"https:\/\/www.em.com.br\/emfoco\/wp-json\/wp\/v2\/users\/9"}],"replies":[{"embeddable":true,"href":"https:\/\/www.em.com.br\/emfoco\/wp-json\/wp\/v2\/comments?post=158134"}],"version-history":[{"count":3,"href":"https:\/\/www.em.com.br\/emfoco\/wp-json\/wp\/v2\/posts\/158134\/revisions"}],"predecessor-version":[{"id":158261,"href":"https:\/\/www.em.com.br\/emfoco\/wp-json\/wp\/v2\/posts\/158134\/revisions\/158261"}],"wp:featuredmedia":[{"embeddable":true,"href":"https:\/\/www.em.com.br\/emfoco\/wp-json\/wp\/v2\/media\/158227"}],"wp:attachment":[{"href":"https:\/\/www.em.com.br\/emfoco\/wp-json\/wp\/v2\/media?parent=158134"}],"wp:term":[{"taxonomy":"category","embeddable":true,"href":"https:\/\/www.em.com.br\/emfoco\/wp-json\/wp\/v2\/categories?post=158134"},{"taxonomy":"post_tag","embeddable":true,"href":"https:\/\/www.em.com.br\/emfoco\/wp-json\/wp\/v2\/tags?post=158134"}],"curies":[{"name":"wp","href":"https:\/\/api.w.org\/{rel}","templated":true}]}}