{"id":158133,"date":"2026-01-22T13:25:22","date_gmt":"2026-01-22T16:25:22","guid":{"rendered":"https:\/\/www.em.com.br\/emfoco\/?p=158133"},"modified":"2026-01-21T16:06:16","modified_gmt":"2026-01-21T19:06:16","slug":"jardim-sem-esforco-conheca-as-quatro-flores-faceis-de-cuidar-em-casa","status":"publish","type":"post","link":"https:\/\/www.em.com.br\/emfoco\/2026\/01\/22\/jardim-sem-esforco-conheca-as-quatro-flores-faceis-de-cuidar-em-casa\/","title":{"rendered":"Jardim sem esfor\u00e7o: conhe\u00e7a as quatro flores f\u00e1ceis de cuidar em casa"},"content":{"rendered":"\n<h2 class=\"wp-block-heading\">Inicie na jardinagem com flores resistentes como cal\u00eandula margarida beijo de frade e lavanda Elas se adaptam a vasos e canteiros exigindo solo drenado e regas moderadas para garantir um jardim colorido e cheio de vida<\/h2>\n\n\n\n<p><b>Imaginar um cantinho da casa ganhando cor<\/b> com flores sem dar muito trabalho \u00e9 o sonho de muita gente que est\u00e1 come\u00e7ando na <b>jardinagem<\/b>. Com algumas escolhas certeiras e cuidados simples, d\u00e1 para montar um jardim em vasos, canteiros ou at\u00e9 na sacada, sem precisar virar <b>especialista no assunto<\/b>.<\/p>\n\n\n\n<h2 class=\"wp-block-heading\">Por que vale a pena come\u00e7ar com flores f\u00e1ceis de plantar<\/h2>\n\n\n\n<p>Come\u00e7ar com <b>flores simples<\/b> reduz as chances de frustra\u00e7\u00e3o e ajuda a criar <b>confian\u00e7a com as plantas<\/b>. Esp\u00e9cies mais resistentes aguentam pequenos deslizes, como um dia sem rega ou um sol mais forte, o que \u00e9 ideal para quem ainda est\u00e1 entendendo como tudo funciona.<\/p>\n\n\n\n<p>Elas tamb\u00e9m costumam ser <b>baratas<\/b> e f\u00e1ceis de encontrar em floriculturas, supermercados e viveiros. Assim, voc\u00ea vai observando, na pr\u00e1tica, como <b>luz, \u00e1gua e adubo<\/b> influenciam o crescimento, e depois fica bem mais f\u00e1cil se arriscar em esp\u00e9cies <b>mais delicadas<\/b>.<\/p>\n\n\n\n<figure class=\"wp-block-embed is-type-rich is-provider-pinterest wp-block-embed-pinterest\"><div class=\"wp-block-embed__wrapper\">\n<iframe loading=\"lazy\" title=\"15 flores para plantar no ver\u00e3o e colorir o jardim\" src=\"https:\/\/assets.pinterest.com\/ext\/embed.html?id=52846995622308456&#038;src=oembed\" height=\"774\" width=\"450\" frameborder=\"0\" scrolling=\"no\" ><\/iframe>\n<\/div><\/figure>\n\n\n\n<h2 class=\"wp-block-heading\">Quais s\u00e3o 4 flores f\u00e1ceis de come\u00e7ar a plantar no jardim<\/h2>\n\n\n\n<p>Ao falar em <b>flores f\u00e1ceis de plantar<\/b>, algumas esp\u00e9cies se tornam cl\u00e1ssicas pela simplicidade e resist\u00eancia. Entre tantas op\u00e7\u00f5es, quatro aparecem com frequ\u00eancia em jardins de casa por se adaptarem bem a diferentes rotinas e climas: <b>cal\u00eandula<\/b>, margarida, beijo-de-frade e lavanda.<\/p>\n\n\n\n<p>Essas plantas podem ser compradas em <b>mudas<\/b>, que s\u00e3o mais pr\u00e1ticas para iniciantes, ou em <b>sementes<\/b>, para quem gosta de acompanhar o crescimento desde o comecinho. Com poucos cuidados, elas v\u00e3o bem em <b>vasos, jardineiras<\/b> ou diretamente no solo, tanto em casas quanto em apartamentos.<\/p>\n\n\n\n<figure class=\"wp-block-embed is-type-rich is-provider-pinterest wp-block-embed-pinterest\"><div class=\"wp-block-embed__wrapper\">\n<iframe loading=\"lazy\" title=\"\ud83e\udd40Por que suas plantas n\u00e3o crescem, mesmo voc\u00ea cuidando delas com toda dedica\u00e7\u00e3o? \ud83d\udc9a Talvez s\u00f3 falte o segredo certo! \ud83c\udf31  \ud83d\udccc Aprenda a dar a elas o que realmente precisam com as receitas dos jardineiros holandeses e veja seu jardim se transformar.  \ud83d\udd25 Menos folhas amareladas, mais verde, flores vibrantes e plantas saud\u00e1veis o ano todo!  \ud83d\udc49 Se quer aprender mais truques de jardinagem, baixe agora o Manual de Receitas para Salvar suas Plantas e recupere seu jardim como um(a) profissional! \ud83c\udf3f\ud83c\udf38  \ud83d\udd17 Acess...\" src=\"https:\/\/assets.pinterest.com\/ext\/embed.html?id=640988959508977726&#038;src=oembed\" height=\"898\" width=\"450\" frameborder=\"0\" scrolling=\"no\" ><\/iframe>\n<\/div><\/figure>\n\n\n\n<p>Leia tamb\u00e9m:&nbsp;<a href=\"https:\/\/www.em.com.br\/emfoco\/2026\/01\/21\/a-arvore-que-cresce-rapido-perfuma-o-jardim-e-encanta-com-flores-estreladas\/\" target=\"_blank\" rel=\"noopener\">A \u00e1rvore que cresce r\u00e1pido, perfuma o jardim e encanta com flores estreladas<\/a><\/p>\n\n\n\n<h2 class=\"wp-block-heading\">Como cuidar de cal\u00eandula, margarida, beijo-de-frade e lavanda no dia a dia<\/h2>\n\n\n\n<p>Embora todas sejam <b>flores simples de cultivar<\/b>, cada uma tem suas prefer\u00eancias de sol, \u00e1gua e tipo de solo. Entender essas diferen\u00e7as ajuda a manter o <b>jardim bonito<\/b> por mais tempo, mesmo com o clima variando entre ver\u00f5es quentes e per\u00edodos de chuva irregular em muitas <b>regi\u00f5es do Brasil<\/b>.<\/p>\n\n\n\n<ul class=\"wp-block-list\">\n<li><b>Cal\u00eandula<\/b>: planta anual que gosta de sol direto por boa parte do dia. Adapta-se bem a climas amenos, suporta <b>frio leve<\/b> e prefere solo bem drenado, sem encharcamento, com regas moderadas para manter a terra levemente <b>\u00famida<\/b>.<\/li>\n\n\n\n<li><b>Margarida<\/b>: muito comum em jardins, prefere sol pleno ou algumas horas de luz direta. Vai bem em <b>solo f\u00e9rtil<\/b>, com aduba\u00e7\u00e3o org\u00e2nica leve a cada poucos meses, e regas regulares, mas sem <b>exageros<\/b>.<\/li>\n\n\n\n<li><b>Beijo-de-frade<\/b> (ou maria-sem-vergonha): indicada para meia-sombra, principalmente em locais de clima muito quente. Gosta de <b>solo \u00famido<\/b>, por\u00e9m bem drenado, e \u00e9 famosa pela <b>flora\u00e7\u00e3o abundante<\/b> com manuten\u00e7\u00e3o simples.<\/li>\n\n\n\n<li><b>Lavanda<\/b>: conhecida pelo aroma suave, prefere sol pleno e <b>clima mais seco<\/b>. Tolera per\u00edodos sem rega se o solo for bem drenado; em regi\u00f5es muito \u00famidas, \u00e9 importante evitar <b>excesso de \u00e1gua<\/b> para n\u00e3o aparecerem fungos.<\/li>\n<\/ul>\n\n\n\n<figure class=\"wp-block-embed is-type-rich is-provider-pinterest wp-block-embed-pinterest\"><div class=\"wp-block-embed__wrapper\">\n<iframe loading=\"lazy\" title=\"Beijo de frade\" src=\"https:\/\/assets.pinterest.com\/ext\/embed.html?id=177399672815092903&#038;src=oembed\" height=\"699\" width=\"450\" frameborder=\"0\" scrolling=\"no\" ><\/iframe>\n<\/div><\/figure>\n\n\n\n<h2 class=\"wp-block-heading\">Como adaptar essas flores ao espa\u00e7o que voc\u00ea tem<\/h2>\n\n\n\n<p>Essas quatro op\u00e7\u00f5es atendem a <b>diferentes realidades<\/b>: quem tem varanda ensolarada, quintal mais sombreado ou \u00e1rea com bastante vento costuma encontrar alguma esp\u00e9cie que se encaixa bem. O segredo \u00e9 observar o lugar por alguns dias antes de plantar, reparando na quantidade de <b>sol e no calor<\/b>.<\/p>\n\n\n\n<p>Depois de plantar, vale ficar de olho nas primeiras semanas: <b>folhas murchas<\/b>, queimadas ou amareladas podem indicar excesso de \u00e1gua, falta de sol ou o contr\u00e1rio. Ajustando a rega e a posi\u00e7\u00e3o dos vasos aos poucos, voc\u00ea encontra o <b>ponto ideal<\/b> para cada flor, evitando estresse e ajudando na <b>adapta\u00e7\u00e3o<\/b> das plantas.<\/p>\n\n\n\n<p>Para voc\u00ea que gosta de plantar em casa, separamos um v\u00eddeo do canal <a class=\"yt-simple-endpoint style-scope yt-formatted-string\" spellcheck=\"false\" href=\"https:\/\/www.youtube.com\/@SpagnholPlantas1\" target=\"_blank\" rel=\"noopener\">Spagnhol Plantas<\/a> com uma lista de plantas f\u00e1ceis de cuidar:<\/p>\n\n\n\n<figure class=\"wp-block-embed is-type-video is-provider-youtube wp-block-embed-youtube wp-embed-aspect-16-9 wp-has-aspect-ratio\"><div class=\"wp-block-embed__wrapper\">\n<div class=\"jeg_video_container jeg_video_content\"><iframe loading=\"lazy\" title=\"10 FLORES de f\u00e1cil cultivo para o SEU VASO ou JARDIM\" width=\"500\" height=\"281\" src=\"https:\/\/www.youtube.com\/embed\/qoarcaZVF24?start=2&#038;feature=oembed\" frameborder=\"0\" allow=\"accelerometer; autoplay; clipboard-write; encrypted-media; gyroscope; picture-in-picture; web-share\" referrerpolicy=\"strict-origin-when-cross-origin\" allowfullscreen><\/iframe><\/div>\n<\/div><\/figure>\n\n\n\n<h2 class=\"wp-block-heading\">Quais cuidados b\u00e1sicos ajudam qualquer iniciante na jardinagem<\/h2>\n\n\n\n<p>Mesmo escolhendo <b>flores resistentes<\/b>, alguns cuidados simples fazem muita diferen\u00e7a para manter o jardim bonito. Com pequenas mudan\u00e7as na rotina, d\u00e1 para evitar <b>pragas<\/b>, excesso de \u00e1gua e aquela apar\u00eancia de planta malcuidada que desanima qualquer <b>iniciante<\/b>.<\/p>\n\n\n\n<ol class=\"wp-block-list\">\n<li><b>Observar a luz do local<\/b>: antes de plantar, acompanhe quantas horas de sol direto o espa\u00e7o recebe para decidir entre esp\u00e9cies de sol pleno ou <b>meia-sombra<\/b>.<\/li>\n\n\n\n<li><b>Usar solo bem drenado<\/b>: misturas com terra vegetal, um pouco de areia e <b>composto org\u00e2nico<\/b> costumam funcionar bem para a maioria das flores f\u00e1ceis de plantar.<\/li>\n\n\n\n<li><b>Evitar encharcamento<\/b>: vasos devem ter furos no fundo e, se poss\u00edvel, uma camada de drenagem com <b>pedrinhas<\/b> ou argila <b>expandida<\/b>.<\/li>\n\n\n\n<li><b>Rega equilibrada<\/b>: normalmente, regue quando a camada superficial da terra estiver <b>seca ao toque<\/b>, mantendo a umidade sem deixar a \u00e1gua acumular.<\/li>\n\n\n\n<li><b>Retirada de folhas secas<\/b>: remover folhas e flores murchas melhora a apar\u00eancia, estimula <b>novas flora\u00e7\u00f5es<\/b> e reduz o risco de pragas e <b>fungos<\/b>.<\/li>\n<\/ol>\n","protected":false},"excerpt":{"rendered":"<p>Inicie na jardinagem com flores resistentes como cal\u00eandula margarida beijo de frade e lavanda Elas se adaptam a vasos e canteiros exigindo solo drenado e regas moderadas para garantir um jardim colorido e cheio de vida Imaginar um cantinho da casa ganhando cor com flores sem dar muito trabalho \u00e9 o sonho de muita gente [&hellip;]<\/p>\n","protected":false},"author":9,"featured_media":139475,"comment_status":"open","ping_status":"open","sticky":false,"template":"","format":"standard","meta":{"jnews-multi-image_gallery":[],"jnews_single_post":{"format":"standard"},"jnews_primary_category":[],"jnews_social_meta":[],"jnews_override_counter":[],"footnotes":""},"categories":[8691,8819,1],"tags":[7701,20728,3357],"class_list":["post-158133","post","type-post","status-publish","format-standard","has-post-thumbnail","hentry","category-bem-estar","category-curiosidades","category-noticias","tag-como-plantar","tag-faceis","tag-flores"],"yoast_head":"<!-- This site is optimized with the Yoast SEO plugin v23.8 - https:\/\/yoast.com\/wordpress\/plugins\/seo\/ -->\n<title>Jardim sem esfor\u00e7o: conhe\u00e7a as quatro flores f\u00e1ceis de cuidar em casa - Estado de Minas - Em foco<\/title>\n<meta name=\"description\" content=\"Cultive margarida cal\u00eandula e lavanda em casa Flores f\u00e1ceis e resistentes que trazem cor e vida para seu jardim\" \/>\n<meta name=\"robots\" content=\"index, follow, max-snippet:-1, max-image-preview:large, max-video-preview:-1\" \/>\n<link rel=\"canonical\" href=\"https:\/\/www.em.com.br\/emfoco\/2026\/01\/22\/jardim-sem-esforco-conheca-as-quatro-flores-faceis-de-cuidar-em-casa\/\" \/>\n<meta property=\"og:locale\" content=\"pt_BR\" \/>\n<meta property=\"og:type\" content=\"article\" \/>\n<meta property=\"og:title\" content=\"Jardim sem esfor\u00e7o: conhe\u00e7a as quatro flores f\u00e1ceis de cuidar em casa - Estado de Minas - Em foco\" \/>\n<meta property=\"og:description\" content=\"Cultive margarida cal\u00eandula e lavanda em casa Flores f\u00e1ceis e resistentes que trazem cor e vida para seu jardim\" \/>\n<meta property=\"og:url\" content=\"https:\/\/www.em.com.br\/emfoco\/2026\/01\/22\/jardim-sem-esforco-conheca-as-quatro-flores-faceis-de-cuidar-em-casa\/\" \/>\n<meta property=\"og:site_name\" content=\"Estado de Minas - Em foco\" \/>\n<meta property=\"article:published_time\" content=\"2026-01-22T16:25:22+00:00\" \/>\n<meta property=\"article:modified_time\" content=\"2026-01-21T19:06:16+00:00\" \/>\n<meta property=\"og:image\" content=\"https:\/\/www.em.com.br\/emfoco\/wp-content\/uploads\/2025\/12\/jardim-mulher_1765508596410.jpg\" \/>\n\t<meta property=\"og:image:width\" content=\"1280\" \/>\n\t<meta property=\"og:image:height\" content=\"720\" \/>\n\t<meta property=\"og:image:type\" content=\"image\/jpeg\" \/>\n<meta name=\"author\" content=\"Daniely Cardoso\" \/>\n<meta name=\"twitter:card\" content=\"summary_large_image\" \/>\n<meta name=\"twitter:label1\" content=\"Escrito por\" \/>\n\t<meta name=\"twitter:data1\" content=\"Daniely Cardoso\" \/>\n\t<meta name=\"twitter:label2\" content=\"Est. tempo de leitura\" \/>\n\t<meta name=\"twitter:data2\" content=\"5 minutos\" \/>\n<!-- \/ Yoast SEO plugin. -->","yoast_head_json":{"title":"Jardim sem esfor\u00e7o: conhe\u00e7a as quatro flores f\u00e1ceis de cuidar em casa - Estado de Minas - Em foco","description":"Cultive margarida cal\u00eandula e lavanda em casa Flores f\u00e1ceis e resistentes que trazem cor e vida para seu jardim","robots":{"index":"index","follow":"follow","max-snippet":"max-snippet:-1","max-image-preview":"max-image-preview:large","max-video-preview":"max-video-preview:-1"},"canonical":"https:\/\/www.em.com.br\/emfoco\/2026\/01\/22\/jardim-sem-esforco-conheca-as-quatro-flores-faceis-de-cuidar-em-casa\/","og_locale":"pt_BR","og_type":"article","og_title":"Jardim sem esfor\u00e7o: conhe\u00e7a as quatro flores f\u00e1ceis de cuidar em casa - Estado de Minas - Em foco","og_description":"Cultive margarida cal\u00eandula e lavanda em casa Flores f\u00e1ceis e resistentes que trazem cor e vida para seu jardim","og_url":"https:\/\/www.em.com.br\/emfoco\/2026\/01\/22\/jardim-sem-esforco-conheca-as-quatro-flores-faceis-de-cuidar-em-casa\/","og_site_name":"Estado de Minas - Em foco","article_published_time":"2026-01-22T16:25:22+00:00","article_modified_time":"2026-01-21T19:06:16+00:00","og_image":[{"width":1280,"height":720,"url":"https:\/\/www.em.com.br\/emfoco\/wp-content\/uploads\/2025\/12\/jardim-mulher_1765508596410.jpg","type":"image\/jpeg"}],"author":"Daniely Cardoso","twitter_card":"summary_large_image","twitter_misc":{"Escrito por":"Daniely Cardoso","Est. tempo de leitura":"5 minutos"},"schema":{"@context":"https:\/\/schema.org","@graph":[{"@type":"WebPage","@id":"https:\/\/www.em.com.br\/emfoco\/2026\/01\/22\/jardim-sem-esforco-conheca-as-quatro-flores-faceis-de-cuidar-em-casa\/","url":"https:\/\/www.em.com.br\/emfoco\/2026\/01\/22\/jardim-sem-esforco-conheca-as-quatro-flores-faceis-de-cuidar-em-casa\/","name":"Jardim sem esfor\u00e7o: conhe\u00e7a as quatro flores f\u00e1ceis de cuidar em casa - Estado de Minas - Em foco","isPartOf":{"@id":"https:\/\/www.em.com.br\/emfoco\/#website"},"primaryImageOfPage":{"@id":"https:\/\/www.em.com.br\/emfoco\/2026\/01\/22\/jardim-sem-esforco-conheca-as-quatro-flores-faceis-de-cuidar-em-casa\/#primaryimage"},"image":{"@id":"https:\/\/www.em.com.br\/emfoco\/2026\/01\/22\/jardim-sem-esforco-conheca-as-quatro-flores-faceis-de-cuidar-em-casa\/#primaryimage"},"thumbnailUrl":"https:\/\/www.em.com.br\/emfoco\/wp-content\/uploads\/2025\/12\/jardim-mulher_1765508596410.jpg","datePublished":"2026-01-22T16:25:22+00:00","dateModified":"2026-01-21T19:06:16+00:00","author":{"@id":"https:\/\/www.em.com.br\/emfoco\/#\/schema\/person\/0a8186d72f2c3a5c6276d90b41f271a0"},"description":"Cultive margarida cal\u00eandula e lavanda em casa Flores f\u00e1ceis e resistentes que trazem cor e vida para seu jardim","breadcrumb":{"@id":"https:\/\/www.em.com.br\/emfoco\/2026\/01\/22\/jardim-sem-esforco-conheca-as-quatro-flores-faceis-de-cuidar-em-casa\/#breadcrumb"},"inLanguage":"pt-BR","potentialAction":[{"@type":"ReadAction","target":["https:\/\/www.em.com.br\/emfoco\/2026\/01\/22\/jardim-sem-esforco-conheca-as-quatro-flores-faceis-de-cuidar-em-casa\/"]}]},{"@type":"ImageObject","inLanguage":"pt-BR","@id":"https:\/\/www.em.com.br\/emfoco\/2026\/01\/22\/jardim-sem-esforco-conheca-as-quatro-flores-faceis-de-cuidar-em-casa\/#primaryimage","url":"https:\/\/www.em.com.br\/emfoco\/wp-content\/uploads\/2025\/12\/jardim-mulher_1765508596410.jpg","contentUrl":"https:\/\/www.em.com.br\/emfoco\/wp-content\/uploads\/2025\/12\/jardim-mulher_1765508596410.jpg","width":1280,"height":720,"caption":"Ter pouco tempo dispon\u00edvel n\u00e3o impede ningu\u00e9m de ter um cantinho mais verde em casa - Cr\u00e9ditos: depositphotos.com \/ VitalikRadko"},{"@type":"BreadcrumbList","@id":"https:\/\/www.em.com.br\/emfoco\/2026\/01\/22\/jardim-sem-esforco-conheca-as-quatro-flores-faceis-de-cuidar-em-casa\/#breadcrumb","itemListElement":[{"@type":"ListItem","position":1,"name":"In\u00edcio","item":"https:\/\/www.em.com.br\/emfoco\/"},{"@type":"ListItem","position":2,"name":"Jardim sem esfor\u00e7o: conhe\u00e7a as quatro flores f\u00e1ceis de cuidar em casa"}]},{"@type":"WebSite","@id":"https:\/\/www.em.com.br\/emfoco\/#website","url":"https:\/\/www.em.com.br\/emfoco\/","name":"Estado de Minas - Em foco","description":"Acompanhe as \u00faltimas not\u00edcias e fique bem informado sobre tudo o que acontece em Minas Gerais, Brasil e no mundo.","potentialAction":[{"@type":"SearchAction","target":{"@type":"EntryPoint","urlTemplate":"https:\/\/www.em.com.br\/emfoco\/?s={search_term_string}"},"query-input":{"@type":"PropertyValueSpecification","valueRequired":true,"valueName":"search_term_string"}}],"inLanguage":"pt-BR"},{"@type":"Person","@id":"https:\/\/www.em.com.br\/emfoco\/#\/schema\/person\/0a8186d72f2c3a5c6276d90b41f271a0","name":"Daniely Cardoso","image":{"@type":"ImageObject","inLanguage":"pt-BR","@id":"https:\/\/www.em.com.br\/emfoco\/#\/schema\/person\/image\/","url":"https:\/\/secure.gravatar.com\/avatar\/4b80ddbd124d1f071b626d52d62e5dff?s=96&d=mm&r=g","contentUrl":"https:\/\/secure.gravatar.com\/avatar\/4b80ddbd124d1f071b626d52d62e5dff?s=96&d=mm&r=g","caption":"Daniely Cardoso"},"url":"https:\/\/www.em.com.br\/emfoco\/author\/danielymyth\/"}]}},"_links":{"self":[{"href":"https:\/\/www.em.com.br\/emfoco\/wp-json\/wp\/v2\/posts\/158133","targetHints":{"allow":["GET"]}}],"collection":[{"href":"https:\/\/www.em.com.br\/emfoco\/wp-json\/wp\/v2\/posts"}],"about":[{"href":"https:\/\/www.em.com.br\/emfoco\/wp-json\/wp\/v2\/types\/post"}],"author":[{"embeddable":true,"href":"https:\/\/www.em.com.br\/emfoco\/wp-json\/wp\/v2\/users\/9"}],"replies":[{"embeddable":true,"href":"https:\/\/www.em.com.br\/emfoco\/wp-json\/wp\/v2\/comments?post=158133"}],"version-history":[{"count":3,"href":"https:\/\/www.em.com.br\/emfoco\/wp-json\/wp\/v2\/posts\/158133\/revisions"}],"predecessor-version":[{"id":158231,"href":"https:\/\/www.em.com.br\/emfoco\/wp-json\/wp\/v2\/posts\/158133\/revisions\/158231"}],"wp:featuredmedia":[{"embeddable":true,"href":"https:\/\/www.em.com.br\/emfoco\/wp-json\/wp\/v2\/media\/139475"}],"wp:attachment":[{"href":"https:\/\/www.em.com.br\/emfoco\/wp-json\/wp\/v2\/media?parent=158133"}],"wp:term":[{"taxonomy":"category","embeddable":true,"href":"https:\/\/www.em.com.br\/emfoco\/wp-json\/wp\/v2\/categories?post=158133"},{"taxonomy":"post_tag","embeddable":true,"href":"https:\/\/www.em.com.br\/emfoco\/wp-json\/wp\/v2\/tags?post=158133"}],"curies":[{"name":"wp","href":"https:\/\/api.w.org\/{rel}","templated":true}]}}