{"id":158055,"date":"2026-01-27T14:45:00","date_gmt":"2026-01-27T17:45:00","guid":{"rendered":"https:\/\/www.em.com.br\/emfoco\/?p=158055"},"modified":"2026-01-26T18:57:46","modified_gmt":"2026-01-26T21:57:46","slug":"reaproveitar-caixas-de-papelao-transforma-a-organizacao-da-maquiagem-solucao-simples-evita-bagunca-e-desperdicio","status":"publish","type":"post","link":"https:\/\/www.em.com.br\/emfoco\/2026\/01\/27\/reaproveitar-caixas-de-papelao-transforma-a-organizacao-da-maquiagem-solucao-simples-evita-bagunca-e-desperdicio\/","title":{"rendered":"Reaproveitar caixas de papel\u00e3o transforma a organiza\u00e7\u00e3o da maquiagem: solu\u00e7\u00e3o simples evita bagun\u00e7a e desperd\u00edcio"},"content":{"rendered":"\n<p>Organizar maquiagem em casa pode ser bem mais simples do que parece, especialmente quando voc\u00ea reaproveita o que j\u00e1 tem por perto. Com algumas caixas de papel\u00e3o limpas, um pouco de criatividade e poucos materiais, d\u00e1 para montar um organizador pr\u00e1tico, bonito e ajustado ao seu espa\u00e7o, evitando bagun\u00e7a, economizando dinheiro e ainda dando um destino \u00fatil para embalagens que iriam para o lixo.<\/p>\n\n\n\n<h2 class=\"wp-block-heading\">Por que usar caixas de papel\u00e3o para organizar maquiagem em casa<\/h2>\n\n\n\n<p>As <a href=\"https:\/\/www.em.com.br\/emfoco\/2025\/12\/20\/aprenda-a-fazer-um-sofa-resistente-usando-caixas-de-papelao-que-iriam-para-o-lixo\/\" target=\"_blank\" rel=\"noreferrer noopener\">caixas de papel\u00e3o<\/a> s\u00e3o f\u00e1ceis de encontrar, leves e podem ser cortadas em v\u00e1rios formatos, o que facilita criar espa\u00e7os para batons, pinc\u00e9is, paletas e outros produtos. Com pequenos ajustes, elas se adaptam \u00e0 gaveta, \u00e0 bancada ou \u00e0 prateleira, evitando que os itens fiquem soltos e acumulem poeira.<\/p>\n\n\n\n<p>Outro benef\u00edcio \u00e9 o baixo custo, j\u00e1 que muitas vezes o material vem de entregas, sapatos ou alimentos. Al\u00e9m disso, o papel\u00e3o permite personaliza\u00e7\u00e3o total com papel de presente, tecido, tinta ou papel adesivo, criando um organizador decorativo que combina com o quarto ou o banheiro.<\/p>\n\n\n\n<figure class=\"wp-block-image size-large\"><img loading=\"lazy\" decoding=\"async\" width=\"1024\" height=\"576\" src=\"https:\/\/www.em.com.br\/emfoco\/wp-content\/uploads\/2026\/01\/Gemini_Generated_Image_4yxqty4yxqty4yxq-1-1024x576.png\" alt=\"A forma mais econ\u00f4mica de organizar maquiagem em casa\" class=\"wp-image-158127\" srcset=\"https:\/\/www.em.com.br\/emfoco\/wp-content\/uploads\/2026\/01\/Gemini_Generated_Image_4yxqty4yxqty4yxq-1-1024x576.png 1024w, https:\/\/www.em.com.br\/emfoco\/wp-content\/uploads\/2026\/01\/Gemini_Generated_Image_4yxqty4yxqty4yxq-1-300x169.png 300w, https:\/\/www.em.com.br\/emfoco\/wp-content\/uploads\/2026\/01\/Gemini_Generated_Image_4yxqty4yxqty4yxq-1-768x432.png 768w, https:\/\/www.em.com.br\/emfoco\/wp-content\/uploads\/2026\/01\/Gemini_Generated_Image_4yxqty4yxqty4yxq-1-750x422.png 750w, https:\/\/www.em.com.br\/emfoco\/wp-content\/uploads\/2026\/01\/Gemini_Generated_Image_4yxqty4yxqty4yxq-1-1140x641.png 1140w, https:\/\/www.em.com.br\/emfoco\/wp-content\/uploads\/2026\/01\/Gemini_Generated_Image_4yxqty4yxqty4yxq-1.png 1280w\" sizes=\"auto, (max-width: 1024px) 100vw, 1024px\" \/><figcaption class=\"wp-element-caption\">A forma mais econ\u00f4mica de organizar maquiagem em casa<\/figcaption><\/figure>\n\n\n\n<h2 class=\"wp-block-heading\">Como fazer um organizador de maquiagem com caixas de papel\u00e3o passo a passo<\/h2>\n\n\n\n<p>Para montar um organizador funcional, vale seguir uma sequ\u00eancia simples, come\u00e7ando pela separa\u00e7\u00e3o do material e finalizando com detalhes de acabamento. Assim, mesmo quem n\u00e3o tem habilidade manual consegue montar o pr\u00f3prio organizador em poucas etapas, adaptando o tamanho ao espa\u00e7o dispon\u00edvel.<\/p>\n\n\n\n<ol class=\"wp-block-list\">\n<li><strong>Separar o material b\u00e1sico<\/strong><br>Caixas de papel\u00e3o firmes (de sapato ou de entrega), estilete ou tesoura, r\u00e9gua, l\u00e1pis, cola branca ou cola quente, fita crepe e material de revestimento (papel contact, papel de presente, tecido ou tinta).<\/li>\n\n\n\n<li><strong>Definir o formato do organizador<\/strong><br>Medir o local onde ficar\u00e1 o organizador: gaveta, prateleira ou bancada. Com a r\u00e9gua, marcar a altura desejada nas laterais da caixa principal, garantindo que os produtos fiquem vis\u00edveis e acess\u00edveis.<\/li>\n\n\n\n<li><strong>Cortar a caixa principal<\/strong><br>Com cuidado, usar o estilete ou a tesoura para ajustar a altura da caixa. Essa ser\u00e1 a base do organizador de maquiagem. Manter as laterais retas ajuda na hora de encaixar divis\u00f3rias.<\/li>\n\n\n\n<li><strong>Criar divis\u00f3rias internas<\/strong><br>Utilizar restos de outras caixas para cortar tiras de papel\u00e3o que servir\u00e3o como separadores. As divis\u00f3rias podem ser:<ul><li>Mais altas para pinc\u00e9is e m\u00e1scaras de c\u00edlios;<\/li><li>M\u00e9dias para bases, corretivos e hidratantes;<\/li><li>Baixas para batons, sombras unit\u00e1rias e pequenos frascos.<\/li><\/ul>As tiras podem ser encaixadas em cruz, formando quadrados e ret\u00e2ngulos, ou coladas diretamente nas laterais.<\/li>\n\n\n\n<li><strong>Fixar e refor\u00e7ar a estrutura<\/strong><br>Colar as divis\u00f3rias na base e, se necess\u00e1rio, usar fita crepe para segurar enquanto seca. Refor\u00e7ar os cantos internos e externos ajuda a aumentar a durabilidade do organizador.<\/li>\n\n\n\n<li><strong>Revestir e decorar<\/strong><br>Aplicar o papel ou tecido escolhido sobre toda a estrutura. Em caso de tinta, aguardar a secagem antes de guardar os produtos. Pequenos detalhes, como etiquetas ou fitas, facilitam a identifica\u00e7\u00e3o de cada compartimento.<\/li>\n<\/ol>\n\n\n\n<figure class=\"wp-block-image size-large\"><img loading=\"lazy\" decoding=\"async\" width=\"1024\" height=\"576\" src=\"https:\/\/www.em.com.br\/emfoco\/wp-content\/uploads\/2026\/01\/Gemini_Generated_Image_cxyrojcxyrojcxyr-1-1024x576.png\" alt=\"A forma mais econ\u00f4mica de organizar maquiagem em casa\" class=\"wp-image-158129\" srcset=\"https:\/\/www.em.com.br\/emfoco\/wp-content\/uploads\/2026\/01\/Gemini_Generated_Image_cxyrojcxyrojcxyr-1-1024x576.png 1024w, https:\/\/www.em.com.br\/emfoco\/wp-content\/uploads\/2026\/01\/Gemini_Generated_Image_cxyrojcxyrojcxyr-1-300x169.png 300w, https:\/\/www.em.com.br\/emfoco\/wp-content\/uploads\/2026\/01\/Gemini_Generated_Image_cxyrojcxyrojcxyr-1-768x432.png 768w, https:\/\/www.em.com.br\/emfoco\/wp-content\/uploads\/2026\/01\/Gemini_Generated_Image_cxyrojcxyrojcxyr-1-750x422.png 750w, https:\/\/www.em.com.br\/emfoco\/wp-content\/uploads\/2026\/01\/Gemini_Generated_Image_cxyrojcxyrojcxyr-1-1140x641.png 1140w, https:\/\/www.em.com.br\/emfoco\/wp-content\/uploads\/2026\/01\/Gemini_Generated_Image_cxyrojcxyrojcxyr-1.png 1280w\" sizes=\"auto, (max-width: 1024px) 100vw, 1024px\" \/><figcaption class=\"wp-element-caption\">A forma mais econ\u00f4mica de organizar maquiagem em casa<\/figcaption><\/figure>\n\n\n\n<h2 class=\"wp-block-heading\">Quais compartimentos deixam o organizador de maquiagem mais funcional<\/h2>\n\n\n\n<p>Um organizador de maquiagem feito de papel\u00e3o funciona melhor quando cada categoria de produto tem um espa\u00e7o definido. Isso reduz o tempo de procura, protege embalagens fr\u00e1geis e deixa a <a href=\"https:\/\/br.pinterest.com\/demoraessilverio\/rotina-di%C3%A1ria-semanal\/\" target=\"_blank\" rel=\"noreferrer noopener\">rotina de beleza<\/a> mais r\u00e1pida, pr\u00e1tica e visualmente limpa no dia a dia.<\/p>\n\n\n\n<ul class=\"wp-block-list\">\n<li><strong>Espa\u00e7o para pinc\u00e9is:<\/strong>\u00a0divis\u00f3ria vertical, mais alta, para que as cerdas fiquem para cima e n\u00e3o amassem.<\/li>\n\n\n\n<li><strong>Setor para batons e gloss:<\/strong>\u00a0nichos menores, lado a lado, permitindo visualizar cores e acabamentos.<\/li>\n\n\n\n<li><strong>\u00c1rea para paletas de sombra:<\/strong>\u00a0compartimento mais largo e raso, onde as paletas podem ficar empilhadas ou alinhadas em p\u00e9.<\/li>\n\n\n\n<li><strong>Se\u00e7\u00e3o para pele:<\/strong>\u00a0espa\u00e7o m\u00e9dio para bases, p\u00f3s, blushes e iluminadores, agrupando produtos usados em sequ\u00eancia.<\/li>\n\n\n\n<li><strong>Zona de estoques e refis:<\/strong>\u00a0parte reservada para itens extras, evitando mistura com os produtos de uso di\u00e1rio.<\/li>\n<\/ul>\n\n\n\n<h2 class=\"wp-block-heading\">Quais ideias visuais podem inspirar seu organizador de papel\u00e3o<\/h2>\n\n\n\n<p>Para quem valoriza est\u00e9tica, vale montar uma galeria mental ou digital com combina\u00e7\u00f5es de cores, texturas e formatos. Assim, o organizador deixa de ser apenas funcional e passa a ser tamb\u00e9m um ponto de destaque na decora\u00e7\u00e3o do quarto ou banheiro.<\/p>\n\n\n\n<p>Voc\u00ea pode testar estilos diferentes at\u00e9 encontrar o que mais combina com voc\u00ea, desde algo minimalista at\u00e9 vers\u00f5es mais coloridas e criativas. O importante \u00e9 que o visual ajude a enxergar seus produtos com clareza e torne o uso di\u00e1rio mais prazeroso.<\/p>\n\n\n\n<h2 class=\"wp-block-heading\">Como finalizar o organizador de maquiagem com um passo a passo simples<\/h2>\n\n\n\n<p>Para visualizar o projeto de forma r\u00e1pida, siga um esquema mental que resuma as etapas principais: separar caixas, medir o espa\u00e7o, cortar, criar divis\u00f3rias, colar e decorar. Isso evita travar no meio do processo e torna mais f\u00e1cil ajustar o organizador conforme sua rotina muda ao longo do tempo.<\/p>\n\n\n\n<p>N\u00e3o adie sua organiza\u00e7\u00e3o: separe hoje mesmo suas caixas de papel\u00e3o, escolha um revestimento com a sua cara e comece a montar seu organizador agora. Cada dia que voc\u00ea deixa para depois \u00e9 mais tempo perdido procurando produtos na bagun\u00e7a, ent\u00e3o d\u00ea o primeiro passo j\u00e1 e transforme sua bancada em um espa\u00e7o funcional, bonito e inspirador.<\/p>\n\n\n\n<p><\/p>\n","protected":false},"excerpt":{"rendered":"<p>Organizar maquiagem em casa pode ser bem mais simples do que parece, especialmente quando voc\u00ea reaproveita o que j\u00e1 tem por perto. Com algumas caixas de papel\u00e3o limpas, um pouco de criatividade e poucos materiais, d\u00e1 para montar um organizador pr\u00e1tico, bonito e ajustado ao seu espa\u00e7o, evitando bagun\u00e7a, economizando dinheiro e ainda dando um [&hellip;]<\/p>\n","protected":false},"author":11,"featured_media":130209,"comment_status":"open","ping_status":"open","sticky":false,"template":"","format":"standard","meta":{"jnews-multi-image_gallery":[],"jnews_single_post":{"format":"standard"},"jnews_primary_category":[],"jnews_social_meta":[],"jnews_override_counter":[],"footnotes":""},"categories":[8819,1],"tags":[8654,21014,5439,23107],"class_list":["post-158055","post","type-post","status-publish","format-standard","has-post-thumbnail","hentry","category-curiosidades","category-noticias","tag-aprenda-a-fazer","tag-caixas-de-papelao","tag-criatividade","tag-organizador-de-maquiagem"],"yoast_head":"<!-- This site is optimized with the Yoast SEO plugin v23.8 - https:\/\/yoast.com\/wordpress\/plugins\/seo\/ -->\n<title>Reaproveitar caixas de papel\u00e3o transforma a organiza\u00e7\u00e3o da maquiagem: solu\u00e7\u00e3o simples evita bagun\u00e7a e desperd\u00edcio - Estado de Minas - Em foco<\/title>\n<meta name=\"description\" content=\"Aprenda a fazer um organizador de maquiagem com caixas de papel\u00e3o gastando pouco e aproveitando melhor o espa\u00e7o.\" \/>\n<meta name=\"robots\" content=\"index, follow, max-snippet:-1, max-image-preview:large, max-video-preview:-1\" \/>\n<link rel=\"canonical\" href=\"https:\/\/www.em.com.br\/emfoco\/2026\/01\/27\/reaproveitar-caixas-de-papelao-transforma-a-organizacao-da-maquiagem-solucao-simples-evita-bagunca-e-desperdicio\/\" \/>\n<meta property=\"og:locale\" content=\"pt_BR\" \/>\n<meta property=\"og:type\" content=\"article\" \/>\n<meta property=\"og:title\" content=\"Reaproveitar caixas de papel\u00e3o transforma a organiza\u00e7\u00e3o da maquiagem: solu\u00e7\u00e3o simples evita bagun\u00e7a e desperd\u00edcio - Estado de Minas - Em foco\" \/>\n<meta property=\"og:description\" content=\"Aprenda a fazer um organizador de maquiagem com caixas de papel\u00e3o gastando pouco e aproveitando melhor o espa\u00e7o.\" \/>\n<meta property=\"og:url\" content=\"https:\/\/www.em.com.br\/emfoco\/2026\/01\/27\/reaproveitar-caixas-de-papelao-transforma-a-organizacao-da-maquiagem-solucao-simples-evita-bagunca-e-desperdicio\/\" \/>\n<meta property=\"og:site_name\" content=\"Estado de Minas - Em foco\" \/>\n<meta property=\"article:published_time\" content=\"2026-01-27T17:45:00+00:00\" \/>\n<meta property=\"article:modified_time\" content=\"2026-01-26T21:57:46+00:00\" \/>\n<meta property=\"og:image\" content=\"https:\/\/www.em.com.br\/emfoco\/wp-content\/uploads\/2025\/11\/caixas-de-papelao_1763689051888.jpg\" \/>\n\t<meta property=\"og:image:width\" content=\"1280\" \/>\n\t<meta property=\"og:image:height\" content=\"720\" \/>\n\t<meta property=\"og:image:type\" content=\"image\/jpeg\" \/>\n<meta name=\"author\" content=\"Andre\u0301 Rangel\u00a0\" \/>\n<meta name=\"twitter:card\" content=\"summary_large_image\" \/>\n<meta name=\"twitter:label1\" content=\"Escrito por\" \/>\n\t<meta name=\"twitter:data1\" content=\"Andre\u0301 Rangel\u00a0\" \/>\n\t<meta name=\"twitter:label2\" content=\"Est. tempo de leitura\" \/>\n\t<meta name=\"twitter:data2\" content=\"6 minutos\" \/>\n<!-- \/ Yoast SEO plugin. -->","yoast_head_json":{"title":"Reaproveitar caixas de papel\u00e3o transforma a organiza\u00e7\u00e3o da maquiagem: solu\u00e7\u00e3o simples evita bagun\u00e7a e desperd\u00edcio - Estado de Minas - Em foco","description":"Aprenda a fazer um organizador de maquiagem com caixas de papel\u00e3o gastando pouco e aproveitando melhor o espa\u00e7o.","robots":{"index":"index","follow":"follow","max-snippet":"max-snippet:-1","max-image-preview":"max-image-preview:large","max-video-preview":"max-video-preview:-1"},"canonical":"https:\/\/www.em.com.br\/emfoco\/2026\/01\/27\/reaproveitar-caixas-de-papelao-transforma-a-organizacao-da-maquiagem-solucao-simples-evita-bagunca-e-desperdicio\/","og_locale":"pt_BR","og_type":"article","og_title":"Reaproveitar caixas de papel\u00e3o transforma a organiza\u00e7\u00e3o da maquiagem: solu\u00e7\u00e3o simples evita bagun\u00e7a e desperd\u00edcio - Estado de Minas - Em foco","og_description":"Aprenda a fazer um organizador de maquiagem com caixas de papel\u00e3o gastando pouco e aproveitando melhor o espa\u00e7o.","og_url":"https:\/\/www.em.com.br\/emfoco\/2026\/01\/27\/reaproveitar-caixas-de-papelao-transforma-a-organizacao-da-maquiagem-solucao-simples-evita-bagunca-e-desperdicio\/","og_site_name":"Estado de Minas - Em foco","article_published_time":"2026-01-27T17:45:00+00:00","article_modified_time":"2026-01-26T21:57:46+00:00","og_image":[{"width":1280,"height":720,"url":"https:\/\/www.em.com.br\/emfoco\/wp-content\/uploads\/2025\/11\/caixas-de-papelao_1763689051888.jpg","type":"image\/jpeg"}],"author":"Andre\u0301 Rangel\u00a0","twitter_card":"summary_large_image","twitter_misc":{"Escrito por":"Andre\u0301 Rangel\u00a0","Est. tempo de leitura":"6 minutos"},"schema":{"@context":"https:\/\/schema.org","@graph":[{"@type":"WebPage","@id":"https:\/\/www.em.com.br\/emfoco\/2026\/01\/27\/reaproveitar-caixas-de-papelao-transforma-a-organizacao-da-maquiagem-solucao-simples-evita-bagunca-e-desperdicio\/","url":"https:\/\/www.em.com.br\/emfoco\/2026\/01\/27\/reaproveitar-caixas-de-papelao-transforma-a-organizacao-da-maquiagem-solucao-simples-evita-bagunca-e-desperdicio\/","name":"Reaproveitar caixas de papel\u00e3o transforma a organiza\u00e7\u00e3o da maquiagem: solu\u00e7\u00e3o simples evita bagun\u00e7a e desperd\u00edcio - Estado de Minas - Em foco","isPartOf":{"@id":"https:\/\/www.em.com.br\/emfoco\/#website"},"primaryImageOfPage":{"@id":"https:\/\/www.em.com.br\/emfoco\/2026\/01\/27\/reaproveitar-caixas-de-papelao-transforma-a-organizacao-da-maquiagem-solucao-simples-evita-bagunca-e-desperdicio\/#primaryimage"},"image":{"@id":"https:\/\/www.em.com.br\/emfoco\/2026\/01\/27\/reaproveitar-caixas-de-papelao-transforma-a-organizacao-da-maquiagem-solucao-simples-evita-bagunca-e-desperdicio\/#primaryimage"},"thumbnailUrl":"https:\/\/www.em.com.br\/emfoco\/wp-content\/uploads\/2025\/11\/caixas-de-papelao_1763689051888.jpg","datePublished":"2026-01-27T17:45:00+00:00","dateModified":"2026-01-26T21:57:46+00:00","author":{"@id":"https:\/\/www.em.com.br\/emfoco\/#\/schema\/person\/60eda09c1fedf0d6891f4cef4b60b8b8"},"description":"Aprenda a fazer um organizador de maquiagem com caixas de papel\u00e3o gastando pouco e aproveitando melhor o espa\u00e7o.","breadcrumb":{"@id":"https:\/\/www.em.com.br\/emfoco\/2026\/01\/27\/reaproveitar-caixas-de-papelao-transforma-a-organizacao-da-maquiagem-solucao-simples-evita-bagunca-e-desperdicio\/#breadcrumb"},"inLanguage":"pt-BR","potentialAction":[{"@type":"ReadAction","target":["https:\/\/www.em.com.br\/emfoco\/2026\/01\/27\/reaproveitar-caixas-de-papelao-transforma-a-organizacao-da-maquiagem-solucao-simples-evita-bagunca-e-desperdicio\/"]}]},{"@type":"ImageObject","inLanguage":"pt-BR","@id":"https:\/\/www.em.com.br\/emfoco\/2026\/01\/27\/reaproveitar-caixas-de-papelao-transforma-a-organizacao-da-maquiagem-solucao-simples-evita-bagunca-e-desperdicio\/#primaryimage","url":"https:\/\/www.em.com.br\/emfoco\/wp-content\/uploads\/2025\/11\/caixas-de-papelao_1763689051888.jpg","contentUrl":"https:\/\/www.em.com.br\/emfoco\/wp-content\/uploads\/2025\/11\/caixas-de-papelao_1763689051888.jpg","width":1280,"height":720,"caption":"A forma mais econ\u00f4mica de organizar maquiagem em casa - Cr\u00e9ditos: depositphotos.com \/ AllaSerebrina"},{"@type":"BreadcrumbList","@id":"https:\/\/www.em.com.br\/emfoco\/2026\/01\/27\/reaproveitar-caixas-de-papelao-transforma-a-organizacao-da-maquiagem-solucao-simples-evita-bagunca-e-desperdicio\/#breadcrumb","itemListElement":[{"@type":"ListItem","position":1,"name":"In\u00edcio","item":"https:\/\/www.em.com.br\/emfoco\/"},{"@type":"ListItem","position":2,"name":"Reaproveitar caixas de papel\u00e3o transforma a organiza\u00e7\u00e3o da maquiagem: solu\u00e7\u00e3o simples evita bagun\u00e7a e desperd\u00edcio"}]},{"@type":"WebSite","@id":"https:\/\/www.em.com.br\/emfoco\/#website","url":"https:\/\/www.em.com.br\/emfoco\/","name":"Estado de Minas - Em foco","description":"Acompanhe as \u00faltimas not\u00edcias e fique bem informado sobre tudo o que acontece em Minas Gerais, Brasil e no mundo.","potentialAction":[{"@type":"SearchAction","target":{"@type":"EntryPoint","urlTemplate":"https:\/\/www.em.com.br\/emfoco\/?s={search_term_string}"},"query-input":{"@type":"PropertyValueSpecification","valueRequired":true,"valueName":"search_term_string"}}],"inLanguage":"pt-BR"},{"@type":"Person","@id":"https:\/\/www.em.com.br\/emfoco\/#\/schema\/person\/60eda09c1fedf0d6891f4cef4b60b8b8","name":"Andre\u0301 Rangel\u00a0","image":{"@type":"ImageObject","inLanguage":"pt-BR","@id":"https:\/\/www.em.com.br\/emfoco\/#\/schema\/person\/image\/","url":"https:\/\/secure.gravatar.com\/avatar\/6234dc814c77c8ef6d8bba622c787efc?s=96&d=mm&r=g","contentUrl":"https:\/\/secure.gravatar.com\/avatar\/6234dc814c77c8ef6d8bba622c787efc?s=96&d=mm&r=g","caption":"Andre\u0301 Rangel\u00a0"},"url":"https:\/\/www.em.com.br\/emfoco\/author\/luizmyth\/"}]}},"_links":{"self":[{"href":"https:\/\/www.em.com.br\/emfoco\/wp-json\/wp\/v2\/posts\/158055","targetHints":{"allow":["GET"]}}],"collection":[{"href":"https:\/\/www.em.com.br\/emfoco\/wp-json\/wp\/v2\/posts"}],"about":[{"href":"https:\/\/www.em.com.br\/emfoco\/wp-json\/wp\/v2\/types\/post"}],"author":[{"embeddable":true,"href":"https:\/\/www.em.com.br\/emfoco\/wp-json\/wp\/v2\/users\/11"}],"replies":[{"embeddable":true,"href":"https:\/\/www.em.com.br\/emfoco\/wp-json\/wp\/v2\/comments?post=158055"}],"version-history":[{"count":3,"href":"https:\/\/www.em.com.br\/emfoco\/wp-json\/wp\/v2\/posts\/158055\/revisions"}],"predecessor-version":[{"id":158131,"href":"https:\/\/www.em.com.br\/emfoco\/wp-json\/wp\/v2\/posts\/158055\/revisions\/158131"}],"wp:featuredmedia":[{"embeddable":true,"href":"https:\/\/www.em.com.br\/emfoco\/wp-json\/wp\/v2\/media\/130209"}],"wp:attachment":[{"href":"https:\/\/www.em.com.br\/emfoco\/wp-json\/wp\/v2\/media?parent=158055"}],"wp:term":[{"taxonomy":"category","embeddable":true,"href":"https:\/\/www.em.com.br\/emfoco\/wp-json\/wp\/v2\/categories?post=158055"},{"taxonomy":"post_tag","embeddable":true,"href":"https:\/\/www.em.com.br\/emfoco\/wp-json\/wp\/v2\/tags?post=158055"}],"curies":[{"name":"wp","href":"https:\/\/api.w.org\/{rel}","templated":true}]}}