{"id":158052,"date":"2026-01-27T08:55:00","date_gmt":"2026-01-27T11:55:00","guid":{"rendered":"https:\/\/www.em.com.br\/emfoco\/?p=158052"},"modified":"2026-01-26T18:51:06","modified_gmt":"2026-01-26T21:51:06","slug":"projeto-diy-transforma-potes-de-vidro-em-abajures-modernos-cola-quente-garante-textura-e-estilo","status":"publish","type":"post","link":"https:\/\/www.em.com.br\/emfoco\/2026\/01\/27\/projeto-diy-transforma-potes-de-vidro-em-abajures-modernos-cola-quente-garante-textura-e-estilo\/","title":{"rendered":"Projeto DIY transforma potes de vidro em abajures modernos: cola quente garante textura e estilo"},"content":{"rendered":"\n<p>Montar um abajur artesanal com potes de vidro e cola quente tem conquistado quem quer personalizar a ilumina\u00e7\u00e3o da casa gastando pouco, reaproveitando materiais e criando um ponto de luz decorativo que combina com diferentes ambientes, do quarto \u00e0 sala.<\/p>\n\n\n\n<h2 class=\"wp-block-heading\">O que \u00e9 um abajur artesanal com pote de vidro e cola quente<\/h2>\n\n\n\n<p>O abajur com<a href=\"https:\/\/www.em.com.br\/emfoco\/2026\/01\/19\/transforme-restos-de-velas-em-pecas-decorativas-incriveis-usando-potes-de-vidro-que-iriam-para-o-lixo-e-crie-sua-propria-colecao\/\" target=\"_blank\" rel=\"noreferrer noopener\"> pote de vidro<\/a> \u00e9 uma lumin\u00e1ria feita com frascos reaproveitados, cola quente e um kit el\u00e9trico simples, permitindo criar um objeto funcional e decorativo ao mesmo tempo. A proposta \u00e9 transformar um item comum em pe\u00e7a de destaque, com relevo, texturas e detalhes personalizados.<\/p>\n\n\n\n<p>Com poucos materiais, \u00e9 poss\u00edvel escolher formatos de potes, tipos de relevo e acabamentos, como fitas, cord\u00f5es ou pintura, adaptando o estilo ao restante da decora\u00e7\u00e3o. Al\u00e9m de econ\u00f4mica, essa montagem \u00e9 uma atividade criativa e relaxante, ideal para projetos de fa\u00e7a voc\u00ea mesmo.<\/p>\n\n\n\n<h2 class=\"wp-block-heading\">Quais materiais s\u00e3o necess\u00e1rios para montar o abajur<\/h2>\n\n\n\n<p>Antes de come\u00e7ar, \u00e9 fundamental separar todos os itens para evitar pausas durante o uso da cola quente, que exige aplica\u00e7\u00e3o r\u00e1pida. A escolha do pote influencia diretamente o efeito de luz, j\u00e1 que vidros lisos, texturizados ou coloridos produzem resultados diferentes.<\/p>\n\n\n\n<p>Como o foco est\u00e1 em ensinar a montagem com materiais simples, muitos objetos podem ser reaproveitados, ajudando a reduzir desperd\u00edcios. Abaixo, voc\u00ea encontra uma lista b\u00e1sica que pode ser adaptada conforme o estilo desejado para o abajur.<\/p>\n\n\n\n<ul class=\"wp-block-list\">\n<li><strong>Pote de vidro limpo e seco<\/strong>\u00a0(pote de conserva, garrafa ou vidro de geleia);<\/li>\n\n\n\n<li><strong>Pistola de cola quente<\/strong>\u00a0e bast\u00f5es de cola incolor;<\/li>\n\n\n\n<li><strong>Kit el\u00e9trico para abajur<\/strong>\u00a0(soquete, fio e plugue);<\/li>\n\n\n\n<li><strong>L\u00e2mpada LED<\/strong>\u00a0de baixa pot\u00eancia, preferencialmente amarela;<\/li>\n\n\n\n<li>Tampa de metal ou madeira que encaixe no pote (opcional);<\/li>\n\n\n\n<li>Fita isolante e, se necess\u00e1rio, pequenas arruelas ou porcas para fixa\u00e7\u00e3o;<\/li>\n\n\n\n<li>Elementos decorativos: barbante, sisal, fitas, tinta em spray ou acr\u00edlica.<\/li>\n<\/ul>\n\n\n\n<figure class=\"wp-block-image size-large\"><img loading=\"lazy\" decoding=\"async\" width=\"1024\" height=\"576\" src=\"https:\/\/www.em.com.br\/emfoco\/wp-content\/uploads\/2026\/01\/Gemini_Generated_Image_y6dvfky6dvfky6dv-1-1024x576.png\" alt=\"Abajur artesanal com pote de vidro transforma a ilumina\u00e7\u00e3o da casa\" class=\"wp-image-158118\" srcset=\"https:\/\/www.em.com.br\/emfoco\/wp-content\/uploads\/2026\/01\/Gemini_Generated_Image_y6dvfky6dvfky6dv-1-1024x576.png 1024w, https:\/\/www.em.com.br\/emfoco\/wp-content\/uploads\/2026\/01\/Gemini_Generated_Image_y6dvfky6dvfky6dv-1-300x169.png 300w, https:\/\/www.em.com.br\/emfoco\/wp-content\/uploads\/2026\/01\/Gemini_Generated_Image_y6dvfky6dvfky6dv-1-768x432.png 768w, https:\/\/www.em.com.br\/emfoco\/wp-content\/uploads\/2026\/01\/Gemini_Generated_Image_y6dvfky6dvfky6dv-1-750x422.png 750w, https:\/\/www.em.com.br\/emfoco\/wp-content\/uploads\/2026\/01\/Gemini_Generated_Image_y6dvfky6dvfky6dv-1-1140x641.png 1140w, https:\/\/www.em.com.br\/emfoco\/wp-content\/uploads\/2026\/01\/Gemini_Generated_Image_y6dvfky6dvfky6dv-1.png 1280w\" sizes=\"auto, (max-width: 1024px) 100vw, 1024px\" \/><figcaption class=\"wp-element-caption\">Abajur artesanal com pote de vidro transforma a ilumina\u00e7\u00e3o da casa<\/figcaption><\/figure>\n\n\n\n<h2 class=\"wp-block-heading\">Como fazer o abajur artesanal com pote de vidro passo a passo<\/h2>\n\n\n\n<p>O processo pode ser dividido em etapas simples, da prepara\u00e7\u00e3o do pote \u00e0 instala\u00e7\u00e3o el\u00e9trica, usando a cola quente tanto na montagem quanto na decora\u00e7\u00e3o. Seguir uma sequ\u00eancia organizada ajuda a garantir seguran\u00e7a, melhor acabamento e maior durabilidade.<\/p>\n\n\n\n<ol class=\"wp-block-list\">\n<li><strong>Higieniza\u00e7\u00e3o do pote<\/strong>\n<ul class=\"wp-block-list\">\n<li>Retirar r\u00f3tulos com \u00e1gua morna e detergente.<\/li>\n\n\n\n<li>Remover res\u00edduos de cola com \u00e1lcool ou removedor adequado.<\/li>\n\n\n\n<li>Secar bem por dentro e por fora antes de qualquer aplica\u00e7\u00e3o.<\/li>\n<\/ul>\n<\/li>\n\n\n\n<li><strong>Defini\u00e7\u00e3o do desenho em cola quente<\/strong>\n<ul class=\"wp-block-list\">\n<li>Pensar em padr\u00f5es simples, como listras, ondas, pontos ou mandalas.<\/li>\n\n\n\n<li>Fazer um esbo\u00e7o com caneta marcadora, se necess\u00e1rio, pelo lado de fora.<\/li>\n\n\n\n<li>Ligar a pistola de cola quente e aguardar o aquecimento completo.<\/li>\n<\/ul>\n<\/li>\n\n\n\n<li><strong>Aplica\u00e7\u00e3o da cola quente no vidro<\/strong>\n<ul class=\"wp-block-list\">\n<li>Tra\u00e7ar linhas ou formas no vidro, mantendo a m\u00e3o firme.<\/li>\n\n\n\n<li>Trabalhar por partes para n\u00e3o encostar nas \u00e1reas ainda quentes.<\/li>\n\n\n\n<li>Deixar a pe\u00e7a descansar at\u00e9 a cola endurecer totalmente.<\/li>\n<\/ul>\n<\/li>\n\n\n\n<li><strong>Op\u00e7\u00e3o de pintura<\/strong>\n<ul class=\"wp-block-list\">\n<li>Se desejar, aplicar tinta em spray fosca ou met\u00e1lica sobre o relevo.<\/li>\n\n\n\n<li>Proteger o interior do pote com papel, caso queira mant\u00ea-lo transparente.<\/li>\n\n\n\n<li>Aguardar a secagem indicada pelo fabricante da tinta.<\/li>\n<\/ul>\n<\/li>\n\n\n\n<li><strong>Montagem da parte el\u00e9trica<\/strong>\n<ul class=\"wp-block-list\">\n<li>Fixar o soquete na tampa do pote, fazendo um furo central, se necess\u00e1rio.<\/li>\n\n\n\n<li>Passar o fio pelo furo e prender com arruelas ou porcas, quando indicado.<\/li>\n\n\n\n<li>Isolar emendas com fita isolante, seguindo as instru\u00e7\u00f5es do kit el\u00e9trico.<\/li>\n\n\n\n<li>Rosquear a l\u00e2mpada LED no soquete e testar a liga\u00e7\u00e3o em uma tomada segura.<\/li>\n<\/ul>\n<\/li>\n\n\n\n<li><strong>Acabamento final<\/strong>\n<ul class=\"wp-block-list\">\n<li>Envolver a boca do pote com barbante, sisal ou fita para esconder ajustes.<\/li>\n\n\n\n<li>Adicionar pequenos detalhes, como pingentes ou etiquetas decorativas.<\/li>\n\n\n\n<li>Posicionar o abajur em uma superf\u00edcie est\u00e1vel, longe de fontes de calor.<\/li>\n<\/ul>\n<\/li>\n<\/ol>\n\n\n\n<figure class=\"wp-block-image size-large\"><img loading=\"lazy\" decoding=\"async\" width=\"1024\" height=\"576\" src=\"https:\/\/www.em.com.br\/emfoco\/wp-content\/uploads\/2026\/01\/Gemini_Generated_Image_mep7bfmep7bfmep7-1-1024x576.png\" alt=\"Abajur artesanal com pote de vidro transforma a ilumina\u00e7\u00e3o da casa\" class=\"wp-image-158121\" srcset=\"https:\/\/www.em.com.br\/emfoco\/wp-content\/uploads\/2026\/01\/Gemini_Generated_Image_mep7bfmep7bfmep7-1-1024x576.png 1024w, https:\/\/www.em.com.br\/emfoco\/wp-content\/uploads\/2026\/01\/Gemini_Generated_Image_mep7bfmep7bfmep7-1-300x169.png 300w, https:\/\/www.em.com.br\/emfoco\/wp-content\/uploads\/2026\/01\/Gemini_Generated_Image_mep7bfmep7bfmep7-1-768x432.png 768w, https:\/\/www.em.com.br\/emfoco\/wp-content\/uploads\/2026\/01\/Gemini_Generated_Image_mep7bfmep7bfmep7-1-750x422.png 750w, https:\/\/www.em.com.br\/emfoco\/wp-content\/uploads\/2026\/01\/Gemini_Generated_Image_mep7bfmep7bfmep7-1-1140x641.png 1140w, https:\/\/www.em.com.br\/emfoco\/wp-content\/uploads\/2026\/01\/Gemini_Generated_Image_mep7bfmep7bfmep7-1.png 1280w\" sizes=\"auto, (max-width: 1024px) 100vw, 1024px\" \/><figcaption class=\"wp-element-caption\">Abajur artesanal com pote de vidro transforma a ilumina\u00e7\u00e3o da casa<\/figcaption><\/figure>\n\n\n\n<h2 class=\"wp-block-heading\">Quais cuidados de seguran\u00e7a e ideias criativas valem a pena considerar<\/h2>\n\n\n\n<p>Alguns cuidados aumentam a seguran\u00e7a e a durabilidade do abajur com pote de vidro, como usar sempre<a href=\"https:\/\/br.pinterest.com\/iarapraude\/ilumina%C3%A7%C3%A3o-com-led\/\" target=\"_blank\" rel=\"noreferrer noopener\"> l\u00e2mpadas LED de baixa pot\u00eancia<\/a> para reduzir o aquecimento e preservar a cola. Tamb\u00e9m \u00e9 essencial manter a fia\u00e7\u00e3o bem isolada, longe de partes cortantes e umidade.<\/p>\n\n\n\n<p>No aspecto est\u00e9tico, voc\u00ea pode criar vers\u00f5es r\u00fasticas, minimalistas ou bem coloridas, variando desenhos em relevo, tintas e enfeites. Montar dois ou tr\u00eas abajures com alturas diferentes cria um conjunto de pontos de luz aconchegantes para leitura leve, descanso ou uso noturno.<\/p>\n\n\n\n<h2 class=\"wp-block-heading\">Por que come\u00e7ar agora o seu abajur artesanal com pote de vidro<\/h2>\n\n\n\n<p>Com planejamento simples, aten\u00e7\u00e3o \u00e0 parte el\u00e9trica e um pouco de criatividade, o abajur artesanal com pote de vidro transforma materiais comuns em uma pe\u00e7a \u00fanica, sustent\u00e1vel e cheia de personalidade. Cada relevo de cola quente e cada detalhe decorativo conta uma hist\u00f3ria sua dentro da casa.<\/p>\n\n\n\n<p>N\u00e3o espere ter \u201ctempo sobrando\u201d: separe um pote de vidro hoje, junte os materiais b\u00e1sicos e comece j\u00e1 o seu primeiro abajur. Quanto antes voc\u00ea colocar a m\u00e3o na massa, mais r\u00e1pido vai ver a sua casa ganhar uma ilumina\u00e7\u00e3o afetiva, original e feita por voc\u00ea.<\/p>\n\n\n\n<p><\/p>\n","protected":false},"excerpt":{"rendered":"<p>Montar um abajur artesanal com potes de vidro e cola quente tem conquistado quem quer personalizar a ilumina\u00e7\u00e3o da casa gastando pouco, reaproveitando materiais e criando um ponto de luz decorativo que combina com diferentes ambientes, do quarto \u00e0 sala. O que \u00e9 um abajur artesanal com pote de vidro e cola quente O abajur [&hellip;]<\/p>\n","protected":false},"author":11,"featured_media":158119,"comment_status":"open","ping_status":"open","sticky":false,"template":"","format":"standard","meta":{"jnews-multi-image_gallery":[],"jnews_single_post":{"format":"standard"},"jnews_primary_category":[],"jnews_social_meta":[],"jnews_override_counter":[],"footnotes":""},"categories":[8819,1],"tags":[23098,8654,4687,20615],"class_list":["post-158052","post","type-post","status-publish","format-standard","has-post-thumbnail","hentry","category-curiosidades","category-noticias","tag-abajur-artesanal","tag-aprenda-a-fazer","tag-decoracao","tag-pote-de-vidro"],"yoast_head":"<!-- This site is optimized with the Yoast SEO plugin v23.8 - https:\/\/yoast.com\/wordpress\/plugins\/seo\/ -->\n<title>Projeto DIY transforma potes de vidro em abajures modernos: cola quente garante textura e estilo - Estado de Minas - Em foco<\/title>\n<meta name=\"description\" content=\"Aprenda a fazer um abajur artesanal com pote de vidro e cola quente gastando pouco e criando um ponto de luz aconchegante.\" \/>\n<meta name=\"robots\" content=\"index, follow, max-snippet:-1, max-image-preview:large, max-video-preview:-1\" \/>\n<link rel=\"canonical\" href=\"https:\/\/www.em.com.br\/emfoco\/2026\/01\/27\/projeto-diy-transforma-potes-de-vidro-em-abajures-modernos-cola-quente-garante-textura-e-estilo\/\" \/>\n<meta property=\"og:locale\" content=\"pt_BR\" \/>\n<meta property=\"og:type\" content=\"article\" \/>\n<meta property=\"og:title\" content=\"Projeto DIY transforma potes de vidro em abajures modernos: cola quente garante textura e estilo - Estado de Minas - Em foco\" \/>\n<meta property=\"og:description\" content=\"Aprenda a fazer um abajur artesanal com pote de vidro e cola quente gastando pouco e criando um ponto de luz aconchegante.\" \/>\n<meta property=\"og:url\" content=\"https:\/\/www.em.com.br\/emfoco\/2026\/01\/27\/projeto-diy-transforma-potes-de-vidro-em-abajures-modernos-cola-quente-garante-textura-e-estilo\/\" \/>\n<meta property=\"og:site_name\" content=\"Estado de Minas - Em foco\" \/>\n<meta property=\"article:published_time\" content=\"2026-01-27T11:55:00+00:00\" \/>\n<meta property=\"article:modified_time\" content=\"2026-01-26T21:51:06+00:00\" \/>\n<meta property=\"og:image\" content=\"https:\/\/www.em.com.br\/emfoco\/wp-content\/uploads\/2026\/01\/Gemini_Generated_Image_13qayv13qayv13qa-1.png\" \/>\n\t<meta property=\"og:image:width\" content=\"1280\" \/>\n\t<meta property=\"og:image:height\" content=\"720\" \/>\n\t<meta property=\"og:image:type\" content=\"image\/png\" \/>\n<meta name=\"author\" content=\"Andre\u0301 Rangel\u00a0\" \/>\n<meta name=\"twitter:card\" content=\"summary_large_image\" \/>\n<meta name=\"twitter:label1\" content=\"Escrito por\" \/>\n\t<meta name=\"twitter:data1\" content=\"Andre\u0301 Rangel\u00a0\" \/>\n\t<meta name=\"twitter:label2\" content=\"Est. tempo de leitura\" \/>\n\t<meta name=\"twitter:data2\" content=\"6 minutos\" \/>\n<!-- \/ Yoast SEO plugin. -->","yoast_head_json":{"title":"Projeto DIY transforma potes de vidro em abajures modernos: cola quente garante textura e estilo - Estado de Minas - Em foco","description":"Aprenda a fazer um abajur artesanal com pote de vidro e cola quente gastando pouco e criando um ponto de luz aconchegante.","robots":{"index":"index","follow":"follow","max-snippet":"max-snippet:-1","max-image-preview":"max-image-preview:large","max-video-preview":"max-video-preview:-1"},"canonical":"https:\/\/www.em.com.br\/emfoco\/2026\/01\/27\/projeto-diy-transforma-potes-de-vidro-em-abajures-modernos-cola-quente-garante-textura-e-estilo\/","og_locale":"pt_BR","og_type":"article","og_title":"Projeto DIY transforma potes de vidro em abajures modernos: cola quente garante textura e estilo - Estado de Minas - Em foco","og_description":"Aprenda a fazer um abajur artesanal com pote de vidro e cola quente gastando pouco e criando um ponto de luz aconchegante.","og_url":"https:\/\/www.em.com.br\/emfoco\/2026\/01\/27\/projeto-diy-transforma-potes-de-vidro-em-abajures-modernos-cola-quente-garante-textura-e-estilo\/","og_site_name":"Estado de Minas - Em foco","article_published_time":"2026-01-27T11:55:00+00:00","article_modified_time":"2026-01-26T21:51:06+00:00","og_image":[{"width":1280,"height":720,"url":"https:\/\/www.em.com.br\/emfoco\/wp-content\/uploads\/2026\/01\/Gemini_Generated_Image_13qayv13qayv13qa-1.png","type":"image\/png"}],"author":"Andre\u0301 Rangel\u00a0","twitter_card":"summary_large_image","twitter_misc":{"Escrito por":"Andre\u0301 Rangel\u00a0","Est. tempo de leitura":"6 minutos"},"schema":{"@context":"https:\/\/schema.org","@graph":[{"@type":"WebPage","@id":"https:\/\/www.em.com.br\/emfoco\/2026\/01\/27\/projeto-diy-transforma-potes-de-vidro-em-abajures-modernos-cola-quente-garante-textura-e-estilo\/","url":"https:\/\/www.em.com.br\/emfoco\/2026\/01\/27\/projeto-diy-transforma-potes-de-vidro-em-abajures-modernos-cola-quente-garante-textura-e-estilo\/","name":"Projeto DIY transforma potes de vidro em abajures modernos: cola quente garante textura e estilo - Estado de Minas - Em foco","isPartOf":{"@id":"https:\/\/www.em.com.br\/emfoco\/#website"},"primaryImageOfPage":{"@id":"https:\/\/www.em.com.br\/emfoco\/2026\/01\/27\/projeto-diy-transforma-potes-de-vidro-em-abajures-modernos-cola-quente-garante-textura-e-estilo\/#primaryimage"},"image":{"@id":"https:\/\/www.em.com.br\/emfoco\/2026\/01\/27\/projeto-diy-transforma-potes-de-vidro-em-abajures-modernos-cola-quente-garante-textura-e-estilo\/#primaryimage"},"thumbnailUrl":"https:\/\/www.em.com.br\/emfoco\/wp-content\/uploads\/2026\/01\/Gemini_Generated_Image_13qayv13qayv13qa-1.png","datePublished":"2026-01-27T11:55:00+00:00","dateModified":"2026-01-26T21:51:06+00:00","author":{"@id":"https:\/\/www.em.com.br\/emfoco\/#\/schema\/person\/60eda09c1fedf0d6891f4cef4b60b8b8"},"description":"Aprenda a fazer um abajur artesanal com pote de vidro e cola quente gastando pouco e criando um ponto de luz aconchegante.","breadcrumb":{"@id":"https:\/\/www.em.com.br\/emfoco\/2026\/01\/27\/projeto-diy-transforma-potes-de-vidro-em-abajures-modernos-cola-quente-garante-textura-e-estilo\/#breadcrumb"},"inLanguage":"pt-BR","potentialAction":[{"@type":"ReadAction","target":["https:\/\/www.em.com.br\/emfoco\/2026\/01\/27\/projeto-diy-transforma-potes-de-vidro-em-abajures-modernos-cola-quente-garante-textura-e-estilo\/"]}]},{"@type":"ImageObject","inLanguage":"pt-BR","@id":"https:\/\/www.em.com.br\/emfoco\/2026\/01\/27\/projeto-diy-transforma-potes-de-vidro-em-abajures-modernos-cola-quente-garante-textura-e-estilo\/#primaryimage","url":"https:\/\/www.em.com.br\/emfoco\/wp-content\/uploads\/2026\/01\/Gemini_Generated_Image_13qayv13qayv13qa-1.png","contentUrl":"https:\/\/www.em.com.br\/emfoco\/wp-content\/uploads\/2026\/01\/Gemini_Generated_Image_13qayv13qayv13qa-1.png","width":1280,"height":720,"caption":"Abajur artesanal com pote de vidro transforma a ilumina\u00e7\u00e3o da casa"},{"@type":"BreadcrumbList","@id":"https:\/\/www.em.com.br\/emfoco\/2026\/01\/27\/projeto-diy-transforma-potes-de-vidro-em-abajures-modernos-cola-quente-garante-textura-e-estilo\/#breadcrumb","itemListElement":[{"@type":"ListItem","position":1,"name":"In\u00edcio","item":"https:\/\/www.em.com.br\/emfoco\/"},{"@type":"ListItem","position":2,"name":"Projeto DIY transforma potes de vidro em abajures modernos: cola quente garante textura e estilo"}]},{"@type":"WebSite","@id":"https:\/\/www.em.com.br\/emfoco\/#website","url":"https:\/\/www.em.com.br\/emfoco\/","name":"Estado de Minas - Em foco","description":"Acompanhe as \u00faltimas not\u00edcias e fique bem informado sobre tudo o que acontece em Minas Gerais, Brasil e no mundo.","potentialAction":[{"@type":"SearchAction","target":{"@type":"EntryPoint","urlTemplate":"https:\/\/www.em.com.br\/emfoco\/?s={search_term_string}"},"query-input":{"@type":"PropertyValueSpecification","valueRequired":true,"valueName":"search_term_string"}}],"inLanguage":"pt-BR"},{"@type":"Person","@id":"https:\/\/www.em.com.br\/emfoco\/#\/schema\/person\/60eda09c1fedf0d6891f4cef4b60b8b8","name":"Andre\u0301 Rangel\u00a0","image":{"@type":"ImageObject","inLanguage":"pt-BR","@id":"https:\/\/www.em.com.br\/emfoco\/#\/schema\/person\/image\/","url":"https:\/\/secure.gravatar.com\/avatar\/6234dc814c77c8ef6d8bba622c787efc?s=96&d=mm&r=g","contentUrl":"https:\/\/secure.gravatar.com\/avatar\/6234dc814c77c8ef6d8bba622c787efc?s=96&d=mm&r=g","caption":"Andre\u0301 Rangel\u00a0"},"url":"https:\/\/www.em.com.br\/emfoco\/author\/luizmyth\/"}]}},"_links":{"self":[{"href":"https:\/\/www.em.com.br\/emfoco\/wp-json\/wp\/v2\/posts\/158052","targetHints":{"allow":["GET"]}}],"collection":[{"href":"https:\/\/www.em.com.br\/emfoco\/wp-json\/wp\/v2\/posts"}],"about":[{"href":"https:\/\/www.em.com.br\/emfoco\/wp-json\/wp\/v2\/types\/post"}],"author":[{"embeddable":true,"href":"https:\/\/www.em.com.br\/emfoco\/wp-json\/wp\/v2\/users\/11"}],"replies":[{"embeddable":true,"href":"https:\/\/www.em.com.br\/emfoco\/wp-json\/wp\/v2\/comments?post=158052"}],"version-history":[{"count":4,"href":"https:\/\/www.em.com.br\/emfoco\/wp-json\/wp\/v2\/posts\/158052\/revisions"}],"predecessor-version":[{"id":158136,"href":"https:\/\/www.em.com.br\/emfoco\/wp-json\/wp\/v2\/posts\/158052\/revisions\/158136"}],"wp:featuredmedia":[{"embeddable":true,"href":"https:\/\/www.em.com.br\/emfoco\/wp-json\/wp\/v2\/media\/158119"}],"wp:attachment":[{"href":"https:\/\/www.em.com.br\/emfoco\/wp-json\/wp\/v2\/media?parent=158052"}],"wp:term":[{"taxonomy":"category","embeddable":true,"href":"https:\/\/www.em.com.br\/emfoco\/wp-json\/wp\/v2\/categories?post=158052"},{"taxonomy":"post_tag","embeddable":true,"href":"https:\/\/www.em.com.br\/emfoco\/wp-json\/wp\/v2\/tags?post=158052"}],"curies":[{"name":"wp","href":"https:\/\/api.w.org\/{rel}","templated":true}]}}