{"id":158049,"date":"2026-01-23T14:45:00","date_gmt":"2026-01-23T17:45:00","guid":{"rendered":"https:\/\/www.em.com.br\/emfoco\/?p=158049"},"modified":"2026-01-22T19:56:27","modified_gmt":"2026-01-22T22:56:27","slug":"suporte-de-plantas-feito-em-casa-vira-tendencia-jardim-vertical-com-cordas-e-madeira-reaproveitada","status":"publish","type":"post","link":"https:\/\/www.em.com.br\/emfoco\/2026\/01\/23\/suporte-de-plantas-feito-em-casa-vira-tendencia-jardim-vertical-com-cordas-e-madeira-reaproveitada\/","title":{"rendered":"Suporte de plantas feito em casa vira tend\u00eancia: jardim vertical com cordas e madeira reaproveitada"},"content":{"rendered":"\n<p>Transformar um canto sem gra\u00e7a da casa em um espa\u00e7o verde pode ser mais simples do que parece. Com algumas cordas, peda\u00e7os de madeira reaproveitada e um pouco de organiza\u00e7\u00e3o, d\u00e1 para montar um suporte de plantas funcional, bonito e com cara de decora\u00e7\u00e3o atual, sem depender de m\u00f3veis prontos ou gastar muito.<\/p>\n\n\n\n<h2 class=\"wp-block-heading\">Por que montar um suporte de plantas com cordas e madeira reaproveitada<\/h2>\n\n\n\n<p>Ao utilizar madeira reaproveitada e cordas simples, o custo do suporte tende a ser bem menor do que o de um m\u00f3vel novo. Al\u00e9m da economia, esse tipo de projeto permite personalizar altura, largura e quantidade de prateleiras, adaptando tudo ao espa\u00e7o e ao estilo do ambiente.<\/p>\n\n\n\n<p>Outro ponto importante \u00e9 a redu\u00e7\u00e3o de desperd\u00edcio, j\u00e1 que materiais que iriam para o lixo ganham uma nova fun\u00e7\u00e3o. O uso de cordas traz leveza visual, criando a sensa\u00e7\u00e3o de prateleiras \u201cflutuando\u201d, enquanto a madeira garante firmeza e estabilidade para vasos de diferentes tamanhos.<\/p>\n\n\n\n<figure class=\"wp-block-image size-large\"><img loading=\"lazy\" decoding=\"async\" width=\"1024\" height=\"576\" src=\"https:\/\/www.em.com.br\/emfoco\/wp-content\/uploads\/2026\/01\/Gemini_Generated_Image_750y1l750y1l750y-1-1-1024x576.png\" alt=\"Suporte de plantas com cordas transforma qualquer canto da casa\" class=\"wp-image-158114\" srcset=\"https:\/\/www.em.com.br\/emfoco\/wp-content\/uploads\/2026\/01\/Gemini_Generated_Image_750y1l750y1l750y-1-1-1024x576.png 1024w, https:\/\/www.em.com.br\/emfoco\/wp-content\/uploads\/2026\/01\/Gemini_Generated_Image_750y1l750y1l750y-1-1-300x169.png 300w, https:\/\/www.em.com.br\/emfoco\/wp-content\/uploads\/2026\/01\/Gemini_Generated_Image_750y1l750y1l750y-1-1-768x432.png 768w, https:\/\/www.em.com.br\/emfoco\/wp-content\/uploads\/2026\/01\/Gemini_Generated_Image_750y1l750y1l750y-1-1-750x422.png 750w, https:\/\/www.em.com.br\/emfoco\/wp-content\/uploads\/2026\/01\/Gemini_Generated_Image_750y1l750y1l750y-1-1-1140x641.png 1140w, https:\/\/www.em.com.br\/emfoco\/wp-content\/uploads\/2026\/01\/Gemini_Generated_Image_750y1l750y1l750y-1-1.png 1280w\" sizes=\"auto, (max-width: 1024px) 100vw, 1024px\" \/><figcaption class=\"wp-element-caption\">Suporte de plantas com cordas transforma qualquer canto da casa<\/figcaption><\/figure>\n\n\n\n<h2 class=\"wp-block-heading\">Como aproveitar a estrutura em diferentes espa\u00e7os da casa<\/h2>\n\n\n\n<p>Em casas alugadas ou ambientes pequenos, o <a href=\"https:\/\/www.em.com.br\/emfoco\/2026\/01\/20\/crie-um-lindo-suporte-para-vaso-de-plantas-usando-sobras-ou-pedacos-de-madeira\/\" target=\"_blank\" rel=\"noreferrer noopener\">suporte de plantas<\/a> pode ser instalado em paredes, perto de janelas ou suspenso no teto, aproveitando ao m\u00e1ximo a \u00e1rea vertical. Assim, o ch\u00e3o fica livre, o visual mais leve e o verde ganha destaque sem atrapalhar a circula\u00e7\u00e3o.<\/p>\n\n\n\n<p>Esse tipo de suporte funciona bem em salas, varandas, cozinhas e at\u00e9 home offices, desde que a luz e a ventila\u00e7\u00e3o sejam adequadas \u00e0s esp\u00e9cies escolhidas. Para organizar melhor o uso em cada ambiente, vale considerar alguns pontos pr\u00e1ticos na hora de planejar o projeto:<\/p>\n\n\n\n<ul class=\"wp-block-list\">\n<li>Verificar incid\u00eancia de luz natural e ventila\u00e7\u00e3o do local.<\/li>\n\n\n\n<li>Avaliar o peso dos vasos e o tipo de planta para cada prateleira.<\/li>\n\n\n\n<li>Definir se a fixa\u00e7\u00e3o ser\u00e1 em parede ou teto, conforme a estrutura.<\/li>\n\n\n\n<li>Harmonizar o estilo da madeira e da corda com a decora\u00e7\u00e3o existente.<\/li>\n<\/ul>\n\n\n\n<figure class=\"wp-block-image size-large\"><img loading=\"lazy\" decoding=\"async\" width=\"1024\" height=\"558\" src=\"https:\/\/www.em.com.br\/emfoco\/wp-content\/uploads\/2026\/01\/Gemini_Generated_Image_750y1l750y1l750y-3-1024x558.png\" alt=\"Suporte de plantas com cordas transforma qualquer canto da casa\" class=\"wp-image-158113\" srcset=\"https:\/\/www.em.com.br\/emfoco\/wp-content\/uploads\/2026\/01\/Gemini_Generated_Image_750y1l750y1l750y-3-1024x558.png 1024w, https:\/\/www.em.com.br\/emfoco\/wp-content\/uploads\/2026\/01\/Gemini_Generated_Image_750y1l750y1l750y-3-300x164.png 300w, https:\/\/www.em.com.br\/emfoco\/wp-content\/uploads\/2026\/01\/Gemini_Generated_Image_750y1l750y1l750y-3-768x419.png 768w, https:\/\/www.em.com.br\/emfoco\/wp-content\/uploads\/2026\/01\/Gemini_Generated_Image_750y1l750y1l750y-3-750x409.png 750w, https:\/\/www.em.com.br\/emfoco\/wp-content\/uploads\/2026\/01\/Gemini_Generated_Image_750y1l750y1l750y-3-1140x622.png 1140w, https:\/\/www.em.com.br\/emfoco\/wp-content\/uploads\/2026\/01\/Gemini_Generated_Image_750y1l750y1l750y-3.png 1280w\" sizes=\"auto, (max-width: 1024px) 100vw, 1024px\" \/><figcaption class=\"wp-element-caption\">Suporte de plantas com cordas transforma qualquer canto da casa<\/figcaption><\/figure>\n\n\n\n<h2 class=\"wp-block-heading\">Como montar o suporte de plantas passo a passo<\/h2>\n\n\n\n<p>O processo de montagem pode ser organizado em etapas simples, desde o planejamento das medidas at\u00e9 a fixa\u00e7\u00e3o final. Antes de come\u00e7ar, me\u00e7a o espa\u00e7o dispon\u00edvel, defina quantos n\u00edveis o suporte ter\u00e1 e escolha t\u00e1buas em bom estado, capazes de sustentar o peso dos vasos.<\/p>\n\n\n\n<p>Depois de separar os materiais, siga uma sequ\u00eancia l\u00f3gica para garantir seguran\u00e7a e bom acabamento:<\/p>\n\n\n\n<ol class=\"wp-block-list\">\n<li><strong>Separar os materiais<\/strong>: escolher t\u00e1buas retas (de m\u00f3veis antigos, pallets ou sobras de obra), cordas resistentes, buchas, ganchos ou suportes de parede, al\u00e9m de lixa e, se poss\u00edvel, verniz ou seladora.<\/li>\n\n\n\n<li><strong>Preparar a madeira<\/strong>: lixar as superf\u00edcies para remover farpas e imperfei\u00e7\u00f5es. Se desejar prolongar a durabilidade, aplicar uma camada de seladora ou verniz, principalmente em \u00e1reas \u00famidas.<\/li>\n\n\n\n<li><strong>Marcar os pontos dos furos<\/strong>: definir onde as cordas v\u00e3o passar, normalmente quatro furos em cada t\u00e1bua, pr\u00f3ximos aos cantos, para distribuir bem o peso.<\/li>\n\n\n\n<li><strong>Furar as t\u00e1buas<\/strong>: abrir os furos nas marca\u00e7\u00f5es com a ferramenta adequada, garantindo que o di\u00e2metro seja suficiente para a passagem da corda.<\/li>\n\n\n\n<li><strong>Cortar e passar as cordas<\/strong>: medir a altura desejada do suporte e cortar as cordas em quatro tiras. Passar cada tira pelos furos, ajustando a posi\u00e7\u00e3o das prateleiras com n\u00f3s firmes abaixo de cada n\u00edvel.<\/li>\n\n\n\n<li><strong>Fixar no teto ou na parede<\/strong>: instalar ganchos ou suportes com buchas adequadas ao tipo de superf\u00edcie. Prender as cordas, conferindo se o conjunto est\u00e1 nivelado e est\u00e1vel.<\/li>\n\n\n\n<li><strong>Organizar as plantas<\/strong>: distribuir os vasos conforme o peso e a necessidade de luz, deixando os mais pesados nas prateleiras inferiores.<\/li>\n<\/ol>\n\n\n\n<figure class=\"wp-block-image size-large\"><img loading=\"lazy\" decoding=\"async\" width=\"1024\" height=\"576\" src=\"https:\/\/www.em.com.br\/emfoco\/wp-content\/uploads\/2026\/01\/Gemini_Generated_Image_ko43leko43leko43-1-1024x576.png\" alt=\"Suporte de plantas com cordas transforma qualquer canto da casa\" class=\"wp-image-158102\" srcset=\"https:\/\/www.em.com.br\/emfoco\/wp-content\/uploads\/2026\/01\/Gemini_Generated_Image_ko43leko43leko43-1-1024x576.png 1024w, https:\/\/www.em.com.br\/emfoco\/wp-content\/uploads\/2026\/01\/Gemini_Generated_Image_ko43leko43leko43-1-300x169.png 300w, https:\/\/www.em.com.br\/emfoco\/wp-content\/uploads\/2026\/01\/Gemini_Generated_Image_ko43leko43leko43-1-768x432.png 768w, https:\/\/www.em.com.br\/emfoco\/wp-content\/uploads\/2026\/01\/Gemini_Generated_Image_ko43leko43leko43-1-750x422.png 750w, https:\/\/www.em.com.br\/emfoco\/wp-content\/uploads\/2026\/01\/Gemini_Generated_Image_ko43leko43leko43-1-1140x641.png 1140w, https:\/\/www.em.com.br\/emfoco\/wp-content\/uploads\/2026\/01\/Gemini_Generated_Image_ko43leko43leko43-1.png 1280w\" sizes=\"auto, (max-width: 1024px) 100vw, 1024px\" \/><figcaption class=\"wp-element-caption\">Suporte de plantas com cordas transforma qualquer canto da casa<\/figcaption><\/figure>\n\n\n\n<h2 class=\"wp-block-heading\">Quanta economia esse tipo de projeto pode gerar na pr\u00e1tica<\/h2>\n\n\n\n<p>O impacto financeiro aparece tanto no <a href=\"https:\/\/antigo.mma.gov.br\/informma\/item\/7656-reciclagem.html\" target=\"_blank\" rel=\"noreferrer noopener\">reaproveitamento de materiais<\/a> quanto na dispensa da compra de um m\u00f3vel novo. Quando a madeira vem de pe\u00e7as antigas e as cordas s\u00e3o acess\u00edveis, o investimento se concentra em itens de fixa\u00e7\u00e3o e pequenos acabamentos, reduzindo bastante o custo final.<\/p>\n\n\n\n<p>Em muitos casos, o suporte de plantas chega a custar apenas uma fra\u00e7\u00e3o do valor de estruturas prontas vendidas no varejo. Al\u00e9m disso, materiais como cordas, buchas e ganchos podem ser reaproveitados em outros projetos, tornando o gasto ainda mais vantajoso ao longo do tempo.<\/p>\n\n\n\n<h2 class=\"wp-block-heading\">Como garantir um resultado dur\u00e1vel e transformar seu espa\u00e7o hoje<\/h2>\n\n\n\n<p>Para manter o suporte seguro e bonito por mais tempo, \u00e9 essencial verificar a resist\u00eancia da parede ou do teto, distribuir bem o peso dos vasos e inspecionar periodicamente cordas, n\u00f3s e t\u00e1buas. Se alguma pe\u00e7a apresentar desgaste, \u00e9 poss\u00edvel troc\u00e1-la sem refazer toda a estrutura, mantendo o projeto sempre em dia.<\/p>\n\n\n\n<p>N\u00e3o espere o \u201cmomento perfeito\u201d para come\u00e7ar: escolha as madeiras que voc\u00ea j\u00e1 tem, separe as cordas e planeje hoje mesmo o seu jardim suspenso. Cada detalhe desse suporte \u00e9 uma oportunidade de economizar, reaproveitar materiais e encher a casa de verde com personalidade\u2014comece agora e veja seu canto sem gra\u00e7a virar o ponto mais vivo da casa.<\/p>\n","protected":false},"excerpt":{"rendered":"<p>Transformar um canto sem gra\u00e7a da casa em um espa\u00e7o verde pode ser mais simples do que parece. Com algumas cordas, peda\u00e7os de madeira reaproveitada e um pouco de organiza\u00e7\u00e3o, d\u00e1 para montar um suporte de plantas funcional, bonito e com cara de decora\u00e7\u00e3o atual, sem depender de m\u00f3veis prontos ou gastar muito. Por que [&hellip;]<\/p>\n","protected":false},"author":11,"featured_media":158115,"comment_status":"open","ping_status":"open","sticky":false,"template":"","format":"standard","meta":{"jnews-multi-image_gallery":[],"jnews_single_post":{"format":"standard"},"jnews_primary_category":[],"jnews_social_meta":[],"jnews_override_counter":[],"footnotes":""},"categories":[8819,1],"tags":[23096,4687,17223,23097],"class_list":["post-158049","post","type-post","status-publish","format-standard","has-post-thumbnail","hentry","category-curiosidades","category-noticias","tag-cordas","tag-decoracao","tag-madeira","tag-suporte-de-plantas"],"yoast_head":"<!-- This site is optimized with the Yoast SEO plugin v23.8 - https:\/\/yoast.com\/wordpress\/plugins\/seo\/ -->\n<title>Suporte de plantas feito em casa vira tend\u00eancia: jardim vertical com cordas e madeira reaproveitada - Estado de Minas - Em foco<\/title>\n<meta name=\"description\" content=\"Com madeira e cordas simples \u00e9 poss\u00edvel criar um suporte de plantas funcional bonito e sustent\u00e1vel para qualquer espa\u00e7o.\" \/>\n<meta name=\"robots\" content=\"index, follow, max-snippet:-1, max-image-preview:large, max-video-preview:-1\" \/>\n<link rel=\"canonical\" href=\"https:\/\/www.em.com.br\/emfoco\/2026\/01\/23\/suporte-de-plantas-feito-em-casa-vira-tendencia-jardim-vertical-com-cordas-e-madeira-reaproveitada\/\" \/>\n<meta property=\"og:locale\" content=\"pt_BR\" \/>\n<meta property=\"og:type\" content=\"article\" \/>\n<meta property=\"og:title\" content=\"Suporte de plantas feito em casa vira tend\u00eancia: jardim vertical com cordas e madeira reaproveitada - Estado de Minas - Em foco\" \/>\n<meta property=\"og:description\" content=\"Com madeira e cordas simples \u00e9 poss\u00edvel criar um suporte de plantas funcional bonito e sustent\u00e1vel para qualquer espa\u00e7o.\" \/>\n<meta property=\"og:url\" content=\"https:\/\/www.em.com.br\/emfoco\/2026\/01\/23\/suporte-de-plantas-feito-em-casa-vira-tendencia-jardim-vertical-com-cordas-e-madeira-reaproveitada\/\" \/>\n<meta property=\"og:site_name\" content=\"Estado de Minas - Em foco\" \/>\n<meta property=\"article:published_time\" content=\"2026-01-23T17:45:00+00:00\" \/>\n<meta property=\"article:modified_time\" content=\"2026-01-22T22:56:27+00:00\" \/>\n<meta property=\"og:image\" content=\"https:\/\/www.em.com.br\/emfoco\/wp-content\/uploads\/2026\/01\/Gemini_Generated_Image_750y1l750y1l750y-2-1.png\" \/>\n\t<meta property=\"og:image:width\" content=\"1280\" \/>\n\t<meta property=\"og:image:height\" content=\"720\" \/>\n\t<meta property=\"og:image:type\" content=\"image\/png\" \/>\n<meta name=\"author\" content=\"Andre\u0301 Rangel\u00a0\" \/>\n<meta name=\"twitter:card\" content=\"summary_large_image\" \/>\n<meta name=\"twitter:label1\" content=\"Escrito por\" \/>\n\t<meta name=\"twitter:data1\" content=\"Andre\u0301 Rangel\u00a0\" \/>\n\t<meta name=\"twitter:label2\" content=\"Est. tempo de leitura\" \/>\n\t<meta name=\"twitter:data2\" content=\"6 minutos\" \/>\n<!-- \/ Yoast SEO plugin. -->","yoast_head_json":{"title":"Suporte de plantas feito em casa vira tend\u00eancia: jardim vertical com cordas e madeira reaproveitada - Estado de Minas - Em foco","description":"Com madeira e cordas simples \u00e9 poss\u00edvel criar um suporte de plantas funcional bonito e sustent\u00e1vel para qualquer espa\u00e7o.","robots":{"index":"index","follow":"follow","max-snippet":"max-snippet:-1","max-image-preview":"max-image-preview:large","max-video-preview":"max-video-preview:-1"},"canonical":"https:\/\/www.em.com.br\/emfoco\/2026\/01\/23\/suporte-de-plantas-feito-em-casa-vira-tendencia-jardim-vertical-com-cordas-e-madeira-reaproveitada\/","og_locale":"pt_BR","og_type":"article","og_title":"Suporte de plantas feito em casa vira tend\u00eancia: jardim vertical com cordas e madeira reaproveitada - Estado de Minas - Em foco","og_description":"Com madeira e cordas simples \u00e9 poss\u00edvel criar um suporte de plantas funcional bonito e sustent\u00e1vel para qualquer espa\u00e7o.","og_url":"https:\/\/www.em.com.br\/emfoco\/2026\/01\/23\/suporte-de-plantas-feito-em-casa-vira-tendencia-jardim-vertical-com-cordas-e-madeira-reaproveitada\/","og_site_name":"Estado de Minas - Em foco","article_published_time":"2026-01-23T17:45:00+00:00","article_modified_time":"2026-01-22T22:56:27+00:00","og_image":[{"width":1280,"height":720,"url":"https:\/\/www.em.com.br\/emfoco\/wp-content\/uploads\/2026\/01\/Gemini_Generated_Image_750y1l750y1l750y-2-1.png","type":"image\/png"}],"author":"Andre\u0301 Rangel\u00a0","twitter_card":"summary_large_image","twitter_misc":{"Escrito por":"Andre\u0301 Rangel\u00a0","Est. tempo de leitura":"6 minutos"},"schema":{"@context":"https:\/\/schema.org","@graph":[{"@type":"WebPage","@id":"https:\/\/www.em.com.br\/emfoco\/2026\/01\/23\/suporte-de-plantas-feito-em-casa-vira-tendencia-jardim-vertical-com-cordas-e-madeira-reaproveitada\/","url":"https:\/\/www.em.com.br\/emfoco\/2026\/01\/23\/suporte-de-plantas-feito-em-casa-vira-tendencia-jardim-vertical-com-cordas-e-madeira-reaproveitada\/","name":"Suporte de plantas feito em casa vira tend\u00eancia: jardim vertical com cordas e madeira reaproveitada - Estado de Minas - Em foco","isPartOf":{"@id":"https:\/\/www.em.com.br\/emfoco\/#website"},"primaryImageOfPage":{"@id":"https:\/\/www.em.com.br\/emfoco\/2026\/01\/23\/suporte-de-plantas-feito-em-casa-vira-tendencia-jardim-vertical-com-cordas-e-madeira-reaproveitada\/#primaryimage"},"image":{"@id":"https:\/\/www.em.com.br\/emfoco\/2026\/01\/23\/suporte-de-plantas-feito-em-casa-vira-tendencia-jardim-vertical-com-cordas-e-madeira-reaproveitada\/#primaryimage"},"thumbnailUrl":"https:\/\/www.em.com.br\/emfoco\/wp-content\/uploads\/2026\/01\/Gemini_Generated_Image_750y1l750y1l750y-2-1.png","datePublished":"2026-01-23T17:45:00+00:00","dateModified":"2026-01-22T22:56:27+00:00","author":{"@id":"https:\/\/www.em.com.br\/emfoco\/#\/schema\/person\/60eda09c1fedf0d6891f4cef4b60b8b8"},"description":"Com madeira e cordas simples \u00e9 poss\u00edvel criar um suporte de plantas funcional bonito e sustent\u00e1vel para qualquer espa\u00e7o.","breadcrumb":{"@id":"https:\/\/www.em.com.br\/emfoco\/2026\/01\/23\/suporte-de-plantas-feito-em-casa-vira-tendencia-jardim-vertical-com-cordas-e-madeira-reaproveitada\/#breadcrumb"},"inLanguage":"pt-BR","potentialAction":[{"@type":"ReadAction","target":["https:\/\/www.em.com.br\/emfoco\/2026\/01\/23\/suporte-de-plantas-feito-em-casa-vira-tendencia-jardim-vertical-com-cordas-e-madeira-reaproveitada\/"]}]},{"@type":"ImageObject","inLanguage":"pt-BR","@id":"https:\/\/www.em.com.br\/emfoco\/2026\/01\/23\/suporte-de-plantas-feito-em-casa-vira-tendencia-jardim-vertical-com-cordas-e-madeira-reaproveitada\/#primaryimage","url":"https:\/\/www.em.com.br\/emfoco\/wp-content\/uploads\/2026\/01\/Gemini_Generated_Image_750y1l750y1l750y-2-1.png","contentUrl":"https:\/\/www.em.com.br\/emfoco\/wp-content\/uploads\/2026\/01\/Gemini_Generated_Image_750y1l750y1l750y-2-1.png","width":1280,"height":720,"caption":"Suporte de plantas com cordas transforma qualquer canto da casa"},{"@type":"BreadcrumbList","@id":"https:\/\/www.em.com.br\/emfoco\/2026\/01\/23\/suporte-de-plantas-feito-em-casa-vira-tendencia-jardim-vertical-com-cordas-e-madeira-reaproveitada\/#breadcrumb","itemListElement":[{"@type":"ListItem","position":1,"name":"In\u00edcio","item":"https:\/\/www.em.com.br\/emfoco\/"},{"@type":"ListItem","position":2,"name":"Suporte de plantas feito em casa vira tend\u00eancia: jardim vertical com cordas e madeira reaproveitada"}]},{"@type":"WebSite","@id":"https:\/\/www.em.com.br\/emfoco\/#website","url":"https:\/\/www.em.com.br\/emfoco\/","name":"Estado de Minas - Em foco","description":"Acompanhe as \u00faltimas not\u00edcias e fique bem informado sobre tudo o que acontece em Minas Gerais, Brasil e no mundo.","potentialAction":[{"@type":"SearchAction","target":{"@type":"EntryPoint","urlTemplate":"https:\/\/www.em.com.br\/emfoco\/?s={search_term_string}"},"query-input":{"@type":"PropertyValueSpecification","valueRequired":true,"valueName":"search_term_string"}}],"inLanguage":"pt-BR"},{"@type":"Person","@id":"https:\/\/www.em.com.br\/emfoco\/#\/schema\/person\/60eda09c1fedf0d6891f4cef4b60b8b8","name":"Andre\u0301 Rangel\u00a0","image":{"@type":"ImageObject","inLanguage":"pt-BR","@id":"https:\/\/www.em.com.br\/emfoco\/#\/schema\/person\/image\/","url":"https:\/\/secure.gravatar.com\/avatar\/6234dc814c77c8ef6d8bba622c787efc?s=96&d=mm&r=g","contentUrl":"https:\/\/secure.gravatar.com\/avatar\/6234dc814c77c8ef6d8bba622c787efc?s=96&d=mm&r=g","caption":"Andre\u0301 Rangel\u00a0"},"url":"https:\/\/www.em.com.br\/emfoco\/author\/luizmyth\/"}]}},"_links":{"self":[{"href":"https:\/\/www.em.com.br\/emfoco\/wp-json\/wp\/v2\/posts\/158049","targetHints":{"allow":["GET"]}}],"collection":[{"href":"https:\/\/www.em.com.br\/emfoco\/wp-json\/wp\/v2\/posts"}],"about":[{"href":"https:\/\/www.em.com.br\/emfoco\/wp-json\/wp\/v2\/types\/post"}],"author":[{"embeddable":true,"href":"https:\/\/www.em.com.br\/emfoco\/wp-json\/wp\/v2\/users\/11"}],"replies":[{"embeddable":true,"href":"https:\/\/www.em.com.br\/emfoco\/wp-json\/wp\/v2\/comments?post=158049"}],"version-history":[{"count":3,"href":"https:\/\/www.em.com.br\/emfoco\/wp-json\/wp\/v2\/posts\/158049\/revisions"}],"predecessor-version":[{"id":158138,"href":"https:\/\/www.em.com.br\/emfoco\/wp-json\/wp\/v2\/posts\/158049\/revisions\/158138"}],"wp:featuredmedia":[{"embeddable":true,"href":"https:\/\/www.em.com.br\/emfoco\/wp-json\/wp\/v2\/media\/158115"}],"wp:attachment":[{"href":"https:\/\/www.em.com.br\/emfoco\/wp-json\/wp\/v2\/media?parent=158049"}],"wp:term":[{"taxonomy":"category","embeddable":true,"href":"https:\/\/www.em.com.br\/emfoco\/wp-json\/wp\/v2\/categories?post=158049"},{"taxonomy":"post_tag","embeddable":true,"href":"https:\/\/www.em.com.br\/emfoco\/wp-json\/wp\/v2\/tags?post=158049"}],"curies":[{"name":"wp","href":"https:\/\/api.w.org\/{rel}","templated":true}]}}