{"id":158043,"date":"2026-01-23T14:35:00","date_gmt":"2026-01-23T17:35:00","guid":{"rendered":"https:\/\/www.em.com.br\/emfoco\/?p=158043"},"modified":"2026-01-21T15:02:03","modified_gmt":"2026-01-21T18:02:03","slug":"voce-deita-e-nao-dorme-entenda-o-que-esta-sabotando-seu-sono-e-por-que-isso-pode-estar-destruindo-sua-memoria-e-estabilidade-emocional","status":"publish","type":"post","link":"https:\/\/www.em.com.br\/emfoco\/2026\/01\/23\/voce-deita-e-nao-dorme-entenda-o-que-esta-sabotando-seu-sono-e-por-que-isso-pode-estar-destruindo-sua-memoria-e-estabilidade-emocional\/","title":{"rendered":"Voc\u00ea deita e n\u00e3o dorme? Entenda o que est\u00e1 sabotando seu sono e por que isso pode estar destruindo sua mem\u00f3ria e estabilidade emocional"},"content":{"rendered":"\n<h2 class=\"wp-block-heading\">Sono insuficiente compromete mem\u00f3ria, regula\u00e7\u00e3o emocional e fun\u00e7\u00f5es executivas. A ci\u00eancia mostra que o descanso ativa limpeza cerebral e consolida\u00e7\u00e3o cognitiva, enquanto est\u00edmulos excessivos e maus h\u00e1bitos geram sono fragmentado e pior desempenho mental.<\/h2>\n\n\n\n<p>Dormir bem deixou de ser apenas uma necessidade biol\u00f3gica e passou a ser um <strong>ativo de desempenho<\/strong>. Em uma rotina acelerada, marcada por est\u00edmulos constantes e produtividade extrema, o sono se tornou determinante para sa\u00fade mental, clareza cognitiva e estabilidade emocional.<\/p>\n\n\n\n<h2 class=\"wp-block-heading\">Por que dormir mal afeta tanto a performance mental?<\/h2>\n\n\n\n<p>Durante o sono, o c\u00e9rebro ativa processos essenciais de <strong>manuten\u00e7\u00e3o neurol\u00f3gica<\/strong>. \u00c9 nesse per\u00edodo que ocorre a consolida\u00e7\u00e3o da mem\u00f3ria, a regula\u00e7\u00e3o emocional e a recupera\u00e7\u00e3o das fun\u00e7\u00f5es executivas, sem as quais foco e criatividade entram rapidamente em colapso.<\/p>\n\n\n\n<p>A priva\u00e7\u00e3o de descanso tamb\u00e9m hiper estimula a <strong>am\u00edgdala cerebral<\/strong>, \u00e1rea ligada ao medo e \u00e0 rea\u00e7\u00e3o ao estresse. Isso explica por que noites mal dormidas aumentam irritabilidade, ansiedade e dificuldade de lidar com problemas simples.<\/p>\n\n\n\n<figure class=\"wp-block-image size-large\"><img loading=\"lazy\" decoding=\"async\" width=\"1024\" height=\"576\" src=\"https:\/\/www.em.com.br\/emfoco\/wp-content\/uploads\/2026\/01\/AIAI-8-33-1024x576.jpg\" alt=\"Voc\u00ea deita e n\u00e3o dorme? Entenda o que est\u00e1 sabotando seu sono e por que isso pode estar destruindo sua mem\u00f3ria e estabilidade emocional\" class=\"wp-image-158103\" srcset=\"https:\/\/www.em.com.br\/emfoco\/wp-content\/uploads\/2026\/01\/AIAI-8-33-1024x576.jpg 1024w, https:\/\/www.em.com.br\/emfoco\/wp-content\/uploads\/2026\/01\/AIAI-8-33-300x169.jpg 300w, https:\/\/www.em.com.br\/emfoco\/wp-content\/uploads\/2026\/01\/AIAI-8-33-768x432.jpg 768w, https:\/\/www.em.com.br\/emfoco\/wp-content\/uploads\/2026\/01\/AIAI-8-33-750x422.jpg 750w, https:\/\/www.em.com.br\/emfoco\/wp-content\/uploads\/2026\/01\/AIAI-8-33-1140x641.jpg 1140w, https:\/\/www.em.com.br\/emfoco\/wp-content\/uploads\/2026\/01\/AIAI-8-33.jpg 1280w\" sizes=\"auto, (max-width: 1024px) 100vw, 1024px\" \/><figcaption class=\"wp-element-caption\">Priva\u00e7\u00e3o de sono compromete mem\u00f3ria, foco e regula\u00e7\u00e3o emocional di\u00e1ria<\/figcaption><\/figure>\n\n\n\n<h2 class=\"wp-block-heading\">O que a ci\u00eancia explica sobre o \u201cdesligamento\u201d do c\u00e9rebro?<\/h2>\n\n\n\n<p>Pesquisas recentes mostram que o sono profundo n\u00e3o \u00e9 passivo, mas altamente ativo. Ele ativa sistemas que n\u00e3o funcionam enquanto estamos acordados, como mecanismos de limpeza cerebral. Entre os principais processos envolvidos, destacam-se os seguintes.<\/p>\n\n\n\n<ul class=\"wp-block-list\">\n<li><strong>Sistema glinf\u00e1tico<\/strong>: mecanismo que remove toxinas e res\u00edduos metab\u00f3licos acumulados no c\u00e9rebro.<\/li>\n\n\n\n<li><strong>Consolida\u00e7\u00e3o da mem\u00f3ria<\/strong>: transforma\u00e7\u00e3o de informa\u00e7\u00f5es soltas em aprendizado duradouro.<\/li>\n\n\n\n<li><strong>Regula\u00e7\u00e3o emocional<\/strong>: ajuste fino das respostas ao estresse e \u00e0s emo\u00e7\u00f5es negativas.<\/li>\n<\/ul>\n\n\n\n<h2 class=\"wp-block-heading\">Por que deitar n\u00e3o significa, de fato, dormir?<\/h2>\n\n\n\n<p>Para quem vive sob alta press\u00e3o, o corpo permanece em estado de alerta mesmo ap\u00f3s deitar. O excesso de est\u00edmulos mant\u00e9m o <strong>sistema nervoso simp\u00e1tico<\/strong> ativado, impedindo a transi\u00e7\u00e3o natural para o relaxamento profundo.<\/p>\n\n\n\n<p>Sem prepara\u00e7\u00e3o adequada, o organismo n\u00e3o reduz temperatura, frequ\u00eancia card\u00edaca e atividade mental. O resultado \u00e9 um sono fragmentado, superficial e insuficiente para restaurar o equil\u00edbrio f\u00edsico e cognitivo.<\/p>\n\n\n\n<p>Confira mais dicas compartilhadas pelo canal do YouTube <strong><a href=\"https:\/\/www.youtube.com\/@drfelipebatistela\/shorts\" target=\"_blank\" rel=\"noreferrer noopener\">@drfelipebatistela<\/a><\/strong> de ch\u00e1s poderosos que ajudam a dormir mais r\u00e1pido.<\/p>\n\n\n\n<p><em>Leia mais: <strong><a href=\"https:\/\/www.em.com.br\/emfoco\/2026\/01\/21\/caminhar-rapido-ou-devagar-qual-ritmo-ajuda-mais-a-reduzir-gordura-e-cuidar-do-coracao\/\" target=\"_blank\" rel=\"noreferrer noopener\">Caminhar r\u00e1pido ou devagar: qual ritmo ajuda mais a reduzir gordura e cuidar do cora\u00e7\u00e3o?<\/a><\/strong><\/em><\/p>\n\n\n\n<iframe loading=\"lazy\" width=\"315\" height=\"576\" src=\"https:\/\/www.youtube.com\/embed\/5QeD9Cuwk90\" title=\"5 Ch\u00e1s para dormir melhor\" frameborder=\"0\" allow=\"accelerometer; autoplay; clipboard-write; encrypted-media; gyroscope; picture-in-picture; web-share\" referrerpolicy=\"strict-origin-when-cross-origin\" allowfullscreen><\/iframe>\n\n\n\n<h2 class=\"wp-block-heading\">Quais h\u00e1bitos formam um protocolo real de higiene do sono?<\/h2>\n\n\n\n<p>Para recuperar noites reparadoras, \u00e9 preciso sinalizar ao corpo que o dia acabou. Isso envolve ajustes comportamentais consistentes, baseados em ritmo biol\u00f3gico e n\u00e3o apenas for\u00e7a de vontade, como nos pontos abaixo.<\/p>\n\n\n\n<ul class=\"wp-block-list\">\n<li><strong>Regra 10-3-2-1-0<\/strong>: corte cafe\u00edna, refei\u00e7\u00f5es pesadas, trabalho, telas e o bot\u00e3o soneca em hor\u00e1rios estrat\u00e9gicos.<\/li>\n\n\n\n<li><strong>Controle t\u00e9rmico<\/strong>: indu\u00e7\u00e3o do sono ao reduzir naturalmente a temperatura corporal.<\/li>\n\n\n\n<li><strong>Gest\u00e3o da luz<\/strong>: diminui\u00e7\u00e3o da exposi\u00e7\u00e3o \u00e0 luz azul para preservar a melatonina.<\/li>\n<\/ul>\n\n\n\n<h2 class=\"wp-block-heading\">Como tecnologia e dados devem ser usados sem gerar ansiedade?<\/h2>\n\n\n\n<p>Rel\u00f3gios e an\u00e9is inteligentes ajudam a monitorar padr\u00f5es, mas n\u00e3o devem ditar bem-estar. A chamada <strong>ortoss\u00f4nia<\/strong> surge quando a busca por n\u00fameros perfeitos gera ansiedade e piora a qualidade do sono.<\/p>\n\n\n\n<p>Os dados devem servir como refer\u00eancia, n\u00e3o como cobran\u00e7a. Sensa\u00e7\u00e3o de descanso, clareza mental e energia di\u00e1ria continuam sendo indicadores mais confi\u00e1veis do que qualquer gr\u00e1fico ou pontua\u00e7\u00e3o autom\u00e1tica.<\/p>\n","protected":false},"excerpt":{"rendered":"<p>Sono insuficiente compromete mem\u00f3ria, regula\u00e7\u00e3o emocional e fun\u00e7\u00f5es executivas. A ci\u00eancia mostra que o descanso ativa limpeza cerebral e consolida\u00e7\u00e3o cognitiva, enquanto est\u00edmulos excessivos e maus h\u00e1bitos geram sono fragmentado e pior desempenho mental. Dormir bem deixou de ser apenas uma necessidade biol\u00f3gica e passou a ser um ativo de desempenho. Em uma rotina acelerada, [&hellip;]<\/p>\n","protected":false},"author":13,"featured_media":158101,"comment_status":"open","ping_status":"open","sticky":false,"template":"","format":"standard","meta":{"jnews-multi-image_gallery":[],"jnews_single_post":{"format":"standard"},"jnews_primary_category":[],"jnews_social_meta":[],"jnews_override_counter":[],"footnotes":""},"categories":[9053],"tags":[712,12657,12803],"class_list":["post-158043","post","type-post","status-publish","format-standard","has-post-thumbnail","hentry","category-saude","tag-autocuidado","tag-dormir-bem","tag-qualidade-do-sono"],"yoast_head":"<!-- This site is optimized with the Yoast SEO plugin v23.8 - https:\/\/yoast.com\/wordpress\/plugins\/seo\/ -->\n<title>Voc\u00ea deita e n\u00e3o dorme? Entenda o que est\u00e1 sabotando seu sono e por que isso pode estar destruindo sua mem\u00f3ria e estabilidade emocional - Estado de Minas - Em foco<\/title>\n<meta name=\"description\" content=\"Dormir mal afeta mem\u00f3ria, foco e humor. Entenda por que o sono \u00e9 essencial para limpar o c\u00e9rebro e equilibrar emo\u00e7\u00f5es todos os dias.\" \/>\n<meta name=\"robots\" content=\"index, follow, max-snippet:-1, max-image-preview:large, max-video-preview:-1\" \/>\n<link rel=\"canonical\" href=\"https:\/\/www.em.com.br\/emfoco\/2026\/01\/23\/voce-deita-e-nao-dorme-entenda-o-que-esta-sabotando-seu-sono-e-por-que-isso-pode-estar-destruindo-sua-memoria-e-estabilidade-emocional\/\" \/>\n<meta property=\"og:locale\" content=\"pt_BR\" \/>\n<meta property=\"og:type\" content=\"article\" \/>\n<meta property=\"og:title\" content=\"Voc\u00ea deita e n\u00e3o dorme? Entenda o que est\u00e1 sabotando seu sono e por que isso pode estar destruindo sua mem\u00f3ria e estabilidade emocional - Estado de Minas - Em foco\" \/>\n<meta property=\"og:description\" content=\"Dormir mal afeta mem\u00f3ria, foco e humor. Entenda por que o sono \u00e9 essencial para limpar o c\u00e9rebro e equilibrar emo\u00e7\u00f5es todos os dias.\" \/>\n<meta property=\"og:url\" content=\"https:\/\/www.em.com.br\/emfoco\/2026\/01\/23\/voce-deita-e-nao-dorme-entenda-o-que-esta-sabotando-seu-sono-e-por-que-isso-pode-estar-destruindo-sua-memoria-e-estabilidade-emocional\/\" \/>\n<meta property=\"og:site_name\" content=\"Estado de Minas - Em foco\" \/>\n<meta property=\"article:published_time\" content=\"2026-01-23T17:35:00+00:00\" \/>\n<meta property=\"article:modified_time\" content=\"2026-01-21T18:02:03+00:00\" \/>\n<meta property=\"og:image\" content=\"https:\/\/www.em.com.br\/emfoco\/wp-content\/uploads\/2026\/01\/AIAI-7-37.jpg\" \/>\n\t<meta property=\"og:image:width\" content=\"1280\" \/>\n\t<meta property=\"og:image:height\" content=\"720\" \/>\n\t<meta property=\"og:image:type\" content=\"image\/jpeg\" \/>\n<meta name=\"author\" content=\"Gabriel Martins\" \/>\n<meta name=\"twitter:card\" content=\"summary_large_image\" \/>\n<meta name=\"twitter:label1\" content=\"Escrito por\" \/>\n\t<meta name=\"twitter:data1\" content=\"Gabriel Martins\" \/>\n\t<meta name=\"twitter:label2\" content=\"Est. tempo de leitura\" \/>\n\t<meta name=\"twitter:data2\" content=\"4 minutos\" \/>\n<!-- \/ Yoast SEO plugin. -->","yoast_head_json":{"title":"Voc\u00ea deita e n\u00e3o dorme? Entenda o que est\u00e1 sabotando seu sono e por que isso pode estar destruindo sua mem\u00f3ria e estabilidade emocional - Estado de Minas - Em foco","description":"Dormir mal afeta mem\u00f3ria, foco e humor. Entenda por que o sono \u00e9 essencial para limpar o c\u00e9rebro e equilibrar emo\u00e7\u00f5es todos os dias.","robots":{"index":"index","follow":"follow","max-snippet":"max-snippet:-1","max-image-preview":"max-image-preview:large","max-video-preview":"max-video-preview:-1"},"canonical":"https:\/\/www.em.com.br\/emfoco\/2026\/01\/23\/voce-deita-e-nao-dorme-entenda-o-que-esta-sabotando-seu-sono-e-por-que-isso-pode-estar-destruindo-sua-memoria-e-estabilidade-emocional\/","og_locale":"pt_BR","og_type":"article","og_title":"Voc\u00ea deita e n\u00e3o dorme? Entenda o que est\u00e1 sabotando seu sono e por que isso pode estar destruindo sua mem\u00f3ria e estabilidade emocional - Estado de Minas - Em foco","og_description":"Dormir mal afeta mem\u00f3ria, foco e humor. Entenda por que o sono \u00e9 essencial para limpar o c\u00e9rebro e equilibrar emo\u00e7\u00f5es todos os dias.","og_url":"https:\/\/www.em.com.br\/emfoco\/2026\/01\/23\/voce-deita-e-nao-dorme-entenda-o-que-esta-sabotando-seu-sono-e-por-que-isso-pode-estar-destruindo-sua-memoria-e-estabilidade-emocional\/","og_site_name":"Estado de Minas - Em foco","article_published_time":"2026-01-23T17:35:00+00:00","article_modified_time":"2026-01-21T18:02:03+00:00","og_image":[{"width":1280,"height":720,"url":"https:\/\/www.em.com.br\/emfoco\/wp-content\/uploads\/2026\/01\/AIAI-7-37.jpg","type":"image\/jpeg"}],"author":"Gabriel Martins","twitter_card":"summary_large_image","twitter_misc":{"Escrito por":"Gabriel Martins","Est. tempo de leitura":"4 minutos"},"schema":{"@context":"https:\/\/schema.org","@graph":[{"@type":"WebPage","@id":"https:\/\/www.em.com.br\/emfoco\/2026\/01\/23\/voce-deita-e-nao-dorme-entenda-o-que-esta-sabotando-seu-sono-e-por-que-isso-pode-estar-destruindo-sua-memoria-e-estabilidade-emocional\/","url":"https:\/\/www.em.com.br\/emfoco\/2026\/01\/23\/voce-deita-e-nao-dorme-entenda-o-que-esta-sabotando-seu-sono-e-por-que-isso-pode-estar-destruindo-sua-memoria-e-estabilidade-emocional\/","name":"Voc\u00ea deita e n\u00e3o dorme? Entenda o que est\u00e1 sabotando seu sono e por que isso pode estar destruindo sua mem\u00f3ria e estabilidade emocional - Estado de Minas - Em foco","isPartOf":{"@id":"https:\/\/www.em.com.br\/emfoco\/#website"},"primaryImageOfPage":{"@id":"https:\/\/www.em.com.br\/emfoco\/2026\/01\/23\/voce-deita-e-nao-dorme-entenda-o-que-esta-sabotando-seu-sono-e-por-que-isso-pode-estar-destruindo-sua-memoria-e-estabilidade-emocional\/#primaryimage"},"image":{"@id":"https:\/\/www.em.com.br\/emfoco\/2026\/01\/23\/voce-deita-e-nao-dorme-entenda-o-que-esta-sabotando-seu-sono-e-por-que-isso-pode-estar-destruindo-sua-memoria-e-estabilidade-emocional\/#primaryimage"},"thumbnailUrl":"https:\/\/www.em.com.br\/emfoco\/wp-content\/uploads\/2026\/01\/AIAI-7-37.jpg","datePublished":"2026-01-23T17:35:00+00:00","dateModified":"2026-01-21T18:02:03+00:00","author":{"@id":"https:\/\/www.em.com.br\/emfoco\/#\/schema\/person\/1c9ddeab18b98abeffef834667bcf08a"},"description":"Dormir mal afeta mem\u00f3ria, foco e humor. Entenda por que o sono \u00e9 essencial para limpar o c\u00e9rebro e equilibrar emo\u00e7\u00f5es todos os dias.","breadcrumb":{"@id":"https:\/\/www.em.com.br\/emfoco\/2026\/01\/23\/voce-deita-e-nao-dorme-entenda-o-que-esta-sabotando-seu-sono-e-por-que-isso-pode-estar-destruindo-sua-memoria-e-estabilidade-emocional\/#breadcrumb"},"inLanguage":"pt-BR","potentialAction":[{"@type":"ReadAction","target":["https:\/\/www.em.com.br\/emfoco\/2026\/01\/23\/voce-deita-e-nao-dorme-entenda-o-que-esta-sabotando-seu-sono-e-por-que-isso-pode-estar-destruindo-sua-memoria-e-estabilidade-emocional\/"]}]},{"@type":"ImageObject","inLanguage":"pt-BR","@id":"https:\/\/www.em.com.br\/emfoco\/2026\/01\/23\/voce-deita-e-nao-dorme-entenda-o-que-esta-sabotando-seu-sono-e-por-que-isso-pode-estar-destruindo-sua-memoria-e-estabilidade-emocional\/#primaryimage","url":"https:\/\/www.em.com.br\/emfoco\/wp-content\/uploads\/2026\/01\/AIAI-7-37.jpg","contentUrl":"https:\/\/www.em.com.br\/emfoco\/wp-content\/uploads\/2026\/01\/AIAI-7-37.jpg","width":1280,"height":720,"caption":"Sono de qualidade sustenta desempenho mental, equil\u00edbrio emocional e clareza cognitiva"},{"@type":"BreadcrumbList","@id":"https:\/\/www.em.com.br\/emfoco\/2026\/01\/23\/voce-deita-e-nao-dorme-entenda-o-que-esta-sabotando-seu-sono-e-por-que-isso-pode-estar-destruindo-sua-memoria-e-estabilidade-emocional\/#breadcrumb","itemListElement":[{"@type":"ListItem","position":1,"name":"In\u00edcio","item":"https:\/\/www.em.com.br\/emfoco\/"},{"@type":"ListItem","position":2,"name":"Voc\u00ea deita e n\u00e3o dorme? Entenda o que est\u00e1 sabotando seu sono e por que isso pode estar destruindo sua mem\u00f3ria e estabilidade emocional"}]},{"@type":"WebSite","@id":"https:\/\/www.em.com.br\/emfoco\/#website","url":"https:\/\/www.em.com.br\/emfoco\/","name":"Estado de Minas - Em foco","description":"Acompanhe as \u00faltimas not\u00edcias e fique bem informado sobre tudo o que acontece em Minas Gerais, Brasil e no mundo.","potentialAction":[{"@type":"SearchAction","target":{"@type":"EntryPoint","urlTemplate":"https:\/\/www.em.com.br\/emfoco\/?s={search_term_string}"},"query-input":{"@type":"PropertyValueSpecification","valueRequired":true,"valueName":"search_term_string"}}],"inLanguage":"pt-BR"},{"@type":"Person","@id":"https:\/\/www.em.com.br\/emfoco\/#\/schema\/person\/1c9ddeab18b98abeffef834667bcf08a","name":"Gabriel Martins","image":{"@type":"ImageObject","inLanguage":"pt-BR","@id":"https:\/\/www.em.com.br\/emfoco\/#\/schema\/person\/image\/","url":"https:\/\/secure.gravatar.com\/avatar\/f0f1e2efdfd88f1ad2cb08c5c2731e50?s=96&d=mm&r=g","contentUrl":"https:\/\/secure.gravatar.com\/avatar\/f0f1e2efdfd88f1ad2cb08c5c2731e50?s=96&d=mm&r=g","caption":"Gabriel Martins"},"sameAs":["https:\/\/www.em.com.br\/emfoco\/"],"url":"https:\/\/www.em.com.br\/emfoco\/author\/gabrielmartinsmyth\/"}]}},"_links":{"self":[{"href":"https:\/\/www.em.com.br\/emfoco\/wp-json\/wp\/v2\/posts\/158043","targetHints":{"allow":["GET"]}}],"collection":[{"href":"https:\/\/www.em.com.br\/emfoco\/wp-json\/wp\/v2\/posts"}],"about":[{"href":"https:\/\/www.em.com.br\/emfoco\/wp-json\/wp\/v2\/types\/post"}],"author":[{"embeddable":true,"href":"https:\/\/www.em.com.br\/emfoco\/wp-json\/wp\/v2\/users\/13"}],"replies":[{"embeddable":true,"href":"https:\/\/www.em.com.br\/emfoco\/wp-json\/wp\/v2\/comments?post=158043"}],"version-history":[{"count":2,"href":"https:\/\/www.em.com.br\/emfoco\/wp-json\/wp\/v2\/posts\/158043\/revisions"}],"predecessor-version":[{"id":158109,"href":"https:\/\/www.em.com.br\/emfoco\/wp-json\/wp\/v2\/posts\/158043\/revisions\/158109"}],"wp:featuredmedia":[{"embeddable":true,"href":"https:\/\/www.em.com.br\/emfoco\/wp-json\/wp\/v2\/media\/158101"}],"wp:attachment":[{"href":"https:\/\/www.em.com.br\/emfoco\/wp-json\/wp\/v2\/media?parent=158043"}],"wp:term":[{"taxonomy":"category","embeddable":true,"href":"https:\/\/www.em.com.br\/emfoco\/wp-json\/wp\/v2\/categories?post=158043"},{"taxonomy":"post_tag","embeddable":true,"href":"https:\/\/www.em.com.br\/emfoco\/wp-json\/wp\/v2\/tags?post=158043"}],"curies":[{"name":"wp","href":"https:\/\/api.w.org\/{rel}","templated":true}]}}