{"id":158026,"date":"2026-01-22T14:45:00","date_gmt":"2026-01-22T17:45:00","guid":{"rendered":"https:\/\/www.em.com.br\/emfoco\/?p=158026"},"modified":"2026-01-21T20:08:42","modified_gmt":"2026-01-21T23:08:42","slug":"reciclar-potes-de-vidro-vira-tendencia-essas-luminarias-faceis-transformam-o-ambiente","status":"publish","type":"post","link":"https:\/\/www.em.com.br\/emfoco\/2026\/01\/22\/reciclar-potes-de-vidro-vira-tendencia-essas-luminarias-faceis-transformam-o-ambiente\/","title":{"rendered":"Reciclar potes de vidro vira tend\u00eancia: essas lumin\u00e1rias f\u00e1ceis transformam o ambiente"},"content":{"rendered":"\n<p>Reaproveitar potes de vidro usados para criar lumin\u00e1rias modernas com materiais simples est\u00e1 em alta na decora\u00e7\u00e3o acess\u00edvel. Al\u00e9m de reduzir o descarte, esse tipo de projeto cria pontos de luz estilosos com LED, gastando pouca energia, exigindo pouca manuten\u00e7\u00e3o e permitindo renovar ambientes internos e externos sem obras ou grandes investimentos.<\/p>\n\n\n\n<h2 class=\"wp-block-heading\">Por que vale a pena transformar potes de vidro em lumin\u00e1rias com LED<\/h2>\n\n\n\n<p>O vidro \u00e9 resistente, transparente, f\u00e1cil de limpar e funciona muito bem como difusor de luz, o que o torna perfeito para <a href=\"https:\/\/br.pinterest.com\/iarapraude\/ilumina%C3%A7%C3%A3o-com-led\/\" target=\"_blank\" rel=\"noreferrer noopener\">projetos de ilumina\u00e7\u00e3o com LED<\/a>. Em vez de ir para o lixo, o pote de palmito, geleia ou molho vira lumin\u00e1ria de mesa, pendente ou lanterna decorativa, com visual pr\u00f3ximo ao de pe\u00e7as de loja.<\/p>\n\n\n\n<p>Como o LED emite menos calor e consome bem menos energia que l\u00e2mpadas tradicionais, o conjunto fica seguro, econ\u00f4mico e dur\u00e1vel. A personaliza\u00e7\u00e3o com tinta, barbante, corda, adesivos ou vidro totalmente limpo permite combinar a lumin\u00e1ria com estilos r\u00fasticos, modernos, minimalistas ou coloridos.<\/p>\n\n\n\n<h2 class=\"wp-block-heading\">Quais materiais s\u00e3o necess\u00e1rios para montar lumin\u00e1rias com potes de vidro e LED<\/h2>\n\n\n\n<p>Para seguir um passo a passo de reaproveitamento com LED, o ideal \u00e9 separar antes todos os materiais e pensar na seguran\u00e7a. Se for preciso furar tampas met\u00e1licas, usar soquetes ou passar fios, \u00e9 importante usar prote\u00e7\u00e3o e, em caso de d\u00favida, pedir ajuda a algu\u00e9m com no\u00e7\u00f5es b\u00e1sicas de el\u00e9trica.<\/p>\n\n\n\n<figure class=\"wp-block-image size-large\"><img loading=\"lazy\" decoding=\"async\" width=\"1024\" height=\"576\" src=\"https:\/\/www.em.com.br\/emfoco\/wp-content\/uploads\/2026\/01\/Gemini_Generated_Image_yckrepyckrepyckr-1-1024x576.png\" alt=\"Potes de vidro viram lumin\u00e1rias modernas com LED gastando pouco\" class=\"wp-image-158075\" srcset=\"https:\/\/www.em.com.br\/emfoco\/wp-content\/uploads\/2026\/01\/Gemini_Generated_Image_yckrepyckrepyckr-1-1024x576.png 1024w, https:\/\/www.em.com.br\/emfoco\/wp-content\/uploads\/2026\/01\/Gemini_Generated_Image_yckrepyckrepyckr-1-300x169.png 300w, https:\/\/www.em.com.br\/emfoco\/wp-content\/uploads\/2026\/01\/Gemini_Generated_Image_yckrepyckrepyckr-1-768x432.png 768w, https:\/\/www.em.com.br\/emfoco\/wp-content\/uploads\/2026\/01\/Gemini_Generated_Image_yckrepyckrepyckr-1-750x422.png 750w, https:\/\/www.em.com.br\/emfoco\/wp-content\/uploads\/2026\/01\/Gemini_Generated_Image_yckrepyckrepyckr-1-1140x641.png 1140w, https:\/\/www.em.com.br\/emfoco\/wp-content\/uploads\/2026\/01\/Gemini_Generated_Image_yckrepyckrepyckr-1.png 1280w\" sizes=\"auto, (max-width: 1024px) 100vw, 1024px\" \/><figcaption class=\"wp-element-caption\">Potes de vidro viram lumin\u00e1rias modernas com LED gastando pouco<\/figcaption><\/figure>\n\n\n\n<p>Com poucos itens \u00e9 poss\u00edvel montar projetos simples, pr\u00e1ticos e vers\u00e1teis, que funcionam com pilhas, USB ou fonte. Confira uma lista b\u00e1sica de materiais que costuma atender a maioria das ideias de lumin\u00e1rias com potes de vidro:<\/p>\n\n\n\n<ul class=\"wp-block-list\">\n<li>Potes de vidro limpos e secos, em diferentes tamanhos;<\/li>\n\n\n\n<li>Tampas em bom estado, met\u00e1licas ou pl\u00e1sticas resistentes;<\/li>\n\n\n\n<li>Fita de LED, m\u00f3dulo de LED ou mini cord\u00e3o de luz (pisca LED est\u00e1tico);<\/li>\n\n\n\n<li>Fonte de alimenta\u00e7\u00e3o (pilhas, USB ou fonte 12V\/5V, conforme o LED);<\/li>\n\n\n\n<li>Cola quente ou fita dupla face resistente para fixar o LED;<\/li>\n\n\n\n<li>Tinta em spray ou tinta para vidro, se desejar personalizar;<\/li>\n\n\n\n<li>Furadeira ou pun\u00e7\u00e3o para abrir passagem de fio na tampa, se necess\u00e1rio;<\/li>\n\n\n\n<li>Luvas e \u00f3culos de prote\u00e7\u00e3o para etapas de fura\u00e7\u00e3o e cortes.<\/li>\n<\/ul>\n\n\n\n<h2 class=\"wp-block-heading\">Como montar passo a passo uma lumin\u00e1ria com pote de vidro e LED<\/h2>\n\n\n\n<p>O passo a passo muda um pouco conforme o tipo de LED, mas a sequ\u00eancia geral \u00e9 bem simples. A ideia \u00e9 preparar o pote, definir o tipo de <a href=\"https:\/\/www.em.com.br\/emfoco\/2026\/01\/11\/novo-ano-sala-nova-luminaria-de-mesa-touch-virou-tendencia-para-casas-modernas-em-2026\/\" target=\"_blank\" rel=\"noreferrer noopener\">lumin\u00e1ria <\/a>(mesa, pendente ou lanterna), instalar o LED com seguran\u00e7a e finalizar com a personaliza\u00e7\u00e3o, sempre respeitando as orienta\u00e7\u00f5es do fabricante.<\/p>\n\n\n\n<ol class=\"wp-block-list\">\n<li><strong>Preparar o pote de vidro<\/strong><br>Remova r\u00f3tulos com \u00e1gua morna e detergente, tirando restos de cola com esponja macia ou removedor. Lave bem por dentro e por fora e deixe secar totalmente para evitar manchas e melhorar o efeito da luz.<\/li>\n\n\n\n<li><strong>Planejar o tipo de lumin\u00e1ria<\/strong><br>Defina se o pote ser\u00e1 lumin\u00e1ria de mesa, pendente ou lanterna decorativa. Para pendentes, abra um furo central na tampa para a passagem do soquete ou do fio com LED. Para vers\u00f5es de mesa, use LED a pilha dentro do pote, sem necessidade de fia\u00e7\u00e3o externa.<\/li>\n\n\n\n<li><strong>Instalar o LED<\/strong><br>Enrole a fita de LED e posicione-a dentro do pote, fixando o in\u00edcio com cola quente ou fita dupla face na tampa ou na base. Em m\u00f3dulos com fio, passe o cabo pela tampa furada, mantendo driver ou fonte do lado de fora e conferindo polaridade.<\/li>\n\n\n\n<li><strong>Fixar a tampa e organizar os cabos<\/strong><br>Ap\u00f3s instalar o LED, rosqueie ou encaixe bem a tampa, sem folgas. Organize os cabos externos com abra\u00e7adeiras ou canaletas discretas, principalmente em locais de circula\u00e7\u00e3o de pessoas.<\/li>\n\n\n\n<li><strong>Finalizar a personaliza\u00e7\u00e3o<\/strong><br>Pinte o vidro de forma fosca, em degrad\u00ea ou use est\u00eancil para luz difusa. Voc\u00ea tamb\u00e9m pode envolver o pote com corda de sisal, barbante colorido ou arame, criando al\u00e7a para modelos tipo lanterna.<\/li>\n<\/ol>\n\n\n\n<figure class=\"wp-block-image size-large\"><img loading=\"lazy\" decoding=\"async\" width=\"1024\" height=\"576\" src=\"https:\/\/www.em.com.br\/emfoco\/wp-content\/uploads\/2026\/01\/unnamed-1-15-1024x576.jpg\" alt=\"Potes de vidro viram lumin\u00e1rias modernas com LED gastando pouco\" class=\"wp-image-158072\" srcset=\"https:\/\/www.em.com.br\/emfoco\/wp-content\/uploads\/2026\/01\/unnamed-1-15-1024x576.jpg 1024w, https:\/\/www.em.com.br\/emfoco\/wp-content\/uploads\/2026\/01\/unnamed-1-15-300x169.jpg 300w, https:\/\/www.em.com.br\/emfoco\/wp-content\/uploads\/2026\/01\/unnamed-1-15-768x432.jpg 768w, https:\/\/www.em.com.br\/emfoco\/wp-content\/uploads\/2026\/01\/unnamed-1-15-750x422.jpg 750w, https:\/\/www.em.com.br\/emfoco\/wp-content\/uploads\/2026\/01\/unnamed-1-15-1140x641.jpg 1140w, https:\/\/www.em.com.br\/emfoco\/wp-content\/uploads\/2026\/01\/unnamed-1-15.jpg 1280w\" sizes=\"auto, (max-width: 1024px) 100vw, 1024px\" \/><figcaption class=\"wp-element-caption\">Potes de vidro viram lumin\u00e1rias modernas com LED gastando pouco<\/figcaption><\/figure>\n\n\n\n<h2 class=\"wp-block-heading\">Quais estilos de lumin\u00e1rias com pote de vidro combinam com cada ambiente<\/h2>\n\n\n\n<p>A escolha do estilo depende da fun\u00e7\u00e3o da luz e do clima que voc\u00ea quer criar no espa\u00e7o. Em salas e quartos, potes transl\u00facidos com LED amarelado geram uma ilumina\u00e7\u00e3o suave, \u00f3tima para descanso e leitura leve, enquanto em varandas \u00e9 comum usar v\u00e1rios potes alinhados ou pendurados.<\/p>\n\n\n\n<p>Em prateleiras, nichos e \u00e1reas gourmet, conjuntos de potes em diferentes formatos podem virar pain\u00e9is de luz ou trilhos de pendentes sobre bancadas e mesas. Em ambientes externos cobertos, sempre proteja as conex\u00f5es el\u00e9tricas da umidade e use LEDs adequados para esse tipo de uso.<\/p>\n\n\n\n<h2 class=\"wp-block-heading\">Como o antes e depois do reaproveitamento com LED transforma o ambiente<\/h2>\n\n\n\n<p>Quando potes de vidro que acumulavam poeira viram lumin\u00e1rias de LED, o ambiente muda de n\u00edvel em poucos minutos. Aquela prateleira apagada passa a destacar livros, plantas e objetos decorativos, e a ilumina\u00e7\u00e3o geral deixa de depender s\u00f3 de uma l\u00e2mpada no teto, ganhando camadas de luz mais aconchegantes.<\/p>\n\n\n\n<p>N\u00e3o espere para testar: separe hoje mesmo alguns potes, escolha um tipo de LED e monte a primeira pe\u00e7a ainda nesta semana. Cada lumin\u00e1ria pronta \u00e9 um passo para uma casa mais bonita, sustent\u00e1vel e com a sua cara, usando materiais simples que voc\u00ea j\u00e1 tem em casa.<\/p>\n\n\n\n<p><\/p>\n","protected":false},"excerpt":{"rendered":"<p>Reaproveitar potes de vidro usados para criar lumin\u00e1rias modernas com materiais simples est\u00e1 em alta na decora\u00e7\u00e3o acess\u00edvel. Al\u00e9m de reduzir o descarte, esse tipo de projeto cria pontos de luz estilosos com LED, gastando pouca energia, exigindo pouca manuten\u00e7\u00e3o e permitindo renovar ambientes internos e externos sem obras ou grandes investimentos. Por que vale [&hellip;]<\/p>\n","protected":false},"author":11,"featured_media":158073,"comment_status":"open","ping_status":"open","sticky":false,"template":"","format":"standard","meta":{"jnews-multi-image_gallery":[],"jnews_single_post":{"format":"standard"},"jnews_primary_category":[],"jnews_social_meta":[],"jnews_override_counter":[],"footnotes":""},"categories":[8819,1],"tags":[4687,11707,13468,17912],"class_list":["post-158026","post","type-post","status-publish","format-standard","has-post-thumbnail","hentry","category-curiosidades","category-noticias","tag-decoracao","tag-led","tag-luminarias","tag-potes-de-vidro"],"yoast_head":"<!-- This site is optimized with the Yoast SEO plugin v23.8 - https:\/\/yoast.com\/wordpress\/plugins\/seo\/ -->\n<title>Reciclar potes de vidro vira tend\u00eancia: essas lumin\u00e1rias f\u00e1ceis transformam o ambiente - Estado de Minas - Em foco<\/title>\n<meta name=\"description\" content=\"Transformar potes de vidro em lumin\u00e1rias com LED \u00e9 f\u00e1cil econ\u00f4mico e sustent\u00e1vel. Veja materiais ideias e como montar em casa.\" \/>\n<meta name=\"robots\" content=\"index, follow, max-snippet:-1, max-image-preview:large, max-video-preview:-1\" \/>\n<link rel=\"canonical\" href=\"https:\/\/www.em.com.br\/emfoco\/2026\/01\/22\/reciclar-potes-de-vidro-vira-tendencia-essas-luminarias-faceis-transformam-o-ambiente\/\" \/>\n<meta property=\"og:locale\" content=\"pt_BR\" \/>\n<meta property=\"og:type\" content=\"article\" \/>\n<meta property=\"og:title\" content=\"Reciclar potes de vidro vira tend\u00eancia: essas lumin\u00e1rias f\u00e1ceis transformam o ambiente - Estado de Minas - Em foco\" \/>\n<meta property=\"og:description\" content=\"Transformar potes de vidro em lumin\u00e1rias com LED \u00e9 f\u00e1cil econ\u00f4mico e sustent\u00e1vel. Veja materiais ideias e como montar em casa.\" \/>\n<meta property=\"og:url\" content=\"https:\/\/www.em.com.br\/emfoco\/2026\/01\/22\/reciclar-potes-de-vidro-vira-tendencia-essas-luminarias-faceis-transformam-o-ambiente\/\" \/>\n<meta property=\"og:site_name\" content=\"Estado de Minas - Em foco\" \/>\n<meta property=\"article:published_time\" content=\"2026-01-22T17:45:00+00:00\" \/>\n<meta property=\"article:modified_time\" content=\"2026-01-21T23:08:42+00:00\" \/>\n<meta property=\"og:image\" content=\"https:\/\/www.em.com.br\/emfoco\/wp-content\/uploads\/2026\/01\/Gemini_Generated_Image_vg4lptvg4lptvg4l-1.png\" \/>\n\t<meta property=\"og:image:width\" content=\"1280\" \/>\n\t<meta property=\"og:image:height\" content=\"720\" \/>\n\t<meta property=\"og:image:type\" content=\"image\/png\" \/>\n<meta name=\"author\" content=\"Andre\u0301 Rangel\u00a0\" \/>\n<meta name=\"twitter:card\" content=\"summary_large_image\" \/>\n<meta name=\"twitter:label1\" content=\"Escrito por\" \/>\n\t<meta name=\"twitter:data1\" content=\"Andre\u0301 Rangel\u00a0\" \/>\n\t<meta name=\"twitter:label2\" content=\"Est. tempo de leitura\" \/>\n\t<meta name=\"twitter:data2\" content=\"6 minutos\" \/>\n<!-- \/ Yoast SEO plugin. -->","yoast_head_json":{"title":"Reciclar potes de vidro vira tend\u00eancia: essas lumin\u00e1rias f\u00e1ceis transformam o ambiente - Estado de Minas - Em foco","description":"Transformar potes de vidro em lumin\u00e1rias com LED \u00e9 f\u00e1cil econ\u00f4mico e sustent\u00e1vel. Veja materiais ideias e como montar em casa.","robots":{"index":"index","follow":"follow","max-snippet":"max-snippet:-1","max-image-preview":"max-image-preview:large","max-video-preview":"max-video-preview:-1"},"canonical":"https:\/\/www.em.com.br\/emfoco\/2026\/01\/22\/reciclar-potes-de-vidro-vira-tendencia-essas-luminarias-faceis-transformam-o-ambiente\/","og_locale":"pt_BR","og_type":"article","og_title":"Reciclar potes de vidro vira tend\u00eancia: essas lumin\u00e1rias f\u00e1ceis transformam o ambiente - Estado de Minas - Em foco","og_description":"Transformar potes de vidro em lumin\u00e1rias com LED \u00e9 f\u00e1cil econ\u00f4mico e sustent\u00e1vel. Veja materiais ideias e como montar em casa.","og_url":"https:\/\/www.em.com.br\/emfoco\/2026\/01\/22\/reciclar-potes-de-vidro-vira-tendencia-essas-luminarias-faceis-transformam-o-ambiente\/","og_site_name":"Estado de Minas - Em foco","article_published_time":"2026-01-22T17:45:00+00:00","article_modified_time":"2026-01-21T23:08:42+00:00","og_image":[{"width":1280,"height":720,"url":"https:\/\/www.em.com.br\/emfoco\/wp-content\/uploads\/2026\/01\/Gemini_Generated_Image_vg4lptvg4lptvg4l-1.png","type":"image\/png"}],"author":"Andre\u0301 Rangel\u00a0","twitter_card":"summary_large_image","twitter_misc":{"Escrito por":"Andre\u0301 Rangel\u00a0","Est. tempo de leitura":"6 minutos"},"schema":{"@context":"https:\/\/schema.org","@graph":[{"@type":"WebPage","@id":"https:\/\/www.em.com.br\/emfoco\/2026\/01\/22\/reciclar-potes-de-vidro-vira-tendencia-essas-luminarias-faceis-transformam-o-ambiente\/","url":"https:\/\/www.em.com.br\/emfoco\/2026\/01\/22\/reciclar-potes-de-vidro-vira-tendencia-essas-luminarias-faceis-transformam-o-ambiente\/","name":"Reciclar potes de vidro vira tend\u00eancia: essas lumin\u00e1rias f\u00e1ceis transformam o ambiente - Estado de Minas - Em foco","isPartOf":{"@id":"https:\/\/www.em.com.br\/emfoco\/#website"},"primaryImageOfPage":{"@id":"https:\/\/www.em.com.br\/emfoco\/2026\/01\/22\/reciclar-potes-de-vidro-vira-tendencia-essas-luminarias-faceis-transformam-o-ambiente\/#primaryimage"},"image":{"@id":"https:\/\/www.em.com.br\/emfoco\/2026\/01\/22\/reciclar-potes-de-vidro-vira-tendencia-essas-luminarias-faceis-transformam-o-ambiente\/#primaryimage"},"thumbnailUrl":"https:\/\/www.em.com.br\/emfoco\/wp-content\/uploads\/2026\/01\/Gemini_Generated_Image_vg4lptvg4lptvg4l-1.png","datePublished":"2026-01-22T17:45:00+00:00","dateModified":"2026-01-21T23:08:42+00:00","author":{"@id":"https:\/\/www.em.com.br\/emfoco\/#\/schema\/person\/60eda09c1fedf0d6891f4cef4b60b8b8"},"description":"Transformar potes de vidro em lumin\u00e1rias com LED \u00e9 f\u00e1cil econ\u00f4mico e sustent\u00e1vel. Veja materiais ideias e como montar em casa.","breadcrumb":{"@id":"https:\/\/www.em.com.br\/emfoco\/2026\/01\/22\/reciclar-potes-de-vidro-vira-tendencia-essas-luminarias-faceis-transformam-o-ambiente\/#breadcrumb"},"inLanguage":"pt-BR","potentialAction":[{"@type":"ReadAction","target":["https:\/\/www.em.com.br\/emfoco\/2026\/01\/22\/reciclar-potes-de-vidro-vira-tendencia-essas-luminarias-faceis-transformam-o-ambiente\/"]}]},{"@type":"ImageObject","inLanguage":"pt-BR","@id":"https:\/\/www.em.com.br\/emfoco\/2026\/01\/22\/reciclar-potes-de-vidro-vira-tendencia-essas-luminarias-faceis-transformam-o-ambiente\/#primaryimage","url":"https:\/\/www.em.com.br\/emfoco\/wp-content\/uploads\/2026\/01\/Gemini_Generated_Image_vg4lptvg4lptvg4l-1.png","contentUrl":"https:\/\/www.em.com.br\/emfoco\/wp-content\/uploads\/2026\/01\/Gemini_Generated_Image_vg4lptvg4lptvg4l-1.png","width":1280,"height":720,"caption":"Potes de vidro viram lumin\u00e1rias modernas com LED gastando pouco"},{"@type":"BreadcrumbList","@id":"https:\/\/www.em.com.br\/emfoco\/2026\/01\/22\/reciclar-potes-de-vidro-vira-tendencia-essas-luminarias-faceis-transformam-o-ambiente\/#breadcrumb","itemListElement":[{"@type":"ListItem","position":1,"name":"In\u00edcio","item":"https:\/\/www.em.com.br\/emfoco\/"},{"@type":"ListItem","position":2,"name":"Reciclar potes de vidro vira tend\u00eancia: essas lumin\u00e1rias f\u00e1ceis transformam o ambiente"}]},{"@type":"WebSite","@id":"https:\/\/www.em.com.br\/emfoco\/#website","url":"https:\/\/www.em.com.br\/emfoco\/","name":"Estado de Minas - Em foco","description":"Acompanhe as \u00faltimas not\u00edcias e fique bem informado sobre tudo o que acontece em Minas Gerais, Brasil e no mundo.","potentialAction":[{"@type":"SearchAction","target":{"@type":"EntryPoint","urlTemplate":"https:\/\/www.em.com.br\/emfoco\/?s={search_term_string}"},"query-input":{"@type":"PropertyValueSpecification","valueRequired":true,"valueName":"search_term_string"}}],"inLanguage":"pt-BR"},{"@type":"Person","@id":"https:\/\/www.em.com.br\/emfoco\/#\/schema\/person\/60eda09c1fedf0d6891f4cef4b60b8b8","name":"Andre\u0301 Rangel\u00a0","image":{"@type":"ImageObject","inLanguage":"pt-BR","@id":"https:\/\/www.em.com.br\/emfoco\/#\/schema\/person\/image\/","url":"https:\/\/secure.gravatar.com\/avatar\/6234dc814c77c8ef6d8bba622c787efc?s=96&d=mm&r=g","contentUrl":"https:\/\/secure.gravatar.com\/avatar\/6234dc814c77c8ef6d8bba622c787efc?s=96&d=mm&r=g","caption":"Andre\u0301 Rangel\u00a0"},"url":"https:\/\/www.em.com.br\/emfoco\/author\/luizmyth\/"}]}},"_links":{"self":[{"href":"https:\/\/www.em.com.br\/emfoco\/wp-json\/wp\/v2\/posts\/158026","targetHints":{"allow":["GET"]}}],"collection":[{"href":"https:\/\/www.em.com.br\/emfoco\/wp-json\/wp\/v2\/posts"}],"about":[{"href":"https:\/\/www.em.com.br\/emfoco\/wp-json\/wp\/v2\/types\/post"}],"author":[{"embeddable":true,"href":"https:\/\/www.em.com.br\/emfoco\/wp-json\/wp\/v2\/users\/11"}],"replies":[{"embeddable":true,"href":"https:\/\/www.em.com.br\/emfoco\/wp-json\/wp\/v2\/comments?post=158026"}],"version-history":[{"count":4,"href":"https:\/\/www.em.com.br\/emfoco\/wp-json\/wp\/v2\/posts\/158026\/revisions"}],"predecessor-version":[{"id":158146,"href":"https:\/\/www.em.com.br\/emfoco\/wp-json\/wp\/v2\/posts\/158026\/revisions\/158146"}],"wp:featuredmedia":[{"embeddable":true,"href":"https:\/\/www.em.com.br\/emfoco\/wp-json\/wp\/v2\/media\/158073"}],"wp:attachment":[{"href":"https:\/\/www.em.com.br\/emfoco\/wp-json\/wp\/v2\/media?parent=158026"}],"wp:term":[{"taxonomy":"category","embeddable":true,"href":"https:\/\/www.em.com.br\/emfoco\/wp-json\/wp\/v2\/categories?post=158026"},{"taxonomy":"post_tag","embeddable":true,"href":"https:\/\/www.em.com.br\/emfoco\/wp-json\/wp\/v2\/tags?post=158026"}],"curies":[{"name":"wp","href":"https:\/\/api.w.org\/{rel}","templated":true}]}}