{"id":157988,"date":"2026-01-22T12:25:00","date_gmt":"2026-01-22T15:25:00","guid":{"rendered":"https:\/\/www.em.com.br\/emfoco\/?p=157988"},"modified":"2026-01-21T20:18:57","modified_gmt":"2026-01-21T23:18:57","slug":"de-rainhas-da-tv-a-esquecidas-o-que-aconteceu-com-as-apresentadoras-que-ja-dominaram-a-tv-brasileira","status":"publish","type":"post","link":"https:\/\/www.em.com.br\/emfoco\/2026\/01\/22\/de-rainhas-da-tv-a-esquecidas-o-que-aconteceu-com-as-apresentadoras-que-ja-dominaram-a-tv-brasileira\/","title":{"rendered":"De rainhas da TV a esquecidas! O que aconteceu com as apresentadoras que j\u00e1 dominaram a TV brasileira"},"content":{"rendered":"\n<p>Durante muitos anos, a televis\u00e3o brasileira foi marcada por apresentadoras que ocupavam o centro da programa\u00e7\u00e3o, estampavam capas de revistas e influenciavam o comportamento de diferentes gera\u00e7\u00f5es. Hoje, muitas dessas figuras vivem realidades bem distintas, seja por mudan\u00e7as no mercado, por escolhas pessoais ou por situa\u00e7\u00f5es que fugiram ao controle. A trajet\u00f3ria de nomes como Mara Maravilha, Xuxa Meneghel, M\u00e1rcia Goldschmidt e outras apresentadoras ajuda a entender como a <strong>fama na TV brasileira<\/strong> \u00e9 din\u00e2mica e, muitas vezes, imprevis\u00edvel, com recome\u00e7os discretos, dificuldades financeiras, problemas de sa\u00fade e novas formas de atua\u00e7\u00e3o fora do padr\u00e3o tradicional da televis\u00e3o aberta.<\/p>\n\n\n\n<h2 class=\"wp-block-heading\">Fama na TV brasileira mudou para as grandes apresentadoras<\/h2>\n\n\n\n<p>No v\u00eddeo do canal do YouTube @<a href=\"https:\/\/www.youtube.com\/@Simonflix\" target=\"_blank\" rel=\"noreferrer noopener\">Simonflix<\/a>, voc\u00ea relembra o auge dessas apresentadoras e entende como mudan\u00e7as na TV e escolhas pessoais transformaram suas trajet\u00f3rias ao longo dos anos.<\/p>\n\n\n\n<iframe loading=\"lazy\" width=\"1013\" height=\"570\" src=\"https:\/\/www.youtube.com\/embed\/bUCPiYHdBPA\" title=\"DE RAINHAS DA TV A ESQUECIDAS | 8 APRESENTADORAS BRASILEIRAS QUE UM DIA TIVERAM FAMA E FORTUNA!\" frameborder=\"0\" allow=\"accelerometer; autoplay; clipboard-write; encrypted-media; gyroscope; picture-in-picture; web-share\" referrerpolicy=\"strict-origin-when-cross-origin\" allowfullscreen><\/iframe>\n\n\n\n<p>A palavra-chave central deste tema \u00e9 <strong>fama na TV brasileira<\/strong>, que hoje funciona de forma bem diversa daquela dos anos 1980, 1990 e in\u00edcio dos anos 2000. Antes, a apresentadora dependia quase exclusivamente de uma grande emissora, de um programa fixo e de altos \u00edndices de audi\u00eancia, com visibilidade concentrada na TV aberta.<\/p>\n\n\n\n<p>Com o avan\u00e7o das plataformas digitais, o cen\u00e1rio se fragmentou e a aten\u00e7\u00e3o do p\u00fablico se dividiu entre streaming, redes sociais, canais independentes e conte\u00fados sob demanda. Nesse contexto, profissionais como <strong>Mara Maravilha<\/strong> sentiram diretamente os impactos e passaram a se reinventar em formatos menos tradicionais.<\/p>\n\n\n\n<h2 class=\"wp-block-heading\">Como a fama de apresentadora se transforma ao longo dos anos<\/h2>\n\n\n<div class=\"wp-block-image\">\n<figure class=\"aligncenter size-large\"><img loading=\"lazy\" decoding=\"async\" width=\"1024\" height=\"576\" src=\"https:\/\/www.em.com.br\/emfoco\/wp-content\/uploads\/2026\/01\/ChatGPT-Image-21-de-jan.-de-2026-14_45_19-1-1024x576.png\" alt=\"\" class=\"wp-image-158078\" srcset=\"https:\/\/www.em.com.br\/emfoco\/wp-content\/uploads\/2026\/01\/ChatGPT-Image-21-de-jan.-de-2026-14_45_19-1-1024x576.png 1024w, https:\/\/www.em.com.br\/emfoco\/wp-content\/uploads\/2026\/01\/ChatGPT-Image-21-de-jan.-de-2026-14_45_19-1-300x169.png 300w, https:\/\/www.em.com.br\/emfoco\/wp-content\/uploads\/2026\/01\/ChatGPT-Image-21-de-jan.-de-2026-14_45_19-1-768x432.png 768w, https:\/\/www.em.com.br\/emfoco\/wp-content\/uploads\/2026\/01\/ChatGPT-Image-21-de-jan.-de-2026-14_45_19-1-750x422.png 750w, https:\/\/www.em.com.br\/emfoco\/wp-content\/uploads\/2026\/01\/ChatGPT-Image-21-de-jan.-de-2026-14_45_19-1-1140x641.png 1140w, https:\/\/www.em.com.br\/emfoco\/wp-content\/uploads\/2026\/01\/ChatGPT-Image-21-de-jan.-de-2026-14_45_19-1.png 1280w\" sizes=\"auto, (max-width: 1024px) 100vw, 1024px\" \/><figcaption class=\"wp-element-caption\">O antes e o depois da fama na TV brasileira<\/figcaption><\/figure><\/div>\n\n\n<p>A transforma\u00e7\u00e3o da <strong>fama de apresentadoras<\/strong> envolve fatores profissionais, sociais e pessoais que se acumulam com o tempo. No caso de <strong>Xuxa Meneghel<\/strong>, que foi um dos maiores fen\u00f4menos da TV brasileira, a mudan\u00e7a n\u00e3o significou desaparecimento, mas reposicionamento diante de um p\u00fablico que envelheceu.<\/p>\n\n\n\n<p>J\u00e1 <strong>M\u00e1rcia Goldschmidt<\/strong> ilustra outro tipo de virada, ao escolher se afastar de vez da televis\u00e3o e priorizar a vida pessoal. A experi\u00eancia de <strong>Renata Sayuri<\/strong>, conhecida como Kira do \u201cBand Kids\u201d, mostra ainda o peso da sa\u00fade mental na carreira de quem cresceu diante do p\u00fablico e hoje atua quase exclusivamente nas redes sociais.<\/p>\n\n\n\n<p>Leia mais: <a href=\"https:\/\/www.em.com.br\/tecnologia\/2026\/01\/7335986-novos-emojis-estao-a-caminho-dos-celulares-confira-as-novidades.html\" target=\"_blank\" rel=\"noreferrer noopener\">Novos emojis est\u00e3o a caminho dos celulares; confira as novidades<\/a><\/p>\n\n\n\n<h2 class=\"wp-block-heading\">Quais desafios marcam o p\u00f3s-fama na televis\u00e3o brasileira<\/h2>\n\n\n\n<p>Quando se observa a <strong>fama na TV brasileira<\/strong> sob a perspectiva do \u201cantes e depois\u201d, aparecem desafios recorrentes, como finan\u00e7as, sa\u00fade, envelhecimento, press\u00e3o est\u00e9tica e mudan\u00e7a de comportamento do p\u00fablico. <strong>Mar\u00edlia Gabriela<\/strong>, por exemplo, mesmo reconhecida por entrevistas marcantes, enfrentou golpes financeiros e investimentos malsucedidos.<\/p>\n\n\n\n<p>No caso de <strong>Palmirinha Onofre<\/strong>, a trajet\u00f3ria mostra uma fama constru\u00edda tardiamente, j\u00e1 na terceira idade, com programas culin\u00e1rios que conquistaram o p\u00fablico. J\u00e1 <strong>Luciana Gimenez<\/strong> representa uma vertente mais recente, com redu\u00e7\u00e3o de espa\u00e7o em grade e maior aposta na imagem de influenciadora digital e personalidade de redes sociais.<\/p>\n\n\n\n<p>Leia mais: <a href=\"https:\/\/www.em.com.br\/galeria\/2025\/12\/72b7305487-embalagem-do-toblerone-perdeu-classica-imagem-de-montanha-da-suica-entenda.html\" target=\"_blank\" rel=\"noreferrer noopener\">Embalagem do Toblerone \u2018perdeu\u2019 cl\u00e1ssica imagem de montanha da Sui\u00e7a; entenda<\/a><\/p>\n\n\n\n<h2 class=\"wp-block-heading\">Principais fatores que influenciam a queda e a reinven\u00e7\u00e3o na TV<\/h2>\n\n\n<div class=\"wp-block-image\">\n<figure class=\"aligncenter size-large\"><img loading=\"lazy\" decoding=\"async\" width=\"1024\" height=\"576\" src=\"https:\/\/www.em.com.br\/emfoco\/wp-content\/uploads\/2026\/01\/ChatGPT-Image-21-de-jan.-de-2026-14_50_54-1-1024x576.png\" alt=\"\" class=\"wp-image-158090\" srcset=\"https:\/\/www.em.com.br\/emfoco\/wp-content\/uploads\/2026\/01\/ChatGPT-Image-21-de-jan.-de-2026-14_50_54-1-1024x576.png 1024w, https:\/\/www.em.com.br\/emfoco\/wp-content\/uploads\/2026\/01\/ChatGPT-Image-21-de-jan.-de-2026-14_50_54-1-300x169.png 300w, https:\/\/www.em.com.br\/emfoco\/wp-content\/uploads\/2026\/01\/ChatGPT-Image-21-de-jan.-de-2026-14_50_54-1-768x432.png 768w, https:\/\/www.em.com.br\/emfoco\/wp-content\/uploads\/2026\/01\/ChatGPT-Image-21-de-jan.-de-2026-14_50_54-1-750x422.png 750w, https:\/\/www.em.com.br\/emfoco\/wp-content\/uploads\/2026\/01\/ChatGPT-Image-21-de-jan.-de-2026-14_50_54-1-1140x641.png 1140w, https:\/\/www.em.com.br\/emfoco\/wp-content\/uploads\/2026\/01\/ChatGPT-Image-21-de-jan.-de-2026-14_50_54-1.png 1280w\" sizes=\"auto, (max-width: 1024px) 100vw, 1024px\" \/><figcaption class=\"wp-element-caption\">O antes e o depois da fama na TV brasileira<\/figcaption><\/figure><\/div>\n\n\n<p>A an\u00e1lise das trajet\u00f3rias dessas comunicadoras permite identificar elementos que ajudam a explicar por que tantas apresentadoras passam do auge ao afastamento ou \u00e0 reinven\u00e7\u00e3o. Esses fatores combinam mudan\u00e7as estruturais do mercado, quest\u00f5es pessoais e escolhas estrat\u00e9gicas de cada profissional ao longo da carreira.<\/p>\n\n\n\n<ul class=\"wp-block-list\">\n<li><strong>Mudan\u00e7as na ind\u00fastria:<\/strong> reestrutura\u00e7\u00f5es de emissoras, cortes de custos e aposta em formatos mais baratos ou importados.<\/li>\n\n\n\n<li><strong>Transforma\u00e7\u00f5es do p\u00fablico:<\/strong> migra\u00e7\u00e3o para streaming, redes sociais e consumo sob demanda, reduzindo a centralidade da TV aberta.<\/li>\n\n\n\n<li><strong>Quest\u00f5es pessoais:<\/strong> sa\u00fade f\u00edsica, sa\u00fade mental, maternidade, envelhecimento e prioridades familiares.<\/li>\n\n\n\n<li><strong>Imagem p\u00fablica:<\/strong> pol\u00eamicas, posicionamentos pol\u00edticos, cancelamentos e desgastes acumulados.<\/li>\n\n\n\n<li><strong>Gest\u00e3o financeira:<\/strong> investimentos arriscados, golpes, processos judiciais e perda de patrim\u00f4nio.<\/li>\n<\/ul>\n\n\n\n<p>Frente a esse cen\u00e1rio, muitas optam por novas estrat\u00e9gias de carreira para manter relev\u00e2ncia ou buscar mais privacidade. Entre as formas de reinven\u00e7\u00e3o, destaca-se a atua\u00e7\u00e3o em redes sociais, participa\u00e7\u00f5es em realities, migra\u00e7\u00e3o para canais segmentados, lan\u00e7amento de livros e cursos, al\u00e9m do retiro parcial ou total da vida p\u00fablica.<\/p>\n\n\n\n<p>As hist\u00f3rias de Mara Maravilha, Andreia Sorvet\u00e3o, Xuxa Meneghel, M\u00e1rcia Goldschmidt, Renata Sayuri, Mar\u00edlia Gabriela, Palmirinha Onofre e Luciana Gimenez mostram que a <strong>fama na TV brasileira<\/strong> n\u00e3o \u00e9 est\u00e1tica. O brilho do auge, as dificuldades do p\u00f3s-fama e as tentativas de recome\u00e7o fazem parte de um mesmo percurso, acompanhado de perto por quem cresceu assistindo a essas apresentadoras e ainda guarda suas lembran\u00e7as na mem\u00f3ria coletiva.<\/p>\n","protected":false},"excerpt":{"rendered":"<p>Durante muitos anos, a televis\u00e3o brasileira foi marcada por apresentadoras que ocupavam o centro da programa\u00e7\u00e3o, estampavam capas de revistas e influenciavam o comportamento de diferentes gera\u00e7\u00f5es. Hoje, muitas dessas figuras vivem realidades bem distintas, seja por mudan\u00e7as no mercado, por escolhas pessoais ou por situa\u00e7\u00f5es que fugiram ao controle. A trajet\u00f3ria de nomes como [&hellip;]<\/p>\n","protected":false},"author":20,"featured_media":158074,"comment_status":"open","ping_status":"open","sticky":false,"template":"","format":"standard","meta":{"jnews-multi-image_gallery":[],"jnews_single_post":{"format":"standard"},"jnews_primary_category":[],"jnews_social_meta":[],"jnews_override_counter":[],"footnotes":""},"categories":[8819,1],"tags":[23092,9858,23089,23090],"class_list":["post-157988","post","type-post","status-publish","format-standard","has-post-thumbnail","hentry","category-curiosidades","category-noticias","tag-apresentadoras","tag-esquecimento","tag-fama-na-tv","tag-xuxa"],"yoast_head":"<!-- This site is optimized with the Yoast SEO plugin v23.8 - https:\/\/yoast.com\/wordpress\/plugins\/seo\/ -->\n<title>De rainhas da TV a esquecidas! O que aconteceu com as apresentadoras que j\u00e1 dominaram a TV brasileira - Estado de Minas - Em foco<\/title>\n<meta name=\"description\" content=\"Da gl\u00f3ria no hor\u00e1rio nobre ao afastamento da TV, entenda como mudan\u00e7as no mercado transformaram a vida de apresentadoras famosas.\" \/>\n<meta name=\"robots\" content=\"index, follow, max-snippet:-1, max-image-preview:large, max-video-preview:-1\" \/>\n<link rel=\"canonical\" href=\"https:\/\/www.em.com.br\/emfoco\/2026\/01\/22\/de-rainhas-da-tv-a-esquecidas-o-que-aconteceu-com-as-apresentadoras-que-ja-dominaram-a-tv-brasileira\/\" \/>\n<meta property=\"og:locale\" content=\"pt_BR\" \/>\n<meta property=\"og:type\" content=\"article\" \/>\n<meta property=\"og:title\" content=\"De rainhas da TV a esquecidas! O que aconteceu com as apresentadoras que j\u00e1 dominaram a TV brasileira - Estado de Minas - Em foco\" \/>\n<meta property=\"og:description\" content=\"Da gl\u00f3ria no hor\u00e1rio nobre ao afastamento da TV, entenda como mudan\u00e7as no mercado transformaram a vida de apresentadoras famosas.\" \/>\n<meta property=\"og:url\" content=\"https:\/\/www.em.com.br\/emfoco\/2026\/01\/22\/de-rainhas-da-tv-a-esquecidas-o-que-aconteceu-com-as-apresentadoras-que-ja-dominaram-a-tv-brasileira\/\" \/>\n<meta property=\"og:site_name\" content=\"Estado de Minas - Em foco\" \/>\n<meta property=\"article:published_time\" content=\"2026-01-22T15:25:00+00:00\" \/>\n<meta property=\"article:modified_time\" content=\"2026-01-21T23:18:57+00:00\" \/>\n<meta property=\"og:image\" content=\"https:\/\/www.em.com.br\/emfoco\/wp-content\/uploads\/2026\/01\/ChatGPT-Image-21-de-jan.-de-2026-14_43_26-1.png\" \/>\n\t<meta property=\"og:image:width\" content=\"1280\" \/>\n\t<meta property=\"og:image:height\" content=\"720\" \/>\n\t<meta property=\"og:image:type\" content=\"image\/png\" \/>\n<meta name=\"author\" content=\"Ingrid Diniz\" \/>\n<meta name=\"twitter:card\" content=\"summary_large_image\" \/>\n<meta name=\"twitter:label1\" content=\"Escrito por\" \/>\n\t<meta name=\"twitter:data1\" content=\"Ingrid Diniz\" \/>\n\t<meta name=\"twitter:label2\" content=\"Est. tempo de leitura\" \/>\n\t<meta name=\"twitter:data2\" content=\"5 minutos\" \/>\n<!-- \/ Yoast SEO plugin. -->","yoast_head_json":{"title":"De rainhas da TV a esquecidas! O que aconteceu com as apresentadoras que j\u00e1 dominaram a TV brasileira - Estado de Minas - Em foco","description":"Da gl\u00f3ria no hor\u00e1rio nobre ao afastamento da TV, entenda como mudan\u00e7as no mercado transformaram a vida de apresentadoras famosas.","robots":{"index":"index","follow":"follow","max-snippet":"max-snippet:-1","max-image-preview":"max-image-preview:large","max-video-preview":"max-video-preview:-1"},"canonical":"https:\/\/www.em.com.br\/emfoco\/2026\/01\/22\/de-rainhas-da-tv-a-esquecidas-o-que-aconteceu-com-as-apresentadoras-que-ja-dominaram-a-tv-brasileira\/","og_locale":"pt_BR","og_type":"article","og_title":"De rainhas da TV a esquecidas! O que aconteceu com as apresentadoras que j\u00e1 dominaram a TV brasileira - Estado de Minas - Em foco","og_description":"Da gl\u00f3ria no hor\u00e1rio nobre ao afastamento da TV, entenda como mudan\u00e7as no mercado transformaram a vida de apresentadoras famosas.","og_url":"https:\/\/www.em.com.br\/emfoco\/2026\/01\/22\/de-rainhas-da-tv-a-esquecidas-o-que-aconteceu-com-as-apresentadoras-que-ja-dominaram-a-tv-brasileira\/","og_site_name":"Estado de Minas - Em foco","article_published_time":"2026-01-22T15:25:00+00:00","article_modified_time":"2026-01-21T23:18:57+00:00","og_image":[{"width":1280,"height":720,"url":"https:\/\/www.em.com.br\/emfoco\/wp-content\/uploads\/2026\/01\/ChatGPT-Image-21-de-jan.-de-2026-14_43_26-1.png","type":"image\/png"}],"author":"Ingrid Diniz","twitter_card":"summary_large_image","twitter_misc":{"Escrito por":"Ingrid Diniz","Est. tempo de leitura":"5 minutos"},"schema":{"@context":"https:\/\/schema.org","@graph":[{"@type":"WebPage","@id":"https:\/\/www.em.com.br\/emfoco\/2026\/01\/22\/de-rainhas-da-tv-a-esquecidas-o-que-aconteceu-com-as-apresentadoras-que-ja-dominaram-a-tv-brasileira\/","url":"https:\/\/www.em.com.br\/emfoco\/2026\/01\/22\/de-rainhas-da-tv-a-esquecidas-o-que-aconteceu-com-as-apresentadoras-que-ja-dominaram-a-tv-brasileira\/","name":"De rainhas da TV a esquecidas! O que aconteceu com as apresentadoras que j\u00e1 dominaram a TV brasileira - Estado de Minas - Em foco","isPartOf":{"@id":"https:\/\/www.em.com.br\/emfoco\/#website"},"primaryImageOfPage":{"@id":"https:\/\/www.em.com.br\/emfoco\/2026\/01\/22\/de-rainhas-da-tv-a-esquecidas-o-que-aconteceu-com-as-apresentadoras-que-ja-dominaram-a-tv-brasileira\/#primaryimage"},"image":{"@id":"https:\/\/www.em.com.br\/emfoco\/2026\/01\/22\/de-rainhas-da-tv-a-esquecidas-o-que-aconteceu-com-as-apresentadoras-que-ja-dominaram-a-tv-brasileira\/#primaryimage"},"thumbnailUrl":"https:\/\/www.em.com.br\/emfoco\/wp-content\/uploads\/2026\/01\/ChatGPT-Image-21-de-jan.-de-2026-14_43_26-1.png","datePublished":"2026-01-22T15:25:00+00:00","dateModified":"2026-01-21T23:18:57+00:00","author":{"@id":"https:\/\/www.em.com.br\/emfoco\/#\/schema\/person\/649e610b4eb8fff87ff394e54fe17b2b"},"description":"Da gl\u00f3ria no hor\u00e1rio nobre ao afastamento da TV, entenda como mudan\u00e7as no mercado transformaram a vida de apresentadoras famosas.","breadcrumb":{"@id":"https:\/\/www.em.com.br\/emfoco\/2026\/01\/22\/de-rainhas-da-tv-a-esquecidas-o-que-aconteceu-com-as-apresentadoras-que-ja-dominaram-a-tv-brasileira\/#breadcrumb"},"inLanguage":"pt-BR","potentialAction":[{"@type":"ReadAction","target":["https:\/\/www.em.com.br\/emfoco\/2026\/01\/22\/de-rainhas-da-tv-a-esquecidas-o-que-aconteceu-com-as-apresentadoras-que-ja-dominaram-a-tv-brasileira\/"]}]},{"@type":"ImageObject","inLanguage":"pt-BR","@id":"https:\/\/www.em.com.br\/emfoco\/2026\/01\/22\/de-rainhas-da-tv-a-esquecidas-o-que-aconteceu-com-as-apresentadoras-que-ja-dominaram-a-tv-brasileira\/#primaryimage","url":"https:\/\/www.em.com.br\/emfoco\/wp-content\/uploads\/2026\/01\/ChatGPT-Image-21-de-jan.-de-2026-14_43_26-1.png","contentUrl":"https:\/\/www.em.com.br\/emfoco\/wp-content\/uploads\/2026\/01\/ChatGPT-Image-21-de-jan.-de-2026-14_43_26-1.png","width":1280,"height":720,"caption":"O antes e o depois da fama na TV brasileira"},{"@type":"BreadcrumbList","@id":"https:\/\/www.em.com.br\/emfoco\/2026\/01\/22\/de-rainhas-da-tv-a-esquecidas-o-que-aconteceu-com-as-apresentadoras-que-ja-dominaram-a-tv-brasileira\/#breadcrumb","itemListElement":[{"@type":"ListItem","position":1,"name":"In\u00edcio","item":"https:\/\/www.em.com.br\/emfoco\/"},{"@type":"ListItem","position":2,"name":"De rainhas da TV a esquecidas! O que aconteceu com as apresentadoras que j\u00e1 dominaram a TV brasileira"}]},{"@type":"WebSite","@id":"https:\/\/www.em.com.br\/emfoco\/#website","url":"https:\/\/www.em.com.br\/emfoco\/","name":"Estado de Minas - Em foco","description":"Acompanhe as \u00faltimas not\u00edcias e fique bem informado sobre tudo o que acontece em Minas Gerais, Brasil e no mundo.","potentialAction":[{"@type":"SearchAction","target":{"@type":"EntryPoint","urlTemplate":"https:\/\/www.em.com.br\/emfoco\/?s={search_term_string}"},"query-input":{"@type":"PropertyValueSpecification","valueRequired":true,"valueName":"search_term_string"}}],"inLanguage":"pt-BR"},{"@type":"Person","@id":"https:\/\/www.em.com.br\/emfoco\/#\/schema\/person\/649e610b4eb8fff87ff394e54fe17b2b","name":"Ingrid Diniz","image":{"@type":"ImageObject","inLanguage":"pt-BR","@id":"https:\/\/www.em.com.br\/emfoco\/#\/schema\/person\/image\/","url":"https:\/\/secure.gravatar.com\/avatar\/a3baa1449ec5c39b4c42babc9d4f3951?s=96&d=mm&r=g","contentUrl":"https:\/\/secure.gravatar.com\/avatar\/a3baa1449ec5c39b4c42babc9d4f3951?s=96&d=mm&r=g","caption":"Ingrid Diniz"},"sameAs":["https:\/\/www.em.com.br\/"],"url":"https:\/\/www.em.com.br\/emfoco\/author\/ingridmyth\/"}]}},"_links":{"self":[{"href":"https:\/\/www.em.com.br\/emfoco\/wp-json\/wp\/v2\/posts\/157988","targetHints":{"allow":["GET"]}}],"collection":[{"href":"https:\/\/www.em.com.br\/emfoco\/wp-json\/wp\/v2\/posts"}],"about":[{"href":"https:\/\/www.em.com.br\/emfoco\/wp-json\/wp\/v2\/types\/post"}],"author":[{"embeddable":true,"href":"https:\/\/www.em.com.br\/emfoco\/wp-json\/wp\/v2\/users\/20"}],"replies":[{"embeddable":true,"href":"https:\/\/www.em.com.br\/emfoco\/wp-json\/wp\/v2\/comments?post=157988"}],"version-history":[{"count":1,"href":"https:\/\/www.em.com.br\/emfoco\/wp-json\/wp\/v2\/posts\/157988\/revisions"}],"predecessor-version":[{"id":158093,"href":"https:\/\/www.em.com.br\/emfoco\/wp-json\/wp\/v2\/posts\/157988\/revisions\/158093"}],"wp:featuredmedia":[{"embeddable":true,"href":"https:\/\/www.em.com.br\/emfoco\/wp-json\/wp\/v2\/media\/158074"}],"wp:attachment":[{"href":"https:\/\/www.em.com.br\/emfoco\/wp-json\/wp\/v2\/media?parent=157988"}],"wp:term":[{"taxonomy":"category","embeddable":true,"href":"https:\/\/www.em.com.br\/emfoco\/wp-json\/wp\/v2\/categories?post=157988"},{"taxonomy":"post_tag","embeddable":true,"href":"https:\/\/www.em.com.br\/emfoco\/wp-json\/wp\/v2\/tags?post=157988"}],"curies":[{"name":"wp","href":"https:\/\/api.w.org\/{rel}","templated":true}]}}