{"id":157986,"date":"2026-01-22T09:35:00","date_gmt":"2026-01-22T12:35:00","guid":{"rendered":"https:\/\/www.em.com.br\/emfoco\/?p=157986"},"modified":"2026-01-21T14:19:15","modified_gmt":"2026-01-21T17:19:15","slug":"tendencias-de-2026-e-dicas-que-vao-deixar-sua-casa-moderna-e-aconchegante","status":"publish","type":"post","link":"https:\/\/www.em.com.br\/emfoco\/2026\/01\/22\/tendencias-de-2026-e-dicas-que-vao-deixar-sua-casa-moderna-e-aconchegante\/","title":{"rendered":"Tend\u00eancias de 2026 e dicas que v\u00e3o deixar sua casa moderna e aconchegante"},"content":{"rendered":"\n<p>A decora\u00e7\u00e3o residencial em 2026 se volta cada vez mais para o bem-estar, buscando criar casas que transmitam conforto, calma e identidade. Em vez de reformas complexas, o foco est\u00e1 em ajustes inteligentes com materiais, cores, ilumina\u00e7\u00e3o e objetos com significado, entendendo a <strong>decora\u00e7\u00e3o residencial<\/strong> como um conjunto de decis\u00f5es que afetam diretamente a rotina e a sensa\u00e7\u00e3o de acolhimento.<\/p>\n\n\n\n<h2 class=\"wp-block-heading\">Por que a decora\u00e7\u00e3o residencial se relaciona tanto com bem-estar em 2026<\/h2>\n\n\n\n<p>No v\u00eddeo do canal @<a href=\"https:\/\/www.youtube.com\/@EncantoHome\" target=\"_blank\" rel=\"noreferrer noopener\">Encanto Home<\/a> no YouTube, s\u00e3o apresentados exemplos pr\u00e1ticos de como aplicar essas tend\u00eancias de decora\u00e7\u00e3o residencial em 2026, com foco em conforto, escolhas acess\u00edveis e cria\u00e7\u00e3o de ambientes mais acolhedores no dia a dia.<\/p>\n\n\n\n<iframe loading=\"lazy\" width=\"1013\" height=\"570\" src=\"https:\/\/www.youtube.com\/embed\/Dhx3-2OBCTI\" title=\"Tend\u00eancias 2026 10 Dicas que V\u00e3o Deixar Sua Casa Moderna e Aconchegante\" frameborder=\"0\" allow=\"accelerometer; autoplay; clipboard-write; encrypted-media; gyroscope; picture-in-picture; web-share\" referrerpolicy=\"strict-origin-when-cross-origin\" allowfullscreen><\/iframe>\n\n\n\n<p>Com a rotina cada vez mais centrada em casa, a <strong>decora\u00e7\u00e3o residencial em 2026<\/strong> deixa de ser somente est\u00e9tica e passa a dialogar com conforto f\u00edsico e mental. Ambientes muito carregados visualmente cedem espa\u00e7o a composi\u00e7\u00f5es equilibradas, com cores que acalmam, superf\u00edcies agrad\u00e1veis e mobili\u00e1rio que favorece a circula\u00e7\u00e3o.<\/p>\n\n\n\n<p>Tamb\u00e9m cresce a busca por escolhas conscientes: materiais dur\u00e1veis, pe\u00e7as feitas \u00e0 m\u00e3o, m\u00f3veis reaproveitados e menor desperd\u00edcio. Em vez de trocar tudo de uma vez, muitos moradores optam por mudan\u00e7as graduais, o que torna a decora\u00e7\u00e3o mais acess\u00edvel financeiramente e permite testar estilos sem comprometer o or\u00e7amento.<\/p>\n\n\n\n<h2 class=\"wp-block-heading\">Como a decora\u00e7\u00e3o residencial em 2026 incorpora natureza, texturas e cores<\/h2>\n\n\n\n<p>Entre as tend\u00eancias mais fortes est\u00e1 a conex\u00e3o com a natureza dentro de casa, por meio de plantas em vasos, jardins verticais simples e arranjos em prateleiras. Esp\u00e9cies de f\u00e1cil manuten\u00e7\u00e3o, como jiboia, espada-de-s\u00e3o-jorge e suculentas, s\u00e3o ideais para apartamentos e casas com pouco tempo para cuidados di\u00e1rios.<\/p>\n\n\n\n<p>Os <strong>materiais naturais<\/strong> assumem papel central: madeira em tons m\u00e9dios ou claros, pedras como granito, m\u00e1rmore e quartzito, al\u00e9m de tramas em palha, fibras vegetais e bambu. Nos tecidos, linho, algod\u00e3o e bucl\u00ea ganham espa\u00e7o, enquanto bases neutras em sof\u00e1s facilitam a troca de cores em almofadas, mantas, cortinas e tapetes.<\/p>\n\n\n\n<p>Leia mais: <a href=\"https:\/\/www.em.com.br\/saude\/2026\/01\/7336265-calor-praia-e-biquini-saiba-os-cuidados-essenciais-com-a-regiao-intima.html\" target=\"_blank\" rel=\"noreferrer noopener\">Calor, praia e biqu\u00edni: saiba os cuidados essenciais com a regi\u00e3o \u00edntima<\/a><\/p>\n\n\n\n<h2 class=\"wp-block-heading\">Quais elementos trazem mais identidade \u00e0 decora\u00e7\u00e3o residencial<\/h2>\n\n\n<div class=\"wp-block-image\">\n<figure class=\"aligncenter size-large\"><img loading=\"lazy\" decoding=\"async\" width=\"1024\" height=\"576\" src=\"https:\/\/www.em.com.br\/emfoco\/wp-content\/uploads\/2026\/01\/ChatGPT-Image-21-de-jan.-de-2026-14_15_03-1-1024x576.png\" alt=\"Tend\u00eancias de 2026 e dicas que v\u00e3o deixar sua casa moderna e aconchegante\" class=\"wp-image-158053\" srcset=\"https:\/\/www.em.com.br\/emfoco\/wp-content\/uploads\/2026\/01\/ChatGPT-Image-21-de-jan.-de-2026-14_15_03-1-1024x576.png 1024w, https:\/\/www.em.com.br\/emfoco\/wp-content\/uploads\/2026\/01\/ChatGPT-Image-21-de-jan.-de-2026-14_15_03-1-300x169.png 300w, https:\/\/www.em.com.br\/emfoco\/wp-content\/uploads\/2026\/01\/ChatGPT-Image-21-de-jan.-de-2026-14_15_03-1-768x432.png 768w, https:\/\/www.em.com.br\/emfoco\/wp-content\/uploads\/2026\/01\/ChatGPT-Image-21-de-jan.-de-2026-14_15_03-1-750x422.png 750w, https:\/\/www.em.com.br\/emfoco\/wp-content\/uploads\/2026\/01\/ChatGPT-Image-21-de-jan.-de-2026-14_15_03-1-1140x641.png 1140w, https:\/\/www.em.com.br\/emfoco\/wp-content\/uploads\/2026\/01\/ChatGPT-Image-21-de-jan.-de-2026-14_15_03-1.png 1280w\" sizes=\"auto, (max-width: 1024px) 100vw, 1024px\" \/><figcaption class=\"wp-element-caption\">Ideias de decora\u00e7\u00e3o que deixam a casa mais acolhedora<\/figcaption><\/figure><\/div>\n\n\n<p>Um ponto importante de 2026 \u00e9 a valoriza\u00e7\u00e3o da <strong>decora\u00e7\u00e3o afetiva<\/strong>, com m\u00f3veis herdados, objetos antigos, pe\u00e7as de fam\u00edlia e itens garimpados em brech\u00f3s. Em vez de descartar, muitos moradores optam por reparos, nova pintura ou troca de puxadores e estofados, criando pe\u00e7as exclusivas com mem\u00f3ria e hist\u00f3ria.<\/p>\n\n\n\n<p>O artesanato local tamb\u00e9m ganha destaque, com tapetes feitos \u00e0 m\u00e3o, cer\u00e2micas, esculturas e bandejas produzidas por artes\u00e3os regionais. Para quem deseja ajustar o visual sem grandes interven\u00e7\u00f5es, algumas a\u00e7\u00f5es simples costumam ter efeito imediato e podem ser aplicadas em diferentes c\u00f4modos da casa:<\/p>\n\n\n\n<ul class=\"wp-block-list\">\n<li>Trocar capas de almofadas por vers\u00f5es com novas cores e texturas.<\/li>\n\n\n\n<li>Inserir um tapete maior para delimitar salas integradas.<\/li>\n\n\n\n<li>Adicionar plantas em pontos estrat\u00e9gicos, como cantos vazios ou prateleiras.<\/li>\n\n\n\n<li>Reorganizar quadros, fotos e lembran\u00e7as em uma \u00fanica parede tem\u00e1tica.<\/li>\n\n\n\n<li>Substituir lumin\u00e1rias antigas por modelos que permitam luz indireta.<\/li>\n<\/ul>\n\n\n\n<p>Leia mais: <a href=\"https:\/\/www.em.com.br\/saude\/2026\/01\/7337348-biomarcador-em-leucocitos-e-potencial-preditor-de-depressao.html\" target=\"_blank\" rel=\"noreferrer noopener\">Biomarcador em leuc\u00f3citos \u00e9 potencial preditor de depress\u00e3o<\/a><\/p>\n\n\n\n<h2 class=\"wp-block-heading\">Como aplicar a decora\u00e7\u00e3o residencial em 2026 sem gastar muito<\/h2>\n\n\n\n<p>Para seguir as tend\u00eancias de <strong>decora\u00e7\u00e3o residencial<\/strong> com equil\u00edbrio, a orienta\u00e7\u00e3o geral \u00e9 come\u00e7ar por uma base neutra e fazer testes com elementos menores. Paredes claras, pisos discretos e m\u00f3veis principais em tons suaves criam um \u201cfundo\u201d vers\u00e1til, que recebe bem diferentes estilos e facilita a atualiza\u00e7\u00e3o ao longo do tempo.<\/p>\n\n\n\n<ol class=\"wp-block-list\">\n<li><strong>Organizar e esvaziar excessos<\/strong>: antes de comprar novos itens, muitos moradores revisam o que j\u00e1 t\u00eam, separando o que ser\u00e1 mantido, doado ou reaproveitado.<\/li>\n\n\n\n<li><strong>Definir uma paleta de cores<\/strong>: escolher de tr\u00eas a cinco cores principais, incluindo neutros e terrosos, ajuda a manter unidade visual em todos os c\u00f4modos.<\/li>\n\n\n\n<li><strong>Investir em ilumina\u00e7\u00e3o indireta<\/strong>: abajures, arandelas e fitas de LED em nichos tornam a luz mais suave, adequada para descanso.<\/li>\n\n\n\n<li><strong>Introduzir formas org\u00e2nicas<\/strong>: mesas com cantos arredondados, espelhos ovais e sof\u00e1s curvos suavizam o espa\u00e7o e reduzem a rigidez.<\/li>\n\n\n\n<li><strong>Explorar texturas<\/strong>: paredes ripadas, pain\u00e9is de madeira, mantas, tapetes felpudos ou de fibras naturais criam camadas visuais e t\u00e1teis.<\/li>\n<\/ol>\n\n\n\n<p>No fim, a decora\u00e7\u00e3o residencial em 2026 se orienta por um princ\u00edpio simples: a casa deve representar quem mora nela e atender \u00e0s necessidades di\u00e1rias com funcionalidade. Tend\u00eancias servem como inspira\u00e7\u00e3o, mas a prioridade recai sobre conforto, significado e possibilidade de adapta\u00e7\u00e3o ao longo do tempo.<\/p>\n","protected":false},"excerpt":{"rendered":"<p>A decora\u00e7\u00e3o residencial em 2026 se volta cada vez mais para o bem-estar, buscando criar casas que transmitam conforto, calma e identidade. Em vez de reformas complexas, o foco est\u00e1 em ajustes inteligentes com materiais, cores, ilumina\u00e7\u00e3o e objetos com significado, entendendo a decora\u00e7\u00e3o residencial como um conjunto de decis\u00f5es que afetam diretamente a rotina [&hellip;]<\/p>\n","protected":false},"author":20,"featured_media":158056,"comment_status":"open","ping_status":"open","sticky":false,"template":"","format":"standard","meta":{"jnews-multi-image_gallery":[],"jnews_single_post":{"format":"standard"},"jnews_primary_category":[],"jnews_social_meta":[],"jnews_override_counter":[],"footnotes":""},"categories":[8819,1],"tags":[2433,2911,4687],"class_list":["post-157986","post","type-post","status-publish","format-standard","has-post-thumbnail","hentry","category-curiosidades","category-noticias","tag-2433","tag-casa","tag-decoracao"],"yoast_head":"<!-- This site is optimized with the Yoast SEO plugin v23.8 - https:\/\/yoast.com\/wordpress\/plugins\/seo\/ -->\n<title>Tend\u00eancias de 2026 e dicas que v\u00e3o deixar sua casa moderna e aconchegante - Estado de Minas - Em foco<\/title>\n<meta name=\"description\" content=\"Cores, materiais e escolhas simples que transformam a decora\u00e7\u00e3o residencial em 2026, priorizando conforto, identidade e bem-estar no dia a dia.\" \/>\n<meta name=\"robots\" content=\"index, follow, max-snippet:-1, max-image-preview:large, max-video-preview:-1\" \/>\n<link rel=\"canonical\" href=\"https:\/\/www.em.com.br\/emfoco\/2026\/01\/22\/tendencias-de-2026-e-dicas-que-vao-deixar-sua-casa-moderna-e-aconchegante\/\" \/>\n<meta property=\"og:locale\" content=\"pt_BR\" \/>\n<meta property=\"og:type\" content=\"article\" \/>\n<meta property=\"og:title\" content=\"Tend\u00eancias de 2026 e dicas que v\u00e3o deixar sua casa moderna e aconchegante - Estado de Minas - Em foco\" \/>\n<meta property=\"og:description\" content=\"Cores, materiais e escolhas simples que transformam a decora\u00e7\u00e3o residencial em 2026, priorizando conforto, identidade e bem-estar no dia a dia.\" \/>\n<meta property=\"og:url\" content=\"https:\/\/www.em.com.br\/emfoco\/2026\/01\/22\/tendencias-de-2026-e-dicas-que-vao-deixar-sua-casa-moderna-e-aconchegante\/\" \/>\n<meta property=\"og:site_name\" content=\"Estado de Minas - Em foco\" \/>\n<meta property=\"article:published_time\" content=\"2026-01-22T12:35:00+00:00\" \/>\n<meta property=\"article:modified_time\" content=\"2026-01-21T17:19:15+00:00\" \/>\n<meta property=\"og:image\" content=\"https:\/\/www.em.com.br\/emfoco\/wp-content\/uploads\/2026\/01\/ChatGPT-Image-21-de-jan.-de-2026-14_17_58-1.png\" \/>\n\t<meta property=\"og:image:width\" content=\"1280\" \/>\n\t<meta property=\"og:image:height\" content=\"720\" \/>\n\t<meta property=\"og:image:type\" content=\"image\/png\" \/>\n<meta name=\"author\" content=\"Ingrid Diniz\" \/>\n<meta name=\"twitter:card\" content=\"summary_large_image\" \/>\n<meta name=\"twitter:label1\" content=\"Escrito por\" \/>\n\t<meta name=\"twitter:data1\" content=\"Ingrid Diniz\" \/>\n\t<meta name=\"twitter:label2\" content=\"Est. tempo de leitura\" \/>\n\t<meta name=\"twitter:data2\" content=\"5 minutos\" \/>\n<!-- \/ Yoast SEO plugin. -->","yoast_head_json":{"title":"Tend\u00eancias de 2026 e dicas que v\u00e3o deixar sua casa moderna e aconchegante - Estado de Minas - Em foco","description":"Cores, materiais e escolhas simples que transformam a decora\u00e7\u00e3o residencial em 2026, priorizando conforto, identidade e bem-estar no dia a dia.","robots":{"index":"index","follow":"follow","max-snippet":"max-snippet:-1","max-image-preview":"max-image-preview:large","max-video-preview":"max-video-preview:-1"},"canonical":"https:\/\/www.em.com.br\/emfoco\/2026\/01\/22\/tendencias-de-2026-e-dicas-que-vao-deixar-sua-casa-moderna-e-aconchegante\/","og_locale":"pt_BR","og_type":"article","og_title":"Tend\u00eancias de 2026 e dicas que v\u00e3o deixar sua casa moderna e aconchegante - Estado de Minas - Em foco","og_description":"Cores, materiais e escolhas simples que transformam a decora\u00e7\u00e3o residencial em 2026, priorizando conforto, identidade e bem-estar no dia a dia.","og_url":"https:\/\/www.em.com.br\/emfoco\/2026\/01\/22\/tendencias-de-2026-e-dicas-que-vao-deixar-sua-casa-moderna-e-aconchegante\/","og_site_name":"Estado de Minas - Em foco","article_published_time":"2026-01-22T12:35:00+00:00","article_modified_time":"2026-01-21T17:19:15+00:00","og_image":[{"width":1280,"height":720,"url":"https:\/\/www.em.com.br\/emfoco\/wp-content\/uploads\/2026\/01\/ChatGPT-Image-21-de-jan.-de-2026-14_17_58-1.png","type":"image\/png"}],"author":"Ingrid Diniz","twitter_card":"summary_large_image","twitter_misc":{"Escrito por":"Ingrid Diniz","Est. tempo de leitura":"5 minutos"},"schema":{"@context":"https:\/\/schema.org","@graph":[{"@type":"WebPage","@id":"https:\/\/www.em.com.br\/emfoco\/2026\/01\/22\/tendencias-de-2026-e-dicas-que-vao-deixar-sua-casa-moderna-e-aconchegante\/","url":"https:\/\/www.em.com.br\/emfoco\/2026\/01\/22\/tendencias-de-2026-e-dicas-que-vao-deixar-sua-casa-moderna-e-aconchegante\/","name":"Tend\u00eancias de 2026 e dicas que v\u00e3o deixar sua casa moderna e aconchegante - Estado de Minas - Em foco","isPartOf":{"@id":"https:\/\/www.em.com.br\/emfoco\/#website"},"primaryImageOfPage":{"@id":"https:\/\/www.em.com.br\/emfoco\/2026\/01\/22\/tendencias-de-2026-e-dicas-que-vao-deixar-sua-casa-moderna-e-aconchegante\/#primaryimage"},"image":{"@id":"https:\/\/www.em.com.br\/emfoco\/2026\/01\/22\/tendencias-de-2026-e-dicas-que-vao-deixar-sua-casa-moderna-e-aconchegante\/#primaryimage"},"thumbnailUrl":"https:\/\/www.em.com.br\/emfoco\/wp-content\/uploads\/2026\/01\/ChatGPT-Image-21-de-jan.-de-2026-14_17_58-1.png","datePublished":"2026-01-22T12:35:00+00:00","dateModified":"2026-01-21T17:19:15+00:00","author":{"@id":"https:\/\/www.em.com.br\/emfoco\/#\/schema\/person\/649e610b4eb8fff87ff394e54fe17b2b"},"description":"Cores, materiais e escolhas simples que transformam a decora\u00e7\u00e3o residencial em 2026, priorizando conforto, identidade e bem-estar no dia a dia.","breadcrumb":{"@id":"https:\/\/www.em.com.br\/emfoco\/2026\/01\/22\/tendencias-de-2026-e-dicas-que-vao-deixar-sua-casa-moderna-e-aconchegante\/#breadcrumb"},"inLanguage":"pt-BR","potentialAction":[{"@type":"ReadAction","target":["https:\/\/www.em.com.br\/emfoco\/2026\/01\/22\/tendencias-de-2026-e-dicas-que-vao-deixar-sua-casa-moderna-e-aconchegante\/"]}]},{"@type":"ImageObject","inLanguage":"pt-BR","@id":"https:\/\/www.em.com.br\/emfoco\/2026\/01\/22\/tendencias-de-2026-e-dicas-que-vao-deixar-sua-casa-moderna-e-aconchegante\/#primaryimage","url":"https:\/\/www.em.com.br\/emfoco\/wp-content\/uploads\/2026\/01\/ChatGPT-Image-21-de-jan.-de-2026-14_17_58-1.png","contentUrl":"https:\/\/www.em.com.br\/emfoco\/wp-content\/uploads\/2026\/01\/ChatGPT-Image-21-de-jan.-de-2026-14_17_58-1.png","width":1280,"height":720,"caption":"Minimalismo japon\u00eas transforma sua casa em um ref\u00fagio de paz"},{"@type":"BreadcrumbList","@id":"https:\/\/www.em.com.br\/emfoco\/2026\/01\/22\/tendencias-de-2026-e-dicas-que-vao-deixar-sua-casa-moderna-e-aconchegante\/#breadcrumb","itemListElement":[{"@type":"ListItem","position":1,"name":"In\u00edcio","item":"https:\/\/www.em.com.br\/emfoco\/"},{"@type":"ListItem","position":2,"name":"Tend\u00eancias de 2026 e dicas que v\u00e3o deixar sua casa moderna e aconchegante"}]},{"@type":"WebSite","@id":"https:\/\/www.em.com.br\/emfoco\/#website","url":"https:\/\/www.em.com.br\/emfoco\/","name":"Estado de Minas - Em foco","description":"Acompanhe as \u00faltimas not\u00edcias e fique bem informado sobre tudo o que acontece em Minas Gerais, Brasil e no mundo.","potentialAction":[{"@type":"SearchAction","target":{"@type":"EntryPoint","urlTemplate":"https:\/\/www.em.com.br\/emfoco\/?s={search_term_string}"},"query-input":{"@type":"PropertyValueSpecification","valueRequired":true,"valueName":"search_term_string"}}],"inLanguage":"pt-BR"},{"@type":"Person","@id":"https:\/\/www.em.com.br\/emfoco\/#\/schema\/person\/649e610b4eb8fff87ff394e54fe17b2b","name":"Ingrid Diniz","image":{"@type":"ImageObject","inLanguage":"pt-BR","@id":"https:\/\/www.em.com.br\/emfoco\/#\/schema\/person\/image\/","url":"https:\/\/secure.gravatar.com\/avatar\/a3baa1449ec5c39b4c42babc9d4f3951?s=96&d=mm&r=g","contentUrl":"https:\/\/secure.gravatar.com\/avatar\/a3baa1449ec5c39b4c42babc9d4f3951?s=96&d=mm&r=g","caption":"Ingrid Diniz"},"sameAs":["https:\/\/www.em.com.br\/"],"url":"https:\/\/www.em.com.br\/emfoco\/author\/ingridmyth\/"}]}},"_links":{"self":[{"href":"https:\/\/www.em.com.br\/emfoco\/wp-json\/wp\/v2\/posts\/157986","targetHints":{"allow":["GET"]}}],"collection":[{"href":"https:\/\/www.em.com.br\/emfoco\/wp-json\/wp\/v2\/posts"}],"about":[{"href":"https:\/\/www.em.com.br\/emfoco\/wp-json\/wp\/v2\/types\/post"}],"author":[{"embeddable":true,"href":"https:\/\/www.em.com.br\/emfoco\/wp-json\/wp\/v2\/users\/20"}],"replies":[{"embeddable":true,"href":"https:\/\/www.em.com.br\/emfoco\/wp-json\/wp\/v2\/comments?post=157986"}],"version-history":[{"count":1,"href":"https:\/\/www.em.com.br\/emfoco\/wp-json\/wp\/v2\/posts\/157986\/revisions"}],"predecessor-version":[{"id":158057,"href":"https:\/\/www.em.com.br\/emfoco\/wp-json\/wp\/v2\/posts\/157986\/revisions\/158057"}],"wp:featuredmedia":[{"embeddable":true,"href":"https:\/\/www.em.com.br\/emfoco\/wp-json\/wp\/v2\/media\/158056"}],"wp:attachment":[{"href":"https:\/\/www.em.com.br\/emfoco\/wp-json\/wp\/v2\/media?parent=157986"}],"wp:term":[{"taxonomy":"category","embeddable":true,"href":"https:\/\/www.em.com.br\/emfoco\/wp-json\/wp\/v2\/categories?post=157986"},{"taxonomy":"post_tag","embeddable":true,"href":"https:\/\/www.em.com.br\/emfoco\/wp-json\/wp\/v2\/tags?post=157986"}],"curies":[{"name":"wp","href":"https:\/\/api.w.org\/{rel}","templated":true}]}}