{"id":157985,"date":"2026-01-22T07:15:00","date_gmt":"2026-01-22T10:15:00","guid":{"rendered":"https:\/\/www.em.com.br\/emfoco\/?p=157985"},"modified":"2026-01-21T20:17:27","modified_gmt":"2026-01-21T23:17:27","slug":"ideias-para-decorar-sua-sala-de-estar-sem-reforma-e-sem-gastar-quase-nada","status":"publish","type":"post","link":"https:\/\/www.em.com.br\/emfoco\/2026\/01\/22\/ideias-para-decorar-sua-sala-de-estar-sem-reforma-e-sem-gastar-quase-nada\/","title":{"rendered":"Ideias para decorar sua sala de estar sem reforma e sem gastar quase nada"},"content":{"rendered":"\n<p>A decora\u00e7\u00e3o de sala com reaproveitamento de m\u00f3veis e objetos tem ganhado espa\u00e7o em muitos lares, especialmente entre quem busca um ambiente agrad\u00e1vel sem recorrer a grandes reformas ou gastos elevados. Em vez de partir do zero, a proposta \u00e9 reorganizar o que j\u00e1 existe, incluir poucos itens novos e construir uma atmosfera acolhedora e funcional para o dia a dia, fazendo com que o espa\u00e7o reflita a rotina da casa, mantendo praticidade e um visual leve.<\/p>\n\n\n\n<h2 class=\"wp-block-heading\">O que \u00e9 decora\u00e7\u00e3o de sala com reaproveitamento<\/h2>\n\n\n\n<p>A <strong>decora\u00e7\u00e3o de sala<\/strong> baseada em reaproveitamento consiste em usar m\u00f3veis, objetos e t\u00eaxteis que j\u00e1 est\u00e3o em casa, apenas reposicionando, combinando de outra forma e adicionando poucos complementos estrat\u00e9gicos. Em vez de trocar todo o mobili\u00e1rio, a sala passa por ajustes pontuais, o que reduz desperd\u00edcios e ajuda a criar um ambiente coerente com o estilo de vida dos moradores.<\/p>\n\n\n\n<p>Nesse tipo de proposta, \u00e9 comum priorizar uma est\u00e9tica mais <strong>clean<\/strong>, com poucos objetos \u00e0 vista, o que facilita a limpeza e a circula\u00e7\u00e3o. Refer\u00eancias de estilos como o vintage, o rom\u00e2ntico ou o contempor\u00e2neo podem aparecer misturadas, mas sem rigidez, mantendo a sala confort\u00e1vel, organizada e visualmente harmoniosa.<\/p>\n\n\n\n<p>No v\u00eddeo do @<a href=\"https:\/\/www.youtube.com\/@mirtslisboa\" target=\"_blank\" rel=\"noreferrer noopener\">Mirtslisboa<\/a>, voc\u00ea acompanha a reorganiza\u00e7\u00e3o da sala usando apenas reaproveitamento, com dicas simples para criar um ambiente mais aconchegante sem gastar quase nada.<\/p>\n\n\n\n<iframe loading=\"lazy\" width=\"1013\" height=\"570\" src=\"https:\/\/www.youtube.com\/embed\/BG8GGtZ1mbA\" title=\"\u2705IDEIAS PARA DECORAR A SALA COM ITENS QUE VOC\u00ca JA TEM EM 2026 \/ + MINHA NOVA BATEDEIRA VINTAGE! \ud83d\ude0d\" frameborder=\"0\" allow=\"accelerometer; autoplay; clipboard-write; encrypted-media; gyroscope; picture-in-picture; web-share\" referrerpolicy=\"strict-origin-when-cross-origin\" allowfullscreen><\/iframe>\n\n\n\n<h2 class=\"wp-block-heading\">Como planejar a decora\u00e7\u00e3o de sala com poucos gastos<\/h2>\n\n\n\n<p>Para renovar a <strong>decora\u00e7\u00e3o da sala<\/strong> sem grandes compras, o planejamento come\u00e7a pela observa\u00e7\u00e3o do que j\u00e1 existe e pela defini\u00e7\u00e3o de prioridades. Muitas vezes, capas de almofadas novas, mantas, tapetes e cobre-leitos antigos ganham nova fun\u00e7\u00e3o, transformando o visual com investimento m\u00ednimo e mantendo a unidade de cores do ambiente.<\/p>\n\n\n\n<p>Uma estrat\u00e9gia frequente \u00e9 eleger alguns pontos de destaque, como o aparador, a \u00e1rea do sof\u00e1 e uma poltrona de leitura, distribuindo melhor luz, textura e objetos \u00fateis. Nesses locais, entram itens que combinam fun\u00e7\u00e3o e est\u00e9tica, como lumin\u00e1rias, velas, caixas organizadoras e vasos reaproveitados com plantas.<\/p>\n\n\n\n<ul class=\"wp-block-list\">\n<li><strong>Lumin\u00e1rias<\/strong> com luz mais quente para criar sensa\u00e7\u00e3o de aconchego;<\/li>\n\n\n\n<li><strong>Velas arom\u00e1ticas<\/strong> ou decorativas, usadas com modera\u00e7\u00e3o;<\/li>\n\n\n\n<li>Caixas decorativas que tamb\u00e9m ajudam na organiza\u00e7\u00e3o de pequenos objetos;<\/li>\n\n\n\n<li>Vasos reaproveitados com plantas ou flores, naturais ou artificiais.<\/li>\n<\/ul>\n\n\n\n<h2 class=\"wp-block-heading\">Como unir funcionalidade e mem\u00f3ria afetiva na decora\u00e7\u00e3o de sala<\/h2>\n\n\n<div class=\"wp-block-image\">\n<figure class=\"aligncenter size-large\"><img loading=\"lazy\" decoding=\"async\" width=\"1024\" height=\"576\" src=\"https:\/\/www.em.com.br\/emfoco\/wp-content\/uploads\/2026\/01\/ChatGPT-Image-21-de-jan.-de-2026-14_04_07-1-1024x576.png\" alt=\"\" class=\"wp-image-158023\" srcset=\"https:\/\/www.em.com.br\/emfoco\/wp-content\/uploads\/2026\/01\/ChatGPT-Image-21-de-jan.-de-2026-14_04_07-1-1024x576.png 1024w, https:\/\/www.em.com.br\/emfoco\/wp-content\/uploads\/2026\/01\/ChatGPT-Image-21-de-jan.-de-2026-14_04_07-1-300x169.png 300w, https:\/\/www.em.com.br\/emfoco\/wp-content\/uploads\/2026\/01\/ChatGPT-Image-21-de-jan.-de-2026-14_04_07-1-768x432.png 768w, https:\/\/www.em.com.br\/emfoco\/wp-content\/uploads\/2026\/01\/ChatGPT-Image-21-de-jan.-de-2026-14_04_07-1-750x422.png 750w, https:\/\/www.em.com.br\/emfoco\/wp-content\/uploads\/2026\/01\/ChatGPT-Image-21-de-jan.-de-2026-14_04_07-1-1140x641.png 1140w, https:\/\/www.em.com.br\/emfoco\/wp-content\/uploads\/2026\/01\/ChatGPT-Image-21-de-jan.-de-2026-14_04_07-1.png 1280w\" sizes=\"auto, (max-width: 1024px) 100vw, 1024px\" \/><figcaption class=\"wp-element-caption\">Ideias simples para renovar a sala sem gastar muito<\/figcaption><\/figure><\/div>\n\n\n<p>A <strong>decora\u00e7\u00e3o de sala simples<\/strong> mostra que \u00e9 poss\u00edvel unir funcionalidade e mem\u00f3ria afetiva no mesmo espa\u00e7o. Fotografias de fam\u00edlia, imagens religiosas, lembran\u00e7as de viagens e objetos de uso cotidiano podem conviver de forma equilibrada, desde que agrupados em estantes, nichos ou prateleiras para evitar polui\u00e7\u00e3o visual.<\/p>\n\n\n\n<p>Na \u00e1rea do sof\u00e1, um cobre-leito antigo pode atuar como capa provis\u00f3ria, prolongando a vida \u00fatil do estofado at\u00e9 que uma troca definitiva seja feita. Na sala de jantar, uma planta simples no centro da mesa cumpre o papel de destaque, permitindo ajustes ao longo do tempo e favorecendo a integra\u00e7\u00e3o com outros c\u00f4modos da casa.<\/p>\n\n\n\n<p>Leia mais: <a href=\"https:\/\/www.em.com.br\/saude\/2026\/01\/7336862-por-que-a-barriga-de-chope-pode-ser-tao-perigosa-para-a-saude-do-coracao.html\" target=\"_blank\" rel=\"noreferrer noopener\">Por que a &#8220;barriga de chope&#8221; pode ser t\u00e3o perigosa para a sa\u00fade do cora\u00e7\u00e3o<\/a><\/p>\n\n\n\n<h2 class=\"wp-block-heading\">Quais s\u00e3o os passos pr\u00e1ticos para renovar a decora\u00e7\u00e3o de sala<\/h2>\n\n\n\n<p>Para organizar uma renova\u00e7\u00e3o leve da sala, sem reformas e com foco no reaproveitamento, \u00e9 \u00fatil seguir algumas etapas simples e bem definidas. Elas ajudam a visualizar melhor o que ser\u00e1 mantido, o que pode ser guardado e quais pequenos itens vale a pena adquirir para complementar a decora\u00e7\u00e3o sem exageros.<\/p>\n\n\n\n<ol class=\"wp-block-list\">\n<li><strong>Retirar o excesso<\/strong>: guardar itens sazonais, como enfeites festivos, e liberar superf\u00edcies.<\/li>\n\n\n\n<li><strong>Separar o que ser\u00e1 reaproveitado<\/strong>: mantas, almofadas, vasos, quadros, lumin\u00e1rias e outros objetos ainda em bom estado.<\/li>\n\n\n\n<li><strong>Definir uma paleta de cores<\/strong>: priorizar tons claros e alguns pontos de cor suave, como azul ou verde.<\/li>\n\n\n\n<li><strong>Montar pontos de interesse<\/strong>: organizar o aparador, o rack, a poltrona e a mesa de jantar com poucos elementos bem escolhidos.<\/li>\n\n\n\n<li><strong>Reservar espa\u00e7o para o uso di\u00e1rio<\/strong>: considerar a circula\u00e7\u00e3o, a presen\u00e7a de crian\u00e7as e a necessidade de \u00e1reas livres.<\/li>\n<\/ol>\n\n\n\n<p>Com esse tipo de abordagem, a decora\u00e7\u00e3o de sala torna-se um processo cont\u00ednuo, que pode ser ajustado conforme novos itens chegam ou antigos s\u00e3o reaproveitados de outra forma. O resultado \u00e9 um ambiente alinhado \u00e0 rotina, com conforto visual e funcionalidade, constru\u00eddo a partir de escolhas simples e planejadas.<\/p>\n","protected":false},"excerpt":{"rendered":"<p>A decora\u00e7\u00e3o de sala com reaproveitamento de m\u00f3veis e objetos tem ganhado espa\u00e7o em muitos lares, especialmente entre quem busca um ambiente agrad\u00e1vel sem recorrer a grandes reformas ou gastos elevados. Em vez de partir do zero, a proposta \u00e9 reorganizar o que j\u00e1 existe, incluir poucos itens novos e construir uma atmosfera acolhedora e [&hellip;]<\/p>\n","protected":false},"author":20,"featured_media":150838,"comment_status":"open","ping_status":"open","sticky":false,"template":"","format":"standard","meta":{"jnews-multi-image_gallery":[],"jnews_single_post":{"format":"standard"},"jnews_primary_category":[],"jnews_social_meta":[],"jnews_override_counter":[],"footnotes":""},"categories":[8819,1],"tags":[15970,5014,4217],"class_list":["post-157985","post","type-post","status-publish","format-standard","has-post-thumbnail","hentry","category-curiosidades","category-noticias","tag-decoracao-da-sala","tag-reaproveitamento","tag-transformacao"],"yoast_head":"<!-- This site is optimized with the Yoast SEO plugin v23.8 - https:\/\/yoast.com\/wordpress\/plugins\/seo\/ -->\n<title>Ideias para decorar sua sala de estar sem reforma e sem gastar quase nada - Estado de Minas - Em foco<\/title>\n<meta name=\"description\" content=\"Ideias pr\u00e1ticas para renovar a sala usando m\u00f3veis e objetos que voc\u00ea j\u00e1 tem. Pequenos ajustes mudam tudo sem reforma nem gastos altos.\" \/>\n<meta name=\"robots\" content=\"index, follow, max-snippet:-1, max-image-preview:large, max-video-preview:-1\" \/>\n<link rel=\"canonical\" href=\"https:\/\/www.em.com.br\/emfoco\/2026\/01\/22\/ideias-para-decorar-sua-sala-de-estar-sem-reforma-e-sem-gastar-quase-nada\/\" \/>\n<meta property=\"og:locale\" content=\"pt_BR\" \/>\n<meta property=\"og:type\" content=\"article\" \/>\n<meta property=\"og:title\" content=\"Ideias para decorar sua sala de estar sem reforma e sem gastar quase nada - Estado de Minas - Em foco\" \/>\n<meta property=\"og:description\" content=\"Ideias pr\u00e1ticas para renovar a sala usando m\u00f3veis e objetos que voc\u00ea j\u00e1 tem. Pequenos ajustes mudam tudo sem reforma nem gastos altos.\" \/>\n<meta property=\"og:url\" content=\"https:\/\/www.em.com.br\/emfoco\/2026\/01\/22\/ideias-para-decorar-sua-sala-de-estar-sem-reforma-e-sem-gastar-quase-nada\/\" \/>\n<meta property=\"og:site_name\" content=\"Estado de Minas - Em foco\" \/>\n<meta property=\"article:published_time\" content=\"2026-01-22T10:15:00+00:00\" \/>\n<meta property=\"article:modified_time\" content=\"2026-01-21T23:17:27+00:00\" \/>\n<meta property=\"og:image\" content=\"https:\/\/www.em.com.br\/emfoco\/wp-content\/uploads\/2026\/01\/casa-aconchegante_1767428158797.jpg\" \/>\n\t<meta property=\"og:image:width\" content=\"1280\" \/>\n\t<meta property=\"og:image:height\" content=\"720\" \/>\n\t<meta property=\"og:image:type\" content=\"image\/jpeg\" \/>\n<meta name=\"author\" content=\"Ingrid Diniz\" \/>\n<meta name=\"twitter:card\" content=\"summary_large_image\" \/>\n<meta name=\"twitter:label1\" content=\"Escrito por\" \/>\n\t<meta name=\"twitter:data1\" content=\"Ingrid Diniz\" \/>\n\t<meta name=\"twitter:label2\" content=\"Est. tempo de leitura\" \/>\n\t<meta name=\"twitter:data2\" content=\"5 minutos\" \/>\n<!-- \/ Yoast SEO plugin. -->","yoast_head_json":{"title":"Ideias para decorar sua sala de estar sem reforma e sem gastar quase nada - Estado de Minas - Em foco","description":"Ideias pr\u00e1ticas para renovar a sala usando m\u00f3veis e objetos que voc\u00ea j\u00e1 tem. Pequenos ajustes mudam tudo sem reforma nem gastos altos.","robots":{"index":"index","follow":"follow","max-snippet":"max-snippet:-1","max-image-preview":"max-image-preview:large","max-video-preview":"max-video-preview:-1"},"canonical":"https:\/\/www.em.com.br\/emfoco\/2026\/01\/22\/ideias-para-decorar-sua-sala-de-estar-sem-reforma-e-sem-gastar-quase-nada\/","og_locale":"pt_BR","og_type":"article","og_title":"Ideias para decorar sua sala de estar sem reforma e sem gastar quase nada - Estado de Minas - Em foco","og_description":"Ideias pr\u00e1ticas para renovar a sala usando m\u00f3veis e objetos que voc\u00ea j\u00e1 tem. Pequenos ajustes mudam tudo sem reforma nem gastos altos.","og_url":"https:\/\/www.em.com.br\/emfoco\/2026\/01\/22\/ideias-para-decorar-sua-sala-de-estar-sem-reforma-e-sem-gastar-quase-nada\/","og_site_name":"Estado de Minas - Em foco","article_published_time":"2026-01-22T10:15:00+00:00","article_modified_time":"2026-01-21T23:17:27+00:00","og_image":[{"width":1280,"height":720,"url":"https:\/\/www.em.com.br\/emfoco\/wp-content\/uploads\/2026\/01\/casa-aconchegante_1767428158797.jpg","type":"image\/jpeg"}],"author":"Ingrid Diniz","twitter_card":"summary_large_image","twitter_misc":{"Escrito por":"Ingrid Diniz","Est. tempo de leitura":"5 minutos"},"schema":{"@context":"https:\/\/schema.org","@graph":[{"@type":"WebPage","@id":"https:\/\/www.em.com.br\/emfoco\/2026\/01\/22\/ideias-para-decorar-sua-sala-de-estar-sem-reforma-e-sem-gastar-quase-nada\/","url":"https:\/\/www.em.com.br\/emfoco\/2026\/01\/22\/ideias-para-decorar-sua-sala-de-estar-sem-reforma-e-sem-gastar-quase-nada\/","name":"Ideias para decorar sua sala de estar sem reforma e sem gastar quase nada - Estado de Minas - Em foco","isPartOf":{"@id":"https:\/\/www.em.com.br\/emfoco\/#website"},"primaryImageOfPage":{"@id":"https:\/\/www.em.com.br\/emfoco\/2026\/01\/22\/ideias-para-decorar-sua-sala-de-estar-sem-reforma-e-sem-gastar-quase-nada\/#primaryimage"},"image":{"@id":"https:\/\/www.em.com.br\/emfoco\/2026\/01\/22\/ideias-para-decorar-sua-sala-de-estar-sem-reforma-e-sem-gastar-quase-nada\/#primaryimage"},"thumbnailUrl":"https:\/\/www.em.com.br\/emfoco\/wp-content\/uploads\/2026\/01\/casa-aconchegante_1767428158797.jpg","datePublished":"2026-01-22T10:15:00+00:00","dateModified":"2026-01-21T23:17:27+00:00","author":{"@id":"https:\/\/www.em.com.br\/emfoco\/#\/schema\/person\/649e610b4eb8fff87ff394e54fe17b2b"},"description":"Ideias pr\u00e1ticas para renovar a sala usando m\u00f3veis e objetos que voc\u00ea j\u00e1 tem. Pequenos ajustes mudam tudo sem reforma nem gastos altos.","breadcrumb":{"@id":"https:\/\/www.em.com.br\/emfoco\/2026\/01\/22\/ideias-para-decorar-sua-sala-de-estar-sem-reforma-e-sem-gastar-quase-nada\/#breadcrumb"},"inLanguage":"pt-BR","potentialAction":[{"@type":"ReadAction","target":["https:\/\/www.em.com.br\/emfoco\/2026\/01\/22\/ideias-para-decorar-sua-sala-de-estar-sem-reforma-e-sem-gastar-quase-nada\/"]}]},{"@type":"ImageObject","inLanguage":"pt-BR","@id":"https:\/\/www.em.com.br\/emfoco\/2026\/01\/22\/ideias-para-decorar-sua-sala-de-estar-sem-reforma-e-sem-gastar-quase-nada\/#primaryimage","url":"https:\/\/www.em.com.br\/emfoco\/wp-content\/uploads\/2026\/01\/casa-aconchegante_1767428158797.jpg","contentUrl":"https:\/\/www.em.com.br\/emfoco\/wp-content\/uploads\/2026\/01\/casa-aconchegante_1767428158797.jpg","width":1280,"height":720,"caption":"Ideias simples para renovar a sala sem gastar muito - Cr\u00e9ditos: depositphotos.com \/ VitalikRadko"},{"@type":"BreadcrumbList","@id":"https:\/\/www.em.com.br\/emfoco\/2026\/01\/22\/ideias-para-decorar-sua-sala-de-estar-sem-reforma-e-sem-gastar-quase-nada\/#breadcrumb","itemListElement":[{"@type":"ListItem","position":1,"name":"In\u00edcio","item":"https:\/\/www.em.com.br\/emfoco\/"},{"@type":"ListItem","position":2,"name":"Ideias para decorar sua sala de estar sem reforma e sem gastar quase nada"}]},{"@type":"WebSite","@id":"https:\/\/www.em.com.br\/emfoco\/#website","url":"https:\/\/www.em.com.br\/emfoco\/","name":"Estado de Minas - Em foco","description":"Acompanhe as \u00faltimas not\u00edcias e fique bem informado sobre tudo o que acontece em Minas Gerais, Brasil e no mundo.","potentialAction":[{"@type":"SearchAction","target":{"@type":"EntryPoint","urlTemplate":"https:\/\/www.em.com.br\/emfoco\/?s={search_term_string}"},"query-input":{"@type":"PropertyValueSpecification","valueRequired":true,"valueName":"search_term_string"}}],"inLanguage":"pt-BR"},{"@type":"Person","@id":"https:\/\/www.em.com.br\/emfoco\/#\/schema\/person\/649e610b4eb8fff87ff394e54fe17b2b","name":"Ingrid Diniz","image":{"@type":"ImageObject","inLanguage":"pt-BR","@id":"https:\/\/www.em.com.br\/emfoco\/#\/schema\/person\/image\/","url":"https:\/\/secure.gravatar.com\/avatar\/a3baa1449ec5c39b4c42babc9d4f3951?s=96&d=mm&r=g","contentUrl":"https:\/\/secure.gravatar.com\/avatar\/a3baa1449ec5c39b4c42babc9d4f3951?s=96&d=mm&r=g","caption":"Ingrid Diniz"},"sameAs":["https:\/\/www.em.com.br\/"],"url":"https:\/\/www.em.com.br\/emfoco\/author\/ingridmyth\/"}]}},"_links":{"self":[{"href":"https:\/\/www.em.com.br\/emfoco\/wp-json\/wp\/v2\/posts\/157985","targetHints":{"allow":["GET"]}}],"collection":[{"href":"https:\/\/www.em.com.br\/emfoco\/wp-json\/wp\/v2\/posts"}],"about":[{"href":"https:\/\/www.em.com.br\/emfoco\/wp-json\/wp\/v2\/types\/post"}],"author":[{"embeddable":true,"href":"https:\/\/www.em.com.br\/emfoco\/wp-json\/wp\/v2\/users\/20"}],"replies":[{"embeddable":true,"href":"https:\/\/www.em.com.br\/emfoco\/wp-json\/wp\/v2\/comments?post=157985"}],"version-history":[{"count":3,"href":"https:\/\/www.em.com.br\/emfoco\/wp-json\/wp\/v2\/posts\/157985\/revisions"}],"predecessor-version":[{"id":158466,"href":"https:\/\/www.em.com.br\/emfoco\/wp-json\/wp\/v2\/posts\/157985\/revisions\/158466"}],"wp:featuredmedia":[{"embeddable":true,"href":"https:\/\/www.em.com.br\/emfoco\/wp-json\/wp\/v2\/media\/150838"}],"wp:attachment":[{"href":"https:\/\/www.em.com.br\/emfoco\/wp-json\/wp\/v2\/media?parent=157985"}],"wp:term":[{"taxonomy":"category","embeddable":true,"href":"https:\/\/www.em.com.br\/emfoco\/wp-json\/wp\/v2\/categories?post=157985"},{"taxonomy":"post_tag","embeddable":true,"href":"https:\/\/www.em.com.br\/emfoco\/wp-json\/wp\/v2\/tags?post=157985"}],"curies":[{"name":"wp","href":"https:\/\/api.w.org\/{rel}","templated":true}]}}