{"id":157947,"date":"2026-01-23T06:35:00","date_gmt":"2026-01-23T09:35:00","guid":{"rendered":"https:\/\/www.em.com.br\/emfoco\/?p=157947"},"modified":"2026-01-22T19:49:28","modified_gmt":"2026-01-22T22:49:28","slug":"festas-multidoes-ou-relacionamentos-serios-nao-esses-3-signos-sao-particularmente-solitarios","status":"publish","type":"post","link":"https:\/\/www.em.com.br\/emfoco\/2026\/01\/23\/festas-multidoes-ou-relacionamentos-serios-nao-esses-3-signos-sao-particularmente-solitarios\/","title":{"rendered":"Festas, multid\u00f5es ou relacionamentos s\u00e9rios? N\u00e3o, esses 3 signos s\u00e3o particularmente solit\u00e1rios"},"content":{"rendered":"\n<p>Algumas pessoas parecem buscar naturalmente a pr\u00f3pria companhia, mesmo cercadas de amigos, fam\u00edlia e colegas. Na astrologia, isso \u00e9 associado a perfis que valorizam independ\u00eancia, sil\u00eancio e autonomia nas decis\u00f5es. Em vez de ficarem sempre dispon\u00edveis, esses signos preferem respeitar seus limites, manter c\u00edrculos menores e reservar momentos s\u00f3 seus, o que muitas vezes \u00e9 confundido com frieza ou distanciamento.<\/p>\n\n\n\n<h2 class=\"wp-block-heading\">Quais s\u00e3o os signos mais individualistas do zod\u00edaco<\/h2>\n\n\n\n<p>Na leitura astrol\u00f3gica, n\u00e3o se trata de definir quem gosta ou n\u00e3o de gente, mas de observar como cada <a href=\"https:\/\/www.em.com.br\/emfoco\/2026\/01\/20\/quais-signos-devo-carregar-uma-pedra-ametista-no-bolso-se-quiser-bloquear-energias-negativas\/\" target=\"_blank\" rel=\"noreferrer noopener\">signo <\/a>administra rela\u00e7\u00f5es, limites e tempo sozinho. Em vez de multid\u00f5es, alguns preferem intera\u00e7\u00f5es pontuais ou momentos prolongados de recolhimento, mantendo foco e autenticidade.<\/p>\n\n\n\n<p>Entre os chamados\u00a0<strong>signos que agem como solit\u00e1rios<\/strong>, tr\u00eas aparecem com frequ\u00eancia: <strong>\u00c1ries<\/strong>, <strong>Aqu\u00e1rio <\/strong>e <strong>Peixes<\/strong>. Cada um se afasta por motivos diferentes, seja pela pressa em agir, pela necessidade de liberdade ou pela intensa vida emocional e imaginativa.<\/p>\n\n\n\n<figure class=\"wp-block-image\"><img decoding=\"async\" src=\"https:\/\/www.em.com.br\/emfoco\/wp-content\/uploads\/2025\/05\/morar-sozinho_1746742240285-1024x576.jpg\" alt=\"\"\/><figcaption class=\"wp-element-caption\">Ser solit\u00e1rio pode ser for\u00e7a e esses signos provam isso &#8211; Cr\u00e9ditos: depositphotos.com \/ marucco<\/figcaption><\/figure>\n\n\n\n<h2 class=\"wp-block-heading\">Por que \u00c1ries \u00e9 visto como um signo que prefere agir sozinho<\/h2>\n\n\n\n<p>\u00c1ries \u00e9 um signo de fogo ligado \u00e0 iniciativa, coragem e competitividade, o que costuma transform\u00e1-lo em um&nbsp;<strong>signo que prefere agir sozinho<\/strong>. Quando surge uma ideia, a tend\u00eancia \u00e9 partir logo para a pr\u00e1tica, sem esperar pela opini\u00e3o do grupo ou por reuni\u00f5es demoradas.<\/p>\n\n\n\n<p>Em ambientes de trabalho ou na vida pessoal, esse impulso faz com que o&nbsp;<strong>ariano pare\u00e7a um solit\u00e1rio<\/strong>, mas na verdade ele apenas prioriza o pr\u00f3prio ritmo. Isso aparece com for\u00e7a em situa\u00e7\u00f5es como desafios, mudan\u00e7as r\u00e1pidas e decis\u00f5es que destacam seu desempenho individual.<\/p>\n\n\n\n<ul class=\"wp-block-list\">\n<li>aceitar desafios sem consultar ningu\u00e9m;<\/li>\n\n\n\n<li>marcar viagens ou mudan\u00e7as de plano de \u00faltima hora;<\/li>\n\n\n\n<li>preferir atividades em que o desempenho individual fique em evid\u00eancia.<\/li>\n<\/ul>\n\n\n\n<h2 class=\"wp-block-heading\">Como Aqu\u00e1rio e Peixes expressam sua individualidade<\/h2>\n\n\n\n<p>No caso de Aqu\u00e1rio, o tra\u00e7o central \u00e9 a necessidade de liberdade e inova\u00e7\u00e3o. Esse signo de ar rejeita cen\u00e1rios previs\u00edveis e rotinas muito r\u00edgidas, aparecendo entre os&nbsp;<strong>signos que preferem viver \u00e0 margem das regras<\/strong>, mais por autonomia de pensamento do que por rebeldia vazia.<\/p>\n\n\n\n<p>Peixes entra na lista de\u00a0<strong>signos com<a href=\"https:\/\/www.psicologo.com.br\/blog\/solidao-na-vida-adulta\/\" target=\"_blank\" rel=\"noreferrer noopener\"> tend\u00eancia \u00e0 solid\u00e3o<\/a><\/strong>\u00a0por motivos emocionais. Com sensibilidade intensa, o pisciano pode recuar para se proteger de frustra\u00e7\u00f5es, preferindo atividades introspectivas como leitura, arte, m\u00fasica e fantasia, onde encontra seguran\u00e7a para sentir e elaborar emo\u00e7\u00f5es profundas.<\/p>\n\n\n\n<ul class=\"wp-block-list\">\n<li><strong>Aqu\u00e1rio<\/strong>: busca inova\u00e7\u00e3o, ideias pr\u00f3prias e espa\u00e7o mental para criar solu\u00e7\u00f5es originais.<\/li>\n\n\n\n<li><strong>Peixes<\/strong>: procura ref\u00fagio em universos internos, hist\u00f3rias, fantasias e conte\u00fados emocionais.<\/li>\n<\/ul>\n\n\n\n<figure class=\"wp-block-image is-resized\"><img decoding=\"async\" src=\"https:\/\/www.em.com.br\/emfoco\/wp-content\/uploads\/2026\/01\/Gemini_Generated_Image_d06pl5d06pl5d06p-1-1024x576.png\" alt=\"\" style=\"width:1022px;height:auto\"\/><figcaption class=\"wp-element-caption\"><strong>Ser solit\u00e1rio pode ser for\u00e7a e esses signos provam isso<\/strong><\/figcaption><\/figure>\n\n\n\n<h2 class=\"wp-block-heading\">Como os signos mais individualistas constroem v\u00ednculos verdadeiros<\/h2>\n\n\n\n<p>Mesmo reservados, esses tr\u00eas signos n\u00e3o vivem desconectados; apenas escolhem melhor com quem gastam energia. Eles priorizam rela\u00e7\u00f5es em que exista respeito ao tempo de recolhimento, pouca cobran\u00e7a por presen\u00e7a constante e abertura para decis\u00f5es individuais sem grandes conflitos.<\/p>\n\n\n\n<p>\u00c1ries se aproxima de quem acompanha seu ritmo acelerado, Aqu\u00e1rio valoriza quem entende suas ideias fora do padr\u00e3o e Peixes se sente \u00e0 vontade com quem acolhe sua sensibilidade. Para todos eles, conex\u00f5es profundas valem mais do que uma agenda cheia de encontros vazios.<\/p>\n\n\n\n<ol class=\"wp-block-list\">\n<li>h\u00e1 respeito ao tempo de recolhimento;<\/li>\n\n\n\n<li>n\u00e3o existe cobran\u00e7a por presen\u00e7a constante em eventos sociais;<\/li>\n\n\n\n<li>decis\u00f5es individuais s\u00e3o aceitas sem grandes contesta\u00e7\u00f5es;<\/li>\n\n\n\n<li>conversas profundas t\u00eam mais espa\u00e7o que intera\u00e7\u00f5es superficiais.<\/li>\n<\/ol>\n\n\n\n<h2 class=\"wp-block-heading\">O que os signos individualistas revelam sobre voc\u00ea<\/h2>\n\n\n\n<p>Os&nbsp;<strong>signos mais individualistas do zod\u00edaco<\/strong>&nbsp;mostram que ser \u201clobo solit\u00e1rio\u201d n\u00e3o \u00e9 um defeito, mas um jeito de se preservar e crescer com autenticidade. Entender esse tra\u00e7o no seu mapa pode transformar mal-entendidos em autoconhecimento e rela\u00e7\u00f5es mais honestas.<\/p>\n\n\n\n<p>Se voc\u00ea se reconhece nesse perfil ou convive com algu\u00e9m assim, n\u00e3o adie esse mergulho: busque agora uma leitura mais completa do seu mapa astral, questione padr\u00f5es, ajuste seus limites e aproveite esse momento para criar v\u00ednculos que respeitem, de verdade, quem voc\u00ea \u00e9 por dentro.<\/p>\n","protected":false},"excerpt":{"rendered":"<p>Algumas pessoas parecem buscar naturalmente a pr\u00f3pria companhia, mesmo cercadas de amigos, fam\u00edlia e colegas. Na astrologia, isso \u00e9 associado a perfis que valorizam independ\u00eancia, sil\u00eancio e autonomia nas decis\u00f5es. Em vez de ficarem sempre dispon\u00edveis, esses signos preferem respeitar seus limites, manter c\u00edrculos menores e reservar momentos s\u00f3 seus, o que muitas vezes \u00e9 [&hellip;]<\/p>\n","protected":false},"author":11,"featured_media":121505,"comment_status":"open","ping_status":"open","sticky":false,"template":"","format":"standard","meta":{"jnews-multi-image_gallery":[],"jnews_single_post":{"format":"standard"},"jnews_primary_category":[],"jnews_social_meta":[],"jnews_override_counter":[],"footnotes":""},"categories":[1,25],"tags":[297,4983,2404,168],"class_list":["post-157947","post","type-post","status-publish","format-standard","has-post-thumbnail","hentry","category-noticias","category-signos","tag-astrologia","tag-comportamento","tag-independencia","tag-signos"],"yoast_head":"<!-- This site is optimized with the Yoast SEO plugin v23.8 - https:\/\/yoast.com\/wordpress\/plugins\/seo\/ -->\n<title>Festas, multid\u00f5es ou relacionamentos s\u00e9rios? N\u00e3o, esses 3 signos s\u00e3o particularmente solit\u00e1rios - Estado de Minas - Em foco<\/title>\n<meta name=\"description\" content=\"Alguns signos preferem ficar sozinhos e preservar o pr\u00f3prio espa\u00e7o. Veja o que astrologia revela sobre esse comportamento.\" \/>\n<meta name=\"robots\" content=\"index, follow, max-snippet:-1, max-image-preview:large, max-video-preview:-1\" \/>\n<link rel=\"canonical\" href=\"https:\/\/www.em.com.br\/emfoco\/2026\/01\/23\/festas-multidoes-ou-relacionamentos-serios-nao-esses-3-signos-sao-particularmente-solitarios\/\" \/>\n<meta property=\"og:locale\" content=\"pt_BR\" \/>\n<meta property=\"og:type\" content=\"article\" \/>\n<meta property=\"og:title\" content=\"Festas, multid\u00f5es ou relacionamentos s\u00e9rios? N\u00e3o, esses 3 signos s\u00e3o particularmente solit\u00e1rios - Estado de Minas - Em foco\" \/>\n<meta property=\"og:description\" content=\"Alguns signos preferem ficar sozinhos e preservar o pr\u00f3prio espa\u00e7o. Veja o que astrologia revela sobre esse comportamento.\" \/>\n<meta property=\"og:url\" content=\"https:\/\/www.em.com.br\/emfoco\/2026\/01\/23\/festas-multidoes-ou-relacionamentos-serios-nao-esses-3-signos-sao-particularmente-solitarios\/\" \/>\n<meta property=\"og:site_name\" content=\"Estado de Minas - Em foco\" \/>\n<meta property=\"article:published_time\" content=\"2026-01-23T09:35:00+00:00\" \/>\n<meta property=\"article:modified_time\" content=\"2026-01-22T22:49:28+00:00\" \/>\n<meta property=\"og:image\" content=\"https:\/\/www.em.com.br\/emfoco\/wp-content\/uploads\/2025\/10\/feliz-sozinho_1761863381938.jpg\" \/>\n\t<meta property=\"og:image:width\" content=\"1280\" \/>\n\t<meta property=\"og:image:height\" content=\"720\" \/>\n\t<meta property=\"og:image:type\" content=\"image\/jpeg\" \/>\n<meta name=\"author\" content=\"Andre\u0301 Rangel\u00a0\" \/>\n<meta name=\"twitter:card\" content=\"summary_large_image\" \/>\n<meta name=\"twitter:label1\" content=\"Escrito por\" \/>\n\t<meta name=\"twitter:data1\" content=\"Andre\u0301 Rangel\u00a0\" \/>\n\t<meta name=\"twitter:label2\" content=\"Est. tempo de leitura\" \/>\n\t<meta name=\"twitter:data2\" content=\"5 minutos\" \/>\n<!-- \/ Yoast SEO plugin. -->","yoast_head_json":{"title":"Festas, multid\u00f5es ou relacionamentos s\u00e9rios? N\u00e3o, esses 3 signos s\u00e3o particularmente solit\u00e1rios - Estado de Minas - Em foco","description":"Alguns signos preferem ficar sozinhos e preservar o pr\u00f3prio espa\u00e7o. Veja o que astrologia revela sobre esse comportamento.","robots":{"index":"index","follow":"follow","max-snippet":"max-snippet:-1","max-image-preview":"max-image-preview:large","max-video-preview":"max-video-preview:-1"},"canonical":"https:\/\/www.em.com.br\/emfoco\/2026\/01\/23\/festas-multidoes-ou-relacionamentos-serios-nao-esses-3-signos-sao-particularmente-solitarios\/","og_locale":"pt_BR","og_type":"article","og_title":"Festas, multid\u00f5es ou relacionamentos s\u00e9rios? N\u00e3o, esses 3 signos s\u00e3o particularmente solit\u00e1rios - Estado de Minas - Em foco","og_description":"Alguns signos preferem ficar sozinhos e preservar o pr\u00f3prio espa\u00e7o. Veja o que astrologia revela sobre esse comportamento.","og_url":"https:\/\/www.em.com.br\/emfoco\/2026\/01\/23\/festas-multidoes-ou-relacionamentos-serios-nao-esses-3-signos-sao-particularmente-solitarios\/","og_site_name":"Estado de Minas - Em foco","article_published_time":"2026-01-23T09:35:00+00:00","article_modified_time":"2026-01-22T22:49:28+00:00","og_image":[{"width":1280,"height":720,"url":"https:\/\/www.em.com.br\/emfoco\/wp-content\/uploads\/2025\/10\/feliz-sozinho_1761863381938.jpg","type":"image\/jpeg"}],"author":"Andre\u0301 Rangel\u00a0","twitter_card":"summary_large_image","twitter_misc":{"Escrito por":"Andre\u0301 Rangel\u00a0","Est. tempo de leitura":"5 minutos"},"schema":{"@context":"https:\/\/schema.org","@graph":[{"@type":"WebPage","@id":"https:\/\/www.em.com.br\/emfoco\/2026\/01\/23\/festas-multidoes-ou-relacionamentos-serios-nao-esses-3-signos-sao-particularmente-solitarios\/","url":"https:\/\/www.em.com.br\/emfoco\/2026\/01\/23\/festas-multidoes-ou-relacionamentos-serios-nao-esses-3-signos-sao-particularmente-solitarios\/","name":"Festas, multid\u00f5es ou relacionamentos s\u00e9rios? N\u00e3o, esses 3 signos s\u00e3o particularmente solit\u00e1rios - Estado de Minas - Em foco","isPartOf":{"@id":"https:\/\/www.em.com.br\/emfoco\/#website"},"primaryImageOfPage":{"@id":"https:\/\/www.em.com.br\/emfoco\/2026\/01\/23\/festas-multidoes-ou-relacionamentos-serios-nao-esses-3-signos-sao-particularmente-solitarios\/#primaryimage"},"image":{"@id":"https:\/\/www.em.com.br\/emfoco\/2026\/01\/23\/festas-multidoes-ou-relacionamentos-serios-nao-esses-3-signos-sao-particularmente-solitarios\/#primaryimage"},"thumbnailUrl":"https:\/\/www.em.com.br\/emfoco\/wp-content\/uploads\/2025\/10\/feliz-sozinho_1761863381938.jpg","datePublished":"2026-01-23T09:35:00+00:00","dateModified":"2026-01-22T22:49:28+00:00","author":{"@id":"https:\/\/www.em.com.br\/emfoco\/#\/schema\/person\/60eda09c1fedf0d6891f4cef4b60b8b8"},"description":"Alguns signos preferem ficar sozinhos e preservar o pr\u00f3prio espa\u00e7o. Veja o que astrologia revela sobre esse comportamento.","breadcrumb":{"@id":"https:\/\/www.em.com.br\/emfoco\/2026\/01\/23\/festas-multidoes-ou-relacionamentos-serios-nao-esses-3-signos-sao-particularmente-solitarios\/#breadcrumb"},"inLanguage":"pt-BR","potentialAction":[{"@type":"ReadAction","target":["https:\/\/www.em.com.br\/emfoco\/2026\/01\/23\/festas-multidoes-ou-relacionamentos-serios-nao-esses-3-signos-sao-particularmente-solitarios\/"]}]},{"@type":"ImageObject","inLanguage":"pt-BR","@id":"https:\/\/www.em.com.br\/emfoco\/2026\/01\/23\/festas-multidoes-ou-relacionamentos-serios-nao-esses-3-signos-sao-particularmente-solitarios\/#primaryimage","url":"https:\/\/www.em.com.br\/emfoco\/wp-content\/uploads\/2025\/10\/feliz-sozinho_1761863381938.jpg","contentUrl":"https:\/\/www.em.com.br\/emfoco\/wp-content\/uploads\/2025\/10\/feliz-sozinho_1761863381938.jpg","width":1280,"height":720,"caption":"O poder do sil\u00eancio que transforma sua sa\u00fade mental - Cr\u00e9ditos: depositphotos.com \/ adriaticphoto"},{"@type":"BreadcrumbList","@id":"https:\/\/www.em.com.br\/emfoco\/2026\/01\/23\/festas-multidoes-ou-relacionamentos-serios-nao-esses-3-signos-sao-particularmente-solitarios\/#breadcrumb","itemListElement":[{"@type":"ListItem","position":1,"name":"In\u00edcio","item":"https:\/\/www.em.com.br\/emfoco\/"},{"@type":"ListItem","position":2,"name":"Festas, multid\u00f5es ou relacionamentos s\u00e9rios? N\u00e3o, esses 3 signos s\u00e3o particularmente solit\u00e1rios"}]},{"@type":"WebSite","@id":"https:\/\/www.em.com.br\/emfoco\/#website","url":"https:\/\/www.em.com.br\/emfoco\/","name":"Estado de Minas - Em foco","description":"Acompanhe as \u00faltimas not\u00edcias e fique bem informado sobre tudo o que acontece em Minas Gerais, Brasil e no mundo.","potentialAction":[{"@type":"SearchAction","target":{"@type":"EntryPoint","urlTemplate":"https:\/\/www.em.com.br\/emfoco\/?s={search_term_string}"},"query-input":{"@type":"PropertyValueSpecification","valueRequired":true,"valueName":"search_term_string"}}],"inLanguage":"pt-BR"},{"@type":"Person","@id":"https:\/\/www.em.com.br\/emfoco\/#\/schema\/person\/60eda09c1fedf0d6891f4cef4b60b8b8","name":"Andre\u0301 Rangel\u00a0","image":{"@type":"ImageObject","inLanguage":"pt-BR","@id":"https:\/\/www.em.com.br\/emfoco\/#\/schema\/person\/image\/","url":"https:\/\/secure.gravatar.com\/avatar\/6234dc814c77c8ef6d8bba622c787efc?s=96&d=mm&r=g","contentUrl":"https:\/\/secure.gravatar.com\/avatar\/6234dc814c77c8ef6d8bba622c787efc?s=96&d=mm&r=g","caption":"Andre\u0301 Rangel\u00a0"},"url":"https:\/\/www.em.com.br\/emfoco\/author\/luizmyth\/"}]}},"_links":{"self":[{"href":"https:\/\/www.em.com.br\/emfoco\/wp-json\/wp\/v2\/posts\/157947","targetHints":{"allow":["GET"]}}],"collection":[{"href":"https:\/\/www.em.com.br\/emfoco\/wp-json\/wp\/v2\/posts"}],"about":[{"href":"https:\/\/www.em.com.br\/emfoco\/wp-json\/wp\/v2\/types\/post"}],"author":[{"embeddable":true,"href":"https:\/\/www.em.com.br\/emfoco\/wp-json\/wp\/v2\/users\/11"}],"replies":[{"embeddable":true,"href":"https:\/\/www.em.com.br\/emfoco\/wp-json\/wp\/v2\/comments?post=157947"}],"version-history":[{"count":3,"href":"https:\/\/www.em.com.br\/emfoco\/wp-json\/wp\/v2\/posts\/157947\/revisions"}],"predecessor-version":[{"id":158011,"href":"https:\/\/www.em.com.br\/emfoco\/wp-json\/wp\/v2\/posts\/157947\/revisions\/158011"}],"wp:featuredmedia":[{"embeddable":true,"href":"https:\/\/www.em.com.br\/emfoco\/wp-json\/wp\/v2\/media\/121505"}],"wp:attachment":[{"href":"https:\/\/www.em.com.br\/emfoco\/wp-json\/wp\/v2\/media?parent=157947"}],"wp:term":[{"taxonomy":"category","embeddable":true,"href":"https:\/\/www.em.com.br\/emfoco\/wp-json\/wp\/v2\/categories?post=157947"},{"taxonomy":"post_tag","embeddable":true,"href":"https:\/\/www.em.com.br\/emfoco\/wp-json\/wp\/v2\/tags?post=157947"}],"curies":[{"name":"wp","href":"https:\/\/api.w.org\/{rel}","templated":true}]}}