{"id":157940,"date":"2026-01-23T06:55:00","date_gmt":"2026-01-23T09:55:00","guid":{"rendered":"https:\/\/www.em.com.br\/emfoco\/?p=157940"},"modified":"2026-01-21T13:29:28","modified_gmt":"2026-01-21T16:29:28","slug":"mistura-bizarra-com-cebola-esta-virando-febre-entre-quem-sofre-com-unhas-fracas","status":"publish","type":"post","link":"https:\/\/www.em.com.br\/emfoco\/2026\/01\/23\/mistura-bizarra-com-cebola-esta-virando-febre-entre-quem-sofre-com-unhas-fracas\/","title":{"rendered":"Mistura bizarra com cebola est\u00e1 virando febre entre quem sofre com unhas fracas"},"content":{"rendered":"\n<h2 class=\"wp-block-heading\">Suco de cebola nas unhas fortalece a queratina por conter enxofre, quercetina e vitamina C. O uso correto reduz quebras, estimula crescimento, melhora o brilho e ajuda a proteger contra micoses leves.<\/h2>\n\n\n\n<p>Usar <strong>suco de cebola nas unhas<\/strong> pode soar estranho, mas o m\u00e9todo ganhou for\u00e7a por unir baixo custo e base cient\u00edfica. Rico em enxofre e antioxidantes, o bulbo ajuda a fortalecer a queratina, reduzir quebras e estimular o crescimento de unhas fr\u00e1geis.<\/p>\n\n\n\n<h2 class=\"wp-block-heading\">Por que o suco de cebola funciona nas unhas?<\/h2>\n\n\n\n<p>A efic\u00e1cia do <strong>tratamento natural com cebola<\/strong> est\u00e1 ligada \u00e0 composi\u00e7\u00e3o da queratina, prote\u00edna que forma as unhas. Para se manter resistente, ela depende de liga\u00e7\u00f5es de enxofre, nutriente abundante no suco extra\u00eddo do bulbo cru.<\/p>\n\n\n\n<p>Al\u00e9m disso, a cebola cont\u00e9m <strong><a href=\"https:\/\/nutrado.com.br\/blogs\/news\/o-que-e-quercetina-conheca-os-beneficios-deste-produto?srsltid=AfmBOopObD1jU1dGi37yWrGvmczSDMVlt83F1WwTOnrv8rUwb18xYQDQ\" target=\"_blank\" rel=\"noreferrer noopener\">quercetina<\/a><\/strong>, vitamina C e compostos sulfurados que combatem oxida\u00e7\u00e3o, amarelamento e micro-organismos. Essa combina\u00e7\u00e3o protege a placa ungueal, melhora a apar\u00eancia e cria um ambiente mais saud\u00e1vel para o crescimento cont\u00ednuo.<\/p>\n\n\n\n<figure class=\"wp-block-image size-large\"><img loading=\"lazy\" decoding=\"async\" width=\"1024\" height=\"576\" src=\"https:\/\/www.em.com.br\/emfoco\/wp-content\/uploads\/2026\/01\/AIAI-1-51-1024x576.jpg\" alt=\"Mistura bizarra com cebola est\u00e1 virando febre entre quem sofre com unhas fracas\" class=\"wp-image-157954\" srcset=\"https:\/\/www.em.com.br\/emfoco\/wp-content\/uploads\/2026\/01\/AIAI-1-51-1024x576.jpg 1024w, https:\/\/www.em.com.br\/emfoco\/wp-content\/uploads\/2026\/01\/AIAI-1-51-300x169.jpg 300w, https:\/\/www.em.com.br\/emfoco\/wp-content\/uploads\/2026\/01\/AIAI-1-51-768x432.jpg 768w, https:\/\/www.em.com.br\/emfoco\/wp-content\/uploads\/2026\/01\/AIAI-1-51-750x422.jpg 750w, https:\/\/www.em.com.br\/emfoco\/wp-content\/uploads\/2026\/01\/AIAI-1-51-1140x641.jpg 1140w, https:\/\/www.em.com.br\/emfoco\/wp-content\/uploads\/2026\/01\/AIAI-1-51.jpg 1280w\" sizes=\"auto, (max-width: 1024px) 100vw, 1024px\" \/><figcaption class=\"wp-element-caption\">Enxofre e antioxidantes da cebola refor\u00e7am a estrutura da queratina ungueal<\/figcaption><\/figure>\n\n\n\n<h2 class=\"wp-block-heading\">Quais benef\u00edcios reais o suco de cebola oferece?<\/h2>\n\n\n\n<p>Quando aplicado corretamente, o suco de cebola entrega um conjunto completo de efeitos vis\u00edveis e funcionais. Cada benef\u00edcio atua de forma diferente na sa\u00fade das unhas, como voc\u00ea v\u00ea a seguir.<\/p>\n\n\n\n<ul class=\"wp-block-list\">\n<li>Fortalecimento: reposi\u00e7\u00e3o de enxofre e minerais que reduzem quebras e descama\u00e7\u00f5es.<\/li>\n\n\n\n<li>Crescimento acelerado: est\u00edmulo da circula\u00e7\u00e3o na matriz ungueal, favorecendo unhas mais longas.<\/li>\n\n\n\n<li>Brilho natural: limpeza da superf\u00edcie da unha, deixando aspecto mais liso e saud\u00e1vel.<\/li>\n\n\n\n<li>Prote\u00e7\u00e3o antif\u00fangica: a\u00e7\u00e3o da alicina contra micoses leves e desequil\u00edbrios do leito ungueal.<\/li>\n<\/ul>\n\n\n\n<h2 class=\"wp-block-heading\">Como aplicar o suco de cebola corretamente?<\/h2>\n\n\n\n<p>Para obter resultados reais com o <strong>uso do suco de cebola nas unhas<\/strong>, a aplica\u00e7\u00e3o precisa ser simples, mas precisa. O m\u00e9todo atua diretamente na matriz ungueal, regi\u00e3o respons\u00e1vel pela forma\u00e7\u00e3o da unha desde a base.<\/p>\n\n\n\n<p>O ideal \u00e9 usar o suco puro, com unhas limpas e sem esmalte. Ap\u00f3s a aplica\u00e7\u00e3o, a massagem na cut\u00edcula ajuda a absor\u00e7\u00e3o dos nutrientes e potencializa o efeito fortalecedor sem a necessidade de produtos qu\u00edmicos agressivos.<\/p>\n\n\n\n<figure class=\"wp-block-image size-large\"><img loading=\"lazy\" decoding=\"async\" width=\"1024\" height=\"576\" src=\"https:\/\/www.em.com.br\/emfoco\/wp-content\/uploads\/2026\/01\/AIAI-2-48-1024x576.jpg\" alt=\"Mistura bizarra com cebola est\u00e1 virando febre entre quem sofre com unhas fracas\" class=\"wp-image-157955\" srcset=\"https:\/\/www.em.com.br\/emfoco\/wp-content\/uploads\/2026\/01\/AIAI-2-48-1024x576.jpg 1024w, https:\/\/www.em.com.br\/emfoco\/wp-content\/uploads\/2026\/01\/AIAI-2-48-300x169.jpg 300w, https:\/\/www.em.com.br\/emfoco\/wp-content\/uploads\/2026\/01\/AIAI-2-48-768x432.jpg 768w, https:\/\/www.em.com.br\/emfoco\/wp-content\/uploads\/2026\/01\/AIAI-2-48-750x422.jpg 750w, https:\/\/www.em.com.br\/emfoco\/wp-content\/uploads\/2026\/01\/AIAI-2-48-1140x641.jpg 1140w, https:\/\/www.em.com.br\/emfoco\/wp-content\/uploads\/2026\/01\/AIAI-2-48.jpg 1280w\" sizes=\"auto, (max-width: 1024px) 100vw, 1024px\" \/><figcaption class=\"wp-element-caption\">Uso correto do suco potencializa absor\u00e7\u00e3o de nutrientes pela matriz ungueal<\/figcaption><\/figure>\n\n\n\n<p><em>Leia mais: <strong><a href=\"https:\/\/www.em.com.br\/emfoco\/2026\/01\/21\/essa-misturinha-caseira-deixa-moveis-brilhando-como-novos\/\" target=\"_blank\" rel=\"noreferrer noopener\">Essa misturinha caseira deixa m\u00f3veis brilhando como novos!<\/a><\/strong><\/em><\/p>\n\n\n\n<h2 class=\"wp-block-heading\">Como eliminar o cheiro de cebola ap\u00f3s o tratamento?<\/h2>\n\n\n\n<p>O odor \u00e9 o principal obst\u00e1culo desse ritual de <strong>beleza caseira<\/strong>, mas pode ser neutralizado com solu\u00e7\u00f5es simples e acess\u00edveis. Entre as op\u00e7\u00f5es mais eficazes est\u00e3o as seguintes.<\/p>\n\n\n\n<ul class=\"wp-block-list\">\n<li>Lim\u00e3o ou vinagre: neutralizam o cheiro sulfuroso quando aplicados ap\u00f3s o enx\u00e1gue.<\/li>\n\n\n\n<li>Pasta de dente: ajuda a remover res\u00edduos e suaviza o aroma nas pontas dos dedos.<\/li>\n\n\n\n<li>\u00d3leo essencial: finaliza o cuidado e perfuma, especialmente vers\u00f5es com lavanda ou alecrim.<\/li>\n<\/ul>\n\n\n\n<h2 class=\"wp-block-heading\">Quais cuidados e limita\u00e7\u00f5es esse m\u00e9todo exige?<\/h2>\n\n\n\n<p>Mesmo sendo um <strong>tratamento natural para unhas quebradi\u00e7as<\/strong>, o suco de cebola exige cautela. Pessoas com pele sens\u00edvel devem realizar um teste pr\u00e9vio para evitar irrita\u00e7\u00f5es ou ard\u00eancia excessiva.<\/p>\n\n\n\n<p>O uso n\u00e3o \u00e9 indicado em caso de cortes ou feridas na cut\u00edcula, e a frequ\u00eancia deve ser limitada a duas vezes por semana. O excesso de enxofre pode enrijecer demais a unha, aumentando o risco de quebras em vez de prevenir.<\/p>\n","protected":false},"excerpt":{"rendered":"<p>Suco de cebola nas unhas fortalece a queratina por conter enxofre, quercetina e vitamina C. O uso correto reduz quebras, estimula crescimento, melhora o brilho e ajuda a proteger contra micoses leves. Usar suco de cebola nas unhas pode soar estranho, mas o m\u00e9todo ganhou for\u00e7a por unir baixo custo e base cient\u00edfica. Rico em [&hellip;]<\/p>\n","protected":false},"author":13,"featured_media":157953,"comment_status":"open","ping_status":"open","sticky":false,"template":"","format":"standard","meta":{"jnews-multi-image_gallery":[],"jnews_single_post":{"format":"standard"},"jnews_primary_category":[],"jnews_social_meta":[],"jnews_override_counter":[],"footnotes":""},"categories":[8819],"tags":[712,23075,16299,23074],"class_list":["post-157940","post","type-post","status-publish","format-standard","has-post-thumbnail","hentry","category-curiosidades","tag-autocuidado","tag-crescimento-das-unhas","tag-cuidado-com-as-unhas","tag-suco-de-cebola"],"yoast_head":"<!-- This site is optimized with the Yoast SEO plugin v23.8 - https:\/\/yoast.com\/wordpress\/plugins\/seo\/ -->\n<title>Mistura bizarra com cebola est\u00e1 virando febre entre quem sofre com unhas fracas - Estado de Minas - Em foco<\/title>\n<meta name=\"description\" content=\"Essa dica barata usa suco de cebola para fortalecer a queratina e dar brilho \u00e0s unhas. Saiba como aplicar sem erro e com seguran\u00e7a.\" \/>\n<meta name=\"robots\" content=\"index, follow, max-snippet:-1, max-image-preview:large, max-video-preview:-1\" \/>\n<link rel=\"canonical\" href=\"https:\/\/www.em.com.br\/emfoco\/2026\/01\/23\/mistura-bizarra-com-cebola-esta-virando-febre-entre-quem-sofre-com-unhas-fracas\/\" \/>\n<meta property=\"og:locale\" content=\"pt_BR\" \/>\n<meta property=\"og:type\" content=\"article\" \/>\n<meta property=\"og:title\" content=\"Mistura bizarra com cebola est\u00e1 virando febre entre quem sofre com unhas fracas - Estado de Minas - Em foco\" \/>\n<meta property=\"og:description\" content=\"Essa dica barata usa suco de cebola para fortalecer a queratina e dar brilho \u00e0s unhas. Saiba como aplicar sem erro e com seguran\u00e7a.\" \/>\n<meta property=\"og:url\" content=\"https:\/\/www.em.com.br\/emfoco\/2026\/01\/23\/mistura-bizarra-com-cebola-esta-virando-febre-entre-quem-sofre-com-unhas-fracas\/\" \/>\n<meta property=\"og:site_name\" content=\"Estado de Minas - Em foco\" \/>\n<meta property=\"article:published_time\" content=\"2026-01-23T09:55:00+00:00\" \/>\n<meta property=\"article:modified_time\" content=\"2026-01-21T16:29:28+00:00\" \/>\n<meta property=\"og:image\" content=\"https:\/\/www.em.com.br\/emfoco\/wp-content\/uploads\/2026\/01\/AIAI-65.jpg\" \/>\n\t<meta property=\"og:image:width\" content=\"1280\" \/>\n\t<meta property=\"og:image:height\" content=\"720\" \/>\n\t<meta property=\"og:image:type\" content=\"image\/jpeg\" \/>\n<meta name=\"author\" content=\"Gabriel Martins\" \/>\n<meta name=\"twitter:card\" content=\"summary_large_image\" \/>\n<meta name=\"twitter:label1\" content=\"Escrito por\" \/>\n\t<meta name=\"twitter:data1\" content=\"Gabriel Martins\" \/>\n\t<meta name=\"twitter:label2\" content=\"Est. tempo de leitura\" \/>\n\t<meta name=\"twitter:data2\" content=\"4 minutos\" \/>\n<!-- \/ Yoast SEO plugin. -->","yoast_head_json":{"title":"Mistura bizarra com cebola est\u00e1 virando febre entre quem sofre com unhas fracas - Estado de Minas - Em foco","description":"Essa dica barata usa suco de cebola para fortalecer a queratina e dar brilho \u00e0s unhas. Saiba como aplicar sem erro e com seguran\u00e7a.","robots":{"index":"index","follow":"follow","max-snippet":"max-snippet:-1","max-image-preview":"max-image-preview:large","max-video-preview":"max-video-preview:-1"},"canonical":"https:\/\/www.em.com.br\/emfoco\/2026\/01\/23\/mistura-bizarra-com-cebola-esta-virando-febre-entre-quem-sofre-com-unhas-fracas\/","og_locale":"pt_BR","og_type":"article","og_title":"Mistura bizarra com cebola est\u00e1 virando febre entre quem sofre com unhas fracas - Estado de Minas - Em foco","og_description":"Essa dica barata usa suco de cebola para fortalecer a queratina e dar brilho \u00e0s unhas. Saiba como aplicar sem erro e com seguran\u00e7a.","og_url":"https:\/\/www.em.com.br\/emfoco\/2026\/01\/23\/mistura-bizarra-com-cebola-esta-virando-febre-entre-quem-sofre-com-unhas-fracas\/","og_site_name":"Estado de Minas - Em foco","article_published_time":"2026-01-23T09:55:00+00:00","article_modified_time":"2026-01-21T16:29:28+00:00","og_image":[{"width":1280,"height":720,"url":"https:\/\/www.em.com.br\/emfoco\/wp-content\/uploads\/2026\/01\/AIAI-65.jpg","type":"image\/jpeg"}],"author":"Gabriel Martins","twitter_card":"summary_large_image","twitter_misc":{"Escrito por":"Gabriel Martins","Est. tempo de leitura":"4 minutos"},"schema":{"@context":"https:\/\/schema.org","@graph":[{"@type":"WebPage","@id":"https:\/\/www.em.com.br\/emfoco\/2026\/01\/23\/mistura-bizarra-com-cebola-esta-virando-febre-entre-quem-sofre-com-unhas-fracas\/","url":"https:\/\/www.em.com.br\/emfoco\/2026\/01\/23\/mistura-bizarra-com-cebola-esta-virando-febre-entre-quem-sofre-com-unhas-fracas\/","name":"Mistura bizarra com cebola est\u00e1 virando febre entre quem sofre com unhas fracas - Estado de Minas - Em foco","isPartOf":{"@id":"https:\/\/www.em.com.br\/emfoco\/#website"},"primaryImageOfPage":{"@id":"https:\/\/www.em.com.br\/emfoco\/2026\/01\/23\/mistura-bizarra-com-cebola-esta-virando-febre-entre-quem-sofre-com-unhas-fracas\/#primaryimage"},"image":{"@id":"https:\/\/www.em.com.br\/emfoco\/2026\/01\/23\/mistura-bizarra-com-cebola-esta-virando-febre-entre-quem-sofre-com-unhas-fracas\/#primaryimage"},"thumbnailUrl":"https:\/\/www.em.com.br\/emfoco\/wp-content\/uploads\/2026\/01\/AIAI-65.jpg","datePublished":"2026-01-23T09:55:00+00:00","dateModified":"2026-01-21T16:29:28+00:00","author":{"@id":"https:\/\/www.em.com.br\/emfoco\/#\/schema\/person\/1c9ddeab18b98abeffef834667bcf08a"},"description":"Essa dica barata usa suco de cebola para fortalecer a queratina e dar brilho \u00e0s unhas. Saiba como aplicar sem erro e com seguran\u00e7a.","breadcrumb":{"@id":"https:\/\/www.em.com.br\/emfoco\/2026\/01\/23\/mistura-bizarra-com-cebola-esta-virando-febre-entre-quem-sofre-com-unhas-fracas\/#breadcrumb"},"inLanguage":"pt-BR","potentialAction":[{"@type":"ReadAction","target":["https:\/\/www.em.com.br\/emfoco\/2026\/01\/23\/mistura-bizarra-com-cebola-esta-virando-febre-entre-quem-sofre-com-unhas-fracas\/"]}]},{"@type":"ImageObject","inLanguage":"pt-BR","@id":"https:\/\/www.em.com.br\/emfoco\/2026\/01\/23\/mistura-bizarra-com-cebola-esta-virando-febre-entre-quem-sofre-com-unhas-fracas\/#primaryimage","url":"https:\/\/www.em.com.br\/emfoco\/wp-content\/uploads\/2026\/01\/AIAI-65.jpg","contentUrl":"https:\/\/www.em.com.br\/emfoco\/wp-content\/uploads\/2026\/01\/AIAI-65.jpg","width":1280,"height":720,"caption":"Tratamento natural com suco de cebola fortalece unhas fr\u00e1geis e estimula crescimento saud\u00e1vel"},{"@type":"BreadcrumbList","@id":"https:\/\/www.em.com.br\/emfoco\/2026\/01\/23\/mistura-bizarra-com-cebola-esta-virando-febre-entre-quem-sofre-com-unhas-fracas\/#breadcrumb","itemListElement":[{"@type":"ListItem","position":1,"name":"In\u00edcio","item":"https:\/\/www.em.com.br\/emfoco\/"},{"@type":"ListItem","position":2,"name":"Mistura bizarra com cebola est\u00e1 virando febre entre quem sofre com unhas fracas"}]},{"@type":"WebSite","@id":"https:\/\/www.em.com.br\/emfoco\/#website","url":"https:\/\/www.em.com.br\/emfoco\/","name":"Estado de Minas - Em foco","description":"Acompanhe as \u00faltimas not\u00edcias e fique bem informado sobre tudo o que acontece em Minas Gerais, Brasil e no mundo.","potentialAction":[{"@type":"SearchAction","target":{"@type":"EntryPoint","urlTemplate":"https:\/\/www.em.com.br\/emfoco\/?s={search_term_string}"},"query-input":{"@type":"PropertyValueSpecification","valueRequired":true,"valueName":"search_term_string"}}],"inLanguage":"pt-BR"},{"@type":"Person","@id":"https:\/\/www.em.com.br\/emfoco\/#\/schema\/person\/1c9ddeab18b98abeffef834667bcf08a","name":"Gabriel Martins","image":{"@type":"ImageObject","inLanguage":"pt-BR","@id":"https:\/\/www.em.com.br\/emfoco\/#\/schema\/person\/image\/","url":"https:\/\/secure.gravatar.com\/avatar\/f0f1e2efdfd88f1ad2cb08c5c2731e50?s=96&d=mm&r=g","contentUrl":"https:\/\/secure.gravatar.com\/avatar\/f0f1e2efdfd88f1ad2cb08c5c2731e50?s=96&d=mm&r=g","caption":"Gabriel Martins"},"sameAs":["https:\/\/www.em.com.br\/emfoco\/"],"url":"https:\/\/www.em.com.br\/emfoco\/author\/gabrielmartinsmyth\/"}]}},"_links":{"self":[{"href":"https:\/\/www.em.com.br\/emfoco\/wp-json\/wp\/v2\/posts\/157940","targetHints":{"allow":["GET"]}}],"collection":[{"href":"https:\/\/www.em.com.br\/emfoco\/wp-json\/wp\/v2\/posts"}],"about":[{"href":"https:\/\/www.em.com.br\/emfoco\/wp-json\/wp\/v2\/types\/post"}],"author":[{"embeddable":true,"href":"https:\/\/www.em.com.br\/emfoco\/wp-json\/wp\/v2\/users\/13"}],"replies":[{"embeddable":true,"href":"https:\/\/www.em.com.br\/emfoco\/wp-json\/wp\/v2\/comments?post=157940"}],"version-history":[{"count":1,"href":"https:\/\/www.em.com.br\/emfoco\/wp-json\/wp\/v2\/posts\/157940\/revisions"}],"predecessor-version":[{"id":157956,"href":"https:\/\/www.em.com.br\/emfoco\/wp-json\/wp\/v2\/posts\/157940\/revisions\/157956"}],"wp:featuredmedia":[{"embeddable":true,"href":"https:\/\/www.em.com.br\/emfoco\/wp-json\/wp\/v2\/media\/157953"}],"wp:attachment":[{"href":"https:\/\/www.em.com.br\/emfoco\/wp-json\/wp\/v2\/media?parent=157940"}],"wp:term":[{"taxonomy":"category","embeddable":true,"href":"https:\/\/www.em.com.br\/emfoco\/wp-json\/wp\/v2\/categories?post=157940"},{"taxonomy":"post_tag","embeddable":true,"href":"https:\/\/www.em.com.br\/emfoco\/wp-json\/wp\/v2\/tags?post=157940"}],"curies":[{"name":"wp","href":"https:\/\/api.w.org\/{rel}","templated":true}]}}