{"id":157939,"date":"2026-01-23T21:45:00","date_gmt":"2026-01-24T00:45:00","guid":{"rendered":"https:\/\/www.em.com.br\/emfoco\/?p=157939"},"modified":"2026-01-21T14:12:09","modified_gmt":"2026-01-21T17:12:09","slug":"aposentados-do-inss-vao-receber-ate-r-8-157-por-mes-em-2026-apos-novo-teto-ser-confirmado-com-base-na-inflacao-anual","status":"publish","type":"post","link":"https:\/\/www.em.com.br\/emfoco\/2026\/01\/23\/aposentados-do-inss-vao-receber-ate-r-8-157-por-mes-em-2026-apos-novo-teto-ser-confirmado-com-base-na-inflacao-anual\/","title":{"rendered":"Aposentados do INSS v\u00e3o receber at\u00e9 R$ 8.157 por m\u00eas em 2026 ap\u00f3s novo teto ser confirmado com base na infla\u00e7\u00e3o anual"},"content":{"rendered":"\n<h2 class=\"wp-block-heading\">O teto do INSS em 2026 subiu de R$ 7.786,01 para R$ 8.157,41 com corre\u00e7\u00e3o pelo INPC. O novo limite reajusta aposentadorias m\u00e1ximas, pens\u00f5es, aux\u00edlios e eleva a base de contribui\u00e7\u00e3o de sal\u00e1rios mais altos.<\/h2>\n\n\n\n<p>O <strong>novo teto do INSS<\/strong> foi oficializado ap\u00f3s o fechamento da infla\u00e7\u00e3o e define o valor m\u00e1ximo de aposentadorias, pens\u00f5es e aux\u00edlios pagos pela Previd\u00eancia. O limite tamb\u00e9m muda o c\u00e1lculo das contribui\u00e7\u00f5es de quem tem sal\u00e1rios mais altos.<\/p>\n\n\n\n<h2 class=\"wp-block-heading\">Qual \u00e9 o valor do novo teto do INSS em 2026?<\/h2>\n\n\n\n<p>O teto previdenci\u00e1rio passou de <strong>R$ 7.786,01<\/strong> para aproximadamente <strong>R$ 8.157,41<\/strong>, refletindo apenas a corre\u00e7\u00e3o inflacion\u00e1ria do per\u00edodo. O reajuste segue o <strong><a href=\"https:\/\/www.ibge.gov.br\/estatisticas\/economicas\/precos-e-custos\/9258-indice-nacional-de-precos-ao-consumidor.html\" target=\"_blank\" rel=\"noreferrer noopener\">INPC <\/a><\/strong>acumulado, sem qualquer ganho real acima da infla\u00e7\u00e3o.<\/p>\n\n\n\n<p>Diferente do sal\u00e1rio m\u00ednimo, que incorpora crescimento econ\u00f4mico, o teto existe apenas para recompor o poder de compra de quem j\u00e1 contribuiu sobre valores elevados, mantendo o equil\u00edbrio financeiro do sistema previdenci\u00e1rio.<\/p>\n\n\n\n<figure class=\"wp-block-image size-large\"><img loading=\"lazy\" decoding=\"async\" width=\"1024\" height=\"576\" src=\"https:\/\/www.em.com.br\/emfoco\/wp-content\/uploads\/2026\/01\/AIAI-9-30-1024x576.jpg\" alt=\"Aposentados do INSS v\u00e3o receber at\u00e9 R$ 8.157 por m\u00eas em 2026 ap\u00f3s novo teto ser confirmado com base na infla\u00e7\u00e3o anual\" class=\"wp-image-158034\" srcset=\"https:\/\/www.em.com.br\/emfoco\/wp-content\/uploads\/2026\/01\/AIAI-9-30-1024x576.jpg 1024w, https:\/\/www.em.com.br\/emfoco\/wp-content\/uploads\/2026\/01\/AIAI-9-30-300x169.jpg 300w, https:\/\/www.em.com.br\/emfoco\/wp-content\/uploads\/2026\/01\/AIAI-9-30-768x432.jpg 768w, https:\/\/www.em.com.br\/emfoco\/wp-content\/uploads\/2026\/01\/AIAI-9-30-750x422.jpg 750w, https:\/\/www.em.com.br\/emfoco\/wp-content\/uploads\/2026\/01\/AIAI-9-30-1140x641.jpg 1140w, https:\/\/www.em.com.br\/emfoco\/wp-content\/uploads\/2026\/01\/AIAI-9-30.jpg 1280w\" sizes=\"auto, (max-width: 1024px) 100vw, 1024px\" \/><figcaption class=\"wp-element-caption\">Valor do teto foi corrigido apenas pela infla\u00e7\u00e3o medida pelo INPC<\/figcaption><\/figure>\n\n\n\n<h2 class=\"wp-block-heading\">Como o reajuste afeta aposentados e pensionistas?<\/h2>\n\n\n\n<p>Quem j\u00e1 recebe o valor m\u00e1ximo do INSS ter\u00e1 o benef\u00edcio atualizado automaticamente para o novo limite, com reflexo direto no pagamento mensal e poss\u00edvel impacto no c\u00e1lculo do imposto retido. Entre os principais efeitos pr\u00e1ticos, est\u00e3o os seguintes.<\/p>\n\n\n\n<ul class=\"wp-block-list\">\n<li><strong>Reajuste autom\u00e1tico<\/strong>: o benef\u00edcio passa para R$ 8.157,41 sem necessidade de solicita\u00e7\u00e3o.<\/li>\n\n\n\n<li><strong>Reposi\u00e7\u00e3o inflacion\u00e1ria<\/strong>: o aumento apenas preserva o poder de compra.<\/li>\n\n\n\n<li><strong>Redu\u00e7\u00e3o da dist\u00e2ncia<\/strong>: a diferen\u00e7a entre piso e teto segue diminuindo.<\/li>\n<\/ul>\n\n\n\n<h2 class=\"wp-block-heading\">O que muda para quem ainda est\u00e1 na ativa e contribui?<\/h2>\n\n\n\n<p>O teto do INSS tamb\u00e9m determina o limite m\u00e1ximo sobre o qual incide a contribui\u00e7\u00e3o previdenci\u00e1ria. Mesmo que o sal\u00e1rio seja superior, o desconto ocorre apenas at\u00e9 o valor fixado.<\/p>\n\n\n\n<p>As <strong>al\u00edquotas progressivas<\/strong> acompanham o novo teto, o que eleva ligeiramente o desconto mensal de trabalhadores com remunera\u00e7\u00e3o elevada, mantendo o sistema proporcional \u00e0 renda.<\/p>\n\n\n\n<p><em>Leia mais: <em><strong><a href=\"https:\/\/www.em.com.br\/emfoco\/2026\/01\/21\/inss-reconhece-aposentadoria-especial-em-2026-com-regras-proprias-para-quem-atuou-com-eletricidade-produtos-quimicos-ou-agentes-biologicos\/\" target=\"_blank\" rel=\"noreferrer noopener\">INSS reconhece aposentadoria especial em 2026 com regras pr\u00f3prias para quem atuou com eletricidade, produtos qu\u00edmicos ou agentes biol\u00f3gicos<\/a><\/strong><\/em><\/em><\/p>\n\n\n\n<h2 class=\"wp-block-heading\">Quais valores ajudam a comparar 2025 e 2026?<\/h2>\n\n\n\n<p>A compara\u00e7\u00e3o entre os dois anos ajuda a entender como o reajuste afeta diferentes faixas de benefici\u00e1rios e segurados. Os principais n\u00fameros oficiais podem ser observados a seguir.<\/p>\n\n\n\n<figure class=\"wp-block-table\"><table class=\"has-fixed-layout\"><tbody><tr><th>Item<\/th><th>2025<\/th><th>2026<\/th><\/tr><tr><td>Piso do INSS<\/td><td>R$ 1.412,00<\/td><td>R$ 1.509,00<\/td><\/tr><tr><td>Teto do INSS<\/td><td>R$ 7.786,01<\/td><td>R$ 8.157,41<\/td><\/tr><tr><td>Cota do sal\u00e1rio-fam\u00edlia<\/td><td>R$ 62,04<\/td><td>Valor reajustado pela infla\u00e7\u00e3o<\/td><\/tr><\/tbody><\/table><\/figure>\n\n\n\n<figure class=\"wp-block-image size-large\"><img loading=\"lazy\" decoding=\"async\" width=\"1024\" height=\"576\" src=\"https:\/\/www.em.com.br\/emfoco\/wp-content\/uploads\/2026\/01\/AIAI-10-28-1024x576.jpg\" alt=\"Aposentados do INSS v\u00e3o receber at\u00e9 R$ 8.157 por m\u00eas em 2026 ap\u00f3s novo teto ser confirmado com base na infla\u00e7\u00e3o anual\" class=\"wp-image-158036\" srcset=\"https:\/\/www.em.com.br\/emfoco\/wp-content\/uploads\/2026\/01\/AIAI-10-28-1024x576.jpg 1024w, https:\/\/www.em.com.br\/emfoco\/wp-content\/uploads\/2026\/01\/AIAI-10-28-300x169.jpg 300w, https:\/\/www.em.com.br\/emfoco\/wp-content\/uploads\/2026\/01\/AIAI-10-28-768x432.jpg 768w, https:\/\/www.em.com.br\/emfoco\/wp-content\/uploads\/2026\/01\/AIAI-10-28-750x422.jpg 750w, https:\/\/www.em.com.br\/emfoco\/wp-content\/uploads\/2026\/01\/AIAI-10-28-1140x641.jpg 1140w, https:\/\/www.em.com.br\/emfoco\/wp-content\/uploads\/2026\/01\/AIAI-10-28.jpg 1280w\" sizes=\"auto, (max-width: 1024px) 100vw, 1024px\" \/><figcaption class=\"wp-element-caption\">Trabalhadores ativos passam a contribuir at\u00e9 o novo limite fixado<\/figcaption><\/figure>\n\n\n\n<h2 class=\"wp-block-heading\">Quais outros benef\u00edcios s\u00e3o limitados pelo novo teto?<\/h2>\n\n\n\n<p>O valor m\u00e1ximo tamb\u00e9m serve de refer\u00eancia para outros pagamentos previdenci\u00e1rios, influenciando aux\u00edlios e benef\u00edcios tempor\u00e1rios. Entre os impactos diretos, destacam-se os seguintes.<\/p>\n\n\n\n<ul class=\"wp-block-list\">\n<li><strong>Aux\u00edlio-doen\u00e7a<\/strong>: n\u00e3o pode ultrapassar a m\u00e9dia salarial nem o teto vigente.<\/li>\n\n\n\n<li><strong>Sal\u00e1rio-maternidade<\/strong>: segue o limite m\u00e1ximo previdenci\u00e1rio.<\/li>\n\n\n\n<li><strong>Pens\u00f5es e aux\u00edlios<\/strong>: respeitam o valor teto na concess\u00e3o.<\/li>\n<\/ul>\n\n\n\n<p>O reajuste preserva o poder de compra de quem est\u00e1 no topo dos benef\u00edcios, mas exige aten\u00e7\u00e3o ao extrato do Meu INSS para conferir valores atualizados e eventuais mudan\u00e7as no imposto incidente.<\/p>\n","protected":false},"excerpt":{"rendered":"<p>O teto do INSS em 2026 subiu de R$ 7.786,01 para R$ 8.157,41 com corre\u00e7\u00e3o pelo INPC. O novo limite reajusta aposentadorias m\u00e1ximas, pens\u00f5es, aux\u00edlios e eleva a base de contribui\u00e7\u00e3o de sal\u00e1rios mais altos. O novo teto do INSS foi oficializado ap\u00f3s o fechamento da infla\u00e7\u00e3o e define o valor m\u00e1ximo de aposentadorias, pens\u00f5es [&hellip;]<\/p>\n","protected":false},"author":13,"featured_media":158032,"comment_status":"open","ping_status":"open","sticky":false,"template":"","format":"standard","meta":{"jnews-multi-image_gallery":[],"jnews_single_post":{"format":"standard"},"jnews_primary_category":[],"jnews_social_meta":[],"jnews_override_counter":[],"footnotes":""},"categories":[28],"tags":[256,4407,23084],"class_list":["post-157939","post","type-post","status-publish","format-standard","has-post-thumbnail","hentry","category-economia","tag-beneficios","tag-contribuicoes","tag-teto-do-inss"],"yoast_head":"<!-- This site is optimized with the Yoast SEO plugin v23.8 - https:\/\/yoast.com\/wordpress\/plugins\/seo\/ -->\n<title>Aposentados do INSS v\u00e3o receber at\u00e9 R$ 8.157 por m\u00eas em 2026 ap\u00f3s novo teto ser confirmado com base na infla\u00e7\u00e3o anual - Estado de Minas - Em foco<\/title>\n<meta name=\"description\" content=\"Novo teto do INSS em 2026 altera o valor m\u00e1ximo pago e muda o c\u00e1lculo da contribui\u00e7\u00e3o de trabalhadores com remunera\u00e7\u00e3o elevada.\" \/>\n<meta name=\"robots\" content=\"index, follow, max-snippet:-1, max-image-preview:large, max-video-preview:-1\" \/>\n<link rel=\"canonical\" href=\"https:\/\/www.em.com.br\/emfoco\/2026\/01\/23\/aposentados-do-inss-vao-receber-ate-r-8-157-por-mes-em-2026-apos-novo-teto-ser-confirmado-com-base-na-inflacao-anual\/\" \/>\n<meta property=\"og:locale\" content=\"pt_BR\" \/>\n<meta property=\"og:type\" content=\"article\" \/>\n<meta property=\"og:title\" content=\"Aposentados do INSS v\u00e3o receber at\u00e9 R$ 8.157 por m\u00eas em 2026 ap\u00f3s novo teto ser confirmado com base na infla\u00e7\u00e3o anual - Estado de Minas - Em foco\" \/>\n<meta property=\"og:description\" content=\"Novo teto do INSS em 2026 altera o valor m\u00e1ximo pago e muda o c\u00e1lculo da contribui\u00e7\u00e3o de trabalhadores com remunera\u00e7\u00e3o elevada.\" \/>\n<meta property=\"og:url\" content=\"https:\/\/www.em.com.br\/emfoco\/2026\/01\/23\/aposentados-do-inss-vao-receber-ate-r-8-157-por-mes-em-2026-apos-novo-teto-ser-confirmado-com-base-na-inflacao-anual\/\" \/>\n<meta property=\"og:site_name\" content=\"Estado de Minas - Em foco\" \/>\n<meta property=\"article:published_time\" content=\"2026-01-24T00:45:00+00:00\" \/>\n<meta property=\"article:modified_time\" content=\"2026-01-21T17:12:09+00:00\" \/>\n<meta property=\"og:image\" content=\"https:\/\/www.em.com.br\/emfoco\/wp-content\/uploads\/2026\/01\/AIAI-8-32.jpg\" \/>\n\t<meta property=\"og:image:width\" content=\"1280\" \/>\n\t<meta property=\"og:image:height\" content=\"720\" \/>\n\t<meta property=\"og:image:type\" content=\"image\/jpeg\" \/>\n<meta name=\"author\" content=\"Gabriel Martins\" \/>\n<meta name=\"twitter:card\" content=\"summary_large_image\" \/>\n<meta name=\"twitter:label1\" content=\"Escrito por\" \/>\n\t<meta name=\"twitter:data1\" content=\"Gabriel Martins\" \/>\n\t<meta name=\"twitter:label2\" content=\"Est. tempo de leitura\" \/>\n\t<meta name=\"twitter:data2\" content=\"4 minutos\" \/>\n<!-- \/ Yoast SEO plugin. -->","yoast_head_json":{"title":"Aposentados do INSS v\u00e3o receber at\u00e9 R$ 8.157 por m\u00eas em 2026 ap\u00f3s novo teto ser confirmado com base na infla\u00e7\u00e3o anual - Estado de Minas - Em foco","description":"Novo teto do INSS em 2026 altera o valor m\u00e1ximo pago e muda o c\u00e1lculo da contribui\u00e7\u00e3o de trabalhadores com remunera\u00e7\u00e3o elevada.","robots":{"index":"index","follow":"follow","max-snippet":"max-snippet:-1","max-image-preview":"max-image-preview:large","max-video-preview":"max-video-preview:-1"},"canonical":"https:\/\/www.em.com.br\/emfoco\/2026\/01\/23\/aposentados-do-inss-vao-receber-ate-r-8-157-por-mes-em-2026-apos-novo-teto-ser-confirmado-com-base-na-inflacao-anual\/","og_locale":"pt_BR","og_type":"article","og_title":"Aposentados do INSS v\u00e3o receber at\u00e9 R$ 8.157 por m\u00eas em 2026 ap\u00f3s novo teto ser confirmado com base na infla\u00e7\u00e3o anual - Estado de Minas - Em foco","og_description":"Novo teto do INSS em 2026 altera o valor m\u00e1ximo pago e muda o c\u00e1lculo da contribui\u00e7\u00e3o de trabalhadores com remunera\u00e7\u00e3o elevada.","og_url":"https:\/\/www.em.com.br\/emfoco\/2026\/01\/23\/aposentados-do-inss-vao-receber-ate-r-8-157-por-mes-em-2026-apos-novo-teto-ser-confirmado-com-base-na-inflacao-anual\/","og_site_name":"Estado de Minas - Em foco","article_published_time":"2026-01-24T00:45:00+00:00","article_modified_time":"2026-01-21T17:12:09+00:00","og_image":[{"width":1280,"height":720,"url":"https:\/\/www.em.com.br\/emfoco\/wp-content\/uploads\/2026\/01\/AIAI-8-32.jpg","type":"image\/jpeg"}],"author":"Gabriel Martins","twitter_card":"summary_large_image","twitter_misc":{"Escrito por":"Gabriel Martins","Est. tempo de leitura":"4 minutos"},"schema":{"@context":"https:\/\/schema.org","@graph":[{"@type":"WebPage","@id":"https:\/\/www.em.com.br\/emfoco\/2026\/01\/23\/aposentados-do-inss-vao-receber-ate-r-8-157-por-mes-em-2026-apos-novo-teto-ser-confirmado-com-base-na-inflacao-anual\/","url":"https:\/\/www.em.com.br\/emfoco\/2026\/01\/23\/aposentados-do-inss-vao-receber-ate-r-8-157-por-mes-em-2026-apos-novo-teto-ser-confirmado-com-base-na-inflacao-anual\/","name":"Aposentados do INSS v\u00e3o receber at\u00e9 R$ 8.157 por m\u00eas em 2026 ap\u00f3s novo teto ser confirmado com base na infla\u00e7\u00e3o anual - Estado de Minas - Em foco","isPartOf":{"@id":"https:\/\/www.em.com.br\/emfoco\/#website"},"primaryImageOfPage":{"@id":"https:\/\/www.em.com.br\/emfoco\/2026\/01\/23\/aposentados-do-inss-vao-receber-ate-r-8-157-por-mes-em-2026-apos-novo-teto-ser-confirmado-com-base-na-inflacao-anual\/#primaryimage"},"image":{"@id":"https:\/\/www.em.com.br\/emfoco\/2026\/01\/23\/aposentados-do-inss-vao-receber-ate-r-8-157-por-mes-em-2026-apos-novo-teto-ser-confirmado-com-base-na-inflacao-anual\/#primaryimage"},"thumbnailUrl":"https:\/\/www.em.com.br\/emfoco\/wp-content\/uploads\/2026\/01\/AIAI-8-32.jpg","datePublished":"2026-01-24T00:45:00+00:00","dateModified":"2026-01-21T17:12:09+00:00","author":{"@id":"https:\/\/www.em.com.br\/emfoco\/#\/schema\/person\/1c9ddeab18b98abeffef834667bcf08a"},"description":"Novo teto do INSS em 2026 altera o valor m\u00e1ximo pago e muda o c\u00e1lculo da contribui\u00e7\u00e3o de trabalhadores com remunera\u00e7\u00e3o elevada.","breadcrumb":{"@id":"https:\/\/www.em.com.br\/emfoco\/2026\/01\/23\/aposentados-do-inss-vao-receber-ate-r-8-157-por-mes-em-2026-apos-novo-teto-ser-confirmado-com-base-na-inflacao-anual\/#breadcrumb"},"inLanguage":"pt-BR","potentialAction":[{"@type":"ReadAction","target":["https:\/\/www.em.com.br\/emfoco\/2026\/01\/23\/aposentados-do-inss-vao-receber-ate-r-8-157-por-mes-em-2026-apos-novo-teto-ser-confirmado-com-base-na-inflacao-anual\/"]}]},{"@type":"ImageObject","inLanguage":"pt-BR","@id":"https:\/\/www.em.com.br\/emfoco\/2026\/01\/23\/aposentados-do-inss-vao-receber-ate-r-8-157-por-mes-em-2026-apos-novo-teto-ser-confirmado-com-base-na-inflacao-anual\/#primaryimage","url":"https:\/\/www.em.com.br\/emfoco\/wp-content\/uploads\/2026\/01\/AIAI-8-32.jpg","contentUrl":"https:\/\/www.em.com.br\/emfoco\/wp-content\/uploads\/2026\/01\/AIAI-8-32.jpg","width":1280,"height":720,"caption":"Novo teto do INSS define limite m\u00e1ximo de benef\u00edcios e contribui\u00e7\u00f5es"},{"@type":"BreadcrumbList","@id":"https:\/\/www.em.com.br\/emfoco\/2026\/01\/23\/aposentados-do-inss-vao-receber-ate-r-8-157-por-mes-em-2026-apos-novo-teto-ser-confirmado-com-base-na-inflacao-anual\/#breadcrumb","itemListElement":[{"@type":"ListItem","position":1,"name":"In\u00edcio","item":"https:\/\/www.em.com.br\/emfoco\/"},{"@type":"ListItem","position":2,"name":"Aposentados do INSS v\u00e3o receber at\u00e9 R$ 8.157 por m\u00eas em 2026 ap\u00f3s novo teto ser confirmado com base na infla\u00e7\u00e3o anual"}]},{"@type":"WebSite","@id":"https:\/\/www.em.com.br\/emfoco\/#website","url":"https:\/\/www.em.com.br\/emfoco\/","name":"Estado de Minas - Em foco","description":"Acompanhe as \u00faltimas not\u00edcias e fique bem informado sobre tudo o que acontece em Minas Gerais, Brasil e no mundo.","potentialAction":[{"@type":"SearchAction","target":{"@type":"EntryPoint","urlTemplate":"https:\/\/www.em.com.br\/emfoco\/?s={search_term_string}"},"query-input":{"@type":"PropertyValueSpecification","valueRequired":true,"valueName":"search_term_string"}}],"inLanguage":"pt-BR"},{"@type":"Person","@id":"https:\/\/www.em.com.br\/emfoco\/#\/schema\/person\/1c9ddeab18b98abeffef834667bcf08a","name":"Gabriel Martins","image":{"@type":"ImageObject","inLanguage":"pt-BR","@id":"https:\/\/www.em.com.br\/emfoco\/#\/schema\/person\/image\/","url":"https:\/\/secure.gravatar.com\/avatar\/f0f1e2efdfd88f1ad2cb08c5c2731e50?s=96&d=mm&r=g","contentUrl":"https:\/\/secure.gravatar.com\/avatar\/f0f1e2efdfd88f1ad2cb08c5c2731e50?s=96&d=mm&r=g","caption":"Gabriel Martins"},"sameAs":["https:\/\/www.em.com.br\/emfoco\/"],"url":"https:\/\/www.em.com.br\/emfoco\/author\/gabrielmartinsmyth\/"}]}},"_links":{"self":[{"href":"https:\/\/www.em.com.br\/emfoco\/wp-json\/wp\/v2\/posts\/157939","targetHints":{"allow":["GET"]}}],"collection":[{"href":"https:\/\/www.em.com.br\/emfoco\/wp-json\/wp\/v2\/posts"}],"about":[{"href":"https:\/\/www.em.com.br\/emfoco\/wp-json\/wp\/v2\/types\/post"}],"author":[{"embeddable":true,"href":"https:\/\/www.em.com.br\/emfoco\/wp-json\/wp\/v2\/users\/13"}],"replies":[{"embeddable":true,"href":"https:\/\/www.em.com.br\/emfoco\/wp-json\/wp\/v2\/comments?post=157939"}],"version-history":[{"count":1,"href":"https:\/\/www.em.com.br\/emfoco\/wp-json\/wp\/v2\/posts\/157939\/revisions"}],"predecessor-version":[{"id":158037,"href":"https:\/\/www.em.com.br\/emfoco\/wp-json\/wp\/v2\/posts\/157939\/revisions\/158037"}],"wp:featuredmedia":[{"embeddable":true,"href":"https:\/\/www.em.com.br\/emfoco\/wp-json\/wp\/v2\/media\/158032"}],"wp:attachment":[{"href":"https:\/\/www.em.com.br\/emfoco\/wp-json\/wp\/v2\/media?parent=157939"}],"wp:term":[{"taxonomy":"category","embeddable":true,"href":"https:\/\/www.em.com.br\/emfoco\/wp-json\/wp\/v2\/categories?post=157939"},{"taxonomy":"post_tag","embeddable":true,"href":"https:\/\/www.em.com.br\/emfoco\/wp-json\/wp\/v2\/tags?post=157939"}],"curies":[{"name":"wp","href":"https:\/\/api.w.org\/{rel}","templated":true}]}}