{"id":157938,"date":"2026-01-23T21:05:00","date_gmt":"2026-01-24T00:05:00","guid":{"rendered":"https:\/\/www.em.com.br\/emfoco\/?p=157938"},"modified":"2026-01-21T14:08:15","modified_gmt":"2026-01-21T17:08:15","slug":"aposentados-em-mg-podem-zerar-o-iptu-2026-mas-so-quem-cumprir-todos-os-criterios-da-prefeitura-consegue-o-beneficio","status":"publish","type":"post","link":"https:\/\/www.em.com.br\/emfoco\/2026\/01\/23\/aposentados-em-mg-podem-zerar-o-iptu-2026-mas-so-quem-cumprir-todos-os-criterios-da-prefeitura-consegue-o-beneficio\/","title":{"rendered":"Aposentados em MG podem zerar o IPTU 2026, mas s\u00f3 quem cumprir todos os crit\u00e9rios da prefeitura consegue o benef\u00edcio"},"content":{"rendered":"\n<h2 class=\"wp-block-heading\">A isen\u00e7\u00e3o do IPTU 2026 para aposentados em Minas depende de leis municipais. Prefeituras exigem im\u00f3vel \u00fanico, uso residencial, renda limitada e pedido dentro do prazo, com regras espec\u00edficas em cada cidade.<\/h2>\n\n\n\n<p>Em <strong>Minas Gerais<\/strong>, aposentados e pensionistas podem obter <strong>isen\u00e7\u00e3o do IPTU 2026<\/strong>, mas o benef\u00edcio depende de leis municipais. Cada prefeitura define crit\u00e9rios pr\u00f3prios, como renda, im\u00f3vel \u00fanico e uso residencial, exigindo aten\u00e7\u00e3o aos prazos e regras locais.<\/p>\n\n\n\n<h2 class=\"wp-block-heading\">Como funciona a isen\u00e7\u00e3o do IPTU para aposentados em MG?<\/h2>\n\n\n\n<p>A <strong>isen\u00e7\u00e3o do IPTU<\/strong> em Minas Gerais n\u00e3o \u00e9 estadual, sendo regulamentada por <strong>leis municipais<\/strong>. Isso significa que cada cidade estabelece crit\u00e9rios espec\u00edficos, prazos e procedimentos, mesmo mantendo padr\u00f5es semelhantes voltados \u00e0 prote\u00e7\u00e3o da renda do idoso.<\/p>\n\n\n\n<p>Na pr\u00e1tica, o benef\u00edcio busca aliviar o or\u00e7amento de quem vive com renda fixa. Em munic\u00edpios como <strong>Belo Horizonte<\/strong>, <strong>Uberl\u00e2ndia<\/strong>, <strong>Juiz de Fora<\/strong> e <strong>Contagem<\/strong>, h\u00e1 normas pr\u00f3prias que garantem descontos ou isen\u00e7\u00e3o total do imposto.<\/p>\n\n\n\n<figure class=\"wp-block-image size-large\"><img loading=\"lazy\" decoding=\"async\" width=\"1024\" height=\"576\" src=\"https:\/\/www.em.com.br\/emfoco\/wp-content\/uploads\/2026\/01\/AIAI-6-37-1024x576.jpg\" alt=\"Aposentados em MG podem zerar o IPTU 2026, mas s\u00f3 quem cumprir todos os crit\u00e9rios da prefeitura consegue o benef\u00edcio\" class=\"wp-image-158027\" srcset=\"https:\/\/www.em.com.br\/emfoco\/wp-content\/uploads\/2026\/01\/AIAI-6-37-1024x576.jpg 1024w, https:\/\/www.em.com.br\/emfoco\/wp-content\/uploads\/2026\/01\/AIAI-6-37-300x169.jpg 300w, https:\/\/www.em.com.br\/emfoco\/wp-content\/uploads\/2026\/01\/AIAI-6-37-768x432.jpg 768w, https:\/\/www.em.com.br\/emfoco\/wp-content\/uploads\/2026\/01\/AIAI-6-37-750x422.jpg 750w, https:\/\/www.em.com.br\/emfoco\/wp-content\/uploads\/2026\/01\/AIAI-6-37-1140x641.jpg 1140w, https:\/\/www.em.com.br\/emfoco\/wp-content\/uploads\/2026\/01\/AIAI-6-37.jpg 1280w\" sizes=\"auto, (max-width: 1024px) 100vw, 1024px\" \/><figcaption class=\"wp-element-caption\">Benef\u00edcio \u00e9 definido por leis locais e n\u00e3o por norma estadual<\/figcaption><\/figure>\n\n\n\n<h2 class=\"wp-block-heading\">Quem pode pedir a isen\u00e7\u00e3o do IPTU em 2026?<\/h2>\n\n\n\n<p>Apesar das diferen\u00e7as entre munic\u00edpios, os crit\u00e9rios costumam seguir um padr\u00e3o m\u00ednimo em Minas Gerais. Para facilitar a compreens\u00e3o, veja abaixo todos os requisitos que normalmente s\u00e3o exigidos pelas prefeituras.<\/p>\n\n\n\n<ul class=\"wp-block-list\">\n<li>Condi\u00e7\u00e3o de benefici\u00e1rio: ser <strong>aposentado ou pensionista<\/strong> pelo INSS ou regime pr\u00f3prio.<\/li>\n\n\n\n<li>Renda familiar: limite geralmente de at\u00e9 <strong>3 sal\u00e1rios m\u00ednimos<\/strong>, conforme valor vigente em 2026.<\/li>\n\n\n\n<li>Im\u00f3vel \u00fanico: possuir apenas <strong>um im\u00f3vel<\/strong> registrado no munic\u00edpio.<\/li>\n\n\n\n<li>Uso residencial: o im\u00f3vel deve ser a <strong>moradia fixa<\/strong> do benefici\u00e1rio.<\/li>\n\n\n\n<li>Valor venal: o bem n\u00e3o pode ultrapassar o <strong>teto definido em lei municipal<\/strong>.<\/li>\n<\/ul>\n\n\n\n<h2 class=\"wp-block-heading\">O que diz a lei em Belo Horizonte sobre o IPTU?<\/h2>\n\n\n\n<p>Em Belo Horizonte, a isen\u00e7\u00e3o do IPTU para aposentados \u00e9 regulamentada pela <strong><a href=\"https:\/\/leismunicipais.com.br\/a\/mg\/b\/belo-horizonte\/lei-ordinaria\/1990\/583\/5839\/lei-ordinaria-n-5839-1990-procede-a-reavaliacao-das-isencoes-incentivos-e-beneficios-fiscais-de-acordo-com-o-art-21-do-ato-das-disposicoes-constitucionais-transitorias-da-lei-organica-do-municipio-de-belo-horizonte\" target=\"_blank\" rel=\"noreferrer noopener\">Lei n\u00ba 5.839\/1990<\/a><\/strong>, com atualiza\u00e7\u00f5es posteriores. A norma prioriza contribuintes com renda limitada e im\u00f3vel enquadrado no valor de isen\u00e7\u00e3o social.<\/p>\n\n\n\n<p>Para 2026, a prefeitura exige renda de at\u00e9 <strong>3 sal\u00e1rios m\u00ednimos<\/strong> e comprova\u00e7\u00e3o de que o im\u00f3vel \u00e9 residencial e \u00fanico. A solicita\u00e7\u00e3o deve ser feita dentro do prazo anual definido pela <strong>Secretaria Municipal da Fazenda<\/strong>.<\/p>\n\n\n\n<figure class=\"wp-block-image size-large\"><img loading=\"lazy\" decoding=\"async\" width=\"1024\" height=\"576\" src=\"https:\/\/www.em.com.br\/emfoco\/wp-content\/uploads\/2026\/01\/AIAI-7-36-1024x576.jpg\" alt=\"Aposentados em MG podem zerar o IPTU 2026, mas s\u00f3 quem cumprir todos os crit\u00e9rios da prefeitura consegue o benef\u00edcio\" class=\"wp-image-158028\" srcset=\"https:\/\/www.em.com.br\/emfoco\/wp-content\/uploads\/2026\/01\/AIAI-7-36-1024x576.jpg 1024w, https:\/\/www.em.com.br\/emfoco\/wp-content\/uploads\/2026\/01\/AIAI-7-36-300x169.jpg 300w, https:\/\/www.em.com.br\/emfoco\/wp-content\/uploads\/2026\/01\/AIAI-7-36-768x432.jpg 768w, https:\/\/www.em.com.br\/emfoco\/wp-content\/uploads\/2026\/01\/AIAI-7-36-750x422.jpg 750w, https:\/\/www.em.com.br\/emfoco\/wp-content\/uploads\/2026\/01\/AIAI-7-36-1140x641.jpg 1140w, https:\/\/www.em.com.br\/emfoco\/wp-content\/uploads\/2026\/01\/AIAI-7-36.jpg 1280w\" sizes=\"auto, (max-width: 1024px) 100vw, 1024px\" \/><figcaption class=\"wp-element-caption\">Belo Horizonte exige renda at\u00e9 tr\u00eas sal\u00e1rios m\u00ednimos e im\u00f3vel residencial<\/figcaption><\/figure>\n\n\n\n<p><em>Leia mais: <em><strong><a href=\"https:\/\/www.em.com.br\/emfoco\/2026\/01\/21\/inss-reconhece-aposentadoria-especial-em-2026-com-regras-proprias-para-quem-atuou-com-eletricidade-produtos-quimicos-ou-agentes-biologicos\/\" target=\"_blank\" rel=\"noreferrer noopener\">INSS reconhece aposentadoria especial em 2026 com regras pr\u00f3prias para quem atuou com eletricidade, produtos qu\u00edmicos ou agentes biol\u00f3gicos<\/a><\/strong><\/em><\/em><\/p>\n\n\n\n<h2 class=\"wp-block-heading\">Como solicitar a isen\u00e7\u00e3o do IPTU em 2026?<\/h2>\n\n\n\n<p>O pedido n\u00e3o \u00e9 autom\u00e1tico e exige aten\u00e7\u00e3o aos prazos e documentos exigidos pela prefeitura. Para evitar indeferimentos, o ideal \u00e9 seguir corretamente todas as etapas previstas no regulamento municipal, conforme os pontos abaixo.<\/p>\n\n\n\n<ul class=\"wp-block-list\">\n<li>Prazo de solicita\u00e7\u00e3o: geralmente entre <strong>janeiro e mar\u00e7o<\/strong>, ap\u00f3s a emiss\u00e3o da primeira guia.<\/li>\n\n\n\n<li>Documentos exigidos: RG, CPF, comprovante de resid\u00eancia, <strong>extrato do INSS<\/strong> e registro do im\u00f3vel.<\/li>\n\n\n\n<li>Forma de protocolo: presencialmente na prefeitura ou por <strong>portal eletr\u00f4nico<\/strong>, se dispon\u00edvel.<\/li>\n<\/ul>\n\n\n\n<h2 class=\"wp-block-heading\">O benef\u00edcio pode ser cancelado pela prefeitura?<\/h2>\n\n\n\n<p>Sim. A <strong>isen\u00e7\u00e3o do IPTU<\/strong> pode ser revogada se o aposentado deixar de cumprir os requisitos legais, como alugar o im\u00f3vel, mudar de resid\u00eancia ou adquirir um segundo bem no mesmo munic\u00edpio.<\/p>\n\n\n\n<p>Al\u00e9m disso, algumas cidades exigem que n\u00e3o existam <strong>d\u00e9bitos anteriores<\/strong>. Caso haja pend\u00eancias, a prefeitura pode condicionar a concess\u00e3o do benef\u00edcio \u00e0 regulariza\u00e7\u00e3o, refor\u00e7ando a import\u00e2ncia de manter a situa\u00e7\u00e3o fiscal em dia.<\/p>\n","protected":false},"excerpt":{"rendered":"<p>A isen\u00e7\u00e3o do IPTU 2026 para aposentados em Minas depende de leis municipais. Prefeituras exigem im\u00f3vel \u00fanico, uso residencial, renda limitada e pedido dentro do prazo, com regras espec\u00edficas em cada cidade. Em Minas Gerais, aposentados e pensionistas podem obter isen\u00e7\u00e3o do IPTU 2026, mas o benef\u00edcio depende de leis municipais. Cada prefeitura define crit\u00e9rios [&hellip;]<\/p>\n","protected":false},"author":13,"featured_media":158025,"comment_status":"open","ping_status":"open","sticky":false,"template":"","format":"standard","meta":{"jnews-multi-image_gallery":[],"jnews_single_post":{"format":"standard"},"jnews_primary_category":[],"jnews_social_meta":[],"jnews_override_counter":[],"footnotes":""},"categories":[28],"tags":[2424,21312,207],"class_list":["post-157938","post","type-post","status-publish","format-standard","has-post-thumbnail","hentry","category-economia","tag-iptu","tag-isencao-de-iptu","tag-minas-gerais"],"yoast_head":"<!-- This site is optimized with the Yoast SEO plugin v23.8 - https:\/\/yoast.com\/wordpress\/plugins\/seo\/ -->\n<title>Aposentados em MG podem zerar o IPTU 2026, mas s\u00f3 quem cumprir todos os crit\u00e9rios da prefeitura consegue o benef\u00edcio - Estado de Minas - Em foco<\/title>\n<meta name=\"description\" content=\"Aposentados em MG podem conseguir isen\u00e7\u00e3o do IPTU 2026, mas s\u00f3 com im\u00f3vel \u00fanico, renda baixa e pedido dentro do prazo municipal.\" \/>\n<meta name=\"robots\" content=\"index, follow, max-snippet:-1, max-image-preview:large, max-video-preview:-1\" \/>\n<link rel=\"canonical\" href=\"https:\/\/www.em.com.br\/emfoco\/2026\/01\/23\/aposentados-em-mg-podem-zerar-o-iptu-2026-mas-so-quem-cumprir-todos-os-criterios-da-prefeitura-consegue-o-beneficio\/\" \/>\n<meta property=\"og:locale\" content=\"pt_BR\" \/>\n<meta property=\"og:type\" content=\"article\" \/>\n<meta property=\"og:title\" content=\"Aposentados em MG podem zerar o IPTU 2026, mas s\u00f3 quem cumprir todos os crit\u00e9rios da prefeitura consegue o benef\u00edcio - Estado de Minas - Em foco\" \/>\n<meta property=\"og:description\" content=\"Aposentados em MG podem conseguir isen\u00e7\u00e3o do IPTU 2026, mas s\u00f3 com im\u00f3vel \u00fanico, renda baixa e pedido dentro do prazo municipal.\" \/>\n<meta property=\"og:url\" content=\"https:\/\/www.em.com.br\/emfoco\/2026\/01\/23\/aposentados-em-mg-podem-zerar-o-iptu-2026-mas-so-quem-cumprir-todos-os-criterios-da-prefeitura-consegue-o-beneficio\/\" \/>\n<meta property=\"og:site_name\" content=\"Estado de Minas - Em foco\" \/>\n<meta property=\"article:published_time\" content=\"2026-01-24T00:05:00+00:00\" \/>\n<meta property=\"article:modified_time\" content=\"2026-01-21T17:08:15+00:00\" \/>\n<meta property=\"og:image\" content=\"https:\/\/www.em.com.br\/emfoco\/wp-content\/uploads\/2026\/01\/AIAI-5-43.jpg\" \/>\n\t<meta property=\"og:image:width\" content=\"1280\" \/>\n\t<meta property=\"og:image:height\" content=\"720\" \/>\n\t<meta property=\"og:image:type\" content=\"image\/jpeg\" \/>\n<meta name=\"author\" content=\"Gabriel Martins\" \/>\n<meta name=\"twitter:card\" content=\"summary_large_image\" \/>\n<meta name=\"twitter:label1\" content=\"Escrito por\" \/>\n\t<meta name=\"twitter:data1\" content=\"Gabriel Martins\" \/>\n\t<meta name=\"twitter:label2\" content=\"Est. tempo de leitura\" \/>\n\t<meta name=\"twitter:data2\" content=\"4 minutos\" \/>\n<!-- \/ Yoast SEO plugin. -->","yoast_head_json":{"title":"Aposentados em MG podem zerar o IPTU 2026, mas s\u00f3 quem cumprir todos os crit\u00e9rios da prefeitura consegue o benef\u00edcio - Estado de Minas - Em foco","description":"Aposentados em MG podem conseguir isen\u00e7\u00e3o do IPTU 2026, mas s\u00f3 com im\u00f3vel \u00fanico, renda baixa e pedido dentro do prazo municipal.","robots":{"index":"index","follow":"follow","max-snippet":"max-snippet:-1","max-image-preview":"max-image-preview:large","max-video-preview":"max-video-preview:-1"},"canonical":"https:\/\/www.em.com.br\/emfoco\/2026\/01\/23\/aposentados-em-mg-podem-zerar-o-iptu-2026-mas-so-quem-cumprir-todos-os-criterios-da-prefeitura-consegue-o-beneficio\/","og_locale":"pt_BR","og_type":"article","og_title":"Aposentados em MG podem zerar o IPTU 2026, mas s\u00f3 quem cumprir todos os crit\u00e9rios da prefeitura consegue o benef\u00edcio - Estado de Minas - Em foco","og_description":"Aposentados em MG podem conseguir isen\u00e7\u00e3o do IPTU 2026, mas s\u00f3 com im\u00f3vel \u00fanico, renda baixa e pedido dentro do prazo municipal.","og_url":"https:\/\/www.em.com.br\/emfoco\/2026\/01\/23\/aposentados-em-mg-podem-zerar-o-iptu-2026-mas-so-quem-cumprir-todos-os-criterios-da-prefeitura-consegue-o-beneficio\/","og_site_name":"Estado de Minas - Em foco","article_published_time":"2026-01-24T00:05:00+00:00","article_modified_time":"2026-01-21T17:08:15+00:00","og_image":[{"width":1280,"height":720,"url":"https:\/\/www.em.com.br\/emfoco\/wp-content\/uploads\/2026\/01\/AIAI-5-43.jpg","type":"image\/jpeg"}],"author":"Gabriel Martins","twitter_card":"summary_large_image","twitter_misc":{"Escrito por":"Gabriel Martins","Est. tempo de leitura":"4 minutos"},"schema":{"@context":"https:\/\/schema.org","@graph":[{"@type":"WebPage","@id":"https:\/\/www.em.com.br\/emfoco\/2026\/01\/23\/aposentados-em-mg-podem-zerar-o-iptu-2026-mas-so-quem-cumprir-todos-os-criterios-da-prefeitura-consegue-o-beneficio\/","url":"https:\/\/www.em.com.br\/emfoco\/2026\/01\/23\/aposentados-em-mg-podem-zerar-o-iptu-2026-mas-so-quem-cumprir-todos-os-criterios-da-prefeitura-consegue-o-beneficio\/","name":"Aposentados em MG podem zerar o IPTU 2026, mas s\u00f3 quem cumprir todos os crit\u00e9rios da prefeitura consegue o benef\u00edcio - Estado de Minas - Em foco","isPartOf":{"@id":"https:\/\/www.em.com.br\/emfoco\/#website"},"primaryImageOfPage":{"@id":"https:\/\/www.em.com.br\/emfoco\/2026\/01\/23\/aposentados-em-mg-podem-zerar-o-iptu-2026-mas-so-quem-cumprir-todos-os-criterios-da-prefeitura-consegue-o-beneficio\/#primaryimage"},"image":{"@id":"https:\/\/www.em.com.br\/emfoco\/2026\/01\/23\/aposentados-em-mg-podem-zerar-o-iptu-2026-mas-so-quem-cumprir-todos-os-criterios-da-prefeitura-consegue-o-beneficio\/#primaryimage"},"thumbnailUrl":"https:\/\/www.em.com.br\/emfoco\/wp-content\/uploads\/2026\/01\/AIAI-5-43.jpg","datePublished":"2026-01-24T00:05:00+00:00","dateModified":"2026-01-21T17:08:15+00:00","author":{"@id":"https:\/\/www.em.com.br\/emfoco\/#\/schema\/person\/1c9ddeab18b98abeffef834667bcf08a"},"description":"Aposentados em MG podem conseguir isen\u00e7\u00e3o do IPTU 2026, mas s\u00f3 com im\u00f3vel \u00fanico, renda baixa e pedido dentro do prazo municipal.","breadcrumb":{"@id":"https:\/\/www.em.com.br\/emfoco\/2026\/01\/23\/aposentados-em-mg-podem-zerar-o-iptu-2026-mas-so-quem-cumprir-todos-os-criterios-da-prefeitura-consegue-o-beneficio\/#breadcrumb"},"inLanguage":"pt-BR","potentialAction":[{"@type":"ReadAction","target":["https:\/\/www.em.com.br\/emfoco\/2026\/01\/23\/aposentados-em-mg-podem-zerar-o-iptu-2026-mas-so-quem-cumprir-todos-os-criterios-da-prefeitura-consegue-o-beneficio\/"]}]},{"@type":"ImageObject","inLanguage":"pt-BR","@id":"https:\/\/www.em.com.br\/emfoco\/2026\/01\/23\/aposentados-em-mg-podem-zerar-o-iptu-2026-mas-so-quem-cumprir-todos-os-criterios-da-prefeitura-consegue-o-beneficio\/#primaryimage","url":"https:\/\/www.em.com.br\/emfoco\/wp-content\/uploads\/2026\/01\/AIAI-5-43.jpg","contentUrl":"https:\/\/www.em.com.br\/emfoco\/wp-content\/uploads\/2026\/01\/AIAI-5-43.jpg","width":1280,"height":720,"caption":"Isen\u00e7\u00e3o do IPTU em Minas depende de regras municipais espec\u00edficas"},{"@type":"BreadcrumbList","@id":"https:\/\/www.em.com.br\/emfoco\/2026\/01\/23\/aposentados-em-mg-podem-zerar-o-iptu-2026-mas-so-quem-cumprir-todos-os-criterios-da-prefeitura-consegue-o-beneficio\/#breadcrumb","itemListElement":[{"@type":"ListItem","position":1,"name":"In\u00edcio","item":"https:\/\/www.em.com.br\/emfoco\/"},{"@type":"ListItem","position":2,"name":"Aposentados em MG podem zerar o IPTU 2026, mas s\u00f3 quem cumprir todos os crit\u00e9rios da prefeitura consegue o benef\u00edcio"}]},{"@type":"WebSite","@id":"https:\/\/www.em.com.br\/emfoco\/#website","url":"https:\/\/www.em.com.br\/emfoco\/","name":"Estado de Minas - Em foco","description":"Acompanhe as \u00faltimas not\u00edcias e fique bem informado sobre tudo o que acontece em Minas Gerais, Brasil e no mundo.","potentialAction":[{"@type":"SearchAction","target":{"@type":"EntryPoint","urlTemplate":"https:\/\/www.em.com.br\/emfoco\/?s={search_term_string}"},"query-input":{"@type":"PropertyValueSpecification","valueRequired":true,"valueName":"search_term_string"}}],"inLanguage":"pt-BR"},{"@type":"Person","@id":"https:\/\/www.em.com.br\/emfoco\/#\/schema\/person\/1c9ddeab18b98abeffef834667bcf08a","name":"Gabriel Martins","image":{"@type":"ImageObject","inLanguage":"pt-BR","@id":"https:\/\/www.em.com.br\/emfoco\/#\/schema\/person\/image\/","url":"https:\/\/secure.gravatar.com\/avatar\/f0f1e2efdfd88f1ad2cb08c5c2731e50?s=96&d=mm&r=g","contentUrl":"https:\/\/secure.gravatar.com\/avatar\/f0f1e2efdfd88f1ad2cb08c5c2731e50?s=96&d=mm&r=g","caption":"Gabriel Martins"},"sameAs":["https:\/\/www.em.com.br\/emfoco\/"],"url":"https:\/\/www.em.com.br\/emfoco\/author\/gabrielmartinsmyth\/"}]}},"_links":{"self":[{"href":"https:\/\/www.em.com.br\/emfoco\/wp-json\/wp\/v2\/posts\/157938","targetHints":{"allow":["GET"]}}],"collection":[{"href":"https:\/\/www.em.com.br\/emfoco\/wp-json\/wp\/v2\/posts"}],"about":[{"href":"https:\/\/www.em.com.br\/emfoco\/wp-json\/wp\/v2\/types\/post"}],"author":[{"embeddable":true,"href":"https:\/\/www.em.com.br\/emfoco\/wp-json\/wp\/v2\/users\/13"}],"replies":[{"embeddable":true,"href":"https:\/\/www.em.com.br\/emfoco\/wp-json\/wp\/v2\/comments?post=157938"}],"version-history":[{"count":1,"href":"https:\/\/www.em.com.br\/emfoco\/wp-json\/wp\/v2\/posts\/157938\/revisions"}],"predecessor-version":[{"id":158031,"href":"https:\/\/www.em.com.br\/emfoco\/wp-json\/wp\/v2\/posts\/157938\/revisions\/158031"}],"wp:featuredmedia":[{"embeddable":true,"href":"https:\/\/www.em.com.br\/emfoco\/wp-json\/wp\/v2\/media\/158025"}],"wp:attachment":[{"href":"https:\/\/www.em.com.br\/emfoco\/wp-json\/wp\/v2\/media?parent=157938"}],"wp:term":[{"taxonomy":"category","embeddable":true,"href":"https:\/\/www.em.com.br\/emfoco\/wp-json\/wp\/v2\/categories?post=157938"},{"taxonomy":"post_tag","embeddable":true,"href":"https:\/\/www.em.com.br\/emfoco\/wp-json\/wp\/v2\/tags?post=157938"}],"curies":[{"name":"wp","href":"https:\/\/api.w.org\/{rel}","templated":true}]}}