{"id":157934,"date":"2026-01-23T17:15:00","date_gmt":"2026-01-23T20:15:00","guid":{"rendered":"https:\/\/www.em.com.br\/emfoco\/?p=157934"},"modified":"2026-01-21T13:56:04","modified_gmt":"2026-01-21T16:56:04","slug":"inss-anuncia-pente-fino-nos-beneficios-veja-quem-pode-ter-o-pagamento-bloqueado","status":"publish","type":"post","link":"https:\/\/www.em.com.br\/emfoco\/2026\/01\/23\/inss-anuncia-pente-fino-nos-beneficios-veja-quem-pode-ter-o-pagamento-bloqueado\/","title":{"rendered":"INSS anuncia pente-fino nos benef\u00edcios: veja quem pode ter o pagamento bloqueado"},"content":{"rendered":"\n<h2 class=\"wp-block-heading\">O pente-fino do INSS intensifica revis\u00f5es no primeiro semestre, focando benef\u00edcios por incapacidade e BPC. Convoca\u00e7\u00f5es ocorrem pelo Meu INSS, carta ou banco, e o n\u00e3o cumprimento de prazos pode suspender pagamentos.<\/h2>\n\n\n\n<p>O <strong>pente-fino do INSS<\/strong> entra em uma fase mais rigorosa, com revis\u00f5es concentradas no primeiro semestre. O objetivo \u00e9 corrigir pagamentos irregulares e cadastros desatualizados, mas quem n\u00e3o atende \u00e0s exig\u00eancias no prazo corre risco real de suspens\u00e3o.<\/p>\n\n\n\n<h2 class=\"wp-block-heading\">Quem corre maior risco de cair no pente-fino do INSS?<\/h2>\n\n\n\n<p>A revis\u00e3o prioriza benef\u00edcios que n\u00e3o passam por an\u00e1lise h\u00e1 anos, sobretudo os ligados \u00e0 incapacidade e \u00e0 assist\u00eancia social. O sistema cruza dados m\u00e9dicos, cadastrais e financeiros para identificar poss\u00edveis irregularidades.<\/p>\n\n\n\n<p>Est\u00e3o no foco <strong>aux\u00edlio-doen\u00e7a<\/strong>, aposentadoria por invalidez antes dos 60 anos, <strong>BPC <\/strong>com <strong><a href=\"https:\/\/www.gov.br\/pt-br\/servicos\/consultar-dados-do-cadastro-unico-cadunico\" target=\"_blank\" rel=\"noreferrer noopener\">Cad\u00danico<\/a><\/strong> desatualizado, aux\u00edlio-reclus\u00e3o e segurados com ac\u00famulo indevido, diverg\u00eancia de CPF ou renda familiar acima do limite legal.<\/p>\n\n\n\n<figure class=\"wp-block-image size-large\"><img loading=\"lazy\" decoding=\"async\" width=\"1024\" height=\"576\" src=\"https:\/\/www.em.com.br\/emfoco\/wp-content\/uploads\/2026\/01\/AIAI-16-14-1024x576.jpg\" alt=\"INSS anuncia pente-fino nos benef\u00edcios: veja quem pode ter o pagamento bloqueado\" class=\"wp-image-158008\" srcset=\"https:\/\/www.em.com.br\/emfoco\/wp-content\/uploads\/2026\/01\/AIAI-16-14-1024x576.jpg 1024w, https:\/\/www.em.com.br\/emfoco\/wp-content\/uploads\/2026\/01\/AIAI-16-14-300x169.jpg 300w, https:\/\/www.em.com.br\/emfoco\/wp-content\/uploads\/2026\/01\/AIAI-16-14-768x432.jpg 768w, https:\/\/www.em.com.br\/emfoco\/wp-content\/uploads\/2026\/01\/AIAI-16-14-750x422.jpg 750w, https:\/\/www.em.com.br\/emfoco\/wp-content\/uploads\/2026\/01\/AIAI-16-14-1140x641.jpg 1140w, https:\/\/www.em.com.br\/emfoco\/wp-content\/uploads\/2026\/01\/AIAI-16-14.jpg 1280w\" sizes=\"auto, (max-width: 1024px) 100vw, 1024px\" \/><figcaption class=\"wp-element-caption\">Benef\u00edcios antigos e assistenciais concentram maior risco de revis\u00e3o<\/figcaption><\/figure>\n\n\n\n<h2 class=\"wp-block-heading\">Como o INSS faz a convoca\u00e7\u00e3o dos segurados?<\/h2>\n\n\n\n<p>O instituto utiliza m\u00faltiplos canais oficiais e considera v\u00e1lida qualquer comunica\u00e7\u00e3o registrada. Muitos bloqueios ocorrem porque o segurado ignora avisos simples, acreditando que apenas cartas f\u00edsicas t\u00eam valor jur\u00eddico. As convoca\u00e7\u00f5es costumam ocorrer das seguintes formas.<\/p>\n\n\n\n<ul class=\"wp-block-list\">\n<li><strong>Aplicativo Meu INSS<\/strong>: notifica\u00e7\u00e3o push e exig\u00eancia aberta no sistema.<\/li>\n\n\n\n<li><strong>Carta f\u00edsica<\/strong>: envio ao endere\u00e7o cadastrado do benefici\u00e1rio.<\/li>\n\n\n\n<li><strong>Extrato banc\u00e1rio<\/strong>: mensagem exibida no comprovante de saque.<\/li>\n<\/ul>\n\n\n\n<h2 class=\"wp-block-heading\">Quais documentos o segurado precisa apresentar na revis\u00e3o?<\/h2>\n\n\n\n<p>A exig\u00eancia documental varia conforme o benef\u00edcio, mas o crit\u00e9rio central \u00e9 comprovar que os requisitos legais continuam presentes. Laudos antigos e exames vencidos s\u00e3o causas frequentes de indeferimento.<\/p>\n\n\n\n<p>Nos benef\u00edcios por incapacidade, s\u00e3o exigidos <strong>laudos m\u00e9dicos atualizados<\/strong>, exames recentes, receitas e relat\u00f3rios terap\u00eauticos. No BPC, a atualiza\u00e7\u00e3o do Cad\u00danico e a comprova\u00e7\u00e3o detalhada da renda familiar s\u00e3o indispens\u00e1veis.<\/p>\n\n\n\n<figure class=\"wp-block-image size-large\"><img loading=\"lazy\" decoding=\"async\" width=\"1024\" height=\"576\" src=\"https:\/\/www.em.com.br\/emfoco\/wp-content\/uploads\/2026\/01\/AIAI-17-10-1024x576.jpg\" alt=\"INSS anuncia pente-fino nos benef\u00edcios: veja quem pode ter o pagamento bloqueado\" class=\"wp-image-158013\" srcset=\"https:\/\/www.em.com.br\/emfoco\/wp-content\/uploads\/2026\/01\/AIAI-17-10-1024x576.jpg 1024w, https:\/\/www.em.com.br\/emfoco\/wp-content\/uploads\/2026\/01\/AIAI-17-10-300x169.jpg 300w, https:\/\/www.em.com.br\/emfoco\/wp-content\/uploads\/2026\/01\/AIAI-17-10-768x432.jpg 768w, https:\/\/www.em.com.br\/emfoco\/wp-content\/uploads\/2026\/01\/AIAI-17-10-750x422.jpg 750w, https:\/\/www.em.com.br\/emfoco\/wp-content\/uploads\/2026\/01\/AIAI-17-10-1140x641.jpg 1140w, https:\/\/www.em.com.br\/emfoco\/wp-content\/uploads\/2026\/01\/AIAI-17-10.jpg 1280w\" sizes=\"auto, (max-width: 1024px) 100vw, 1024px\" \/><figcaption class=\"wp-element-caption\">Documentos atualizados comprovam manuten\u00e7\u00e3o dos requisitos legais exigidos<\/figcaption><\/figure>\n\n\n\n<p><em>Leia mais: <em><strong><a href=\"https:\/\/www.em.com.br\/emfoco\/2026\/01\/21\/inss-reconhece-aposentadoria-especial-em-2026-com-regras-proprias-para-quem-atuou-com-eletricidade-produtos-quimicos-ou-agentes-biologicos\/\" target=\"_blank\" rel=\"noreferrer noopener\">INSS reconhece aposentadoria especial em 2026 com regras pr\u00f3prias para quem atuou com eletricidade, produtos qu\u00edmicos ou agentes biol\u00f3gicos<\/a><\/strong><\/em><\/em><\/p>\n\n\n\n<h2 class=\"wp-block-heading\">Quais s\u00e3o os prazos para apresentar defesa ao INSS?<\/h2>\n\n\n\n<p>Ap\u00f3s a convoca\u00e7\u00e3o, o segurado recebe um prazo formal para apresentar defesa ou cumprir exig\u00eancias. O n\u00e3o envio dos documentos dentro desse per\u00edodo resulta em suspens\u00e3o autom\u00e1tica do benef\u00edcio.<\/p>\n\n\n\n<p>Em geral, trabalhadores urbanos e benefici\u00e1rios do BPC t\u00eam at\u00e9 30 dias corridos, enquanto trabalhadores rurais costumam receber at\u00e9 60 dias, conforme registrado no sistema previdenci\u00e1rio.<\/p>\n\n\n\n<h2 class=\"wp-block-heading\">O que fazer se o benef\u00edcio for suspenso ap\u00f3s o pente-fino?<\/h2>\n\n\n\n<p>Mesmo ap\u00f3s o corte, ainda \u00e9 poss\u00edvel reverter a situa\u00e7\u00e3o se o segurado agir rapidamente e reunir provas adequadas. A organiza\u00e7\u00e3o documental \u00e9 decisiva nesse momento cr\u00edtico.<\/p>\n\n\n\n<ul class=\"wp-block-list\">\n<li><strong>Recurso administrativo<\/strong>: solicita\u00e7\u00e3o pelo Meu INSS em at\u00e9 30 dias ap\u00f3s a suspens\u00e3o.<\/li>\n\n\n\n<li><strong>Cumprimento de exig\u00eancia<\/strong>: envio imediato dos documentos pendentes.<\/li>\n\n\n\n<li><strong>Via judicial<\/strong>: acionamento do Juizado Federal quando o recurso \u00e9 negado.<\/li>\n<\/ul>\n\n\n\n<p>Manter acesso frequente ao Meu INSS, guardar laudos atualizados e acompanhar qualquer exig\u00eancia ativa \u00e9 a forma mais eficaz de evitar longos per\u00edodos sem renda. No pente-fino, informa\u00e7\u00e3o e organiza\u00e7\u00e3o funcionam como a melhor defesa do segurado.<\/p>\n","protected":false},"excerpt":{"rendered":"<p>O pente-fino do INSS intensifica revis\u00f5es no primeiro semestre, focando benef\u00edcios por incapacidade e BPC. Convoca\u00e7\u00f5es ocorrem pelo Meu INSS, carta ou banco, e o n\u00e3o cumprimento de prazos pode suspender pagamentos. O pente-fino do INSS entra em uma fase mais rigorosa, com revis\u00f5es concentradas no primeiro semestre. O objetivo \u00e9 corrigir pagamentos irregulares e [&hellip;]<\/p>\n","protected":false},"author":13,"featured_media":158006,"comment_status":"open","ping_status":"open","sticky":false,"template":"","format":"standard","meta":{"jnews-multi-image_gallery":[],"jnews_single_post":{"format":"standard"},"jnews_primary_category":[],"jnews_social_meta":[],"jnews_override_counter":[],"footnotes":""},"categories":[28],"tags":[8577,23080,23081],"class_list":["post-157934","post","type-post","status-publish","format-standard","has-post-thumbnail","hentry","category-economia","tag-meu-inss","tag-pente-fino-do-inss","tag-suspensao-de-pagamentos"],"yoast_head":"<!-- This site is optimized with the Yoast SEO plugin v23.8 - https:\/\/yoast.com\/wordpress\/plugins\/seo\/ -->\n<title>INSS anuncia pente-fino nos benef\u00edcios: veja quem pode ter o pagamento bloqueado - Estado de Minas - Em foco<\/title>\n<meta name=\"description\" content=\"INSS faz pente-fino e quem n\u00e3o responder em 30 dias perde o benef\u00edcio. Veja como consultar a convoca\u00e7\u00e3o e enviar os documentos certos.\" \/>\n<meta name=\"robots\" content=\"index, follow, max-snippet:-1, max-image-preview:large, max-video-preview:-1\" \/>\n<link rel=\"canonical\" href=\"https:\/\/www.em.com.br\/emfoco\/2026\/01\/23\/inss-anuncia-pente-fino-nos-beneficios-veja-quem-pode-ter-o-pagamento-bloqueado\/\" \/>\n<meta property=\"og:locale\" content=\"pt_BR\" \/>\n<meta property=\"og:type\" content=\"article\" \/>\n<meta property=\"og:title\" content=\"INSS anuncia pente-fino nos benef\u00edcios: veja quem pode ter o pagamento bloqueado - Estado de Minas - Em foco\" \/>\n<meta property=\"og:description\" content=\"INSS faz pente-fino e quem n\u00e3o responder em 30 dias perde o benef\u00edcio. Veja como consultar a convoca\u00e7\u00e3o e enviar os documentos certos.\" \/>\n<meta property=\"og:url\" content=\"https:\/\/www.em.com.br\/emfoco\/2026\/01\/23\/inss-anuncia-pente-fino-nos-beneficios-veja-quem-pode-ter-o-pagamento-bloqueado\/\" \/>\n<meta property=\"og:site_name\" content=\"Estado de Minas - Em foco\" \/>\n<meta property=\"article:published_time\" content=\"2026-01-23T20:15:00+00:00\" \/>\n<meta property=\"article:modified_time\" content=\"2026-01-21T16:56:04+00:00\" \/>\n<meta property=\"og:image\" content=\"https:\/\/www.em.com.br\/emfoco\/wp-content\/uploads\/2026\/01\/AIAI-15-15.jpg\" \/>\n\t<meta property=\"og:image:width\" content=\"1280\" \/>\n\t<meta property=\"og:image:height\" content=\"720\" \/>\n\t<meta property=\"og:image:type\" content=\"image\/jpeg\" \/>\n<meta name=\"author\" content=\"Gabriel Martins\" \/>\n<meta name=\"twitter:card\" content=\"summary_large_image\" \/>\n<meta name=\"twitter:label1\" content=\"Escrito por\" \/>\n\t<meta name=\"twitter:data1\" content=\"Gabriel Martins\" \/>\n\t<meta name=\"twitter:label2\" content=\"Est. tempo de leitura\" \/>\n\t<meta name=\"twitter:data2\" content=\"4 minutos\" \/>\n<!-- \/ Yoast SEO plugin. -->","yoast_head_json":{"title":"INSS anuncia pente-fino nos benef\u00edcios: veja quem pode ter o pagamento bloqueado - Estado de Minas - Em foco","description":"INSS faz pente-fino e quem n\u00e3o responder em 30 dias perde o benef\u00edcio. Veja como consultar a convoca\u00e7\u00e3o e enviar os documentos certos.","robots":{"index":"index","follow":"follow","max-snippet":"max-snippet:-1","max-image-preview":"max-image-preview:large","max-video-preview":"max-video-preview:-1"},"canonical":"https:\/\/www.em.com.br\/emfoco\/2026\/01\/23\/inss-anuncia-pente-fino-nos-beneficios-veja-quem-pode-ter-o-pagamento-bloqueado\/","og_locale":"pt_BR","og_type":"article","og_title":"INSS anuncia pente-fino nos benef\u00edcios: veja quem pode ter o pagamento bloqueado - Estado de Minas - Em foco","og_description":"INSS faz pente-fino e quem n\u00e3o responder em 30 dias perde o benef\u00edcio. Veja como consultar a convoca\u00e7\u00e3o e enviar os documentos certos.","og_url":"https:\/\/www.em.com.br\/emfoco\/2026\/01\/23\/inss-anuncia-pente-fino-nos-beneficios-veja-quem-pode-ter-o-pagamento-bloqueado\/","og_site_name":"Estado de Minas - Em foco","article_published_time":"2026-01-23T20:15:00+00:00","article_modified_time":"2026-01-21T16:56:04+00:00","og_image":[{"width":1280,"height":720,"url":"https:\/\/www.em.com.br\/emfoco\/wp-content\/uploads\/2026\/01\/AIAI-15-15.jpg","type":"image\/jpeg"}],"author":"Gabriel Martins","twitter_card":"summary_large_image","twitter_misc":{"Escrito por":"Gabriel Martins","Est. tempo de leitura":"4 minutos"},"schema":{"@context":"https:\/\/schema.org","@graph":[{"@type":"WebPage","@id":"https:\/\/www.em.com.br\/emfoco\/2026\/01\/23\/inss-anuncia-pente-fino-nos-beneficios-veja-quem-pode-ter-o-pagamento-bloqueado\/","url":"https:\/\/www.em.com.br\/emfoco\/2026\/01\/23\/inss-anuncia-pente-fino-nos-beneficios-veja-quem-pode-ter-o-pagamento-bloqueado\/","name":"INSS anuncia pente-fino nos benef\u00edcios: veja quem pode ter o pagamento bloqueado - Estado de Minas - Em foco","isPartOf":{"@id":"https:\/\/www.em.com.br\/emfoco\/#website"},"primaryImageOfPage":{"@id":"https:\/\/www.em.com.br\/emfoco\/2026\/01\/23\/inss-anuncia-pente-fino-nos-beneficios-veja-quem-pode-ter-o-pagamento-bloqueado\/#primaryimage"},"image":{"@id":"https:\/\/www.em.com.br\/emfoco\/2026\/01\/23\/inss-anuncia-pente-fino-nos-beneficios-veja-quem-pode-ter-o-pagamento-bloqueado\/#primaryimage"},"thumbnailUrl":"https:\/\/www.em.com.br\/emfoco\/wp-content\/uploads\/2026\/01\/AIAI-15-15.jpg","datePublished":"2026-01-23T20:15:00+00:00","dateModified":"2026-01-21T16:56:04+00:00","author":{"@id":"https:\/\/www.em.com.br\/emfoco\/#\/schema\/person\/1c9ddeab18b98abeffef834667bcf08a"},"description":"INSS faz pente-fino e quem n\u00e3o responder em 30 dias perde o benef\u00edcio. Veja como consultar a convoca\u00e7\u00e3o e enviar os documentos certos.","breadcrumb":{"@id":"https:\/\/www.em.com.br\/emfoco\/2026\/01\/23\/inss-anuncia-pente-fino-nos-beneficios-veja-quem-pode-ter-o-pagamento-bloqueado\/#breadcrumb"},"inLanguage":"pt-BR","potentialAction":[{"@type":"ReadAction","target":["https:\/\/www.em.com.br\/emfoco\/2026\/01\/23\/inss-anuncia-pente-fino-nos-beneficios-veja-quem-pode-ter-o-pagamento-bloqueado\/"]}]},{"@type":"ImageObject","inLanguage":"pt-BR","@id":"https:\/\/www.em.com.br\/emfoco\/2026\/01\/23\/inss-anuncia-pente-fino-nos-beneficios-veja-quem-pode-ter-o-pagamento-bloqueado\/#primaryimage","url":"https:\/\/www.em.com.br\/emfoco\/wp-content\/uploads\/2026\/01\/AIAI-15-15.jpg","contentUrl":"https:\/\/www.em.com.br\/emfoco\/wp-content\/uploads\/2026\/01\/AIAI-15-15.jpg","width":1280,"height":720,"caption":"Pente-fino do INSS intensifica revis\u00f5es e amplia risco de suspens\u00e3o"},{"@type":"BreadcrumbList","@id":"https:\/\/www.em.com.br\/emfoco\/2026\/01\/23\/inss-anuncia-pente-fino-nos-beneficios-veja-quem-pode-ter-o-pagamento-bloqueado\/#breadcrumb","itemListElement":[{"@type":"ListItem","position":1,"name":"In\u00edcio","item":"https:\/\/www.em.com.br\/emfoco\/"},{"@type":"ListItem","position":2,"name":"INSS anuncia pente-fino nos benef\u00edcios: veja quem pode ter o pagamento bloqueado"}]},{"@type":"WebSite","@id":"https:\/\/www.em.com.br\/emfoco\/#website","url":"https:\/\/www.em.com.br\/emfoco\/","name":"Estado de Minas - Em foco","description":"Acompanhe as \u00faltimas not\u00edcias e fique bem informado sobre tudo o que acontece em Minas Gerais, Brasil e no mundo.","potentialAction":[{"@type":"SearchAction","target":{"@type":"EntryPoint","urlTemplate":"https:\/\/www.em.com.br\/emfoco\/?s={search_term_string}"},"query-input":{"@type":"PropertyValueSpecification","valueRequired":true,"valueName":"search_term_string"}}],"inLanguage":"pt-BR"},{"@type":"Person","@id":"https:\/\/www.em.com.br\/emfoco\/#\/schema\/person\/1c9ddeab18b98abeffef834667bcf08a","name":"Gabriel Martins","image":{"@type":"ImageObject","inLanguage":"pt-BR","@id":"https:\/\/www.em.com.br\/emfoco\/#\/schema\/person\/image\/","url":"https:\/\/secure.gravatar.com\/avatar\/f0f1e2efdfd88f1ad2cb08c5c2731e50?s=96&d=mm&r=g","contentUrl":"https:\/\/secure.gravatar.com\/avatar\/f0f1e2efdfd88f1ad2cb08c5c2731e50?s=96&d=mm&r=g","caption":"Gabriel Martins"},"sameAs":["https:\/\/www.em.com.br\/emfoco\/"],"url":"https:\/\/www.em.com.br\/emfoco\/author\/gabrielmartinsmyth\/"}]}},"_links":{"self":[{"href":"https:\/\/www.em.com.br\/emfoco\/wp-json\/wp\/v2\/posts\/157934","targetHints":{"allow":["GET"]}}],"collection":[{"href":"https:\/\/www.em.com.br\/emfoco\/wp-json\/wp\/v2\/posts"}],"about":[{"href":"https:\/\/www.em.com.br\/emfoco\/wp-json\/wp\/v2\/types\/post"}],"author":[{"embeddable":true,"href":"https:\/\/www.em.com.br\/emfoco\/wp-json\/wp\/v2\/users\/13"}],"replies":[{"embeddable":true,"href":"https:\/\/www.em.com.br\/emfoco\/wp-json\/wp\/v2\/comments?post=157934"}],"version-history":[{"count":1,"href":"https:\/\/www.em.com.br\/emfoco\/wp-json\/wp\/v2\/posts\/157934\/revisions"}],"predecessor-version":[{"id":158014,"href":"https:\/\/www.em.com.br\/emfoco\/wp-json\/wp\/v2\/posts\/157934\/revisions\/158014"}],"wp:featuredmedia":[{"embeddable":true,"href":"https:\/\/www.em.com.br\/emfoco\/wp-json\/wp\/v2\/media\/158006"}],"wp:attachment":[{"href":"https:\/\/www.em.com.br\/emfoco\/wp-json\/wp\/v2\/media?parent=157934"}],"wp:term":[{"taxonomy":"category","embeddable":true,"href":"https:\/\/www.em.com.br\/emfoco\/wp-json\/wp\/v2\/categories?post=157934"},{"taxonomy":"post_tag","embeddable":true,"href":"https:\/\/www.em.com.br\/emfoco\/wp-json\/wp\/v2\/tags?post=157934"}],"curies":[{"name":"wp","href":"https:\/\/api.w.org\/{rel}","templated":true}]}}