{"id":157932,"date":"2026-01-23T11:55:00","date_gmt":"2026-01-23T14:55:00","guid":{"rendered":"https:\/\/www.em.com.br\/emfoco\/?p=157932"},"modified":"2026-01-21T13:47:09","modified_gmt":"2026-01-21T16:47:09","slug":"aposentados-tem-ate-14-de-fevereiro-para-pedir-reembolso-de-descontos-indevidos-no-inss-e-evitar-acao-judicial-demorada","status":"publish","type":"post","link":"https:\/\/www.em.com.br\/emfoco\/2026\/01\/23\/aposentados-tem-ate-14-de-fevereiro-para-pedir-reembolso-de-descontos-indevidos-no-inss-e-evitar-acao-judicial-demorada\/","title":{"rendered":"Aposentados t\u00eam at\u00e9 14 de fevereiro para pedir reembolso de descontos indevidos no INSS e evitar a\u00e7\u00e3o judicial demorada"},"content":{"rendered":"\n<h2 class=\"wp-block-heading\">Descontos associativos n\u00e3o autorizados no INSS podem ser bloqueados e ressarcidos administrativamente. Aposentados devem agir at\u00e9 14 de fevereiro para entrar no fluxo priorit\u00e1rio, via Meu INSS, Central 135 ou Consumidor.gov.br.<\/h2>\n\n\n\n<p>Os <strong>descontos associativos n\u00e3o autorizados<\/strong> viraram alerta m\u00e1ximo para aposentados e pensionistas. Com milhares de reclama\u00e7\u00f5es recentes, o INSS abriu um caminho administrativo facilitado para reembolso. O prazo de <strong>14 de fevereiro<\/strong> \u00e9 decisivo para quem quer evitar demora ou a\u00e7\u00e3o judicial.<\/p>\n\n\n\n<h2 class=\"wp-block-heading\">O que s\u00e3o os descontos associativos que aparecem no benef\u00edcio?<\/h2>\n\n\n\n<p>Os descontos associativos s\u00e3o valores cobrados por sindicatos ou associa\u00e7\u00f5es diretamente no benef\u00edcio previdenci\u00e1rio, mediante conv\u00eanios com o INSS. O problema surge quando a filia\u00e7\u00e3o ocorre sem autoriza\u00e7\u00e3o clara, assinatura v\u00e1lida ou consentimento informado do segurado.<\/p>\n\n\n\n<p>No extrato de pagamento, esses valores costumam aparecer como <strong>mensalidade associativa<\/strong>, contribui\u00e7\u00e3o sindical ou c\u00f3digos internos, como o <strong>c\u00f3digo 267<\/strong>. Em muitos casos, o aposentado s\u00f3 percebe o desconto meses depois, quando o preju\u00edzo j\u00e1 se acumulou.<\/p>\n\n\n\n<figure class=\"wp-block-image size-large\"><img loading=\"lazy\" decoding=\"async\" width=\"1024\" height=\"576\" src=\"https:\/\/www.em.com.br\/emfoco\/wp-content\/uploads\/2026\/01\/AIAI-10-27-1024x576.jpg\" alt=\"Aposentados t\u00eam at\u00e9 14 de fevereiro para pedir reembolso de descontos indevidos no INSS e evitar a\u00e7\u00e3o judicial demorada\" class=\"wp-image-157990\" srcset=\"https:\/\/www.em.com.br\/emfoco\/wp-content\/uploads\/2026\/01\/AIAI-10-27-1024x576.jpg 1024w, https:\/\/www.em.com.br\/emfoco\/wp-content\/uploads\/2026\/01\/AIAI-10-27-300x169.jpg 300w, https:\/\/www.em.com.br\/emfoco\/wp-content\/uploads\/2026\/01\/AIAI-10-27-768x432.jpg 768w, https:\/\/www.em.com.br\/emfoco\/wp-content\/uploads\/2026\/01\/AIAI-10-27-750x422.jpg 750w, https:\/\/www.em.com.br\/emfoco\/wp-content\/uploads\/2026\/01\/AIAI-10-27-1140x641.jpg 1140w, https:\/\/www.em.com.br\/emfoco\/wp-content\/uploads\/2026\/01\/AIAI-10-27.jpg 1280w\" sizes=\"auto, (max-width: 1024px) 100vw, 1024px\" \/><figcaption class=\"wp-element-caption\">Cobran\u00e7as surgem sem autoriza\u00e7\u00e3o clara por sindicatos ou associa\u00e7\u00f5es conveniadas<\/figcaption><\/figure>\n\n\n\n<h2 class=\"wp-block-heading\">Quem tem direito ao ressarcimento desses valores?<\/h2>\n\n\n\n<p>O direito ao ressarcimento \u00e9 amplo e alcan\u00e7a qualquer segurado que identifique cobran\u00e7a sem consentimento v\u00e1lido. A an\u00e1lise administrativa considera situa\u00e7\u00f5es recorrentes j\u00e1 mapeadas pelo pr\u00f3prio INSS, conforme os crit\u00e9rios abaixo.<\/p>\n\n\n\n<ul class=\"wp-block-list\">\n<li><strong>Desconto sem filia\u00e7\u00e3o<\/strong>: cobran\u00e7a feita sem contrato assinado ou autoriza\u00e7\u00e3o expressa do benefici\u00e1rio.<\/li>\n\n\n\n<li><strong>Ades\u00e3o fraudulenta<\/strong>: inclus\u00e3o ap\u00f3s promessa de benef\u00edcio gratuito ou informa\u00e7\u00e3o enganosa.<\/li>\n\n\n\n<li><strong>Aus\u00eancia de prova<\/strong>: associa\u00e7\u00e3o incapaz de comprovar biometria ou assinatura digital v\u00e1lida.<\/li>\n<\/ul>\n\n\n\n<h2 class=\"wp-block-heading\">Como identificar e bloquear descontos indevidos no Meu INSS?<\/h2>\n\n\n\n<p>O primeiro passo \u00e9 acessar o <strong><a href=\"https:\/\/meu.inss.gov.br\/\" target=\"_blank\" rel=\"noreferrer noopener\">Meu INSS<\/a><\/strong> e baixar o Extrato de Pagamento do benef\u00edcio. Nele, o segurado consegue visualizar todas as rubricas descontadas, identificar o nome da entidade e anotar valores e per\u00edodos cobrados.<\/p>\n\n\n\n<p>Ap\u00f3s a identifica\u00e7\u00e3o, \u00e9 essencial usar a op\u00e7\u00e3o <strong>Excluir Mensalidade Associativa<\/strong> dentro do sistema. Essa a\u00e7\u00e3o interrompe imediatamente novos descontos e cria um protocolo oficial, indispens\u00e1vel para qualquer pedido de devolu\u00e7\u00e3o posterior.<\/p>\n\n\n\n<figure class=\"wp-block-image size-large\"><img loading=\"lazy\" decoding=\"async\" width=\"1024\" height=\"576\" src=\"https:\/\/www.em.com.br\/emfoco\/wp-content\/uploads\/2026\/01\/AIAI-11-24-1024x576.jpg\" alt=\"Aposentados t\u00eam at\u00e9 14 de fevereiro para pedir reembolso de descontos indevidos no INSS e evitar a\u00e7\u00e3o judicial demorada\" class=\"wp-image-157994\" srcset=\"https:\/\/www.em.com.br\/emfoco\/wp-content\/uploads\/2026\/01\/AIAI-11-24-1024x576.jpg 1024w, https:\/\/www.em.com.br\/emfoco\/wp-content\/uploads\/2026\/01\/AIAI-11-24-300x169.jpg 300w, https:\/\/www.em.com.br\/emfoco\/wp-content\/uploads\/2026\/01\/AIAI-11-24-768x432.jpg 768w, https:\/\/www.em.com.br\/emfoco\/wp-content\/uploads\/2026\/01\/AIAI-11-24-750x422.jpg 750w, https:\/\/www.em.com.br\/emfoco\/wp-content\/uploads\/2026\/01\/AIAI-11-24-1140x641.jpg 1140w, https:\/\/www.em.com.br\/emfoco\/wp-content\/uploads\/2026\/01\/AIAI-11-24.jpg 1280w\" sizes=\"auto, (max-width: 1024px) 100vw, 1024px\" \/><figcaption class=\"wp-element-caption\">Extrato do Meu INSS revela entidades, valores cobrados e c\u00f3digos<\/figcaption><\/figure>\n\n\n\n<p><em>Leia mais: <em><strong><a href=\"https:\/\/www.em.com.br\/emfoco\/2026\/01\/21\/inss-reconhece-aposentadoria-especial-em-2026-com-regras-proprias-para-quem-atuou-com-eletricidade-produtos-quimicos-ou-agentes-biologicos\/\" target=\"_blank\" rel=\"noreferrer noopener\">INSS reconhece aposentadoria especial em 2026 com regras pr\u00f3prias para quem atuou com eletricidade, produtos qu\u00edmicos ou agentes biol\u00f3gicos<\/a><\/strong><\/em><\/em><\/p>\n\n\n\n<h2 class=\"wp-block-heading\">Como solicitar o ressarcimento at\u00e9 o prazo de 14 de fevereiro?<\/h2>\n\n\n\n<p>Depois de bloquear o desconto, o segurado deve solicitar a devolu\u00e7\u00e3o dos valores j\u00e1 cobrados. O INSS orienta que o pedido seja feito rapidamente para entrar no fluxo de ressarcimento administrativo priorit\u00e1rio, como mostram as op\u00e7\u00f5es dispon\u00edveis a seguir.<\/p>\n\n\n\n<ul class=\"wp-block-list\">\n<li><strong>Central 135<\/strong>: solicita\u00e7\u00e3o direta de ressarcimento por desconto n\u00e3o autorizado, com registro oficial.<\/li>\n\n\n\n<li><strong>Contato com a associa\u00e7\u00e3o<\/strong>: pedido de devolu\u00e7\u00e3o obrigat\u00f3ria, com prazo m\u00e1ximo de resposta.<\/li>\n\n\n\n<li><strong>Consumidor.gov.br<\/strong>: abertura de reclama\u00e7\u00e3o quando a entidade ignora ou nega o reembolso.<\/li>\n<\/ul>\n\n\n\n<h2 class=\"wp-block-heading\">Por que o prazo de 14 de fevereiro \u00e9 t\u00e3o importante?<\/h2>\n\n\n\n<p>Esse prazo est\u00e1 vinculado a uma nova <strong>normativa de conformidade do INSS<\/strong>, que exige das associa\u00e7\u00f5es comprova\u00e7\u00e3o de autoriza\u00e7\u00e3o v\u00e1lida dos filiados. Quem solicita o ressarcimento at\u00e9 essa data entra na primeira leva de devolu\u00e7\u00f5es administrativas.<\/p>\n\n\n\n<p>Ap\u00f3s o prazo, o reembolso continua poss\u00edvel, mas tende a ser mais lento e, em muitos casos, exige <strong>a\u00e7\u00e3o judicial<\/strong>. Por isso, agir agora evita desgaste, reduz riscos financeiros e acelera a recupera\u00e7\u00e3o do dinheiro descontado indevidamente.<\/p>\n","protected":false},"excerpt":{"rendered":"<p>Descontos associativos n\u00e3o autorizados no INSS podem ser bloqueados e ressarcidos administrativamente. Aposentados devem agir at\u00e9 14 de fevereiro para entrar no fluxo priorit\u00e1rio, via Meu INSS, Central 135 ou Consumidor.gov.br. Os descontos associativos n\u00e3o autorizados viraram alerta m\u00e1ximo para aposentados e pensionistas. Com milhares de reclama\u00e7\u00f5es recentes, o INSS abriu um caminho administrativo facilitado [&hellip;]<\/p>\n","protected":false},"author":13,"featured_media":157984,"comment_status":"open","ping_status":"open","sticky":false,"template":"","format":"standard","meta":{"jnews-multi-image_gallery":[],"jnews_single_post":{"format":"standard"},"jnews_primary_category":[],"jnews_social_meta":[],"jnews_override_counter":[],"footnotes":""},"categories":[28],"tags":[1540,174,23077],"class_list":["post-157932","post","type-post","status-publish","format-standard","has-post-thumbnail","hentry","category-economia","tag-descontos-indevidos","tag-inss","tag-ressarcimentos-do-inss"],"yoast_head":"<!-- This site is optimized with the Yoast SEO plugin v23.8 - https:\/\/yoast.com\/wordpress\/plugins\/seo\/ -->\n<title>Aposentados t\u00eam at\u00e9 14 de fevereiro para pedir reembolso de descontos indevidos no INSS e evitar a\u00e7\u00e3o judicial demorada - Estado de Minas - Em foco<\/title>\n<meta name=\"description\" content=\"Desconto n\u00e3o autorizado no benef\u00edcio? Voc\u00ea pode pedir devolu\u00e7\u00e3o no Meu INSS, mas s\u00f3 at\u00e9 14 de fevereiro sem precisar ir \u00e0 Justi\u00e7a.\" \/>\n<meta name=\"robots\" content=\"index, follow, max-snippet:-1, max-image-preview:large, max-video-preview:-1\" \/>\n<link rel=\"canonical\" href=\"https:\/\/www.em.com.br\/emfoco\/2026\/01\/23\/aposentados-tem-ate-14-de-fevereiro-para-pedir-reembolso-de-descontos-indevidos-no-inss-e-evitar-acao-judicial-demorada\/\" \/>\n<meta property=\"og:locale\" content=\"pt_BR\" \/>\n<meta property=\"og:type\" content=\"article\" \/>\n<meta property=\"og:title\" content=\"Aposentados t\u00eam at\u00e9 14 de fevereiro para pedir reembolso de descontos indevidos no INSS e evitar a\u00e7\u00e3o judicial demorada - Estado de Minas - Em foco\" \/>\n<meta property=\"og:description\" content=\"Desconto n\u00e3o autorizado no benef\u00edcio? Voc\u00ea pode pedir devolu\u00e7\u00e3o no Meu INSS, mas s\u00f3 at\u00e9 14 de fevereiro sem precisar ir \u00e0 Justi\u00e7a.\" \/>\n<meta property=\"og:url\" content=\"https:\/\/www.em.com.br\/emfoco\/2026\/01\/23\/aposentados-tem-ate-14-de-fevereiro-para-pedir-reembolso-de-descontos-indevidos-no-inss-e-evitar-acao-judicial-demorada\/\" \/>\n<meta property=\"og:site_name\" content=\"Estado de Minas - Em foco\" \/>\n<meta property=\"article:published_time\" content=\"2026-01-23T14:55:00+00:00\" \/>\n<meta property=\"article:modified_time\" content=\"2026-01-21T16:47:09+00:00\" \/>\n<meta property=\"og:image\" content=\"https:\/\/www.em.com.br\/emfoco\/wp-content\/uploads\/2026\/01\/AIAI-9-29.jpg\" \/>\n\t<meta property=\"og:image:width\" content=\"1280\" \/>\n\t<meta property=\"og:image:height\" content=\"720\" \/>\n\t<meta property=\"og:image:type\" content=\"image\/jpeg\" \/>\n<meta name=\"author\" content=\"Gabriel Martins\" \/>\n<meta name=\"twitter:card\" content=\"summary_large_image\" \/>\n<meta name=\"twitter:label1\" content=\"Escrito por\" \/>\n\t<meta name=\"twitter:data1\" content=\"Gabriel Martins\" \/>\n\t<meta name=\"twitter:label2\" content=\"Est. tempo de leitura\" \/>\n\t<meta name=\"twitter:data2\" content=\"4 minutos\" \/>\n<!-- \/ Yoast SEO plugin. -->","yoast_head_json":{"title":"Aposentados t\u00eam at\u00e9 14 de fevereiro para pedir reembolso de descontos indevidos no INSS e evitar a\u00e7\u00e3o judicial demorada - Estado de Minas - Em foco","description":"Desconto n\u00e3o autorizado no benef\u00edcio? Voc\u00ea pode pedir devolu\u00e7\u00e3o no Meu INSS, mas s\u00f3 at\u00e9 14 de fevereiro sem precisar ir \u00e0 Justi\u00e7a.","robots":{"index":"index","follow":"follow","max-snippet":"max-snippet:-1","max-image-preview":"max-image-preview:large","max-video-preview":"max-video-preview:-1"},"canonical":"https:\/\/www.em.com.br\/emfoco\/2026\/01\/23\/aposentados-tem-ate-14-de-fevereiro-para-pedir-reembolso-de-descontos-indevidos-no-inss-e-evitar-acao-judicial-demorada\/","og_locale":"pt_BR","og_type":"article","og_title":"Aposentados t\u00eam at\u00e9 14 de fevereiro para pedir reembolso de descontos indevidos no INSS e evitar a\u00e7\u00e3o judicial demorada - Estado de Minas - Em foco","og_description":"Desconto n\u00e3o autorizado no benef\u00edcio? Voc\u00ea pode pedir devolu\u00e7\u00e3o no Meu INSS, mas s\u00f3 at\u00e9 14 de fevereiro sem precisar ir \u00e0 Justi\u00e7a.","og_url":"https:\/\/www.em.com.br\/emfoco\/2026\/01\/23\/aposentados-tem-ate-14-de-fevereiro-para-pedir-reembolso-de-descontos-indevidos-no-inss-e-evitar-acao-judicial-demorada\/","og_site_name":"Estado de Minas - Em foco","article_published_time":"2026-01-23T14:55:00+00:00","article_modified_time":"2026-01-21T16:47:09+00:00","og_image":[{"width":1280,"height":720,"url":"https:\/\/www.em.com.br\/emfoco\/wp-content\/uploads\/2026\/01\/AIAI-9-29.jpg","type":"image\/jpeg"}],"author":"Gabriel Martins","twitter_card":"summary_large_image","twitter_misc":{"Escrito por":"Gabriel Martins","Est. tempo de leitura":"4 minutos"},"schema":{"@context":"https:\/\/schema.org","@graph":[{"@type":"WebPage","@id":"https:\/\/www.em.com.br\/emfoco\/2026\/01\/23\/aposentados-tem-ate-14-de-fevereiro-para-pedir-reembolso-de-descontos-indevidos-no-inss-e-evitar-acao-judicial-demorada\/","url":"https:\/\/www.em.com.br\/emfoco\/2026\/01\/23\/aposentados-tem-ate-14-de-fevereiro-para-pedir-reembolso-de-descontos-indevidos-no-inss-e-evitar-acao-judicial-demorada\/","name":"Aposentados t\u00eam at\u00e9 14 de fevereiro para pedir reembolso de descontos indevidos no INSS e evitar a\u00e7\u00e3o judicial demorada - Estado de Minas - Em foco","isPartOf":{"@id":"https:\/\/www.em.com.br\/emfoco\/#website"},"primaryImageOfPage":{"@id":"https:\/\/www.em.com.br\/emfoco\/2026\/01\/23\/aposentados-tem-ate-14-de-fevereiro-para-pedir-reembolso-de-descontos-indevidos-no-inss-e-evitar-acao-judicial-demorada\/#primaryimage"},"image":{"@id":"https:\/\/www.em.com.br\/emfoco\/2026\/01\/23\/aposentados-tem-ate-14-de-fevereiro-para-pedir-reembolso-de-descontos-indevidos-no-inss-e-evitar-acao-judicial-demorada\/#primaryimage"},"thumbnailUrl":"https:\/\/www.em.com.br\/emfoco\/wp-content\/uploads\/2026\/01\/AIAI-9-29.jpg","datePublished":"2026-01-23T14:55:00+00:00","dateModified":"2026-01-21T16:47:09+00:00","author":{"@id":"https:\/\/www.em.com.br\/emfoco\/#\/schema\/person\/1c9ddeab18b98abeffef834667bcf08a"},"description":"Desconto n\u00e3o autorizado no benef\u00edcio? Voc\u00ea pode pedir devolu\u00e7\u00e3o no Meu INSS, mas s\u00f3 at\u00e9 14 de fevereiro sem precisar ir \u00e0 Justi\u00e7a.","breadcrumb":{"@id":"https:\/\/www.em.com.br\/emfoco\/2026\/01\/23\/aposentados-tem-ate-14-de-fevereiro-para-pedir-reembolso-de-descontos-indevidos-no-inss-e-evitar-acao-judicial-demorada\/#breadcrumb"},"inLanguage":"pt-BR","potentialAction":[{"@type":"ReadAction","target":["https:\/\/www.em.com.br\/emfoco\/2026\/01\/23\/aposentados-tem-ate-14-de-fevereiro-para-pedir-reembolso-de-descontos-indevidos-no-inss-e-evitar-acao-judicial-demorada\/"]}]},{"@type":"ImageObject","inLanguage":"pt-BR","@id":"https:\/\/www.em.com.br\/emfoco\/2026\/01\/23\/aposentados-tem-ate-14-de-fevereiro-para-pedir-reembolso-de-descontos-indevidos-no-inss-e-evitar-acao-judicial-demorada\/#primaryimage","url":"https:\/\/www.em.com.br\/emfoco\/wp-content\/uploads\/2026\/01\/AIAI-9-29.jpg","contentUrl":"https:\/\/www.em.com.br\/emfoco\/wp-content\/uploads\/2026\/01\/AIAI-9-29.jpg","width":1280,"height":720,"caption":"Descontos associativos irregulares permitem reembolso administrativo r\u00e1pido pelo INSS"},{"@type":"BreadcrumbList","@id":"https:\/\/www.em.com.br\/emfoco\/2026\/01\/23\/aposentados-tem-ate-14-de-fevereiro-para-pedir-reembolso-de-descontos-indevidos-no-inss-e-evitar-acao-judicial-demorada\/#breadcrumb","itemListElement":[{"@type":"ListItem","position":1,"name":"In\u00edcio","item":"https:\/\/www.em.com.br\/emfoco\/"},{"@type":"ListItem","position":2,"name":"Aposentados t\u00eam at\u00e9 14 de fevereiro para pedir reembolso de descontos indevidos no INSS e evitar a\u00e7\u00e3o judicial demorada"}]},{"@type":"WebSite","@id":"https:\/\/www.em.com.br\/emfoco\/#website","url":"https:\/\/www.em.com.br\/emfoco\/","name":"Estado de Minas - Em foco","description":"Acompanhe as \u00faltimas not\u00edcias e fique bem informado sobre tudo o que acontece em Minas Gerais, Brasil e no mundo.","potentialAction":[{"@type":"SearchAction","target":{"@type":"EntryPoint","urlTemplate":"https:\/\/www.em.com.br\/emfoco\/?s={search_term_string}"},"query-input":{"@type":"PropertyValueSpecification","valueRequired":true,"valueName":"search_term_string"}}],"inLanguage":"pt-BR"},{"@type":"Person","@id":"https:\/\/www.em.com.br\/emfoco\/#\/schema\/person\/1c9ddeab18b98abeffef834667bcf08a","name":"Gabriel Martins","image":{"@type":"ImageObject","inLanguage":"pt-BR","@id":"https:\/\/www.em.com.br\/emfoco\/#\/schema\/person\/image\/","url":"https:\/\/secure.gravatar.com\/avatar\/f0f1e2efdfd88f1ad2cb08c5c2731e50?s=96&d=mm&r=g","contentUrl":"https:\/\/secure.gravatar.com\/avatar\/f0f1e2efdfd88f1ad2cb08c5c2731e50?s=96&d=mm&r=g","caption":"Gabriel Martins"},"sameAs":["https:\/\/www.em.com.br\/emfoco\/"],"url":"https:\/\/www.em.com.br\/emfoco\/author\/gabrielmartinsmyth\/"}]}},"_links":{"self":[{"href":"https:\/\/www.em.com.br\/emfoco\/wp-json\/wp\/v2\/posts\/157932","targetHints":{"allow":["GET"]}}],"collection":[{"href":"https:\/\/www.em.com.br\/emfoco\/wp-json\/wp\/v2\/posts"}],"about":[{"href":"https:\/\/www.em.com.br\/emfoco\/wp-json\/wp\/v2\/types\/post"}],"author":[{"embeddable":true,"href":"https:\/\/www.em.com.br\/emfoco\/wp-json\/wp\/v2\/users\/13"}],"replies":[{"embeddable":true,"href":"https:\/\/www.em.com.br\/emfoco\/wp-json\/wp\/v2\/comments?post=157932"}],"version-history":[{"count":1,"href":"https:\/\/www.em.com.br\/emfoco\/wp-json\/wp\/v2\/posts\/157932\/revisions"}],"predecessor-version":[{"id":157996,"href":"https:\/\/www.em.com.br\/emfoco\/wp-json\/wp\/v2\/posts\/157932\/revisions\/157996"}],"wp:featuredmedia":[{"embeddable":true,"href":"https:\/\/www.em.com.br\/emfoco\/wp-json\/wp\/v2\/media\/157984"}],"wp:attachment":[{"href":"https:\/\/www.em.com.br\/emfoco\/wp-json\/wp\/v2\/media?parent=157932"}],"wp:term":[{"taxonomy":"category","embeddable":true,"href":"https:\/\/www.em.com.br\/emfoco\/wp-json\/wp\/v2\/categories?post=157932"},{"taxonomy":"post_tag","embeddable":true,"href":"https:\/\/www.em.com.br\/emfoco\/wp-json\/wp\/v2\/tags?post=157932"}],"curies":[{"name":"wp","href":"https:\/\/api.w.org\/{rel}","templated":true}]}}