{"id":157922,"date":"2026-01-22T17:45:00","date_gmt":"2026-01-22T20:45:00","guid":{"rendered":"https:\/\/www.em.com.br\/emfoco\/?p=157922"},"modified":"2026-01-21T20:00:46","modified_gmt":"2026-01-21T23:00:46","slug":"calendario-escolar-de-2026-as-aulas-retornam-em-fevereiro-em-todo-o-pais-e-o-recesso-de-9-semanas-chega-ao-fim","status":"publish","type":"post","link":"https:\/\/www.em.com.br\/emfoco\/2026\/01\/22\/calendario-escolar-de-2026-as-aulas-retornam-em-fevereiro-em-todo-o-pais-e-o-recesso-de-9-semanas-chega-ao-fim\/","title":{"rendered":"Calend\u00e1rio escolar de 2026: as aulas retornam em fevereiro em todo o pa\u00eds e o recesso de 9 semanas chega ao fim"},"content":{"rendered":"\n<p>O calend\u00e1rio escolar de 2026 no Brasil foi definido de forma descentralizada, mas segue um padr\u00e3o comum: in\u00edcio das aulas no come\u00e7o de fevereiro e t\u00e9rmino em meados de dezembro. Nesse cen\u00e1rio, o&nbsp;<strong>calend\u00e1rio escolar de 2026<\/strong>&nbsp;organiza o ano letivo em torno das f\u00e9rias de ver\u00e3o, recessos ao longo dos semestres e do cumprimento da carga hor\u00e1ria m\u00ednima prevista em lei, exigindo aten\u00e7\u00e3o redobrada de fam\u00edlias e escolas para o planejamento da rotina.<\/p>\n\n\n\n<h2 class=\"wp-block-heading\">Como est\u00e1 organizado o calend\u00e1rio escolar de 2026 no Brasil<\/h2>\n\n\n\n<p>O\u00a0<strong><a href=\"https:\/\/www.agenciaminas.mg.gov.br\/noticia\/estado-divulga-calendario-escolar-2026-e-confirma-adocao-do-modelo-trimestral-apos-consulta-a-rede-de-ensino\" target=\"_blank\" rel=\"noreferrer noopener\">calend\u00e1rio escolar de 2026<\/a><\/strong>\u00a0foi constru\u00eddo para garantir continuidade pedag\u00f3gica e per\u00edodos de descanso para estudantes e profissionais da educa\u00e7\u00e3o. Em geral, o ano letivo come\u00e7a entre 2 e 9 de fevereiro, ap\u00f3s um recesso de ver\u00e3o que vai da segunda quinzena de dezembro de 2025 at\u00e9 o in\u00edcio de fevereiro.<\/p>\n\n\n\n<p>Em muitos estados, o encerramento das aulas est\u00e1 previsto para 18 de dezembro de 2026, mantendo a m\u00e9dia de 200 dias letivos. Redes como S\u00e3o Paulo retornam em 2 de fevereiro, Minas Gerais em 4 de fevereiro e Bahia e Mato Grosso do Sul em 9 de fevereiro, enquanto alguns munic\u00edpios do Sul retomam apenas na segunda quinzena do m\u00eas.<\/p>\n\n\n\n<h2 class=\"wp-block-heading\">Quais s\u00e3o as datas t\u00edpicas do ano letivo de 2026<\/h2>\n\n\n\n<p>Apesar da autonomia regional, a maior parte do pa\u00eds segue uma l\u00f3gica semelhante para distribuir aulas, f\u00e9rias e recessos ao longo do ano. A organiza\u00e7\u00e3o busca equilibrar carga hor\u00e1ria m\u00ednima, <a href=\"https:\/\/www.em.com.br\/emfoco\/2026\/01\/01\/governo-divulgou-calendario-com-todos-os-feriados-e-pontos-facultativos-para-2026\/\" target=\"_blank\" rel=\"noreferrer noopener\">feriados <\/a>nacionais, eventos locais e necessidades pedag\u00f3gicas de cada rede.<\/p>\n\n\n\n<p>De maneira resumida, o ano costuma seguir esta l\u00f3gica de per\u00edodos principais, que servem como refer\u00eancia para fam\u00edlias e escolas ao planejarem viagens, avalia\u00e7\u00f5es e atividades extracurriculares:<\/p>\n\n\n\n<div style=\"overflow-x:auto;\">\n<table style=\"\n  width:100%;\n  border-collapse:collapse;\n  font-family:Arial, sans-serif;\n  background:#f1f8f6;\n  border-left:6px solid #2fb7a3;\n\">\n\n  <thead>\n    <tr>\n      <th style=\"\n        padding:18px;\n        background:#2fb7a3;\n        color:#ffffff;\n        text-align:left;\n        font-size:16px;\n      \">\n        Etapa do ano letivo\n      <\/th>\n      <th style=\"\n        padding:18px;\n        background:#2fb7a3;\n        color:#ffffff;\n        text-align:left;\n        font-size:16px;\n      \">\n        Per\u00edodo aproximado\n      <\/th>\n      <th style=\"\n        padding:18px;\n        background:#2fb7a3;\n        color:#ffffff;\n        text-align:left;\n        font-size:16px;\n      \">\n        Como funciona na pr\u00e1tica\n      <\/th>\n    <\/tr>\n  <\/thead>\n\n  <tbody>\n    <tr style=\"background:#ffffff;\">\n      <td style=\"padding:16px; color:#237e73; font-weight:bold;\">\n        F\u00e9rias de ver\u00e3o\n      <\/td>\n      <td style=\"padding:16px; color:#237e73;\">\n        Fim de dezembro de 2025 at\u00e9 in\u00edcio de fevereiro de 2026\n      <\/td>\n      <td style=\"padding:16px; color:#237e73;\">\n        Per\u00edodo mais longo de descanso, marcando a transi\u00e7\u00e3o entre anos letivos.\n      <\/td>\n    <\/tr>\n\n    <tr style=\"background:#e4f3ef;\">\n      <td style=\"padding:16px; color:#237e73; font-weight:bold;\">\n        Primeiro semestre\n      <\/td>\n      <td style=\"padding:16px; color:#237e73;\">\n        Fevereiro at\u00e9 julho\n      <\/td>\n      <td style=\"padding:16px; color:#237e73;\">\n        Fase de maior carga de conte\u00fado, avalia\u00e7\u00f5es e adapta\u00e7\u00e3o \u00e0 rotina escolar.\n      <\/td>\n    <\/tr>\n\n    <tr style=\"background:#ffffff;\">\n      <td style=\"padding:16px; color:#237e73; font-weight:bold;\">\n        Recesso de meio de ano\n      <\/td>\n      <td style=\"padding:16px; color:#237e73;\">\n        Julho (2 a 3 semanas)\n      <\/td>\n      <td style=\"padding:16px; color:#237e73;\">\n        Pausa estrat\u00e9gica para descanso f\u00edsico e mental de alunos e professores.\n      <\/td>\n    <\/tr>\n\n    <tr style=\"background:#e4f3ef;\">\n      <td style=\"padding:16px; color:#237e73; font-weight:bold;\">\n        Segundo semestre\n      <\/td>\n      <td style=\"padding:16px; color:#237e73;\">\n        Julho ou agosto at\u00e9 dezembro\n      <\/td>\n      <td style=\"padding:16px; color:#237e73;\">\n        Continuidade do ano letivo, com feriados pontuais e retomada gradual do ritmo.\n      <\/td>\n    <\/tr>\n\n    <tr style=\"background:#ffffff;\">\n      <td style=\"padding:16px; color:#237e73; font-weight:bold;\">\n        Encerramento do ano\n      <\/td>\n      <td style=\"padding:16px; color:#237e73;\">\n        At\u00e9 meados de dezembro\n      <\/td>\n      <td style=\"padding:16px; color:#237e73;\">\n        Conclus\u00e3o das avalia\u00e7\u00f5es finais e fechamento oficial do calend\u00e1rio escolar.\n      <\/td>\n    <\/tr>\n  <\/tbody>\n<\/table>\n<\/div>\n\n\n\n\n<h2 class=\"wp-block-heading\">Por que o calend\u00e1rio escolar de 2026 varia entre estados e munic\u00edpios<\/h2>\n\n\n\n<p>A legisla\u00e7\u00e3o brasileira, por meio da&nbsp;<strong>Lei de Diretrizes e Bases da Educa\u00e7\u00e3o (LDB)<\/strong>, exige no m\u00ednimo 800 horas distribu\u00eddas em 200 dias letivos, mas n\u00e3o imp\u00f5e um calend\u00e1rio \u00fanico. Assim, cada sistema de ensino ajusta seu cronograma para atender \u00e0 pr\u00f3pria realidade social, econ\u00f4mica e cultural.<\/p>\n\n\n\n<p>Autonomia de estados e munic\u00edpios, condi\u00e7\u00f5es clim\u00e1ticas, atividades rurais, feriados locais, grandes eventos e decis\u00f5es da rede privada influenciam a distribui\u00e7\u00e3o das aulas. Isso faz com que o&nbsp;<em>calend\u00e1rio escolar de 2026<\/em>&nbsp;tenha diferen\u00e7as regionais, ainda que mantenha o n\u00facleo comum: in\u00edcio em fevereiro, pausas estrat\u00e9gicas e t\u00e9rmino em dezembro.<\/p>\n\n\n\n<h2 class=\"wp-block-heading\">Quais s\u00e3o as principais f\u00e9rias e recessos do calend\u00e1rio escolar de 2026<\/h2>\n\n\n\n<p>O&nbsp;<strong>calend\u00e1rio escolar de 2026<\/strong>&nbsp;conta com pausas distribu\u00eddas ao longo do ano para descanso e organiza\u00e7\u00e3o pedag\u00f3gica. Al\u00e9m das f\u00e9rias de fim de ano, muitas redes incluem recessos de carnaval, f\u00e9rias de meio de ano e interrup\u00e7\u00f5es em outubro, como a \u201csemana do saco cheio\u201d em algumas regi\u00f5es.<\/p>\n\n\n\n<p>Em muitos casos, as escolas tamb\u00e9m programam \u201cdias letivos m\u00f3veis\u201d para reposi\u00e7\u00f5es ou projetos especiais. Entre os principais momentos de descanso ao longo de 2026, destacam-se:<\/p>\n\n\n\n<ul class=\"wp-block-list\">\n<li><strong>Carnaval:<\/strong>\u00a0recesso que costuma abranger a segunda e a ter\u00e7a-feira de carnaval, podendo se estender at\u00e9 a quarta-feira de cinzas;<\/li>\n\n\n\n<li><strong>F\u00e9rias de julho:<\/strong>\u00a0intervalo de duas a quatro semanas, marcando a transi\u00e7\u00e3o entre primeiro e segundo semestre;<\/li>\n\n\n\n<li><strong>Per\u00edodos em outubro:<\/strong>\u00a0recessos em torno do Dia do Professor e do Dia das Crian\u00e7as, incluindo, em algumas redes, a \u201csemana do saco cheio\u201d;<\/li>\n\n\n\n<li><strong>Feriados nacionais:<\/strong>\u00a0datas como Tiradentes, Independ\u00eancia e Proclama\u00e7\u00e3o da Rep\u00fablica, \u00e0s vezes emendadas com pontes.<\/li>\n<\/ul>\n\n\n\n<figure class=\"wp-block-image size-large\"><img loading=\"lazy\" decoding=\"async\" width=\"1024\" height=\"576\" src=\"https:\/\/www.em.com.br\/emfoco\/wp-content\/uploads\/2026\/01\/ChatGPT-Image-21-de-jan.-de-2026-12_23_16-1-1024x576.png\" alt=\"As novidades para 2026 na educa\u00e7\u00e3o brasileira\" class=\"wp-image-157923\" srcset=\"https:\/\/www.em.com.br\/emfoco\/wp-content\/uploads\/2026\/01\/ChatGPT-Image-21-de-jan.-de-2026-12_23_16-1-1024x576.png 1024w, https:\/\/www.em.com.br\/emfoco\/wp-content\/uploads\/2026\/01\/ChatGPT-Image-21-de-jan.-de-2026-12_23_16-1-300x169.png 300w, https:\/\/www.em.com.br\/emfoco\/wp-content\/uploads\/2026\/01\/ChatGPT-Image-21-de-jan.-de-2026-12_23_16-1-768x432.png 768w, https:\/\/www.em.com.br\/emfoco\/wp-content\/uploads\/2026\/01\/ChatGPT-Image-21-de-jan.-de-2026-12_23_16-1-750x422.png 750w, https:\/\/www.em.com.br\/emfoco\/wp-content\/uploads\/2026\/01\/ChatGPT-Image-21-de-jan.-de-2026-12_23_16-1-1140x641.png 1140w, https:\/\/www.em.com.br\/emfoco\/wp-content\/uploads\/2026\/01\/ChatGPT-Image-21-de-jan.-de-2026-12_23_16-1.png 1280w\" sizes=\"auto, (max-width: 1024px) 100vw, 1024px\" \/><figcaption class=\"wp-element-caption\">As novidades para 2026 na educa\u00e7\u00e3o brasileira<\/figcaption><\/figure>\n\n\n\n<h2 class=\"wp-block-heading\">Como as fam\u00edlias podem se organizar com o calend\u00e1rio escolar de 2026<\/h2>\n\n\n\n<p>Acompanhar o&nbsp;<strong>calend\u00e1rio escolar de 2026<\/strong>&nbsp;com anteced\u00eancia \u00e9 essencial para conciliar rotina de trabalho, viagens, cuidados com as crian\u00e7as e momentos de estudo. Consultar o site da secretaria de educa\u00e7\u00e3o local e o calend\u00e1rio oficial da escola ajuda a identificar datas de provas, reuni\u00f5es de pais, eventos escolares e poss\u00edveis reposi\u00e7\u00f5es.<\/p>\n\n\n\n<p>N\u00e3o espere o \u00faltimo momento para se organizar: anote hoje as datas de in\u00edcio e t\u00e9rmino das aulas, recessos de fevereiro, julho e outubro e feriados que geram pontes. Se voc\u00ea tem filhos em redes diferentes (municipal, estadual e privada), verifique j\u00e1 as varia\u00e7\u00f5es entre os calend\u00e1rios e alinhe a rotina da fam\u00edlia. Use o&nbsp;<strong>calend\u00e1rio escolar de 2026<\/strong>&nbsp;como uma ferramenta estrat\u00e9gica agora, para evitar imprevistos e garantir um ano letivo mais tranquilo e produtivo.<\/p>\n","protected":false},"excerpt":{"rendered":"<p>O calend\u00e1rio escolar de 2026 no Brasil foi definido de forma descentralizada, mas segue um padr\u00e3o comum: in\u00edcio das aulas no come\u00e7o de fevereiro e t\u00e9rmino em meados de dezembro. Nesse cen\u00e1rio, o&nbsp;calend\u00e1rio escolar de 2026&nbsp;organiza o ano letivo em torno das f\u00e9rias de ver\u00e3o, recessos ao longo dos semestres e do cumprimento da carga [&hellip;]<\/p>\n","protected":false},"author":11,"featured_media":157924,"comment_status":"open","ping_status":"open","sticky":false,"template":"","format":"standard","meta":{"jnews-multi-image_gallery":[],"jnews_single_post":{"format":"standard"},"jnews_primary_category":[],"jnews_social_meta":[],"jnews_override_counter":[],"footnotes":""},"categories":[28,1],"tags":[16200,787,15149,500],"class_list":["post-157922","post","type-post","status-publish","format-standard","has-post-thumbnail","hentry","category-economia","category-noticias","tag-aulas","tag-calendario","tag-calendario-escolar","tag-educacao"],"yoast_head":"<!-- This site is optimized with the Yoast SEO plugin v23.8 - https:\/\/yoast.com\/wordpress\/plugins\/seo\/ -->\n<title>Calend\u00e1rio escolar de 2026: as aulas retornam em fevereiro em todo o pa\u00eds e o recesso de 9 semanas chega ao fim - Estado de Minas - Em foco<\/title>\n<meta name=\"description\" content=\"O calend\u00e1rio escolar de 2026 define in\u00edcio das aulas f\u00e9rias e recessos. Veja como o ano letivo ser\u00e1 organizado no Brasil.\" \/>\n<meta name=\"robots\" content=\"index, follow, max-snippet:-1, max-image-preview:large, max-video-preview:-1\" \/>\n<link rel=\"canonical\" href=\"https:\/\/www.em.com.br\/emfoco\/2026\/01\/22\/calendario-escolar-de-2026-as-aulas-retornam-em-fevereiro-em-todo-o-pais-e-o-recesso-de-9-semanas-chega-ao-fim\/\" \/>\n<meta property=\"og:locale\" content=\"pt_BR\" \/>\n<meta property=\"og:type\" content=\"article\" \/>\n<meta property=\"og:title\" content=\"Calend\u00e1rio escolar de 2026: as aulas retornam em fevereiro em todo o pa\u00eds e o recesso de 9 semanas chega ao fim - Estado de Minas - Em foco\" \/>\n<meta property=\"og:description\" content=\"O calend\u00e1rio escolar de 2026 define in\u00edcio das aulas f\u00e9rias e recessos. Veja como o ano letivo ser\u00e1 organizado no Brasil.\" \/>\n<meta property=\"og:url\" content=\"https:\/\/www.em.com.br\/emfoco\/2026\/01\/22\/calendario-escolar-de-2026-as-aulas-retornam-em-fevereiro-em-todo-o-pais-e-o-recesso-de-9-semanas-chega-ao-fim\/\" \/>\n<meta property=\"og:site_name\" content=\"Estado de Minas - Em foco\" \/>\n<meta property=\"article:published_time\" content=\"2026-01-22T20:45:00+00:00\" \/>\n<meta property=\"article:modified_time\" content=\"2026-01-21T23:00:46+00:00\" \/>\n<meta property=\"og:image\" content=\"https:\/\/www.em.com.br\/emfoco\/wp-content\/uploads\/2026\/01\/ChatGPT-Image-21-de-jan.-de-2026-12_26_04-1.png\" \/>\n\t<meta property=\"og:image:width\" content=\"1280\" \/>\n\t<meta property=\"og:image:height\" content=\"720\" \/>\n\t<meta property=\"og:image:type\" content=\"image\/png\" \/>\n<meta name=\"author\" content=\"Andre\u0301 Rangel\u00a0\" \/>\n<meta name=\"twitter:card\" content=\"summary_large_image\" \/>\n<meta name=\"twitter:label1\" content=\"Escrito por\" \/>\n\t<meta name=\"twitter:data1\" content=\"Andre\u0301 Rangel\u00a0\" \/>\n\t<meta name=\"twitter:label2\" content=\"Est. tempo de leitura\" \/>\n\t<meta name=\"twitter:data2\" content=\"5 minutos\" \/>\n<!-- \/ Yoast SEO plugin. -->","yoast_head_json":{"title":"Calend\u00e1rio escolar de 2026: as aulas retornam em fevereiro em todo o pa\u00eds e o recesso de 9 semanas chega ao fim - Estado de Minas - Em foco","description":"O calend\u00e1rio escolar de 2026 define in\u00edcio das aulas f\u00e9rias e recessos. Veja como o ano letivo ser\u00e1 organizado no Brasil.","robots":{"index":"index","follow":"follow","max-snippet":"max-snippet:-1","max-image-preview":"max-image-preview:large","max-video-preview":"max-video-preview:-1"},"canonical":"https:\/\/www.em.com.br\/emfoco\/2026\/01\/22\/calendario-escolar-de-2026-as-aulas-retornam-em-fevereiro-em-todo-o-pais-e-o-recesso-de-9-semanas-chega-ao-fim\/","og_locale":"pt_BR","og_type":"article","og_title":"Calend\u00e1rio escolar de 2026: as aulas retornam em fevereiro em todo o pa\u00eds e o recesso de 9 semanas chega ao fim - Estado de Minas - Em foco","og_description":"O calend\u00e1rio escolar de 2026 define in\u00edcio das aulas f\u00e9rias e recessos. Veja como o ano letivo ser\u00e1 organizado no Brasil.","og_url":"https:\/\/www.em.com.br\/emfoco\/2026\/01\/22\/calendario-escolar-de-2026-as-aulas-retornam-em-fevereiro-em-todo-o-pais-e-o-recesso-de-9-semanas-chega-ao-fim\/","og_site_name":"Estado de Minas - Em foco","article_published_time":"2026-01-22T20:45:00+00:00","article_modified_time":"2026-01-21T23:00:46+00:00","og_image":[{"width":1280,"height":720,"url":"https:\/\/www.em.com.br\/emfoco\/wp-content\/uploads\/2026\/01\/ChatGPT-Image-21-de-jan.-de-2026-12_26_04-1.png","type":"image\/png"}],"author":"Andre\u0301 Rangel\u00a0","twitter_card":"summary_large_image","twitter_misc":{"Escrito por":"Andre\u0301 Rangel\u00a0","Est. tempo de leitura":"5 minutos"},"schema":{"@context":"https:\/\/schema.org","@graph":[{"@type":"WebPage","@id":"https:\/\/www.em.com.br\/emfoco\/2026\/01\/22\/calendario-escolar-de-2026-as-aulas-retornam-em-fevereiro-em-todo-o-pais-e-o-recesso-de-9-semanas-chega-ao-fim\/","url":"https:\/\/www.em.com.br\/emfoco\/2026\/01\/22\/calendario-escolar-de-2026-as-aulas-retornam-em-fevereiro-em-todo-o-pais-e-o-recesso-de-9-semanas-chega-ao-fim\/","name":"Calend\u00e1rio escolar de 2026: as aulas retornam em fevereiro em todo o pa\u00eds e o recesso de 9 semanas chega ao fim - Estado de Minas - Em foco","isPartOf":{"@id":"https:\/\/www.em.com.br\/emfoco\/#website"},"primaryImageOfPage":{"@id":"https:\/\/www.em.com.br\/emfoco\/2026\/01\/22\/calendario-escolar-de-2026-as-aulas-retornam-em-fevereiro-em-todo-o-pais-e-o-recesso-de-9-semanas-chega-ao-fim\/#primaryimage"},"image":{"@id":"https:\/\/www.em.com.br\/emfoco\/2026\/01\/22\/calendario-escolar-de-2026-as-aulas-retornam-em-fevereiro-em-todo-o-pais-e-o-recesso-de-9-semanas-chega-ao-fim\/#primaryimage"},"thumbnailUrl":"https:\/\/www.em.com.br\/emfoco\/wp-content\/uploads\/2026\/01\/ChatGPT-Image-21-de-jan.-de-2026-12_26_04-1.png","datePublished":"2026-01-22T20:45:00+00:00","dateModified":"2026-01-21T23:00:46+00:00","author":{"@id":"https:\/\/www.em.com.br\/emfoco\/#\/schema\/person\/60eda09c1fedf0d6891f4cef4b60b8b8"},"description":"O calend\u00e1rio escolar de 2026 define in\u00edcio das aulas f\u00e9rias e recessos. Veja como o ano letivo ser\u00e1 organizado no Brasil.","breadcrumb":{"@id":"https:\/\/www.em.com.br\/emfoco\/2026\/01\/22\/calendario-escolar-de-2026-as-aulas-retornam-em-fevereiro-em-todo-o-pais-e-o-recesso-de-9-semanas-chega-ao-fim\/#breadcrumb"},"inLanguage":"pt-BR","potentialAction":[{"@type":"ReadAction","target":["https:\/\/www.em.com.br\/emfoco\/2026\/01\/22\/calendario-escolar-de-2026-as-aulas-retornam-em-fevereiro-em-todo-o-pais-e-o-recesso-de-9-semanas-chega-ao-fim\/"]}]},{"@type":"ImageObject","inLanguage":"pt-BR","@id":"https:\/\/www.em.com.br\/emfoco\/2026\/01\/22\/calendario-escolar-de-2026-as-aulas-retornam-em-fevereiro-em-todo-o-pais-e-o-recesso-de-9-semanas-chega-ao-fim\/#primaryimage","url":"https:\/\/www.em.com.br\/emfoco\/wp-content\/uploads\/2026\/01\/ChatGPT-Image-21-de-jan.-de-2026-12_26_04-1.png","contentUrl":"https:\/\/www.em.com.br\/emfoco\/wp-content\/uploads\/2026\/01\/ChatGPT-Image-21-de-jan.-de-2026-12_26_04-1.png","width":1280,"height":720,"caption":"Calend\u00e1rio escolar de 2026 j\u00e1 define in\u00edcio das aulas e f\u00e9rias"},{"@type":"BreadcrumbList","@id":"https:\/\/www.em.com.br\/emfoco\/2026\/01\/22\/calendario-escolar-de-2026-as-aulas-retornam-em-fevereiro-em-todo-o-pais-e-o-recesso-de-9-semanas-chega-ao-fim\/#breadcrumb","itemListElement":[{"@type":"ListItem","position":1,"name":"In\u00edcio","item":"https:\/\/www.em.com.br\/emfoco\/"},{"@type":"ListItem","position":2,"name":"Calend\u00e1rio escolar de 2026: as aulas retornam em fevereiro em todo o pa\u00eds e o recesso de 9 semanas chega ao fim"}]},{"@type":"WebSite","@id":"https:\/\/www.em.com.br\/emfoco\/#website","url":"https:\/\/www.em.com.br\/emfoco\/","name":"Estado de Minas - Em foco","description":"Acompanhe as \u00faltimas not\u00edcias e fique bem informado sobre tudo o que acontece em Minas Gerais, Brasil e no mundo.","potentialAction":[{"@type":"SearchAction","target":{"@type":"EntryPoint","urlTemplate":"https:\/\/www.em.com.br\/emfoco\/?s={search_term_string}"},"query-input":{"@type":"PropertyValueSpecification","valueRequired":true,"valueName":"search_term_string"}}],"inLanguage":"pt-BR"},{"@type":"Person","@id":"https:\/\/www.em.com.br\/emfoco\/#\/schema\/person\/60eda09c1fedf0d6891f4cef4b60b8b8","name":"Andre\u0301 Rangel\u00a0","image":{"@type":"ImageObject","inLanguage":"pt-BR","@id":"https:\/\/www.em.com.br\/emfoco\/#\/schema\/person\/image\/","url":"https:\/\/secure.gravatar.com\/avatar\/6234dc814c77c8ef6d8bba622c787efc?s=96&d=mm&r=g","contentUrl":"https:\/\/secure.gravatar.com\/avatar\/6234dc814c77c8ef6d8bba622c787efc?s=96&d=mm&r=g","caption":"Andre\u0301 Rangel\u00a0"},"url":"https:\/\/www.em.com.br\/emfoco\/author\/luizmyth\/"}]}},"_links":{"self":[{"href":"https:\/\/www.em.com.br\/emfoco\/wp-json\/wp\/v2\/posts\/157922","targetHints":{"allow":["GET"]}}],"collection":[{"href":"https:\/\/www.em.com.br\/emfoco\/wp-json\/wp\/v2\/posts"}],"about":[{"href":"https:\/\/www.em.com.br\/emfoco\/wp-json\/wp\/v2\/types\/post"}],"author":[{"embeddable":true,"href":"https:\/\/www.em.com.br\/emfoco\/wp-json\/wp\/v2\/users\/11"}],"replies":[{"embeddable":true,"href":"https:\/\/www.em.com.br\/emfoco\/wp-json\/wp\/v2\/comments?post=157922"}],"version-history":[{"count":2,"href":"https:\/\/www.em.com.br\/emfoco\/wp-json\/wp\/v2\/posts\/157922\/revisions"}],"predecessor-version":[{"id":157937,"href":"https:\/\/www.em.com.br\/emfoco\/wp-json\/wp\/v2\/posts\/157922\/revisions\/157937"}],"wp:featuredmedia":[{"embeddable":true,"href":"https:\/\/www.em.com.br\/emfoco\/wp-json\/wp\/v2\/media\/157924"}],"wp:attachment":[{"href":"https:\/\/www.em.com.br\/emfoco\/wp-json\/wp\/v2\/media?parent=157922"}],"wp:term":[{"taxonomy":"category","embeddable":true,"href":"https:\/\/www.em.com.br\/emfoco\/wp-json\/wp\/v2\/categories?post=157922"},{"taxonomy":"post_tag","embeddable":true,"href":"https:\/\/www.em.com.br\/emfoco\/wp-json\/wp\/v2\/tags?post=157922"}],"curies":[{"name":"wp","href":"https:\/\/api.w.org\/{rel}","templated":true}]}}