{"id":157888,"date":"2026-01-22T15:45:53","date_gmt":"2026-01-22T18:45:53","guid":{"rendered":"https:\/\/www.em.com.br\/emfoco\/?p=157888"},"modified":"2026-01-21T16:13:49","modified_gmt":"2026-01-21T19:13:49","slug":"tres-frutas-que-ajudam-a-controlar-a-fome-desinchar-e-emagrecer-sem-dietas-malucas","status":"publish","type":"post","link":"https:\/\/www.em.com.br\/emfoco\/2026\/01\/22\/tres-frutas-que-ajudam-a-controlar-a-fome-desinchar-e-emagrecer-sem-dietas-malucas\/","title":{"rendered":"Tr\u00eas frutas que ajudam a controlar a fome, desinchar e emagrecer sem dietas malucas"},"content":{"rendered":"\n<h2 class=\"wp-block-heading\">Ma\u00e7\u00e3, abacate e mam\u00e3o s\u00e3o aliados do emagrecimento pois aumentam a saciedade e regulam o intestino A ma\u00e7\u00e3 rica em fibras e o abacate com gorduras boas controlam a fome enquanto o mam\u00e3o desincha o corpo<\/h2>\n\n\n\n<p><b>Voc\u00ea j\u00e1 percebeu<\/b> como pequenas escolhas do dia a dia, como a <b>fruta que voc\u00ea coloca no prato<\/b>, podem mudar a forma como sente fome, disposi\u00e7\u00e3o e at\u00e9 o peso na balan\u00e7a? Em vez de apostar em <b>dietas malucas<\/b>, muitas pessoas est\u00e3o descobrindo que incluir algumas frutas estrat\u00e9gicas nas refei\u00e7\u00f5es ajuda a <b>controlar a vontade de comer<\/b>, melhorar o intestino e cuidar da sa\u00fade como um todo.<\/p>\n\n\n\n<h2 class=\"wp-block-heading\">Quais s\u00e3o as 3 frutas que mais ajudam a emagrecer no dia a dia<\/h2>\n\n\n\n<p>A <b>ma\u00e7\u00e3<\/b> \u00e9 uma grande aliada de quem quer reduzir medidas sem passar fome. Ela tem <b>poucas calorias<\/b> por unidade e \u00e9 rica em <b>fibras, principalmente na casca<\/b>, que ajudam a segurar a fome por mais tempo. Al\u00e9m disso, por exigir mais mastiga\u00e7\u00e3o, a ma\u00e7\u00e3 d\u00e1 tempo para o c\u00e9rebro perceber a <b>saciedade, evitando exageros<\/b>.<\/p>\n\n\n\n<p>O <b>abacate<\/b> \u00e9 mais cal\u00f3rico que muitas frutas, mas entra em muitos planos de emagrecimento por ser fonte de <b>gorduras boas<\/b>, especialmente as monoinsaturadas. Essas gorduras ajudam a <b>equilibrar horm\u00f4nios<\/b> ligados \u00e0 fome e \u00e0 saciedade, mantendo o est\u00f4mago satisfeito por mais tempo. J\u00e1 o <b>mam\u00e3o<\/b> \u00e9 rico em fibras e \u00e1gua, o que favorece o bom funcionamento do intestino, algo fundamental para quem quer <b>perder peso com sa\u00fade<\/b>.<\/p>\n\n\n\n<figure class=\"wp-block-embed is-type-rich is-provider-pinterest wp-block-embed-pinterest\"><div class=\"wp-block-embed__wrapper\">\n<iframe loading=\"lazy\" title=\"*\" src=\"https:\/\/assets.pinterest.com\/ext\/embed.html?id=422281211753767&#038;src=oembed\" height=\"899\" width=\"450\" frameborder=\"0\" scrolling=\"no\" ><\/iframe>\n<\/div><\/figure>\n\n\n\n<p>Leia tamb\u00e9m:&nbsp;<a href=\"https:\/\/www.em.com.br\/emfoco\/2026\/01\/20\/quatro-frutas-que-destroem-sua-memoria-e-outras-4-que-te-protegem-da-demencia\/\" target=\"_blank\" rel=\"noopener\">Quatro frutas que DESTROEM sua mem\u00f3ria e outras 4 que te protegem da dem\u00eancia<\/a><\/p>\n\n\n\n<h2 class=\"wp-block-heading\">Como ma\u00e7\u00e3, abacate e mam\u00e3o ajudam na perda de peso<\/h2>\n\n\n\n<p>Essas tr\u00eas frutas atuam em pontos diferentes, mas que se completam. A <b>ma\u00e7\u00e3 ajuda a controlar a saciedade<\/b>, o <b>abacate contribui<\/b> para regular a fome ao longo do dia e o <b>mam\u00e3o apoia o funcionamento<\/b> do intestino, evitando aquele desconforto de incha\u00e7o que muitas pessoas sentem. Em conjunto, elas favorecem um padr\u00e3o alimentar mais natural, com menos <b>produtos ultraprocessados<\/b> e mais nutrientes essenciais.<\/p>\n\n\n\n<p>Juntas, elas podem facilitar uma <b>alimenta\u00e7\u00e3o mais equilibrada<\/b>, com menos beliscos e menos vontade de exagerar. Ao prolongar a sensa\u00e7\u00e3o de <b>est\u00f4mago cheio<\/b> e dar mais estabilidade \u00e0 energia, elas acabam ajudando naturalmente a reduzir o consumo total de calorias. Al\u00e9m disso, quando combinadas com <b>atividade f\u00edsica regular<\/b> e sono adequado, contribuem para um processo de emagrecimento mais sustent\u00e1vel e menos restritivo.<\/p>\n\n\n\n<figure class=\"wp-block-embed is-type-rich is-provider-pinterest wp-block-embed-pinterest\"><div class=\"wp-block-embed__wrapper\">\n<iframe loading=\"lazy\" title=\"Caf\u00e9 da manh\u00e3 in natura .\" src=\"https:\/\/assets.pinterest.com\/ext\/embed.html?id=629096641725511360&#038;src=oembed\" height=\"899\" width=\"450\" frameborder=\"0\" scrolling=\"no\" ><\/iframe>\n<\/div><\/figure>\n\n\n\n<h2 class=\"wp-block-heading\">Quais s\u00e3o os principais efeitos dessas frutas no organismo<\/h2>\n\n\n\n<p>Quando inclu\u00eddas de forma regular na rotina, essas frutas podem trazer benef\u00edcios que v\u00e3o al\u00e9m da balan\u00e7a. Elas ajudam a <b>controlar o apetite<\/b>, a deixar a digest\u00e3o mais confort\u00e1vel e a evitar grandes oscila\u00e7\u00f5es de <b>a\u00e7\u00facar no sangue<\/b>, que costumam aumentar a vontade de comer doces. Tamb\u00e9m fornecem <b>vitaminas e minerais<\/b> importantes para o sistema imunol\u00f3gico.<\/p>\n\n\n\n<p>Veja alguns efeitos positivos que costumam ser observados ao us\u00e1-las no lugar de lanches industrializados e sobremesas muito cal\u00f3ricas:<\/p>\n\n\n\n<ul class=\"wp-block-list\">\n<li><b>Controle do apetite:<\/b> fibras da <b>ma\u00e7\u00e3 e do mam\u00e3o<\/b> formam um \u201cgel\u201d no est\u00f4mago, retardando o esvaziamento g\u00e1strico.<\/li>\n\n\n\n<li><b>Estabilidade da glicemia:<\/b> o <b>abacate ajuda<\/b> a reduzir picos de a\u00e7\u00facar no sangue quando faz parte de refei\u00e7\u00f5es equilibradas.<\/li>\n\n\n\n<li><b>Digest\u00e3o mais leve:<\/b> enzimas e <b>fibras do mam\u00e3o<\/b> podem contribuir para uma digest\u00e3o mais confort\u00e1vel em muitas pessoas, favorecendo a regularidade intestinal.<\/li>\n\n\n\n<li><b>Menos calorias<\/b> ao longo do dia: ao aumentar a saciedade, essas <b>frutas podem diminuir<\/b> a vontade de beliscar o tempo todo.<\/li>\n<\/ul>\n\n\n\n<figure class=\"wp-block-embed is-type-rich is-provider-pinterest wp-block-embed-pinterest\"><div class=\"wp-block-embed__wrapper\">\n<iframe loading=\"lazy\" title=\"Dicas de alimenta\u00e7\u00e3o saud\u00e1vel \ud83d\ude0b\" src=\"https:\/\/assets.pinterest.com\/ext\/embed.html?id=1055599907898867&#038;src=oembed\" height=\"899\" width=\"450\" frameborder=\"0\" scrolling=\"no\" ><\/iframe>\n<\/div><\/figure>\n\n\n\n<h2 class=\"wp-block-heading\">Como incluir ma\u00e7\u00e3, abacate e mam\u00e3o na rotina de forma pr\u00e1tica<\/h2>\n\n\n\n<p>Voc\u00ea n\u00e3o precisa de receitas complicadas para aproveitar os <b>benef\u00edcios dessas frutas<\/b>. O ideal \u00e9 <b>distribu\u00ed-las ao longo do dia<\/b> de forma simples, encaixando em hor\u00e1rios que fa\u00e7am sentido para a sua rotina e, se poss\u00edvel, seguindo orienta\u00e7\u00f5es de um <b>profissional de sa\u00fade<\/b>. Variar o modo de preparo tamb\u00e9m ajuda a n\u00e3o enjoar e manter o h\u00e1bito por mais tempo.<\/p>\n\n\n\n<ol class=\"wp-block-list\">\n<li><b>No caf\u00e9 da manh\u00e3<\/b>: mam\u00e3o em cubos com sementes como <b>chia ou linha\u00e7a<\/b> aumenta ainda mais a quantidade de fibras e contribui para uma saciedade prolongada.<\/li>\n\n\n\n<li><b>Nos lanches intermedi\u00e1rios<\/b>: uma <b>ma\u00e7\u00e3 inteira<\/b>, com casca, \u00e9 pr\u00e1tica para levar na bolsa e consumir fora de casa, ajudando a evitar lanches muito cal\u00f3ricos.<\/li>\n\n\n\n<li><b>Em refei\u00e7\u00f5es ou \u00e0 noite<\/b>: pequenas por\u00e7\u00f5es de <b>abacate podem<\/b> entrar em saladas, pastas ou cremes, sempre com aten\u00e7\u00e3o \u00e0 quantidade, favorecendo o consumo de gorduras de boa qualidade.<\/li>\n<\/ol>\n\n\n\n<p>Para voc\u00ea que quer aprofundar, separamos um v\u00eddeo do canal <a class=\"yt-simple-endpoint style-scope yt-formatted-string\" spellcheck=\"false\" href=\"https:\/\/www.youtube.com\/@tuasaude\" target=\"_blank\" rel=\"noopener\">Tua Sa\u00fade<\/a> com dicas de frutas que auxiliam no processo de emagrecimento:<\/p>\n\n\n\n<figure class=\"wp-block-embed is-type-video is-provider-youtube wp-block-embed-youtube wp-embed-aspect-16-9 wp-has-aspect-ratio\"><div class=\"wp-block-embed__wrapper\">\n<div class=\"jeg_video_container jeg_video_content\"><iframe loading=\"lazy\" title=\"6 frutas para EMAGRECER mais r\u00e1pido\" width=\"500\" height=\"281\" src=\"https:\/\/www.youtube.com\/embed\/hbnPrSr4au4?start=1&#038;feature=oembed\" frameborder=\"0\" allow=\"accelerometer; autoplay; clipboard-write; encrypted-media; gyroscope; picture-in-picture; web-share\" referrerpolicy=\"strict-origin-when-cross-origin\" allowfullscreen><\/iframe><\/div>\n<\/div><\/figure>\n\n\n\n<h2 class=\"wp-block-heading\">Quais cuidados ter ao usar frutas para emagrecer<\/h2>\n\n\n\n<p>Mesmo sendo saud\u00e1veis, <b>frutas tamb\u00e9m t\u00eam calorias<\/b>, e o excesso pode atrapalhar os resultados. No caso do <b>abacate, a aten\u00e7\u00e3o<\/b> ao tamanho da por\u00e7\u00e3o \u00e9 ainda mais importante por causa do teor de gorduras e energia. Al\u00e9m disso, muitos dos benef\u00edcios se perdem quando se adiciona muito <b>a\u00e7\u00facar ou mel<\/b> nas prepara\u00e7\u00f5es.<\/p>\n\n\n\n<p>Pessoas com condi\u00e7\u00f5es espec\u00edficas, como <b>diabetes<\/b> ou altera\u00e7\u00f5es intestinais, precisam de orienta\u00e7\u00e3o individualizada sobre quantidade e forma de consumo. Assim, <b>ma\u00e7\u00e3, abacate e mam\u00e3o<\/b> deixam de ser apenas \u201cfrutas que emagrecem\u201d e passam a fazer parte de um cuidado maior com o corpo, incluindo alimenta\u00e7\u00e3o variada, sono adequado e pr\u00e1tica regular de <b>atividade f\u00edsica<\/b>.<\/p>\n","protected":false},"excerpt":{"rendered":"<p>Ma\u00e7\u00e3, abacate e mam\u00e3o s\u00e3o aliados do emagrecimento pois aumentam a saciedade e regulam o intestino A ma\u00e7\u00e3 rica em fibras e o abacate com gorduras boas controlam a fome enquanto o mam\u00e3o desincha o corpo Voc\u00ea j\u00e1 percebeu como pequenas escolhas do dia a dia, como a fruta que voc\u00ea coloca no prato, podem [&hellip;]<\/p>\n","protected":false},"author":9,"featured_media":157905,"comment_status":"open","ping_status":"open","sticky":false,"template":"","format":"standard","meta":{"jnews-multi-image_gallery":[],"jnews_single_post":{"format":"standard"},"jnews_primary_category":[],"jnews_social_meta":[],"jnews_override_counter":[],"footnotes":""},"categories":[8691,8819,1],"tags":[2555,13027,23068],"class_list":["post-157888","post","type-post","status-publish","format-standard","has-post-thumbnail","hentry","category-bem-estar","category-curiosidades","category-noticias","tag-frutas","tag-gordura","tag-queima"],"yoast_head":"<!-- This site is optimized with the Yoast SEO plugin v23.8 - https:\/\/yoast.com\/wordpress\/plugins\/seo\/ -->\n<title>Tr\u00eas frutas que ajudam a controlar a fome, desinchar e emagrecer sem dietas malucas - Estado de Minas - Em foco<\/title>\n<meta name=\"description\" content=\"Ma\u00e7\u00e3, abacate e mam\u00e3o aumentam saciedade, regulam o intestino e ajudam a emagrecer com sa\u00fade e sem dietas restritivas.\" \/>\n<meta name=\"robots\" content=\"index, follow, max-snippet:-1, max-image-preview:large, max-video-preview:-1\" \/>\n<link rel=\"canonical\" href=\"https:\/\/www.em.com.br\/emfoco\/2026\/01\/22\/tres-frutas-que-ajudam-a-controlar-a-fome-desinchar-e-emagrecer-sem-dietas-malucas\/\" \/>\n<meta property=\"og:locale\" content=\"pt_BR\" \/>\n<meta property=\"og:type\" content=\"article\" \/>\n<meta property=\"og:title\" content=\"Tr\u00eas frutas que ajudam a controlar a fome, desinchar e emagrecer sem dietas malucas - Estado de Minas - Em foco\" \/>\n<meta property=\"og:description\" content=\"Ma\u00e7\u00e3, abacate e mam\u00e3o aumentam saciedade, regulam o intestino e ajudam a emagrecer com sa\u00fade e sem dietas restritivas.\" \/>\n<meta property=\"og:url\" content=\"https:\/\/www.em.com.br\/emfoco\/2026\/01\/22\/tres-frutas-que-ajudam-a-controlar-a-fome-desinchar-e-emagrecer-sem-dietas-malucas\/\" \/>\n<meta property=\"og:site_name\" content=\"Estado de Minas - Em foco\" \/>\n<meta property=\"article:published_time\" content=\"2026-01-22T18:45:53+00:00\" \/>\n<meta property=\"article:modified_time\" content=\"2026-01-21T19:13:49+00:00\" \/>\n<meta property=\"og:image\" content=\"https:\/\/www.em.com.br\/emfoco\/wp-content\/uploads\/2026\/01\/emagrecer_1769006187910.jpg\" \/>\n\t<meta property=\"og:image:width\" content=\"1280\" \/>\n\t<meta property=\"og:image:height\" content=\"720\" \/>\n\t<meta property=\"og:image:type\" content=\"image\/jpeg\" \/>\n<meta name=\"author\" content=\"Daniely Cardoso\" \/>\n<meta name=\"twitter:card\" content=\"summary_large_image\" \/>\n<meta name=\"twitter:label1\" content=\"Escrito por\" \/>\n\t<meta name=\"twitter:data1\" content=\"Daniely Cardoso\" \/>\n\t<meta name=\"twitter:label2\" content=\"Est. tempo de leitura\" \/>\n\t<meta name=\"twitter:data2\" content=\"5 minutos\" \/>\n<!-- \/ Yoast SEO plugin. -->","yoast_head_json":{"title":"Tr\u00eas frutas que ajudam a controlar a fome, desinchar e emagrecer sem dietas malucas - Estado de Minas - Em foco","description":"Ma\u00e7\u00e3, abacate e mam\u00e3o aumentam saciedade, regulam o intestino e ajudam a emagrecer com sa\u00fade e sem dietas restritivas.","robots":{"index":"index","follow":"follow","max-snippet":"max-snippet:-1","max-image-preview":"max-image-preview:large","max-video-preview":"max-video-preview:-1"},"canonical":"https:\/\/www.em.com.br\/emfoco\/2026\/01\/22\/tres-frutas-que-ajudam-a-controlar-a-fome-desinchar-e-emagrecer-sem-dietas-malucas\/","og_locale":"pt_BR","og_type":"article","og_title":"Tr\u00eas frutas que ajudam a controlar a fome, desinchar e emagrecer sem dietas malucas - Estado de Minas - Em foco","og_description":"Ma\u00e7\u00e3, abacate e mam\u00e3o aumentam saciedade, regulam o intestino e ajudam a emagrecer com sa\u00fade e sem dietas restritivas.","og_url":"https:\/\/www.em.com.br\/emfoco\/2026\/01\/22\/tres-frutas-que-ajudam-a-controlar-a-fome-desinchar-e-emagrecer-sem-dietas-malucas\/","og_site_name":"Estado de Minas - Em foco","article_published_time":"2026-01-22T18:45:53+00:00","article_modified_time":"2026-01-21T19:13:49+00:00","og_image":[{"width":1280,"height":720,"url":"https:\/\/www.em.com.br\/emfoco\/wp-content\/uploads\/2026\/01\/emagrecer_1769006187910.jpg","type":"image\/jpeg"}],"author":"Daniely Cardoso","twitter_card":"summary_large_image","twitter_misc":{"Escrito por":"Daniely Cardoso","Est. tempo de leitura":"5 minutos"},"schema":{"@context":"https:\/\/schema.org","@graph":[{"@type":"WebPage","@id":"https:\/\/www.em.com.br\/emfoco\/2026\/01\/22\/tres-frutas-que-ajudam-a-controlar-a-fome-desinchar-e-emagrecer-sem-dietas-malucas\/","url":"https:\/\/www.em.com.br\/emfoco\/2026\/01\/22\/tres-frutas-que-ajudam-a-controlar-a-fome-desinchar-e-emagrecer-sem-dietas-malucas\/","name":"Tr\u00eas frutas que ajudam a controlar a fome, desinchar e emagrecer sem dietas malucas - Estado de Minas - Em foco","isPartOf":{"@id":"https:\/\/www.em.com.br\/emfoco\/#website"},"primaryImageOfPage":{"@id":"https:\/\/www.em.com.br\/emfoco\/2026\/01\/22\/tres-frutas-que-ajudam-a-controlar-a-fome-desinchar-e-emagrecer-sem-dietas-malucas\/#primaryimage"},"image":{"@id":"https:\/\/www.em.com.br\/emfoco\/2026\/01\/22\/tres-frutas-que-ajudam-a-controlar-a-fome-desinchar-e-emagrecer-sem-dietas-malucas\/#primaryimage"},"thumbnailUrl":"https:\/\/www.em.com.br\/emfoco\/wp-content\/uploads\/2026\/01\/emagrecer_1769006187910.jpg","datePublished":"2026-01-22T18:45:53+00:00","dateModified":"2026-01-21T19:13:49+00:00","author":{"@id":"https:\/\/www.em.com.br\/emfoco\/#\/schema\/person\/0a8186d72f2c3a5c6276d90b41f271a0"},"description":"Ma\u00e7\u00e3, abacate e mam\u00e3o aumentam saciedade, regulam o intestino e ajudam a emagrecer com sa\u00fade e sem dietas restritivas.","breadcrumb":{"@id":"https:\/\/www.em.com.br\/emfoco\/2026\/01\/22\/tres-frutas-que-ajudam-a-controlar-a-fome-desinchar-e-emagrecer-sem-dietas-malucas\/#breadcrumb"},"inLanguage":"pt-BR","potentialAction":[{"@type":"ReadAction","target":["https:\/\/www.em.com.br\/emfoco\/2026\/01\/22\/tres-frutas-que-ajudam-a-controlar-a-fome-desinchar-e-emagrecer-sem-dietas-malucas\/"]}]},{"@type":"ImageObject","inLanguage":"pt-BR","@id":"https:\/\/www.em.com.br\/emfoco\/2026\/01\/22\/tres-frutas-que-ajudam-a-controlar-a-fome-desinchar-e-emagrecer-sem-dietas-malucas\/#primaryimage","url":"https:\/\/www.em.com.br\/emfoco\/wp-content\/uploads\/2026\/01\/emagrecer_1769006187910.jpg","contentUrl":"https:\/\/www.em.com.br\/emfoco\/wp-content\/uploads\/2026\/01\/emagrecer_1769006187910.jpg","width":1280,"height":720,"caption":"A ma\u00e7\u00e3 \u00e9 uma grande aliada de quem quer reduzir medidas sem passar fome. - Cr\u00e9ditos: depositphotos.com \/ AndrewLozovyi"},{"@type":"BreadcrumbList","@id":"https:\/\/www.em.com.br\/emfoco\/2026\/01\/22\/tres-frutas-que-ajudam-a-controlar-a-fome-desinchar-e-emagrecer-sem-dietas-malucas\/#breadcrumb","itemListElement":[{"@type":"ListItem","position":1,"name":"In\u00edcio","item":"https:\/\/www.em.com.br\/emfoco\/"},{"@type":"ListItem","position":2,"name":"Tr\u00eas frutas que ajudam a controlar a fome, desinchar e emagrecer sem dietas malucas"}]},{"@type":"WebSite","@id":"https:\/\/www.em.com.br\/emfoco\/#website","url":"https:\/\/www.em.com.br\/emfoco\/","name":"Estado de Minas - Em foco","description":"Acompanhe as \u00faltimas not\u00edcias e fique bem informado sobre tudo o que acontece em Minas Gerais, Brasil e no mundo.","potentialAction":[{"@type":"SearchAction","target":{"@type":"EntryPoint","urlTemplate":"https:\/\/www.em.com.br\/emfoco\/?s={search_term_string}"},"query-input":{"@type":"PropertyValueSpecification","valueRequired":true,"valueName":"search_term_string"}}],"inLanguage":"pt-BR"},{"@type":"Person","@id":"https:\/\/www.em.com.br\/emfoco\/#\/schema\/person\/0a8186d72f2c3a5c6276d90b41f271a0","name":"Daniely Cardoso","image":{"@type":"ImageObject","inLanguage":"pt-BR","@id":"https:\/\/www.em.com.br\/emfoco\/#\/schema\/person\/image\/","url":"https:\/\/secure.gravatar.com\/avatar\/4b80ddbd124d1f071b626d52d62e5dff?s=96&d=mm&r=g","contentUrl":"https:\/\/secure.gravatar.com\/avatar\/4b80ddbd124d1f071b626d52d62e5dff?s=96&d=mm&r=g","caption":"Daniely Cardoso"},"url":"https:\/\/www.em.com.br\/emfoco\/author\/danielymyth\/"}]}},"_links":{"self":[{"href":"https:\/\/www.em.com.br\/emfoco\/wp-json\/wp\/v2\/posts\/157888","targetHints":{"allow":["GET"]}}],"collection":[{"href":"https:\/\/www.em.com.br\/emfoco\/wp-json\/wp\/v2\/posts"}],"about":[{"href":"https:\/\/www.em.com.br\/emfoco\/wp-json\/wp\/v2\/types\/post"}],"author":[{"embeddable":true,"href":"https:\/\/www.em.com.br\/emfoco\/wp-json\/wp\/v2\/users\/9"}],"replies":[{"embeddable":true,"href":"https:\/\/www.em.com.br\/emfoco\/wp-json\/wp\/v2\/comments?post=157888"}],"version-history":[{"count":4,"href":"https:\/\/www.em.com.br\/emfoco\/wp-json\/wp\/v2\/posts\/157888\/revisions"}],"predecessor-version":[{"id":158252,"href":"https:\/\/www.em.com.br\/emfoco\/wp-json\/wp\/v2\/posts\/157888\/revisions\/158252"}],"wp:featuredmedia":[{"embeddable":true,"href":"https:\/\/www.em.com.br\/emfoco\/wp-json\/wp\/v2\/media\/157905"}],"wp:attachment":[{"href":"https:\/\/www.em.com.br\/emfoco\/wp-json\/wp\/v2\/media?parent=157888"}],"wp:term":[{"taxonomy":"category","embeddable":true,"href":"https:\/\/www.em.com.br\/emfoco\/wp-json\/wp\/v2\/categories?post=157888"},{"taxonomy":"post_tag","embeddable":true,"href":"https:\/\/www.em.com.br\/emfoco\/wp-json\/wp\/v2\/tags?post=157888"}],"curies":[{"name":"wp","href":"https:\/\/api.w.org\/{rel}","templated":true}]}}