{"id":157887,"date":"2026-01-22T16:05:00","date_gmt":"2026-01-22T19:05:00","guid":{"rendered":"https:\/\/www.em.com.br\/emfoco\/?p=157887"},"modified":"2026-01-21T20:00:33","modified_gmt":"2026-01-21T23:00:33","slug":"a-couve-flor-e-repleta-de-beneficios-e-e-uma-aliada-perfeita-para-a-perda-de-peso","status":"publish","type":"post","link":"https:\/\/www.em.com.br\/emfoco\/2026\/01\/22\/a-couve-flor-e-repleta-de-beneficios-e-e-uma-aliada-perfeita-para-a-perda-de-peso\/","title":{"rendered":"A couve-flor \u00e9 repleta de benef\u00edcios e \u00e9 uma aliada perfeita para a perda de peso"},"content":{"rendered":"\n<p>A couve-flor vem ganhando espa\u00e7o na alimenta\u00e7\u00e3o de quem busca mais sa\u00fade, praticidade e sabor no dia a dia. Vers\u00e1til, acess\u00edvel e com poucas calorias, ela se adapta bem a diferentes receitas, desde acompanhamentos simples at\u00e9 pratos principais mais elaborados, sendo muito utilizada em dietas de emagrecimento, low carb e reeduca\u00e7\u00e3o alimentar.<\/p>\n\n\n\n<h2 class=\"wp-block-heading\">Quais s\u00e3o os principais benef\u00edcios da couve-flor para a sa\u00fade?<\/h2>\n\n\n\n<p>A<a href=\"https:\/\/www.em.com.br\/emfoco\/2025\/10\/29\/sua-couve-flor-nao-forma-cabeca-a-culpa-pode-ser-a-falta-destes-3-nutrientes\/\" target=\"_blank\" rel=\"noreferrer noopener\"> couve-flor<\/a> \u00e9 um vegetal leve, com alto teor de \u00e1gua (cerca de 89%) e baixa densidade cal\u00f3rica, o que contribui para hidrata\u00e7\u00e3o e controle de peso. Mesmo sendo vista por muitos como \u201csem gra\u00e7a\u201d, ela concentra vitaminas, minerais e compostos bioativos importantes para o organismo.<\/p>\n\n\n\n<p>Rica em fibras, auxilia o funcionamento intestinal, aumenta a sensa\u00e7\u00e3o de saciedade e ajuda a evitar beliscos entre as refei\u00e7\u00f5es. Essas fibras tamb\u00e9m colaboram no equil\u00edbrio do colesterol e da <a href=\"https:\/\/www.tuasaude.com\/glicemia\/\" target=\"_blank\" rel=\"noreferrer noopener\">glicemia<\/a>, apoiando a preven\u00e7\u00e3o de doen\u00e7as cr\u00f4nicas e a sa\u00fade metab\u00f3lica de forma geral.<\/p>\n\n\n\n<figure class=\"wp-block-image size-large\"><img loading=\"lazy\" decoding=\"async\" width=\"1024\" height=\"576\" src=\"https:\/\/www.em.com.br\/emfoco\/wp-content\/uploads\/2026\/01\/couve-flor_1769007790357-1024x576.jpg\" alt=\"O vegetal acess\u00edvel que ajuda no peso e na sa\u00fade intestinal\" class=\"wp-image-157910\" srcset=\"https:\/\/www.em.com.br\/emfoco\/wp-content\/uploads\/2026\/01\/couve-flor_1769007790357-1024x576.jpg 1024w, https:\/\/www.em.com.br\/emfoco\/wp-content\/uploads\/2026\/01\/couve-flor_1769007790357-300x169.jpg 300w, https:\/\/www.em.com.br\/emfoco\/wp-content\/uploads\/2026\/01\/couve-flor_1769007790357-768x432.jpg 768w, https:\/\/www.em.com.br\/emfoco\/wp-content\/uploads\/2026\/01\/couve-flor_1769007790357-750x422.jpg 750w, https:\/\/www.em.com.br\/emfoco\/wp-content\/uploads\/2026\/01\/couve-flor_1769007790357-1140x641.jpg 1140w, https:\/\/www.em.com.br\/emfoco\/wp-content\/uploads\/2026\/01\/couve-flor_1769007790357.jpg 1280w\" sizes=\"auto, (max-width: 1024px) 100vw, 1024px\" \/><figcaption class=\"wp-element-caption\">O vegetal acess\u00edvel que ajuda no peso e na sa\u00fade intestinal &#8211; Cr\u00e9ditos: depositphotos.com \/ ArturVerkhovetskiy<\/figcaption><\/figure>\n\n\n\n<h2 class=\"wp-block-heading\">Como a couve-flor pode ajudar no emagrecimento?<\/h2>\n\n\n\n<p>No contexto de dietas para perda de peso, a couve-flor \u00e9 frequentemente usada como substituta de alimentos ricos em carboidratos refinados. Em vers\u00f5es trituradas ou raladas, ela pode virar \u201carroz de couve-flor\u201d ou base para massas e pizzas, reduzindo calorias e aumentando o teor de fibras de forma estrat\u00e9gica.<\/p>\n\n\n\n<p>Por ter baixa densidade cal\u00f3rica, \u00e9 poss\u00edvel consumir por\u00e7\u00f5es generosas sem exagerar nas calorias, o que favorece a sensa\u00e7\u00e3o de prato cheio. Para aplicar isso na rotina, a couve-flor pode ser usada em diferentes prepara\u00e7\u00f5es pr\u00e1ticas, como nas ideias abaixo:<\/p>\n\n\n\n<ul class=\"wp-block-list\">\n<li>Substituir parte do arroz tradicional por \u201carroz de couve-flor\u201d salteado com temperos naturais.<\/li>\n\n\n\n<li>Usar o vegetal cozido e amassado no lugar de pur\u00eas mais cal\u00f3ricos, como batata.<\/li>\n\n\n\n<li>Preparar bases de pizza ou tortas com couve-flor ralada, ovos e condimentos.<\/li>\n\n\n\n<li>Incluir floretes crus ou levemente cozidos em saladas para aumentar o volume do prato.<\/li>\n<\/ul>\n\n\n\n<h2 class=\"wp-block-heading\">Quais nutrientes fazem da couve-flor uma aliada do organismo?<\/h2>\n\n\n\n<p>Al\u00e9m de fibras e \u00e1gua, a couve-flor oferece vitaminas do complexo B (B1, B2, B3 e B6), que participam do metabolismo energ\u00e9tico e do bom funcionamento do sistema nervoso. Tamb\u00e9m cont\u00e9m \u00e1cido f\u00f3lico, relevante em fases de crescimento e para gestantes, sempre com orienta\u00e7\u00e3o profissional adequada.<\/p>\n\n\n\n<p>A vitamina C se destaca pelo apoio ao sistema imunol\u00f3gico e pela a\u00e7\u00e3o antioxidante, protegendo as c\u00e9lulas do estresse oxidativo. Entre os minerais, pot\u00e1ssio, magn\u00e9sio, c\u00e1lcio e f\u00f3sforo contribuem para equil\u00edbrio de fluidos, contra\u00e7\u00e3o muscular e sa\u00fade \u00f3ssea, enquanto compostos sulfurados e glucosinolatos est\u00e3o associados \u00e0 modula\u00e7\u00e3o de processos inflamat\u00f3rios.<\/p>\n\n\n\n<figure class=\"wp-block-image size-large\"><img loading=\"lazy\" decoding=\"async\" width=\"1024\" height=\"576\" src=\"https:\/\/www.em.com.br\/emfoco\/wp-content\/uploads\/2026\/01\/couve-flor_1769007921376-1024x576.jpg\" alt=\"O vegetal acess\u00edvel que ajuda no peso e na sa\u00fade intestinal\" class=\"wp-image-157911\" srcset=\"https:\/\/www.em.com.br\/emfoco\/wp-content\/uploads\/2026\/01\/couve-flor_1769007921376-1024x576.jpg 1024w, https:\/\/www.em.com.br\/emfoco\/wp-content\/uploads\/2026\/01\/couve-flor_1769007921376-300x169.jpg 300w, https:\/\/www.em.com.br\/emfoco\/wp-content\/uploads\/2026\/01\/couve-flor_1769007921376-768x432.jpg 768w, https:\/\/www.em.com.br\/emfoco\/wp-content\/uploads\/2026\/01\/couve-flor_1769007921376-750x422.jpg 750w, https:\/\/www.em.com.br\/emfoco\/wp-content\/uploads\/2026\/01\/couve-flor_1769007921376-1140x641.jpg 1140w, https:\/\/www.em.com.br\/emfoco\/wp-content\/uploads\/2026\/01\/couve-flor_1769007921376.jpg 1280w\" sizes=\"auto, (max-width: 1024px) 100vw, 1024px\" \/><figcaption class=\"wp-element-caption\">O vegetal acess\u00edvel que ajuda no peso e na sa\u00fade intestinal &#8211; Cr\u00e9ditos: depositphotos.com \/ worytko_pawel<\/figcaption><\/figure>\n\n\n\n<h2 class=\"wp-block-heading\">Como preparar a couve-flor para aproveitar melhor seus benef\u00edcios?<\/h2>\n\n\n\n<p>A forma de preparo influencia textura, sabor e at\u00e9 aceita\u00e7\u00e3o da couve-flor no dia a dia. Cozimentos muito longos deixam o vegetal mole e com odor intenso, enquanto m\u00e9todos r\u00e1pidos, como refogar, saltear ou assar, preservam croc\u00e2ncia, sabor e parte dos nutrientes.<\/p>\n\n\n\n<p>Algumas t\u00e9cnicas simples podem facilitar o consumo frequente e evitar desperd\u00edcios, tornando a rotina na cozinha mais pr\u00e1tica e nutritiva:<\/p>\n\n\n\n<ol class=\"wp-block-list\">\n<li>Lavar e separar os floretes em tamanhos semelhantes para garantir cozimento uniforme.<\/li>\n\n\n\n<li>Branquear em \u00e1gua fervente e resfriar em \u00e1gua gelada para manter cor e textura.<\/li>\n\n\n\n<li>Assar com azeite, sal, alho e p\u00e1prica para um prato mais arom\u00e1tico e marcante.<\/li>\n\n\n\n<li>Triturar os floretes crus no processador para fazer \u201carroz de couve-flor\u201d ou bases de massa.<\/li>\n\n\n\n<li>Aproveitar talos e folhas em sopas e caldos, reduzindo o desperd\u00edcio de alimentos.<\/li>\n<\/ol>\n\n\n\n<h2 class=\"wp-block-heading\">Por que incluir couve-flor na sua rotina a partir de hoje?<\/h2>\n\n\n\n<p>A couve-flor \u00e9 um vegetal vers\u00e1til, acess\u00edvel e alinhado com uma alimenta\u00e7\u00e3o equilibrada, ajudando no controle de peso, na sa\u00fade intestinal e na oferta de vitaminas, minerais e antioxidantes. Quando combinada a outros legumes, frutas e boas fontes de prote\u00edna, ela amplia a variedade de nutrientes consumidos na semana.<\/p>\n\n\n\n<p>N\u00e3o espere para come\u00e7ar a usar esse potencial a seu favor: inclua a couve-flor ainda hoje em pelo menos uma refei\u00e7\u00e3o, teste novos temperos e modos de preparo e observe, nas pr\u00f3ximas semanas, como pequenas mudan\u00e7as podem transformar sua sa\u00fade, energia e rela\u00e7\u00e3o com a comida.<\/p>\n","protected":false},"excerpt":{"rendered":"<p>A couve-flor vem ganhando espa\u00e7o na alimenta\u00e7\u00e3o de quem busca mais sa\u00fade, praticidade e sabor no dia a dia. Vers\u00e1til, acess\u00edvel e com poucas calorias, ela se adapta bem a diferentes receitas, desde acompanhamentos simples at\u00e9 pratos principais mais elaborados, sendo muito utilizada em dietas de emagrecimento, low carb e reeduca\u00e7\u00e3o alimentar. Quais s\u00e3o os [&hellip;]<\/p>\n","protected":false},"author":11,"featured_media":157912,"comment_status":"open","ping_status":"open","sticky":false,"template":"","format":"standard","meta":{"jnews-multi-image_gallery":[],"jnews_single_post":{"format":"standard"},"jnews_primary_category":[],"jnews_social_meta":[],"jnews_override_counter":[],"footnotes":""},"categories":[8819,1],"tags":[9275,2577,3109],"class_list":["post-157887","post","type-post","status-publish","format-standard","has-post-thumbnail","hentry","category-curiosidades","category-noticias","tag-couve-flor","tag-dieta","tag-emagrecimento"],"yoast_head":"<!-- This site is optimized with the Yoast SEO plugin v23.8 - https:\/\/yoast.com\/wordpress\/plugins\/seo\/ -->\n<title>A couve-flor \u00e9 repleta de benef\u00edcios e \u00e9 uma aliada perfeita para a perda de peso - Estado de Minas - Em foco<\/title>\n<meta name=\"description\" content=\"A couve-flor \u00e9 leve rica em fibras e ajuda no emagrecimento. Veja como usar o vegetal em receitas pr\u00e1ticas e saud\u00e1veis.\" \/>\n<meta name=\"robots\" content=\"index, follow, max-snippet:-1, max-image-preview:large, max-video-preview:-1\" \/>\n<link rel=\"canonical\" href=\"https:\/\/www.em.com.br\/emfoco\/2026\/01\/22\/a-couve-flor-e-repleta-de-beneficios-e-e-uma-aliada-perfeita-para-a-perda-de-peso\/\" \/>\n<meta property=\"og:locale\" content=\"pt_BR\" \/>\n<meta property=\"og:type\" content=\"article\" \/>\n<meta property=\"og:title\" content=\"A couve-flor \u00e9 repleta de benef\u00edcios e \u00e9 uma aliada perfeita para a perda de peso - Estado de Minas - Em foco\" \/>\n<meta property=\"og:description\" content=\"A couve-flor \u00e9 leve rica em fibras e ajuda no emagrecimento. Veja como usar o vegetal em receitas pr\u00e1ticas e saud\u00e1veis.\" \/>\n<meta property=\"og:url\" content=\"https:\/\/www.em.com.br\/emfoco\/2026\/01\/22\/a-couve-flor-e-repleta-de-beneficios-e-e-uma-aliada-perfeita-para-a-perda-de-peso\/\" \/>\n<meta property=\"og:site_name\" content=\"Estado de Minas - Em foco\" \/>\n<meta property=\"article:published_time\" content=\"2026-01-22T19:05:00+00:00\" \/>\n<meta property=\"article:modified_time\" content=\"2026-01-21T23:00:33+00:00\" \/>\n<meta property=\"og:image\" content=\"https:\/\/www.em.com.br\/emfoco\/wp-content\/uploads\/2026\/01\/ChatGPT-Image-21-de-jan.-de-2026-12_04_21-1.png\" \/>\n\t<meta property=\"og:image:width\" content=\"1280\" \/>\n\t<meta property=\"og:image:height\" content=\"720\" \/>\n\t<meta property=\"og:image:type\" content=\"image\/png\" \/>\n<meta name=\"author\" content=\"Andre\u0301 Rangel\u00a0\" \/>\n<meta name=\"twitter:card\" content=\"summary_large_image\" \/>\n<meta name=\"twitter:label1\" content=\"Escrito por\" \/>\n\t<meta name=\"twitter:data1\" content=\"Andre\u0301 Rangel\u00a0\" \/>\n\t<meta name=\"twitter:label2\" content=\"Est. tempo de leitura\" \/>\n\t<meta name=\"twitter:data2\" content=\"5 minutos\" \/>\n<!-- \/ Yoast SEO plugin. -->","yoast_head_json":{"title":"A couve-flor \u00e9 repleta de benef\u00edcios e \u00e9 uma aliada perfeita para a perda de peso - Estado de Minas - Em foco","description":"A couve-flor \u00e9 leve rica em fibras e ajuda no emagrecimento. Veja como usar o vegetal em receitas pr\u00e1ticas e saud\u00e1veis.","robots":{"index":"index","follow":"follow","max-snippet":"max-snippet:-1","max-image-preview":"max-image-preview:large","max-video-preview":"max-video-preview:-1"},"canonical":"https:\/\/www.em.com.br\/emfoco\/2026\/01\/22\/a-couve-flor-e-repleta-de-beneficios-e-e-uma-aliada-perfeita-para-a-perda-de-peso\/","og_locale":"pt_BR","og_type":"article","og_title":"A couve-flor \u00e9 repleta de benef\u00edcios e \u00e9 uma aliada perfeita para a perda de peso - Estado de Minas - Em foco","og_description":"A couve-flor \u00e9 leve rica em fibras e ajuda no emagrecimento. Veja como usar o vegetal em receitas pr\u00e1ticas e saud\u00e1veis.","og_url":"https:\/\/www.em.com.br\/emfoco\/2026\/01\/22\/a-couve-flor-e-repleta-de-beneficios-e-e-uma-aliada-perfeita-para-a-perda-de-peso\/","og_site_name":"Estado de Minas - Em foco","article_published_time":"2026-01-22T19:05:00+00:00","article_modified_time":"2026-01-21T23:00:33+00:00","og_image":[{"width":1280,"height":720,"url":"https:\/\/www.em.com.br\/emfoco\/wp-content\/uploads\/2026\/01\/ChatGPT-Image-21-de-jan.-de-2026-12_04_21-1.png","type":"image\/png"}],"author":"Andre\u0301 Rangel\u00a0","twitter_card":"summary_large_image","twitter_misc":{"Escrito por":"Andre\u0301 Rangel\u00a0","Est. tempo de leitura":"5 minutos"},"schema":{"@context":"https:\/\/schema.org","@graph":[{"@type":"WebPage","@id":"https:\/\/www.em.com.br\/emfoco\/2026\/01\/22\/a-couve-flor-e-repleta-de-beneficios-e-e-uma-aliada-perfeita-para-a-perda-de-peso\/","url":"https:\/\/www.em.com.br\/emfoco\/2026\/01\/22\/a-couve-flor-e-repleta-de-beneficios-e-e-uma-aliada-perfeita-para-a-perda-de-peso\/","name":"A couve-flor \u00e9 repleta de benef\u00edcios e \u00e9 uma aliada perfeita para a perda de peso - Estado de Minas - Em foco","isPartOf":{"@id":"https:\/\/www.em.com.br\/emfoco\/#website"},"primaryImageOfPage":{"@id":"https:\/\/www.em.com.br\/emfoco\/2026\/01\/22\/a-couve-flor-e-repleta-de-beneficios-e-e-uma-aliada-perfeita-para-a-perda-de-peso\/#primaryimage"},"image":{"@id":"https:\/\/www.em.com.br\/emfoco\/2026\/01\/22\/a-couve-flor-e-repleta-de-beneficios-e-e-uma-aliada-perfeita-para-a-perda-de-peso\/#primaryimage"},"thumbnailUrl":"https:\/\/www.em.com.br\/emfoco\/wp-content\/uploads\/2026\/01\/ChatGPT-Image-21-de-jan.-de-2026-12_04_21-1.png","datePublished":"2026-01-22T19:05:00+00:00","dateModified":"2026-01-21T23:00:33+00:00","author":{"@id":"https:\/\/www.em.com.br\/emfoco\/#\/schema\/person\/60eda09c1fedf0d6891f4cef4b60b8b8"},"description":"A couve-flor \u00e9 leve rica em fibras e ajuda no emagrecimento. Veja como usar o vegetal em receitas pr\u00e1ticas e saud\u00e1veis.","breadcrumb":{"@id":"https:\/\/www.em.com.br\/emfoco\/2026\/01\/22\/a-couve-flor-e-repleta-de-beneficios-e-e-uma-aliada-perfeita-para-a-perda-de-peso\/#breadcrumb"},"inLanguage":"pt-BR","potentialAction":[{"@type":"ReadAction","target":["https:\/\/www.em.com.br\/emfoco\/2026\/01\/22\/a-couve-flor-e-repleta-de-beneficios-e-e-uma-aliada-perfeita-para-a-perda-de-peso\/"]}]},{"@type":"ImageObject","inLanguage":"pt-BR","@id":"https:\/\/www.em.com.br\/emfoco\/2026\/01\/22\/a-couve-flor-e-repleta-de-beneficios-e-e-uma-aliada-perfeita-para-a-perda-de-peso\/#primaryimage","url":"https:\/\/www.em.com.br\/emfoco\/wp-content\/uploads\/2026\/01\/ChatGPT-Image-21-de-jan.-de-2026-12_04_21-1.png","contentUrl":"https:\/\/www.em.com.br\/emfoco\/wp-content\/uploads\/2026\/01\/ChatGPT-Image-21-de-jan.-de-2026-12_04_21-1.png","width":1280,"height":720,"caption":"O aliado mais vers\u00e1til das dietas de emagrecimento"},{"@type":"BreadcrumbList","@id":"https:\/\/www.em.com.br\/emfoco\/2026\/01\/22\/a-couve-flor-e-repleta-de-beneficios-e-e-uma-aliada-perfeita-para-a-perda-de-peso\/#breadcrumb","itemListElement":[{"@type":"ListItem","position":1,"name":"In\u00edcio","item":"https:\/\/www.em.com.br\/emfoco\/"},{"@type":"ListItem","position":2,"name":"A couve-flor \u00e9 repleta de benef\u00edcios e \u00e9 uma aliada perfeita para a perda de peso"}]},{"@type":"WebSite","@id":"https:\/\/www.em.com.br\/emfoco\/#website","url":"https:\/\/www.em.com.br\/emfoco\/","name":"Estado de Minas - Em foco","description":"Acompanhe as \u00faltimas not\u00edcias e fique bem informado sobre tudo o que acontece em Minas Gerais, Brasil e no mundo.","potentialAction":[{"@type":"SearchAction","target":{"@type":"EntryPoint","urlTemplate":"https:\/\/www.em.com.br\/emfoco\/?s={search_term_string}"},"query-input":{"@type":"PropertyValueSpecification","valueRequired":true,"valueName":"search_term_string"}}],"inLanguage":"pt-BR"},{"@type":"Person","@id":"https:\/\/www.em.com.br\/emfoco\/#\/schema\/person\/60eda09c1fedf0d6891f4cef4b60b8b8","name":"Andre\u0301 Rangel\u00a0","image":{"@type":"ImageObject","inLanguage":"pt-BR","@id":"https:\/\/www.em.com.br\/emfoco\/#\/schema\/person\/image\/","url":"https:\/\/secure.gravatar.com\/avatar\/6234dc814c77c8ef6d8bba622c787efc?s=96&d=mm&r=g","contentUrl":"https:\/\/secure.gravatar.com\/avatar\/6234dc814c77c8ef6d8bba622c787efc?s=96&d=mm&r=g","caption":"Andre\u0301 Rangel\u00a0"},"url":"https:\/\/www.em.com.br\/emfoco\/author\/luizmyth\/"}]}},"_links":{"self":[{"href":"https:\/\/www.em.com.br\/emfoco\/wp-json\/wp\/v2\/posts\/157887","targetHints":{"allow":["GET"]}}],"collection":[{"href":"https:\/\/www.em.com.br\/emfoco\/wp-json\/wp\/v2\/posts"}],"about":[{"href":"https:\/\/www.em.com.br\/emfoco\/wp-json\/wp\/v2\/types\/post"}],"author":[{"embeddable":true,"href":"https:\/\/www.em.com.br\/emfoco\/wp-json\/wp\/v2\/users\/11"}],"replies":[{"embeddable":true,"href":"https:\/\/www.em.com.br\/emfoco\/wp-json\/wp\/v2\/comments?post=157887"}],"version-history":[{"count":2,"href":"https:\/\/www.em.com.br\/emfoco\/wp-json\/wp\/v2\/posts\/157887\/revisions"}],"predecessor-version":[{"id":157916,"href":"https:\/\/www.em.com.br\/emfoco\/wp-json\/wp\/v2\/posts\/157887\/revisions\/157916"}],"wp:featuredmedia":[{"embeddable":true,"href":"https:\/\/www.em.com.br\/emfoco\/wp-json\/wp\/v2\/media\/157912"}],"wp:attachment":[{"href":"https:\/\/www.em.com.br\/emfoco\/wp-json\/wp\/v2\/media?parent=157887"}],"wp:term":[{"taxonomy":"category","embeddable":true,"href":"https:\/\/www.em.com.br\/emfoco\/wp-json\/wp\/v2\/categories?post=157887"},{"taxonomy":"post_tag","embeddable":true,"href":"https:\/\/www.em.com.br\/emfoco\/wp-json\/wp\/v2\/tags?post=157887"}],"curies":[{"name":"wp","href":"https:\/\/api.w.org\/{rel}","templated":true}]}}