{"id":157879,"date":"2026-01-22T19:25:00","date_gmt":"2026-01-22T22:25:00","guid":{"rendered":"https:\/\/www.em.com.br\/emfoco\/?p=157879"},"modified":"2026-01-21T20:01:04","modified_gmt":"2026-01-21T23:01:04","slug":"aguas-turquesa-areia-branca-e-coqueiros-a-praia-brasileira-que-e-um-paraiso-na-terra","status":"publish","type":"post","link":"https:\/\/www.em.com.br\/emfoco\/2026\/01\/22\/aguas-turquesa-areia-branca-e-coqueiros-a-praia-brasileira-que-e-um-paraiso-na-terra\/","title":{"rendered":"\u00c1guas turquesa, areia branca e coqueiros: a praia brasileira que \u00e9 um para\u00edso na Terra"},"content":{"rendered":"\n<p>Viajar pelo litoral brasileiro continua em alta entre quem busca descanso, natureza e clima quente, e o <strong>Nordeste <\/strong>segue como um dos grandes favoritos. Longe das multid\u00f5es e dos grandes resorts, um destino em <strong>Alagoas <\/strong>vem ganhando destaque em 2025 entre viajantes que querem p\u00e9 na areia, sossego e um contato mais aut\u00eantico com a vida \u00e0 beira-mar: <strong>S\u00e3o Miguel dos Milagres<\/strong>.<\/p>\n\n\n\n<h2 class=\"wp-block-heading\">O que torna S\u00e3o Miguel dos Milagres um ref\u00fagio de praia no Nordeste<\/h2>\n\n\n\n<p>S\u00e3o Miguel dos Milagres fica na costa norte de Alagoas, em plena <strong>Costa dos Corais<\/strong>, uma faixa protegida que se estende por diversos munic\u00edpios do Nordeste. A cerca de 100 quil\u00f4metros de <strong><a href=\"https:\/\/www.em.com.br\/emfoco\/2025\/02\/07\/maceio-e-eleita-o-destino-turistico-no-1-para-2025-veja-por-que\/\" target=\"_blank\" rel=\"noreferrer noopener\">Macei\u00f3<\/a><\/strong>, o balne\u00e1rio integra a \u201cRota Ecol\u00f3gica\u201d, famosa por praias de areia clara, mar calmo, arrecifes e um oceano em tons de verde e azul em dias de c\u00e9u aberto.<\/p>\n\n\n\n<p>O clima de vila de pescadores define o ritmo do lugar, com pequenas embarca\u00e7\u00f5es, constru\u00e7\u00f5es baixas e ruas tranquilas. Em vez de grandes resorts e centros urbanos, predominam pousadas charmosas, hospedagens independentes e um fluxo tur\u00edstico moderado, ideal para quem valoriza sil\u00eancio, autenticidade e uma rela\u00e7\u00e3o mais pr\u00f3xima com a comunidade local.<\/p>\n\n\n\n<p>Aqui est\u00e3o as principais curiosidades e destaques para este ano:<\/p>\n\n\n\n<div style=\"overflow-x:auto;\">\n<table style=\"\n  width:100%;\n  border-collapse:separate;\n  border-spacing:0;\n  font-family:Arial, sans-serif;\n  background:#f2f8f7;\n  border-radius:14px;\n\">\n\n  <thead>\n    <tr>\n      <th style=\"\n        padding:16px;\n        background:#1fa6a8;\n        color:#ffffff;\n        text-align:left;\n        font-size:16px;\n        border-top-left-radius:14px;\n      \">\n        Eixo estrat\u00e9gico\n      <\/th>\n      <th style=\"\n        padding:16px;\n        background:#1fa6a8;\n        color:#ffffff;\n        text-align:left;\n        font-size:16px;\n      \">\n        O que acontece em 2026\n      <\/th>\n      <th style=\"\n        padding:16px;\n        background:#1fa6a8;\n        color:#ffffff;\n        text-align:left;\n        font-size:16px;\n        border-top-right-radius:14px;\n      \">\n        Impacto para o turismo\n      <\/th>\n    <\/tr>\n  <\/thead>\n\n  <tbody>\n    <tr style=\"background:#ffffff;\">\n      <td style=\"padding:16px; color:#2e7f81; font-weight:bold;\">\n        Grandes eventos e festas\n      <\/td>\n      <td style=\"padding:16px; color:#2e7f81;\">\n        Semana Santa dos Milagres (02 a 04\/04) com festas open bar na Praia do Marceneiro e R\u00e9veillon dos Milagres com programa\u00e7\u00e3o oficial e o evento Day Zero Brasil.\n      <\/td>\n      <td style=\"padding:16px; color:#2e7f81;\">\n        Consolida\u00e7\u00e3o do destino como refer\u00eancia em festas premium \u201cp\u00e9 na areia\u201d e turismo de alto padr\u00e3o.\n      <\/td>\n    <\/tr>\n\n    <tr style=\"background:#e4f3f2;\">\n      <td style=\"padding:16px; color:#2e7f81; font-weight:bold;\">\n        Infraestrutura e acesso\n      <\/td>\n      <td style=\"padding:16px; color:#2e7f81;\">\n        Obras de nova orla e avan\u00e7o do projeto de aeroporto regional, reduzindo a depend\u00eancia log\u00edstica de Macei\u00f3.\n      <\/td>\n      <td style=\"padding:16px; color:#2e7f81;\">\n        Aumento do fluxo tur\u00edstico, maior conforto na chegada e valoriza\u00e7\u00e3o imobili\u00e1ria da regi\u00e3o.\n      <\/td>\n    <\/tr>\n\n    <tr style=\"background:#ffffff;\">\n      <td style=\"padding:16px; color:#2e7f81; font-weight:bold;\">\n        Sustentabilidade e selo verde\n      <\/td>\n      <td style=\"padding:16px; color:#2e7f81;\">\n        Manuten\u00e7\u00e3o do Selo Bandeira Azul e fortalecimento da Rota Ecol\u00f3gica, com pousadas adotando energia solar e gest\u00e3o de res\u00edduos.\n      <\/td>\n      <td style=\"padding:16px; color:#2e7f81;\">\n        Atra\u00e7\u00e3o do p\u00fablico que prioriza viagens sustent\u00e1veis, estimado em mais de 70% dos turistas em 2026.\n      <\/td>\n    <\/tr>\n\n    <tr style=\"background:#e4f3f2;\">\n      <td style=\"padding:16px; color:#2e7f81; font-weight:bold;\">\n        Expans\u00e3o hoteleira\n      <\/td>\n      <td style=\"padding:16px; color:#2e7f81;\">\n        Constru\u00e7\u00e3o de grandes resorts de luxo ao longo de 22 km de litoral, mantendo vilas r\u00fasticas em \u00e1reas espec\u00edficas.\n      <\/td>\n      <td style=\"padding:16px; color:#2e7f81;\">\n        Transforma\u00e7\u00e3o do destino em um \u201cnovo Porto de Galinhas\u201d, com foco em superluxo e experi\u00eancias exclusivas.\n      <\/td>\n    <\/tr>\n  <\/tbody>\n<\/table>\n<\/div>\n\n\n\n\n<h2 class=\"wp-block-heading\">Como s\u00e3o as piscinas naturais e atividades no mar em S\u00e3o Miguel dos Milagres<\/h2>\n\n\n\n<p>A praia de S\u00e3o Miguel dos Milagres se destaca pelas \u00e1guas claras e grandes \u00e1reas de mar\u00e9 baixa, que formam piscinas naturais sobre os arrecifes em hor\u00e1rios espec\u00edficos. Em mar\u00e9 favor\u00e1vel, jangadas e pequenas embarca\u00e7\u00f5es saem de pontos como <strong>Praia do Toque <\/strong>e praias vizinhas rumo \u00e0s zonas de corais, onde \u00e9 poss\u00edvel observar peixes coloridos e outros organismos marinhos.<\/p>\n\n\n\n<p>Esses passeios dependem diretamente das condi\u00e7\u00f5es do tempo e do estado do mar, podendo ser suspensos em dias de vento forte ou mar agitado. O mar geralmente calmo tamb\u00e9m favorece esportes como caiaque e stand up paddle em mar\u00e9 baixa, mas os moradores recomendam evitar essas atividades logo ap\u00f3s chuvas intensas, quando a \u00e1gua tende a ficar menos transparente.<\/p>\n\n\n\n<p>Selecionamos o v\u00eddeo da <strong><a href=\"https:\/\/www.instagram.com\/pahzabala\/reels\/\" target=\"_blank\" rel=\"noreferrer noopener\">pahzabala<\/a><\/strong> que faz sucesso no Instagram e  mostra um pouco desse lugar incr\u00edvel que \u00e9 S\u00e3o Miguel dos Milagres:<\/p>\n\n\n\n<blockquote class=\"instagram-media\" data-instgrm-captioned data-instgrm-permalink=\"https:\/\/www.instagram.com\/reel\/DRckOI9CdrX\/?utm_source=ig_embed&amp;utm_campaign=loading\" data-instgrm-version=\"14\" style=\" background:#FFF; border:0; border-radius:3px; box-shadow:0 0 1px 0 rgba(0,0,0,0.5),0 1px 10px 0 rgba(0,0,0,0.15); margin: 1px; max-width:540px; min-width:326px; padding:0; width:99.375%; width:-webkit-calc(100% - 2px); width:calc(100% - 2px);\"><div style=\"padding:16px;\"> <a href=\"https:\/\/www.instagram.com\/reel\/DRckOI9CdrX\/?utm_source=ig_embed&amp;utm_campaign=loading\" style=\" background:#FFFFFF; line-height:0; padding:0 0; text-align:center; text-decoration:none; width:100%;\" target=\"_blank\"> <div style=\" display: flex; flex-direction: row; align-items: center;\"> <div style=\"background-color: #F4F4F4; border-radius: 50%; flex-grow: 0; height: 40px; margin-right: 14px; width: 40px;\"><\/div> <div style=\"display: flex; flex-direction: column; flex-grow: 1; justify-content: center;\"> <div style=\" background-color: #F4F4F4; border-radius: 4px; flex-grow: 0; height: 14px; margin-bottom: 6px; width: 100px;\"><\/div> <div style=\" background-color: #F4F4F4; border-radius: 4px; flex-grow: 0; height: 14px; width: 60px;\"><\/div><\/div><\/div><div style=\"padding: 19% 0;\"><\/div> <div style=\"display:block; height:50px; margin:0 auto 12px; width:50px;\"><svg width=\"50px\" height=\"50px\" viewBox=\"0 0 60 60\" version=\"1.1\" xmlns=\"https:\/\/www.w3.org\/2000\/svg\" xmlns:xlink=\"https:\/\/www.w3.org\/1999\/xlink\"><g stroke=\"none\" stroke-width=\"1\" fill=\"none\" fill-rule=\"evenodd\"><g transform=\"translate(-511.000000, -20.000000)\" fill=\"#000000\"><g><path d=\"M556.869,30.41 C554.814,30.41 553.148,32.076 553.148,34.131 C553.148,36.186 554.814,37.852 556.869,37.852 C558.924,37.852 560.59,36.186 560.59,34.131 C560.59,32.076 558.924,30.41 556.869,30.41 M541,60.657 C535.114,60.657 530.342,55.887 530.342,50 C530.342,44.114 535.114,39.342 541,39.342 C546.887,39.342 551.658,44.114 551.658,50 C551.658,55.887 546.887,60.657 541,60.657 M541,33.886 C532.1,33.886 524.886,41.1 524.886,50 C524.886,58.899 532.1,66.113 541,66.113 C549.9,66.113 557.115,58.899 557.115,50 C557.115,41.1 549.9,33.886 541,33.886 M565.378,62.101 C565.244,65.022 564.756,66.606 564.346,67.663 C563.803,69.06 563.154,70.057 562.106,71.106 C561.058,72.155 560.06,72.803 558.662,73.347 C557.607,73.757 556.021,74.244 553.102,74.378 C549.944,74.521 548.997,74.552 541,74.552 C533.003,74.552 532.056,74.521 528.898,74.378 C525.979,74.244 524.393,73.757 523.338,73.347 C521.94,72.803 520.942,72.155 519.894,71.106 C518.846,70.057 518.197,69.06 517.654,67.663 C517.244,66.606 516.755,65.022 516.623,62.101 C516.479,58.943 516.448,57.996 516.448,50 C516.448,42.003 516.479,41.056 516.623,37.899 C516.755,34.978 517.244,33.391 517.654,32.338 C518.197,30.938 518.846,29.942 519.894,28.894 C520.942,27.846 521.94,27.196 523.338,26.654 C524.393,26.244 525.979,25.756 528.898,25.623 C532.057,25.479 533.004,25.448 541,25.448 C548.997,25.448 549.943,25.479 553.102,25.623 C556.021,25.756 557.607,26.244 558.662,26.654 C560.06,27.196 561.058,27.846 562.106,28.894 C563.154,29.942 563.803,30.938 564.346,32.338 C564.756,33.391 565.244,34.978 565.378,37.899 C565.522,41.056 565.552,42.003 565.552,50 C565.552,57.996 565.522,58.943 565.378,62.101 M570.82,37.631 C570.674,34.438 570.167,32.258 569.425,30.349 C568.659,28.377 567.633,26.702 565.965,25.035 C564.297,23.368 562.623,22.342 560.652,21.575 C558.743,20.834 556.562,20.326 553.369,20.18 C550.169,20.033 549.148,20 541,20 C532.853,20 531.831,20.033 528.631,20.18 C525.438,20.326 523.257,20.834 521.349,21.575 C519.376,22.342 517.703,23.368 516.035,25.035 C514.368,26.702 513.342,28.377 512.574,30.349 C511.834,32.258 511.326,34.438 511.181,37.631 C511.035,40.831 511,41.851 511,50 C511,58.147 511.035,59.17 511.181,62.369 C511.326,65.562 511.834,67.743 512.574,69.651 C513.342,71.625 514.368,73.296 516.035,74.965 C517.703,76.634 519.376,77.658 521.349,78.425 C523.257,79.167 525.438,79.673 528.631,79.82 C531.831,79.965 532.853,80.001 541,80.001 C549.148,80.001 550.169,79.965 553.369,79.82 C556.562,79.673 558.743,79.167 560.652,78.425 C562.623,77.658 564.297,76.634 565.965,74.965 C567.633,73.296 568.659,71.625 569.425,69.651 C570.167,67.743 570.674,65.562 570.82,62.369 C570.966,59.17 571,58.147 571,50 C571,41.851 570.966,40.831 570.82,37.631\"><\/path><\/g><\/g><\/g><\/svg><\/div><div style=\"padding-top: 8px;\"> <div style=\" color:#3897f0; font-family:Arial,sans-serif; font-size:14px; font-style:normal; font-weight:550; line-height:18px;\">Ver essa foto no Instagram<\/div><\/div><div style=\"padding: 12.5% 0;\"><\/div> <div style=\"display: flex; flex-direction: row; margin-bottom: 14px; align-items: center;\"><div> <div style=\"background-color: #F4F4F4; border-radius: 50%; height: 12.5px; width: 12.5px; transform: translateX(0px) translateY(7px);\"><\/div> <div style=\"background-color: #F4F4F4; height: 12.5px; transform: rotate(-45deg) translateX(3px) translateY(1px); width: 12.5px; flex-grow: 0; margin-right: 14px; margin-left: 2px;\"><\/div> <div style=\"background-color: #F4F4F4; border-radius: 50%; height: 12.5px; width: 12.5px; transform: translateX(9px) translateY(-18px);\"><\/div><\/div><div style=\"margin-left: 8px;\"> <div style=\" background-color: #F4F4F4; border-radius: 50%; flex-grow: 0; height: 20px; width: 20px;\"><\/div> <div style=\" width: 0; height: 0; border-top: 2px solid transparent; border-left: 6px solid #f4f4f4; border-bottom: 2px solid transparent; transform: translateX(16px) translateY(-4px) rotate(30deg)\"><\/div><\/div><div style=\"margin-left: auto;\"> <div style=\" width: 0px; border-top: 8px solid #F4F4F4; border-right: 8px solid transparent; transform: translateY(16px);\"><\/div> <div style=\" background-color: #F4F4F4; flex-grow: 0; height: 12px; width: 16px; transform: translateY(-4px);\"><\/div> <div style=\" width: 0; height: 0; border-top: 8px solid #F4F4F4; border-left: 8px solid transparent; transform: translateY(-4px) translateX(8px);\"><\/div><\/div><\/div> <div style=\"display: flex; flex-direction: column; flex-grow: 1; justify-content: center; margin-bottom: 24px;\"> <div style=\" background-color: #F4F4F4; border-radius: 4px; flex-grow: 0; height: 14px; margin-bottom: 6px; width: 224px;\"><\/div> <div style=\" background-color: #F4F4F4; border-radius: 4px; flex-grow: 0; height: 14px; width: 144px;\"><\/div><\/div><\/a><p style=\" color:#c9c8cd; font-family:Arial,sans-serif; font-size:14px; line-height:17px; margin-bottom:0; margin-top:8px; overflow:hidden; padding:8px 0 7px; text-align:center; text-overflow:ellipsis; white-space:nowrap;\"><a href=\"https:\/\/www.instagram.com\/reel\/DRckOI9CdrX\/?utm_source=ig_embed&amp;utm_campaign=loading\" style=\" color:#c9c8cd; font-family:Arial,sans-serif; font-size:14px; font-style:normal; font-weight:normal; line-height:17px; text-decoration:none;\" target=\"_blank\">Um post compartilhado por paloma zabala (@pahzabala)<\/a><\/p><\/div><\/blockquote>\n<script async src=\"\/\/www.instagram.com\/embed.js\"><\/script>\n\n\n\n<h2 class=\"wp-block-heading\">Qual \u00e9 a melhor \u00e9poca do ano para visitar S\u00e3o Miguel dos Milagres<\/h2>\n\n\n\n<p>Na hora de planejar a viagem, a esta\u00e7\u00e3o do ano faz diferen\u00e7a na experi\u00eancia, principalmente para quem quer aproveitar bem as piscinas naturais. Entre setembro e mar\u00e7o chove menos, h\u00e1 mais dias de sol e a visibilidade da \u00e1gua costuma ser melhor, com temperaturas altas e brisa constante na orla.<\/p>\n\n\n\n<p>De abril a agosto, aumenta a chance de chuva e alguns passeios mar\u00edtimos podem ser remarcados, especialmente os que exigem mar calmo e boa visibilidade. Por isso, muitos guias refor\u00e7am que vale acompanhar a previs\u00e3o do tempo e as fases da lua, j\u00e1 que varia\u00e7\u00f5es de mar\u00e9 podem alterar o acesso aos arrecifes.<\/p>\n\n\n\n<ul class=\"wp-block-list\">\n<li><strong>Setembro a mar\u00e7o<\/strong>\u00a0\u2013 mais sol, menos chuva e \u00e1gua mais transparente.<\/li>\n\n\n\n<li><strong>Abril a agosto<\/strong>\u00a0\u2013 chuvas mais frequentes e poss\u00edveis mudan\u00e7as em passeios n\u00e1uticos.<\/li>\n\n\n\n<li><strong>O ano todo<\/strong>\u00a0\u2013 clima quente, com varia\u00e7\u00e3o de temperatura relativamente pequena.<\/li>\n<\/ul>\n\n\n\n<h2 class=\"wp-block-heading\">Como chegar a S\u00e3o Miguel dos Milagres com diferentes op\u00e7\u00f5es de transporte<\/h2>\n\n\n\n<p>O principal acesso a\u00e9reo \u00e9 pelo aeroporto internacional de Macei\u00f3 (Zumbi dos Palmares), de onde se segue por via terrestre por cerca de duas a tr\u00eas horas. O trajeto combina trechos de litoral e zonas rurais, com sinaliza\u00e7\u00e3o razo\u00e1vel e estradas que permitem chegar tanto direto ao vilarejo quanto combinando o destino com outras praias da Costa dos Corais.<\/p>\n\n\n\n<p>H\u00e1 alternativas para diferentes perfis de viajante, desde quem busca conforto at\u00e9 quem prioriza economia e flexibilidade.<\/p>\n\n\n\n<ol class=\"wp-block-list\">\n<li><strong>Transfer contratado<\/strong>\u00a0\u2013 empresas levam do aeroporto direto \u00e0s pousadas, com mais comodidade.<\/li>\n\n\n\n<li><strong>Aluguel de carro<\/strong>\u00a0\u2013 ideal para explorar tamb\u00e9m Maragogi e praias vizinhas ao longo da Costa dos Corais.<\/li>\n\n\n\n<li><strong>\u00d4nibus intermunicipal<\/strong>\u00a0\u2013 op\u00e7\u00e3o mais barata, por\u00e9m com menos hor\u00e1rios e, \u00e0s vezes, necessidade de conex\u00f5es.<\/li>\n<\/ol>\n\n\n\n<figure class=\"wp-block-image size-large\"><img loading=\"lazy\" decoding=\"async\" width=\"1024\" height=\"576\" src=\"https:\/\/www.em.com.br\/emfoco\/wp-content\/uploads\/2026\/01\/ChatGPT-Image-21-de-jan.-de-2026-11_22_47-1-1024x576.png\" alt=\"Curiosidades sobre S\u00e3o Miguel dos Milagres\" class=\"wp-image-157897\" srcset=\"https:\/\/www.em.com.br\/emfoco\/wp-content\/uploads\/2026\/01\/ChatGPT-Image-21-de-jan.-de-2026-11_22_47-1-1024x576.png 1024w, https:\/\/www.em.com.br\/emfoco\/wp-content\/uploads\/2026\/01\/ChatGPT-Image-21-de-jan.-de-2026-11_22_47-1-300x169.png 300w, https:\/\/www.em.com.br\/emfoco\/wp-content\/uploads\/2026\/01\/ChatGPT-Image-21-de-jan.-de-2026-11_22_47-1-768x432.png 768w, https:\/\/www.em.com.br\/emfoco\/wp-content\/uploads\/2026\/01\/ChatGPT-Image-21-de-jan.-de-2026-11_22_47-1-750x422.png 750w, https:\/\/www.em.com.br\/emfoco\/wp-content\/uploads\/2026\/01\/ChatGPT-Image-21-de-jan.-de-2026-11_22_47-1-1140x641.png 1140w, https:\/\/www.em.com.br\/emfoco\/wp-content\/uploads\/2026\/01\/ChatGPT-Image-21-de-jan.-de-2026-11_22_47-1.png 1280w\" sizes=\"auto, (max-width: 1024px) 100vw, 1024px\" \/><figcaption class=\"wp-element-caption\">Curiosidades sobre S\u00e3o Miguel dos Milagres<\/figcaption><\/figure>\n\n\n\n<h2 class=\"wp-block-heading\">Como viajar de forma sustent\u00e1vel e aproveitar ao m\u00e1ximo S\u00e3o Miguel dos Milagres<\/h2>\n\n\n\n<p>Por estar em uma \u00e1rea ambientalmente protegida, S\u00e3o Miguel dos Milagres segue regras espec\u00edficas para uso da faixa de areia e dos arrecifes. Guias e barqueiros recebem orienta\u00e7\u00f5es sobre limite de visitantes, conduta nas piscinas naturais e formas de minimizar o impacto, como n\u00e3o pisar nos corais, n\u00e3o alimentar peixes e evitar protetores n\u00e3o biodegrad\u00e1veis nas \u00e1reas de banho.<\/p>\n\n\n\n<p>Se voc\u00ea quer conhecer um destino ainda relativamente discreto, com mar transparente, natureza preservada e clima de vilarejo, este \u00e9 o momento de planejar sua viagem. Verifique j\u00e1 as datas de baixa mar\u00e9, garanta sua hospedagem com anteced\u00eancia e n\u00e3o deixe para depois: S\u00e3o Miguel dos Milagres est\u00e1 se tornando rapidamente um dos lugares mais desejados de Alagoas, e cada temporada que passa fica mais concorrido viver essa experi\u00eancia de perto.<\/p>\n\n\n\n<p><\/p>\n","protected":false},"excerpt":{"rendered":"<p>Viajar pelo litoral brasileiro continua em alta entre quem busca descanso, natureza e clima quente, e o Nordeste segue como um dos grandes favoritos. Longe das multid\u00f5es e dos grandes resorts, um destino em Alagoas vem ganhando destaque em 2025 entre viajantes que querem p\u00e9 na areia, sossego e um contato mais aut\u00eantico com a [&hellip;]<\/p>\n","protected":false},"author":11,"featured_media":157898,"comment_status":"open","ping_status":"open","sticky":false,"template":"","format":"standard","meta":{"jnews-multi-image_gallery":[],"jnews_single_post":{"format":"standard"},"jnews_primary_category":[],"jnews_social_meta":[],"jnews_override_counter":[],"footnotes":""},"categories":[26,1],"tags":[680,16715,23069,16687,9279],"class_list":["post-157879","post","type-post","status-publish","format-standard","has-post-thumbnail","hentry","category-cidades","category-noticias","tag-alagoas","tag-mar-calmo","tag-mar-cristalino","tag-sao-miguel-dos-milagres","tag-sossego"],"yoast_head":"<!-- This site is optimized with the Yoast SEO plugin v23.8 - https:\/\/yoast.com\/wordpress\/plugins\/seo\/ -->\n<title>\u00c1guas turquesa, areia branca e coqueiros: a praia brasileira que \u00e9 um para\u00edso na Terra - Estado de Minas - Em foco<\/title>\n<meta name=\"description\" content=\"Esse destino da Costa dos Corais combina praias tranquilas, pousadas charmosas e turismo sustent\u00e1vel. Entenda por que virou tend\u00eancia.\" \/>\n<meta name=\"robots\" content=\"index, follow, max-snippet:-1, max-image-preview:large, max-video-preview:-1\" \/>\n<link rel=\"canonical\" href=\"https:\/\/www.em.com.br\/emfoco\/2026\/01\/22\/aguas-turquesa-areia-branca-e-coqueiros-a-praia-brasileira-que-e-um-paraiso-na-terra\/\" \/>\n<meta property=\"og:locale\" content=\"pt_BR\" \/>\n<meta property=\"og:type\" content=\"article\" \/>\n<meta property=\"og:title\" content=\"\u00c1guas turquesa, areia branca e coqueiros: a praia brasileira que \u00e9 um para\u00edso na Terra - Estado de Minas - Em foco\" \/>\n<meta property=\"og:description\" content=\"Esse destino da Costa dos Corais combina praias tranquilas, pousadas charmosas e turismo sustent\u00e1vel. Entenda por que virou tend\u00eancia.\" \/>\n<meta property=\"og:url\" content=\"https:\/\/www.em.com.br\/emfoco\/2026\/01\/22\/aguas-turquesa-areia-branca-e-coqueiros-a-praia-brasileira-que-e-um-paraiso-na-terra\/\" \/>\n<meta property=\"og:site_name\" content=\"Estado de Minas - Em foco\" \/>\n<meta property=\"article:published_time\" content=\"2026-01-22T22:25:00+00:00\" \/>\n<meta property=\"article:modified_time\" content=\"2026-01-21T23:01:04+00:00\" \/>\n<meta property=\"og:image\" content=\"https:\/\/www.em.com.br\/emfoco\/wp-content\/uploads\/2026\/01\/ChatGPT-Image-21-de-jan.-de-2026-11_26_48-1.png\" \/>\n\t<meta property=\"og:image:width\" content=\"1280\" \/>\n\t<meta property=\"og:image:height\" content=\"720\" \/>\n\t<meta property=\"og:image:type\" content=\"image\/png\" \/>\n<meta name=\"author\" content=\"Andre\u0301 Rangel\u00a0\" \/>\n<meta name=\"twitter:card\" content=\"summary_large_image\" \/>\n<meta name=\"twitter:label1\" content=\"Escrito por\" \/>\n\t<meta name=\"twitter:data1\" content=\"Andre\u0301 Rangel\u00a0\" \/>\n\t<meta name=\"twitter:label2\" content=\"Est. tempo de leitura\" \/>\n\t<meta name=\"twitter:data2\" content=\"6 minutos\" \/>\n<!-- \/ Yoast SEO plugin. -->","yoast_head_json":{"title":"\u00c1guas turquesa, areia branca e coqueiros: a praia brasileira que \u00e9 um para\u00edso na Terra - Estado de Minas - Em foco","description":"Esse destino da Costa dos Corais combina praias tranquilas, pousadas charmosas e turismo sustent\u00e1vel. Entenda por que virou tend\u00eancia.","robots":{"index":"index","follow":"follow","max-snippet":"max-snippet:-1","max-image-preview":"max-image-preview:large","max-video-preview":"max-video-preview:-1"},"canonical":"https:\/\/www.em.com.br\/emfoco\/2026\/01\/22\/aguas-turquesa-areia-branca-e-coqueiros-a-praia-brasileira-que-e-um-paraiso-na-terra\/","og_locale":"pt_BR","og_type":"article","og_title":"\u00c1guas turquesa, areia branca e coqueiros: a praia brasileira que \u00e9 um para\u00edso na Terra - Estado de Minas - Em foco","og_description":"Esse destino da Costa dos Corais combina praias tranquilas, pousadas charmosas e turismo sustent\u00e1vel. Entenda por que virou tend\u00eancia.","og_url":"https:\/\/www.em.com.br\/emfoco\/2026\/01\/22\/aguas-turquesa-areia-branca-e-coqueiros-a-praia-brasileira-que-e-um-paraiso-na-terra\/","og_site_name":"Estado de Minas - Em foco","article_published_time":"2026-01-22T22:25:00+00:00","article_modified_time":"2026-01-21T23:01:04+00:00","og_image":[{"width":1280,"height":720,"url":"https:\/\/www.em.com.br\/emfoco\/wp-content\/uploads\/2026\/01\/ChatGPT-Image-21-de-jan.-de-2026-11_26_48-1.png","type":"image\/png"}],"author":"Andre\u0301 Rangel\u00a0","twitter_card":"summary_large_image","twitter_misc":{"Escrito por":"Andre\u0301 Rangel\u00a0","Est. tempo de leitura":"6 minutos"},"schema":{"@context":"https:\/\/schema.org","@graph":[{"@type":"WebPage","@id":"https:\/\/www.em.com.br\/emfoco\/2026\/01\/22\/aguas-turquesa-areia-branca-e-coqueiros-a-praia-brasileira-que-e-um-paraiso-na-terra\/","url":"https:\/\/www.em.com.br\/emfoco\/2026\/01\/22\/aguas-turquesa-areia-branca-e-coqueiros-a-praia-brasileira-que-e-um-paraiso-na-terra\/","name":"\u00c1guas turquesa, areia branca e coqueiros: a praia brasileira que \u00e9 um para\u00edso na Terra - Estado de Minas - Em foco","isPartOf":{"@id":"https:\/\/www.em.com.br\/emfoco\/#website"},"primaryImageOfPage":{"@id":"https:\/\/www.em.com.br\/emfoco\/2026\/01\/22\/aguas-turquesa-areia-branca-e-coqueiros-a-praia-brasileira-que-e-um-paraiso-na-terra\/#primaryimage"},"image":{"@id":"https:\/\/www.em.com.br\/emfoco\/2026\/01\/22\/aguas-turquesa-areia-branca-e-coqueiros-a-praia-brasileira-que-e-um-paraiso-na-terra\/#primaryimage"},"thumbnailUrl":"https:\/\/www.em.com.br\/emfoco\/wp-content\/uploads\/2026\/01\/ChatGPT-Image-21-de-jan.-de-2026-11_26_48-1.png","datePublished":"2026-01-22T22:25:00+00:00","dateModified":"2026-01-21T23:01:04+00:00","author":{"@id":"https:\/\/www.em.com.br\/emfoco\/#\/schema\/person\/60eda09c1fedf0d6891f4cef4b60b8b8"},"description":"Esse destino da Costa dos Corais combina praias tranquilas, pousadas charmosas e turismo sustent\u00e1vel. Entenda por que virou tend\u00eancia.","breadcrumb":{"@id":"https:\/\/www.em.com.br\/emfoco\/2026\/01\/22\/aguas-turquesa-areia-branca-e-coqueiros-a-praia-brasileira-que-e-um-paraiso-na-terra\/#breadcrumb"},"inLanguage":"pt-BR","potentialAction":[{"@type":"ReadAction","target":["https:\/\/www.em.com.br\/emfoco\/2026\/01\/22\/aguas-turquesa-areia-branca-e-coqueiros-a-praia-brasileira-que-e-um-paraiso-na-terra\/"]}]},{"@type":"ImageObject","inLanguage":"pt-BR","@id":"https:\/\/www.em.com.br\/emfoco\/2026\/01\/22\/aguas-turquesa-areia-branca-e-coqueiros-a-praia-brasileira-que-e-um-paraiso-na-terra\/#primaryimage","url":"https:\/\/www.em.com.br\/emfoco\/wp-content\/uploads\/2026\/01\/ChatGPT-Image-21-de-jan.-de-2026-11_26_48-1.png","contentUrl":"https:\/\/www.em.com.br\/emfoco\/wp-content\/uploads\/2026\/01\/ChatGPT-Image-21-de-jan.-de-2026-11_26_48-1.png","width":1280,"height":720,"caption":"O destino nordestino perfeito para quem quer sossego e mar cristalino"},{"@type":"BreadcrumbList","@id":"https:\/\/www.em.com.br\/emfoco\/2026\/01\/22\/aguas-turquesa-areia-branca-e-coqueiros-a-praia-brasileira-que-e-um-paraiso-na-terra\/#breadcrumb","itemListElement":[{"@type":"ListItem","position":1,"name":"In\u00edcio","item":"https:\/\/www.em.com.br\/emfoco\/"},{"@type":"ListItem","position":2,"name":"\u00c1guas turquesa, areia branca e coqueiros: a praia brasileira que \u00e9 um para\u00edso na Terra"}]},{"@type":"WebSite","@id":"https:\/\/www.em.com.br\/emfoco\/#website","url":"https:\/\/www.em.com.br\/emfoco\/","name":"Estado de Minas - Em foco","description":"Acompanhe as \u00faltimas not\u00edcias e fique bem informado sobre tudo o que acontece em Minas Gerais, Brasil e no mundo.","potentialAction":[{"@type":"SearchAction","target":{"@type":"EntryPoint","urlTemplate":"https:\/\/www.em.com.br\/emfoco\/?s={search_term_string}"},"query-input":{"@type":"PropertyValueSpecification","valueRequired":true,"valueName":"search_term_string"}}],"inLanguage":"pt-BR"},{"@type":"Person","@id":"https:\/\/www.em.com.br\/emfoco\/#\/schema\/person\/60eda09c1fedf0d6891f4cef4b60b8b8","name":"Andre\u0301 Rangel\u00a0","image":{"@type":"ImageObject","inLanguage":"pt-BR","@id":"https:\/\/www.em.com.br\/emfoco\/#\/schema\/person\/image\/","url":"https:\/\/secure.gravatar.com\/avatar\/6234dc814c77c8ef6d8bba622c787efc?s=96&d=mm&r=g","contentUrl":"https:\/\/secure.gravatar.com\/avatar\/6234dc814c77c8ef6d8bba622c787efc?s=96&d=mm&r=g","caption":"Andre\u0301 Rangel\u00a0"},"url":"https:\/\/www.em.com.br\/emfoco\/author\/luizmyth\/"}]}},"_links":{"self":[{"href":"https:\/\/www.em.com.br\/emfoco\/wp-json\/wp\/v2\/posts\/157879","targetHints":{"allow":["GET"]}}],"collection":[{"href":"https:\/\/www.em.com.br\/emfoco\/wp-json\/wp\/v2\/posts"}],"about":[{"href":"https:\/\/www.em.com.br\/emfoco\/wp-json\/wp\/v2\/types\/post"}],"author":[{"embeddable":true,"href":"https:\/\/www.em.com.br\/emfoco\/wp-json\/wp\/v2\/users\/11"}],"replies":[{"embeddable":true,"href":"https:\/\/www.em.com.br\/emfoco\/wp-json\/wp\/v2\/comments?post=157879"}],"version-history":[{"count":3,"href":"https:\/\/www.em.com.br\/emfoco\/wp-json\/wp\/v2\/posts\/157879\/revisions"}],"predecessor-version":[{"id":157918,"href":"https:\/\/www.em.com.br\/emfoco\/wp-json\/wp\/v2\/posts\/157879\/revisions\/157918"}],"wp:featuredmedia":[{"embeddable":true,"href":"https:\/\/www.em.com.br\/emfoco\/wp-json\/wp\/v2\/media\/157898"}],"wp:attachment":[{"href":"https:\/\/www.em.com.br\/emfoco\/wp-json\/wp\/v2\/media?parent=157879"}],"wp:term":[{"taxonomy":"category","embeddable":true,"href":"https:\/\/www.em.com.br\/emfoco\/wp-json\/wp\/v2\/categories?post=157879"},{"taxonomy":"post_tag","embeddable":true,"href":"https:\/\/www.em.com.br\/emfoco\/wp-json\/wp\/v2\/tags?post=157879"}],"curies":[{"name":"wp","href":"https:\/\/api.w.org\/{rel}","templated":true}]}}