{"id":157848,"date":"2026-01-22T07:25:42","date_gmt":"2026-01-22T10:25:42","guid":{"rendered":"https:\/\/www.em.com.br\/emfoco\/?p=157848"},"modified":"2026-01-21T15:44:39","modified_gmt":"2026-01-21T18:44:39","slug":"como-usar-condicionador-corretamente-sem-deixar-cabelo-pesado-ou-oleoso","status":"publish","type":"post","link":"https:\/\/www.em.com.br\/emfoco\/2026\/01\/22\/como-usar-condicionador-corretamente-sem-deixar-cabelo-pesado-ou-oleoso\/","title":{"rendered":"Como usar condicionador corretamente sem deixar cabelo pesado ou oleoso"},"content":{"rendered":"\n<h2 class=\"wp-block-heading\">Tire o excesso de \u00e1gua antes de aplicar o condicionador do meio \u00e0s pontas para evitar peso N\u00e3o passe na raiz para fugir da oleosidade e escolha a textura ideal para seu fio enxaguando tudo para n\u00e3o deixar res\u00edduo no cabelo<\/h2>\n\n\n\n<p><b>Voc\u00ea j\u00e1 saiu do banho<\/b> com a sensa\u00e7\u00e3o de que o cabelo ficou pesado, sem volume ou oleoso r\u00e1pido demais? Muitas vezes, o <b>\u201cculpado\u201d n\u00e3o \u00e9 o seu fio<\/b>, mas a forma como voc\u00ea est\u00e1 usando o condicionador. Esse produto, que parece simples, \u00e9 um dos grandes respons\u00e1veis por deixar o cabelo mais <b>macio, alinhado<\/b> e f\u00e1cil de pentear \u2013 desde que aplicado da maneira certa e escolhido de acordo com o tipo de cabelo.<\/p>\n\n\n\n<h2 class=\"wp-block-heading\">Como aplicar condicionador corretamente no dia a dia<\/h2>\n\n\n\n<p>A forma de usar o condicionador come\u00e7a ainda no <b>enx\u00e1gue do shampoo<\/b>. Depois de lavar o couro cabeludo, vale tirar o excesso de \u00e1gua apertando levemente o comprimento com as m\u00e3os ou com uma toalha, <b>sem esfregar<\/b>. Assim, o cabelo fica \u00famido na medida certa, o que ajuda o produto a <b>aderir melhor aos fios<\/b>, em vez de escorrer logo pelo ralo.<\/p>\n\n\n\n<p>Na hora de espalhar, coloque uma <b>pequena quantidade<\/b> na palma das m\u00e3os, esfregue uma na outra e aplique no cabelo. Em fios m\u00e9dios a longos, comece a partir da altura da mand\u00edbula e v\u00e1 at\u00e9 as pontas, <b>evitando a raiz<\/b>. Esse cuidado ajuda a manter o visual mais leve, com movimento, sem aquele aspecto <b>murcho ou oleoso<\/b> em pouco tempo.<\/p>\n\n\n\n<figure class=\"wp-block-embed is-type-rich is-provider-pinterest wp-block-embed-pinterest\"><div class=\"wp-block-embed__wrapper\">\n<iframe loading=\"lazy\" title=\"Top 10 Melhores Condicionadores em 2025 (Dove, Lola Cosmetics e mais)\" src=\"https:\/\/assets.pinterest.com\/ext\/embed.html?id=114630753013232192&#038;src=oembed\" height=\"899\" width=\"450\" frameborder=\"0\" scrolling=\"no\" ><\/iframe>\n<\/div><\/figure>\n\n\n\n<p>Leia tamb\u00e9m:&nbsp;<a href=\"https:\/\/www.em.com.br\/emfoco\/2026\/01\/21\/treinar-todo-dia-pode-estar-prejudicando-seu-cabelo\/\" target=\"_blank\" rel=\"noopener\">Treinar todo dia pode estar prejudicando seu cabelo<\/a><\/p>\n\n\n\n<h2 class=\"wp-block-heading\">Aplicar condicionador na raiz faz mal ao cabelo<\/h2>\n\n\n\n<p>Muita gente tem d\u00favida se pode ou n\u00e3o <b>passar condicionador na raiz<\/b>, principalmente quem tem cabelo liso ou fino. Em geral, o produto \u00e9 pensado para o <b>comprimento e as pontas<\/b>, que sofrem mais com ressecamento, atrito e calor de secador ou chapinha. Quando vai direto para o couro cabeludo, a chance de o cabelo perder <b>volume e ficar com sensa\u00e7\u00e3o de oleoso<\/b> ao longo do dia \u00e9 bem maior.<\/p>\n\n\n\n<p>Existem, sim, condicionadores espec\u00edficos para uso pr\u00f3ximo \u00e0 raiz, geralmente mais leves, indicados para <b>couro cabeludo sens\u00edvel<\/b> ou fios muito ressecados. Mesmo assim, a regra \u00e9 usar com modera\u00e7\u00e3o e enxaguar muito bem. Se o seu cabelo \u00e9 fino, ralo ou j\u00e1 tende \u00e0 oleosidade, focar o produto da <b>linha do maxilar para baixo<\/b> costuma ser a op\u00e7\u00e3o mais segura para o dia a dia, ajudando a manter o couro cabeludo mais <b>equilibrado e saud\u00e1vel<\/b>.<\/p>\n\n\n\n<figure class=\"wp-block-embed is-type-rich is-provider-pinterest wp-block-embed-pinterest\"><div class=\"wp-block-embed__wrapper\">\n<iframe loading=\"lazy\" title=\"Rotina completa para as onduladas\/ondulados \u2728\ufe0f\" src=\"https:\/\/assets.pinterest.com\/ext\/embed.html?id=62839357298488413&#038;src=oembed\" height=\"899\" width=\"450\" frameborder=\"0\" scrolling=\"no\" ><\/iframe>\n<\/div><\/figure>\n\n\n\n<h2 class=\"wp-block-heading\">Como seguir um passo a passo simples para usar o condicionador<\/h2>\n\n\n\n<p>Para facilitar a rotina, voc\u00ea pode adotar um <b>pequeno roteiro<\/b> que funciona para a maioria dos tipos de cabelo. Ele ajuda a <b>distribuir melhor o produto<\/b>, evitar desperd\u00edcio e garantir que todos os fios recebam cuidado, sem pesar. Ajustar a quantidade de condicionador de acordo com o <b>volume e o tipo de fio<\/b> tamb\u00e9m faz diferen\u00e7a para o resultado final.<\/p>\n\n\n\n<ol class=\"wp-block-list\">\n<li><strong>Lavar com shampoo adequado:<\/strong> <b>massagear apenas o couro cabeludo<\/b> e deixar a espuma escorrer pelo comprimento.<\/li>\n\n\n\n<li><strong>Retirar o excesso de \u00e1gua:<\/strong> <b>apertar suavemente os fios<\/b> com as m\u00e3os ou com uma toalha, sem esfregar.<\/li>\n\n\n\n<li><strong>Dividir o cabelo em se\u00e7\u00f5es:<\/strong> <b>separar em duas a quatro partes<\/b>, dependendo do volume, para garantir que o produto alcance todos os fios.<\/li>\n\n\n\n<li><strong>Aplicar do meio \u00e0s pontas:<\/strong> <b>come\u00e7ar cerca da linha do maxilar<\/b> e descer at\u00e9 as pontas, evitando o couro cabeludo.<\/li>\n\n\n\n<li><strong>Desembara\u00e7ar com cuidado:<\/strong> usar os dedos ou um <b>pente de dentes largos<\/b> para distribuir o condicionador de maneira uniforme.<\/li>\n\n\n\n<li><strong>Deixar agir alguns minutos:<\/strong> <b>respeitar o tempo indicado<\/b> na embalagem e, se o produto permitir, aguardar um pouco mais.<\/li>\n\n\n\n<li><strong>Enxaguar abundantemente:<\/strong> <b>retirar todo o excesso<\/b>, at\u00e9 que os fios fiquem macios, mas sem sensa\u00e7\u00e3o de res\u00edduo.<\/li>\n<\/ol>\n\n\n\n<p>Para voc\u00ea que quer aprofundar, separamos um v\u00eddeo do canal da <a href=\"https:\/\/www.youtube.com\/@saudedoscabeloscomdraprisc3352\" target=\"_blank\" rel=\"noreferrer noopener\">Dra Priscila Kakizaki<\/a> com os benef\u00edcios e diferen\u00e7as entre condicionador e m\u00e1scara:<\/p>\n\n\n\n<figure class=\"wp-block-embed is-type-video is-provider-youtube wp-block-embed-youtube wp-embed-aspect-16-9 wp-has-aspect-ratio\"><div class=\"wp-block-embed__wrapper\">\n<div class=\"jeg_video_container jeg_video_content\"><iframe loading=\"lazy\" title=\"#Condicionador x M\u00e1scara : existe diferen\u00e7a? Dermatologista Dra Priscila Kakizaki explica\" width=\"500\" height=\"281\" src=\"https:\/\/www.youtube.com\/embed\/L9iutkw1J4w?feature=oembed\" frameborder=\"0\" allow=\"accelerometer; autoplay; clipboard-write; encrypted-media; gyroscope; picture-in-picture; web-share\" referrerpolicy=\"strict-origin-when-cross-origin\" allowfullscreen><\/iframe><\/div>\n<\/div><\/figure>\n\n\n\n<h2 class=\"wp-block-heading\">Como escolher o melhor tipo de condicionador para o seu cabelo<\/h2>\n\n\n\n<p>Na hora de comprar, vale observar mais do que a <b>embalagem bonita<\/b>: textura, tipo de fio e rotina contam muito. Condicionadores mais leves, em textura fluida ou gel-creme, costumam funcionar melhor em cabelos <b>lisos e finos<\/b>, que perdem volume com facilidade. J\u00e1 f\u00f3rmulas mais densas, com mais agentes hidratantes, tendem a ser ideais para cabelos <b>secos, cacheados<\/b>, crespos ou com qu\u00edmica.<\/p>\n\n\n\n<p>Al\u00e9m do tipo de fio, \u00e9 importante pensar em como o cabelo se comporta no dia a dia, principalmente ap\u00f3s a <b>lavagem e secagem<\/b>. Para ajudar nessa escolha, veja alguns pontos que podem orientar essa decis\u00e3o:<\/p>\n\n\n\n<ul class=\"wp-block-list\">\n<li><strong>Cabelos oleosos:<\/strong> condicionadores leves, aplicados apenas no comprimento, com <b>enx\u00e1gue bem caprichado<\/b>.<\/li>\n\n\n\n<li><strong>Cabelos secos ou danificados:<\/strong> f\u00f3rmulas mais <b>nutritivas ou reconstrutoras<\/b>, usadas com regularidade, mas sem exagero na quantidade.<\/li>\n\n\n\n<li><strong>Cabelos mistos:<\/strong> produtos equilibrados, com aten\u00e7\u00e3o extra \u00e0s <b>pontas mais ressecadas<\/b>, que costumam precisar de mais cuidado.<\/li>\n\n\n\n<li><strong>Cabelos cacheados e crespos:<\/strong> condicionadores mais consistentes, que facilitam o <b>desembara\u00e7o e a defini\u00e7\u00e3o<\/b> dos cachos.<\/li>\n<\/ul>\n","protected":false},"excerpt":{"rendered":"<p>Tire o excesso de \u00e1gua antes de aplicar o condicionador do meio \u00e0s pontas para evitar peso N\u00e3o passe na raiz para fugir da oleosidade e escolha a textura ideal para seu fio enxaguando tudo para n\u00e3o deixar res\u00edduo no cabelo Voc\u00ea j\u00e1 saiu do banho com a sensa\u00e7\u00e3o de que o cabelo ficou pesado, [&hellip;]<\/p>\n","protected":false},"author":9,"featured_media":158184,"comment_status":"open","ping_status":"open","sticky":false,"template":"","format":"standard","meta":{"jnews-multi-image_gallery":[],"jnews_single_post":{"format":"standard"},"jnews_primary_category":[],"jnews_social_meta":[],"jnews_override_counter":[],"footnotes":""},"categories":[8691,8819,1],"tags":[22121,2616,4905],"class_list":["post-157848","post","type-post","status-publish","format-standard","has-post-thumbnail","hentry","category-bem-estar","category-curiosidades","category-noticias","tag-auto-cuidado","tag-beleza","tag-cabelo"],"yoast_head":"<!-- This site is optimized with the Yoast SEO plugin v23.8 - https:\/\/yoast.com\/wordpress\/plugins\/seo\/ -->\n<title>Como usar condicionador corretamente sem deixar cabelo pesado ou oleoso - Estado de Minas - Em foco<\/title>\n<meta name=\"description\" content=\"Cabelo pesado? Use condicionador apenas nas pontas e retire o excesso de \u00e1gua antes Escolha a textura ideal para seu fio\" \/>\n<meta name=\"robots\" content=\"index, follow, max-snippet:-1, max-image-preview:large, max-video-preview:-1\" \/>\n<link rel=\"canonical\" href=\"https:\/\/www.em.com.br\/emfoco\/2026\/01\/22\/como-usar-condicionador-corretamente-sem-deixar-cabelo-pesado-ou-oleoso\/\" \/>\n<meta property=\"og:locale\" content=\"pt_BR\" \/>\n<meta property=\"og:type\" content=\"article\" \/>\n<meta property=\"og:title\" content=\"Como usar condicionador corretamente sem deixar cabelo pesado ou oleoso - Estado de Minas - Em foco\" \/>\n<meta property=\"og:description\" content=\"Cabelo pesado? Use condicionador apenas nas pontas e retire o excesso de \u00e1gua antes Escolha a textura ideal para seu fio\" \/>\n<meta property=\"og:url\" content=\"https:\/\/www.em.com.br\/emfoco\/2026\/01\/22\/como-usar-condicionador-corretamente-sem-deixar-cabelo-pesado-ou-oleoso\/\" \/>\n<meta property=\"og:site_name\" content=\"Estado de Minas - Em foco\" \/>\n<meta property=\"article:published_time\" content=\"2026-01-22T10:25:42+00:00\" \/>\n<meta property=\"article:modified_time\" content=\"2026-01-21T18:44:39+00:00\" \/>\n<meta property=\"og:image\" content=\"https:\/\/www.em.com.br\/emfoco\/wp-content\/uploads\/2026\/01\/Gemini_Generated_Image_3o2qm43o2qm43o2q-1.png\" \/>\n\t<meta property=\"og:image:width\" content=\"1280\" \/>\n\t<meta property=\"og:image:height\" content=\"720\" \/>\n\t<meta property=\"og:image:type\" content=\"image\/png\" \/>\n<meta name=\"author\" content=\"Daniely Cardoso\" \/>\n<meta name=\"twitter:card\" content=\"summary_large_image\" \/>\n<meta name=\"twitter:label1\" content=\"Escrito por\" \/>\n\t<meta name=\"twitter:data1\" content=\"Daniely Cardoso\" \/>\n\t<meta name=\"twitter:label2\" content=\"Est. tempo de leitura\" \/>\n\t<meta name=\"twitter:data2\" content=\"5 minutos\" \/>\n<!-- \/ Yoast SEO plugin. -->","yoast_head_json":{"title":"Como usar condicionador corretamente sem deixar cabelo pesado ou oleoso - Estado de Minas - Em foco","description":"Cabelo pesado? Use condicionador apenas nas pontas e retire o excesso de \u00e1gua antes Escolha a textura ideal para seu fio","robots":{"index":"index","follow":"follow","max-snippet":"max-snippet:-1","max-image-preview":"max-image-preview:large","max-video-preview":"max-video-preview:-1"},"canonical":"https:\/\/www.em.com.br\/emfoco\/2026\/01\/22\/como-usar-condicionador-corretamente-sem-deixar-cabelo-pesado-ou-oleoso\/","og_locale":"pt_BR","og_type":"article","og_title":"Como usar condicionador corretamente sem deixar cabelo pesado ou oleoso - Estado de Minas - Em foco","og_description":"Cabelo pesado? Use condicionador apenas nas pontas e retire o excesso de \u00e1gua antes Escolha a textura ideal para seu fio","og_url":"https:\/\/www.em.com.br\/emfoco\/2026\/01\/22\/como-usar-condicionador-corretamente-sem-deixar-cabelo-pesado-ou-oleoso\/","og_site_name":"Estado de Minas - Em foco","article_published_time":"2026-01-22T10:25:42+00:00","article_modified_time":"2026-01-21T18:44:39+00:00","og_image":[{"width":1280,"height":720,"url":"https:\/\/www.em.com.br\/emfoco\/wp-content\/uploads\/2026\/01\/Gemini_Generated_Image_3o2qm43o2qm43o2q-1.png","type":"image\/png"}],"author":"Daniely Cardoso","twitter_card":"summary_large_image","twitter_misc":{"Escrito por":"Daniely Cardoso","Est. tempo de leitura":"5 minutos"},"schema":{"@context":"https:\/\/schema.org","@graph":[{"@type":"WebPage","@id":"https:\/\/www.em.com.br\/emfoco\/2026\/01\/22\/como-usar-condicionador-corretamente-sem-deixar-cabelo-pesado-ou-oleoso\/","url":"https:\/\/www.em.com.br\/emfoco\/2026\/01\/22\/como-usar-condicionador-corretamente-sem-deixar-cabelo-pesado-ou-oleoso\/","name":"Como usar condicionador corretamente sem deixar cabelo pesado ou oleoso - Estado de Minas - Em foco","isPartOf":{"@id":"https:\/\/www.em.com.br\/emfoco\/#website"},"primaryImageOfPage":{"@id":"https:\/\/www.em.com.br\/emfoco\/2026\/01\/22\/como-usar-condicionador-corretamente-sem-deixar-cabelo-pesado-ou-oleoso\/#primaryimage"},"image":{"@id":"https:\/\/www.em.com.br\/emfoco\/2026\/01\/22\/como-usar-condicionador-corretamente-sem-deixar-cabelo-pesado-ou-oleoso\/#primaryimage"},"thumbnailUrl":"https:\/\/www.em.com.br\/emfoco\/wp-content\/uploads\/2026\/01\/Gemini_Generated_Image_3o2qm43o2qm43o2q-1.png","datePublished":"2026-01-22T10:25:42+00:00","dateModified":"2026-01-21T18:44:39+00:00","author":{"@id":"https:\/\/www.em.com.br\/emfoco\/#\/schema\/person\/0a8186d72f2c3a5c6276d90b41f271a0"},"description":"Cabelo pesado? Use condicionador apenas nas pontas e retire o excesso de \u00e1gua antes Escolha a textura ideal para seu fio","breadcrumb":{"@id":"https:\/\/www.em.com.br\/emfoco\/2026\/01\/22\/como-usar-condicionador-corretamente-sem-deixar-cabelo-pesado-ou-oleoso\/#breadcrumb"},"inLanguage":"pt-BR","potentialAction":[{"@type":"ReadAction","target":["https:\/\/www.em.com.br\/emfoco\/2026\/01\/22\/como-usar-condicionador-corretamente-sem-deixar-cabelo-pesado-ou-oleoso\/"]}]},{"@type":"ImageObject","inLanguage":"pt-BR","@id":"https:\/\/www.em.com.br\/emfoco\/2026\/01\/22\/como-usar-condicionador-corretamente-sem-deixar-cabelo-pesado-ou-oleoso\/#primaryimage","url":"https:\/\/www.em.com.br\/emfoco\/wp-content\/uploads\/2026\/01\/Gemini_Generated_Image_3o2qm43o2qm43o2q-1.png","contentUrl":"https:\/\/www.em.com.br\/emfoco\/wp-content\/uploads\/2026\/01\/Gemini_Generated_Image_3o2qm43o2qm43o2q-1.png","width":1280,"height":720,"caption":"Voc\u00ea j\u00e1 se olhou no espelho, cansou das luzes marcadas, mas tamb\u00e9m n\u00e3o quer abrir m\u00e3o de um cabelo iluminado e moderno"},{"@type":"BreadcrumbList","@id":"https:\/\/www.em.com.br\/emfoco\/2026\/01\/22\/como-usar-condicionador-corretamente-sem-deixar-cabelo-pesado-ou-oleoso\/#breadcrumb","itemListElement":[{"@type":"ListItem","position":1,"name":"In\u00edcio","item":"https:\/\/www.em.com.br\/emfoco\/"},{"@type":"ListItem","position":2,"name":"Como usar condicionador corretamente sem deixar cabelo pesado ou oleoso"}]},{"@type":"WebSite","@id":"https:\/\/www.em.com.br\/emfoco\/#website","url":"https:\/\/www.em.com.br\/emfoco\/","name":"Estado de Minas - Em foco","description":"Acompanhe as \u00faltimas not\u00edcias e fique bem informado sobre tudo o que acontece em Minas Gerais, Brasil e no mundo.","potentialAction":[{"@type":"SearchAction","target":{"@type":"EntryPoint","urlTemplate":"https:\/\/www.em.com.br\/emfoco\/?s={search_term_string}"},"query-input":{"@type":"PropertyValueSpecification","valueRequired":true,"valueName":"search_term_string"}}],"inLanguage":"pt-BR"},{"@type":"Person","@id":"https:\/\/www.em.com.br\/emfoco\/#\/schema\/person\/0a8186d72f2c3a5c6276d90b41f271a0","name":"Daniely Cardoso","image":{"@type":"ImageObject","inLanguage":"pt-BR","@id":"https:\/\/www.em.com.br\/emfoco\/#\/schema\/person\/image\/","url":"https:\/\/secure.gravatar.com\/avatar\/4b80ddbd124d1f071b626d52d62e5dff?s=96&d=mm&r=g","contentUrl":"https:\/\/secure.gravatar.com\/avatar\/4b80ddbd124d1f071b626d52d62e5dff?s=96&d=mm&r=g","caption":"Daniely Cardoso"},"url":"https:\/\/www.em.com.br\/emfoco\/author\/danielymyth\/"}]}},"_links":{"self":[{"href":"https:\/\/www.em.com.br\/emfoco\/wp-json\/wp\/v2\/posts\/157848","targetHints":{"allow":["GET"]}}],"collection":[{"href":"https:\/\/www.em.com.br\/emfoco\/wp-json\/wp\/v2\/posts"}],"about":[{"href":"https:\/\/www.em.com.br\/emfoco\/wp-json\/wp\/v2\/types\/post"}],"author":[{"embeddable":true,"href":"https:\/\/www.em.com.br\/emfoco\/wp-json\/wp\/v2\/users\/9"}],"replies":[{"embeddable":true,"href":"https:\/\/www.em.com.br\/emfoco\/wp-json\/wp\/v2\/comments?post=157848"}],"version-history":[{"count":3,"href":"https:\/\/www.em.com.br\/emfoco\/wp-json\/wp\/v2\/posts\/157848\/revisions"}],"predecessor-version":[{"id":158185,"href":"https:\/\/www.em.com.br\/emfoco\/wp-json\/wp\/v2\/posts\/157848\/revisions\/158185"}],"wp:featuredmedia":[{"embeddable":true,"href":"https:\/\/www.em.com.br\/emfoco\/wp-json\/wp\/v2\/media\/158184"}],"wp:attachment":[{"href":"https:\/\/www.em.com.br\/emfoco\/wp-json\/wp\/v2\/media?parent=157848"}],"wp:term":[{"taxonomy":"category","embeddable":true,"href":"https:\/\/www.em.com.br\/emfoco\/wp-json\/wp\/v2\/categories?post=157848"},{"taxonomy":"post_tag","embeddable":true,"href":"https:\/\/www.em.com.br\/emfoco\/wp-json\/wp\/v2\/tags?post=157848"}],"curies":[{"name":"wp","href":"https:\/\/api.w.org\/{rel}","templated":true}]}}