{"id":157841,"date":"2026-01-21T13:45:00","date_gmt":"2026-01-21T16:45:00","guid":{"rendered":"https:\/\/www.em.com.br\/emfoco\/?p=157841"},"modified":"2026-01-20T19:47:08","modified_gmt":"2026-01-20T22:47:08","slug":"confirmacao-oficial-de-feriado-anima-trabalhadores-decisao-garante-folga-estendida","status":"publish","type":"post","link":"https:\/\/www.em.com.br\/emfoco\/2026\/01\/21\/confirmacao-oficial-de-feriado-anima-trabalhadores-decisao-garante-folga-estendida\/","title":{"rendered":"Confirma\u00e7\u00e3o oficial de feriado anima trabalhadores: decis\u00e3o garante folga estendida"},"content":{"rendered":"\n<p>O feriado do <strong>Dia de S\u00e3o Jos\u00e9 <\/strong>costuma chamar aten\u00e7\u00e3o no calend\u00e1rio colombiano e brasileiro, especialmente entre trabalhadores, empresas e institui\u00e7\u00f5es de ensino. Mesmo tendo origem religiosa, a data hoje influencia diretamente organiza\u00e7\u00e3o de trabalho, calend\u00e1rio escolar, viagens, turismo e abertura do com\u00e9rcio, tanto pela l\u00f3gica de \u201ctraslado\u201d na Col\u00f4mbia quanto pelo car\u00e1ter regional do feriado no Brasil.<\/p>\n\n\n\n<h2 class=\"wp-block-heading\">Como funciona o feriado do Dia de S\u00e3o Jos\u00e9 na Col\u00f4mbia<\/h2>\n\n\n\n<p>A palavra-chave para entender o\u00a0<strong>feriado de S\u00e3o Jos\u00e9 na Col\u00f4mbia<\/strong>\u00a0\u00e9 \u201ctraslado\u201d. A<a href=\"https:\/\/www.funcionpublica.gov.co\/eva\/gestornormativo\/norma.php?i=4954\" target=\"_blank\" rel=\"noreferrer noopener\"><strong> Lei Emiliani (Lei 51 de 1983)<\/strong> <\/a>define que algumas datas festivas s\u00e3o movidas para a segunda-feira seguinte, o que faz com que o descanso oficial muitas vezes n\u00e3o coincida com 19 de mar\u00e7o.<\/p>\n\n\n\n<p>Quando o dia 19 n\u00e3o cai em uma segunda-feira, o descanso \u00e9 transferido, formando em muitos anos um fim de semana prolongado. Isso afeta planejamento de trabalho, calend\u00e1rio escolar, transporte, turismo interno e at\u00e9 o com\u00e9rcio local em todo o pa\u00eds.<\/p>\n\n\n\n<figure class=\"wp-block-image\"><img decoding=\"async\" src=\"https:\/\/www.em.com.br\/emfoco\/wp-content\/uploads\/2025\/04\/calendario_1745344884385-1024x576.jpg\" alt=\"\"\/><figcaption class=\"wp-element-caption\">Feriado um dia para descansar e curtir &#8211; Cr\u00e9ditos: depositphotos.com \/ IgorVetushko<\/figcaption><\/figure>\n\n\n\n<h2 class=\"wp-block-heading\">Como ser\u00e1 o Dia de S\u00e3o Jos\u00e9 no Brasil em 2026<\/h2>\n\n\n\n<p>No <strong>Brasil<\/strong>, o Dia de S\u00e3o Jos\u00e9, celebrado em 19 de mar\u00e7o, n\u00e3o \u00e9 feriado nacional, mas ganha destaque em v\u00e1rios estados e munic\u00edpios, especialmente em 2026. Nessa data, que cai em uma quinta-feira, o <a href=\"https:\/\/www.em.com.br\/emfoco\/2026\/01\/17\/mas-noticias-o-governo-quer-eliminar-um-dos-feriados-e-fins-de-semana-prolongados-mais-aguardados-de-2026\/\" target=\"_blank\" rel=\"noreferrer noopener\">feriado <\/a>ser\u00e1 v\u00e1lido apenas em determinadas localidades, alterando rotina de trabalhadores, servi\u00e7os p\u00fablicos, bancos e com\u00e9rcio nessas regi\u00f5es.<\/p>\n\n\n\n<p>Em 2026, o Dia de S\u00e3o Jos\u00e9 ser\u00e1 feriado estadual em dois estados brasileiros, onde a data integra o calend\u00e1rio oficial e tem forte peso cultural e religioso:<\/p>\n\n\n\n<ul class=\"wp-block-list\">\n<li><strong>Cear\u00e1<\/strong>: S\u00e3o Jos\u00e9 \u00e9 o padroeiro do estado, e a data refor\u00e7a tradi\u00e7\u00f5es ligadas ao trabalho, \u00e0 fam\u00edlia e \u00e0 chuva no sert\u00e3o;<\/li>\n\n\n\n<li><strong>Amap\u00e1<\/strong>: Tamb\u00e9m tem S\u00e3o Jos\u00e9 como padroeiro estadual, tornando 19 de mar\u00e7o um marco c\u00edvico-religioso em todo o territ\u00f3rio.<\/li>\n<\/ul>\n\n\n\n<p>Abaixo outras cidades onde ser\u00e1 feriado municipal:<\/p>\n\n\n\n<div style=\"overflow-x:auto;\">\n<table style=\"\n  width:100%;\n  border-collapse:collapse;\n  font-family:Arial, sans-serif;\n  background:#eef6f9;\n  border-radius:12px;\n\">\n\n  <thead>\n    <tr style=\"background:#2f8fce;\">\n      <th style=\"\n        padding:14px;\n        text-align:left;\n        color:#ffffff;\n        border-top-left-radius:12px;\n      \">\n        Cidade\n      <\/th>\n      <th style=\"\n        padding:14px;\n        text-align:left;\n        color:#ffffff;\n      \">\n        Estado\n      <\/th>\n      <th style=\"\n        padding:14px;\n        text-align:left;\n        color:#ffffff;\n        border-top-right-radius:12px;\n      \">\n        Situa\u00e7\u00e3o no dia\n      <\/th>\n    <\/tr>\n  <\/thead>\n\n  <tbody>\n    <tr style=\"background:#ffffff;\">\n      <td style=\"padding:12px; color:#3b6e8c;\">Fortaleza<\/td>\n      <td style=\"padding:12px; color:#3b6e8c;\">CE<\/td>\n      <td style=\"padding:12px; color:#3b6e8c;\">Feriado municipal<\/td>\n    <\/tr>\n\n    <tr style=\"background:#dff0f7;\">\n      <td style=\"padding:12px; color:#3b6e8c;\">Macap\u00e1<\/td>\n      <td style=\"padding:12px; color:#3b6e8c;\">AP<\/td>\n      <td style=\"padding:12px; color:#3b6e8c;\">Feriado municipal<\/td>\n    <\/tr>\n\n    <tr style=\"background:#ffffff;\">\n      <td style=\"padding:12px; color:#3b6e8c;\">S\u00e3o Jos\u00e9 dos Campos<\/td>\n      <td style=\"padding:12px; color:#3b6e8c;\">SP<\/td>\n      <td style=\"padding:12px; color:#3b6e8c;\">Feriado municipal<\/td>\n    <\/tr>\n\n    <tr style=\"background:#dff0f7;\">\n      <td style=\"padding:12px; color:#3b6e8c;\">S\u00e3o Jos\u00e9 do Rio Preto<\/td>\n      <td style=\"padding:12px; color:#3b6e8c;\">SP<\/td>\n      <td style=\"padding:12px; color:#3b6e8c;\">Feriado municipal<\/td>\n    <\/tr>\n\n    <tr style=\"background:#ffffff;\">\n      <td style=\"padding:12px; color:#3b6e8c;\">S\u00e3o Jos\u00e9<\/td>\n      <td style=\"padding:12px; color:#3b6e8c;\">SC<\/td>\n      <td style=\"padding:12px; color:#3b6e8c;\">Feriado municipal<\/td>\n    <\/tr>\n\n    <tr style=\"background:#dff0f7;\">\n      <td style=\"padding:12px; color:#3b6e8c;\">S\u00e3o Jos\u00e9 dos Pinhais<\/td>\n      <td style=\"padding:12px; color:#3b6e8c;\">PR<\/td>\n      <td style=\"padding:12px; color:#3b6e8c;\">Feriado municipal<\/td>\n    <\/tr>\n\n    <tr style=\"background:#ffffff;\">\n      <td style=\"padding:12px; color:#3b6e8c;\">Itabuna<\/td>\n      <td style=\"padding:12px; color:#3b6e8c;\">BA<\/td>\n      <td style=\"padding:12px; color:#3b6e8c;\">Feriado municipal<\/td>\n    <\/tr>\n\n    <tr style=\"background:#dff0f7;\">\n      <td style=\"padding:12px; color:#3b6e8c;\">Santar\u00e9m<\/td>\n      <td style=\"padding:12px; color:#3b6e8c;\">PA<\/td>\n      <td style=\"padding:12px; color:#3b6e8c;\">Feriado municipal<\/td>\n    <\/tr>\n  <\/tbody>\n<\/table>\n<\/div>\n\n<div style=\"\n  margin-top:12px;\n  padding:10px;\n  background:#dff0f7;\n  border-radius:8px;\n  font-family:Arial, sans-serif;\n  color:#3b6e8c;\n\">\n<strong>Aten\u00e7\u00e3o:<\/strong> Em feriados municipais, o funcionamento de bancos, reparti\u00e7\u00f5es p\u00fablicas, com\u00e9rcio e transporte pode variar conforme decreto local.\n<\/div>\n\n\n\n\n<h2 class=\"wp-block-heading\">O Dia de S\u00e3o Jos\u00e9 \u00e9 sempre feriado nacional na Col\u00f4mbia<\/h2>\n\n\n\n<p>O&nbsp;<strong>Dia de S\u00e3o Jos\u00e9<\/strong>&nbsp;\u00e9 reconhecido como feriado nacional em toda a Col\u00f4mbia, com a particularidade de ser transferido para a segunda-feira conforme a legisla\u00e7\u00e3o trabalhista. A data religiosa de 19 de mar\u00e7o permanece como refer\u00eancia lit\u00fargica, enquanto o descanso remunerado \u00e9 definido a cada ano pelo calend\u00e1rio oficial.<\/p>\n\n\n\n<p>Quando o feriado cai em uma segunda-feira, forma-se o cl\u00e1ssico fim de semana prolongado, com suspens\u00e3o parcial de servi\u00e7os. Bancos, reparti\u00e7\u00f5es p\u00fablicas, muitas empresas privadas e institui\u00e7\u00f5es de ensino reorganizam hor\u00e1rios, aulas e avalia\u00e7\u00f5es para se adequar ao feriado m\u00f3vel.<\/p>\n\n\n\n<h2 class=\"wp-block-heading\">Quais s\u00e3o os efeitos do feriado de S\u00e3o Jos\u00e9 para trabalhadores e servi\u00e7os<\/h2>\n\n\n\n<p>O impacto do&nbsp;<strong>feriado de S\u00e3o Jos\u00e9<\/strong>&nbsp;varia entre o setor p\u00fablico e o privado, tanto na Col\u00f4mbia quanto nas localidades brasileiras onde a data \u00e9 oficial. Em \u00f3rg\u00e3os administrativos, o atendimento presencial costuma ser suspenso, mantendo apenas servi\u00e7os essenciais como sa\u00fade de urg\u00eancia, seguran\u00e7a p\u00fablica e alguns sistemas de transporte.<\/p>\n\n\n\n<p>No setor privado, o descanso \u00e9&nbsp;<strong>obrigat\u00f3rio e remunerado<\/strong>&nbsp;para quem est\u00e1 sob o C\u00f3digo Sustantivo do Trabalho colombiano, e nas cidades brasileiras onde o dia \u00e9 feriado aplicam-se as normas locais. Em geral, observa-se a seguinte din\u00e2mica:<\/p>\n\n\n\n<ul class=\"wp-block-list\">\n<li>Empregados com jornada regular recebem o dia como descanso pago, salvo acordos de compensa\u00e7\u00e3o;<\/li>\n\n\n\n<li>Quem trabalha no feriado pode ter direito a remunera\u00e7\u00e3o adicional ou folga posterior;<\/li>\n\n\n\n<li>Com\u00e9rcio, hotelaria e turismo tendem a abrir, aproveitando o aumento de fluxo de pessoas e viagens;<\/li>\n\n\n\n<li>Servi\u00e7os essenciais operam em regime de plant\u00e3o ou com hor\u00e1rios especiais reduzidos.<\/li>\n<\/ul>\n\n\n\n<figure class=\"wp-block-image size-large\"><img loading=\"lazy\" decoding=\"async\" width=\"1024\" height=\"576\" src=\"https:\/\/www.em.com.br\/emfoco\/wp-content\/uploads\/2026\/01\/Gemini_Generated_Image_f7dkq9f7dkq9f7dk-1-1024x576.png\" alt=\"Feriado de S\u00e3o Jos\u00e9 afeta bancos, escolas e com\u00e9rcio\" class=\"wp-image-157842\" srcset=\"https:\/\/www.em.com.br\/emfoco\/wp-content\/uploads\/2026\/01\/Gemini_Generated_Image_f7dkq9f7dkq9f7dk-1-1024x576.png 1024w, https:\/\/www.em.com.br\/emfoco\/wp-content\/uploads\/2026\/01\/Gemini_Generated_Image_f7dkq9f7dkq9f7dk-1-300x169.png 300w, https:\/\/www.em.com.br\/emfoco\/wp-content\/uploads\/2026\/01\/Gemini_Generated_Image_f7dkq9f7dkq9f7dk-1-768x432.png 768w, https:\/\/www.em.com.br\/emfoco\/wp-content\/uploads\/2026\/01\/Gemini_Generated_Image_f7dkq9f7dkq9f7dk-1-750x422.png 750w, https:\/\/www.em.com.br\/emfoco\/wp-content\/uploads\/2026\/01\/Gemini_Generated_Image_f7dkq9f7dkq9f7dk-1-1140x641.png 1140w, https:\/\/www.em.com.br\/emfoco\/wp-content\/uploads\/2026\/01\/Gemini_Generated_Image_f7dkq9f7dkq9f7dk-1.png 1280w\" sizes=\"auto, (max-width: 1024px) 100vw, 1024px\" \/><figcaption class=\"wp-element-caption\">Feriado de S\u00e3o Jos\u00e9 afeta bancos, escolas e com\u00e9rcio<\/figcaption><\/figure>\n\n\n\n<h2 class=\"wp-block-heading\">Quais outros feriados s\u00e3o transferidos e qual \u00e9 a import\u00e2ncia pr\u00e1tica do Dia de S\u00e3o Jos\u00e9 hoje<\/h2>\n\n\n\n<p>O&nbsp;<strong>feriado de S\u00e3o Jos\u00e9 na Col\u00f4mbia<\/strong>&nbsp;integra um grupo de datas que, por determina\u00e7\u00e3o legal, s\u00e3o movidas para a segunda-feira. A inten\u00e7\u00e3o \u00e9 reduzir pausas isoladas no meio da semana e dar previsibilidade para escolas, empresas e \u00f3rg\u00e3os p\u00fablicos, sem perder o significado religioso ou hist\u00f3rico original.<\/p>\n\n\n\n<p>Entre os feriados que seguem essa l\u00f3gica de traslado, destacam-se celebra\u00e7\u00f5es de grande peso simb\u00f3lico, que mant\u00eam sua data lit\u00fargica, mas s\u00e3o adaptadas ao calend\u00e1rio civil para facilitar o planejamento nacional:<\/p>\n\n\n\n<ol class=\"wp-block-list\">\n<li><strong>Reis Magos<\/strong>;<\/li>\n\n\n\n<li><strong>S\u00e3o Pedro e S\u00e3o Paulo<\/strong>;<\/li>\n\n\n\n<li><strong>Assun\u00e7\u00e3o da Virgem<\/strong>;<\/li>\n\n\n\n<li><strong>Dia da Ra\u00e7a<\/strong>;<\/li>\n\n\n\n<li><strong>Todos os Santos<\/strong>.<\/li>\n<\/ol>\n\n\n\n<p>O feriado de S\u00e3o Jos\u00e9 hoje vai al\u00e9m da tradi\u00e7\u00e3o religiosa e se consolida como um marco de organiza\u00e7\u00e3o social, econ\u00f4mica e familiar. N\u00e3o deixe para a \u00faltima hora: consulte agora mesmo o calend\u00e1rio oficial do seu pa\u00eds, estado ou munic\u00edpio, ajuste sua agenda profissional e pessoal e garanta que voc\u00ea e sua fam\u00edlia realmente possam aproveitar esse dia de descanso e devo\u00e7\u00e3o.<\/p>\n\n\n\n<p>Seja para viajar, trabalhar em regime especial ou participar de celebra\u00e7\u00f5es religiosas, planeje-se j\u00e1. Essa \u00e9 a hora de verificar hor\u00e1rios de bancos, reparti\u00e7\u00f5es p\u00fablicas, escolas e empresas, negociar escalas e assegurar que o feriado de S\u00e3o Jos\u00e9 seja vivido com tranquilidade, seguran\u00e7a e significado.<\/p>\n","protected":false},"excerpt":{"rendered":"<p>O feriado do Dia de S\u00e3o Jos\u00e9 costuma chamar aten\u00e7\u00e3o no calend\u00e1rio colombiano e brasileiro, especialmente entre trabalhadores, empresas e institui\u00e7\u00f5es de ensino. Mesmo tendo origem religiosa, a data hoje influencia diretamente organiza\u00e7\u00e3o de trabalho, calend\u00e1rio escolar, viagens, turismo e abertura do com\u00e9rcio, tanto pela l\u00f3gica de \u201ctraslado\u201d na Col\u00f4mbia quanto pelo car\u00e1ter regional do [&hellip;]<\/p>\n","protected":false},"author":11,"featured_media":111925,"comment_status":"open","ping_status":"open","sticky":false,"template":"","format":"standard","meta":{"jnews-multi-image_gallery":[],"jnews_single_post":{"format":"standard"},"jnews_primary_category":[],"jnews_social_meta":[],"jnews_override_counter":[],"footnotes":""},"categories":[28,1],"tags":[23062,263,870,797,23063],"class_list":["post-157841","post","type-post","status-publish","format-standard","has-post-thumbnail","hentry","category-economia","category-noticias","tag-dia-de-sao-jose-e-feriado","tag-feriado","tag-feriado-municipal","tag-feriados","tag-feriados-brasil-2026"],"yoast_head":"<!-- This site is optimized with the Yoast SEO plugin v23.8 - https:\/\/yoast.com\/wordpress\/plugins\/seo\/ -->\n<title>Confirma\u00e7\u00e3o oficial de feriado anima trabalhadores: decis\u00e3o garante folga estendida - Estado de Minas - Em foco<\/title>\n<meta name=\"description\" content=\"O Dia de S\u00e3o Jos\u00e9 impacta trabalho, escolas e com\u00e9rcio em 2026. Veja como funciona o feriado na Col\u00f4mbia e onde \u00e9 v\u00e1lido no Brasil.\" \/>\n<meta name=\"robots\" content=\"index, follow, max-snippet:-1, max-image-preview:large, max-video-preview:-1\" \/>\n<link rel=\"canonical\" href=\"https:\/\/www.em.com.br\/emfoco\/2026\/01\/21\/confirmacao-oficial-de-feriado-anima-trabalhadores-decisao-garante-folga-estendida\/\" \/>\n<meta property=\"og:locale\" content=\"pt_BR\" \/>\n<meta property=\"og:type\" content=\"article\" \/>\n<meta property=\"og:title\" content=\"Confirma\u00e7\u00e3o oficial de feriado anima trabalhadores: decis\u00e3o garante folga estendida - Estado de Minas - Em foco\" \/>\n<meta property=\"og:description\" content=\"O Dia de S\u00e3o Jos\u00e9 impacta trabalho, escolas e com\u00e9rcio em 2026. Veja como funciona o feriado na Col\u00f4mbia e onde \u00e9 v\u00e1lido no Brasil.\" \/>\n<meta property=\"og:url\" content=\"https:\/\/www.em.com.br\/emfoco\/2026\/01\/21\/confirmacao-oficial-de-feriado-anima-trabalhadores-decisao-garante-folga-estendida\/\" \/>\n<meta property=\"og:site_name\" content=\"Estado de Minas - Em foco\" \/>\n<meta property=\"article:published_time\" content=\"2026-01-21T16:45:00+00:00\" \/>\n<meta property=\"article:modified_time\" content=\"2026-01-20T22:47:08+00:00\" \/>\n<meta property=\"og:image\" content=\"https:\/\/www.em.com.br\/emfoco\/wp-content\/uploads\/2025\/10\/pessoas-felizes_1759759641931.jpg\" \/>\n\t<meta property=\"og:image:width\" content=\"1280\" \/>\n\t<meta property=\"og:image:height\" content=\"720\" \/>\n\t<meta property=\"og:image:type\" content=\"image\/jpeg\" \/>\n<meta name=\"author\" content=\"Andre\u0301 Rangel\u00a0\" \/>\n<meta name=\"twitter:card\" content=\"summary_large_image\" \/>\n<meta name=\"twitter:label1\" content=\"Escrito por\" \/>\n\t<meta name=\"twitter:data1\" content=\"Andre\u0301 Rangel\u00a0\" \/>\n\t<meta name=\"twitter:label2\" content=\"Est. tempo de leitura\" \/>\n\t<meta name=\"twitter:data2\" content=\"6 minutos\" \/>\n<!-- \/ Yoast SEO plugin. -->","yoast_head_json":{"title":"Confirma\u00e7\u00e3o oficial de feriado anima trabalhadores: decis\u00e3o garante folga estendida - Estado de Minas - Em foco","description":"O Dia de S\u00e3o Jos\u00e9 impacta trabalho, escolas e com\u00e9rcio em 2026. Veja como funciona o feriado na Col\u00f4mbia e onde \u00e9 v\u00e1lido no Brasil.","robots":{"index":"index","follow":"follow","max-snippet":"max-snippet:-1","max-image-preview":"max-image-preview:large","max-video-preview":"max-video-preview:-1"},"canonical":"https:\/\/www.em.com.br\/emfoco\/2026\/01\/21\/confirmacao-oficial-de-feriado-anima-trabalhadores-decisao-garante-folga-estendida\/","og_locale":"pt_BR","og_type":"article","og_title":"Confirma\u00e7\u00e3o oficial de feriado anima trabalhadores: decis\u00e3o garante folga estendida - Estado de Minas - Em foco","og_description":"O Dia de S\u00e3o Jos\u00e9 impacta trabalho, escolas e com\u00e9rcio em 2026. Veja como funciona o feriado na Col\u00f4mbia e onde \u00e9 v\u00e1lido no Brasil.","og_url":"https:\/\/www.em.com.br\/emfoco\/2026\/01\/21\/confirmacao-oficial-de-feriado-anima-trabalhadores-decisao-garante-folga-estendida\/","og_site_name":"Estado de Minas - Em foco","article_published_time":"2026-01-21T16:45:00+00:00","article_modified_time":"2026-01-20T22:47:08+00:00","og_image":[{"width":1280,"height":720,"url":"https:\/\/www.em.com.br\/emfoco\/wp-content\/uploads\/2025\/10\/pessoas-felizes_1759759641931.jpg","type":"image\/jpeg"}],"author":"Andre\u0301 Rangel\u00a0","twitter_card":"summary_large_image","twitter_misc":{"Escrito por":"Andre\u0301 Rangel\u00a0","Est. tempo de leitura":"6 minutos"},"schema":{"@context":"https:\/\/schema.org","@graph":[{"@type":"WebPage","@id":"https:\/\/www.em.com.br\/emfoco\/2026\/01\/21\/confirmacao-oficial-de-feriado-anima-trabalhadores-decisao-garante-folga-estendida\/","url":"https:\/\/www.em.com.br\/emfoco\/2026\/01\/21\/confirmacao-oficial-de-feriado-anima-trabalhadores-decisao-garante-folga-estendida\/","name":"Confirma\u00e7\u00e3o oficial de feriado anima trabalhadores: decis\u00e3o garante folga estendida - Estado de Minas - Em foco","isPartOf":{"@id":"https:\/\/www.em.com.br\/emfoco\/#website"},"primaryImageOfPage":{"@id":"https:\/\/www.em.com.br\/emfoco\/2026\/01\/21\/confirmacao-oficial-de-feriado-anima-trabalhadores-decisao-garante-folga-estendida\/#primaryimage"},"image":{"@id":"https:\/\/www.em.com.br\/emfoco\/2026\/01\/21\/confirmacao-oficial-de-feriado-anima-trabalhadores-decisao-garante-folga-estendida\/#primaryimage"},"thumbnailUrl":"https:\/\/www.em.com.br\/emfoco\/wp-content\/uploads\/2025\/10\/pessoas-felizes_1759759641931.jpg","datePublished":"2026-01-21T16:45:00+00:00","dateModified":"2026-01-20T22:47:08+00:00","author":{"@id":"https:\/\/www.em.com.br\/emfoco\/#\/schema\/person\/60eda09c1fedf0d6891f4cef4b60b8b8"},"description":"O Dia de S\u00e3o Jos\u00e9 impacta trabalho, escolas e com\u00e9rcio em 2026. Veja como funciona o feriado na Col\u00f4mbia e onde \u00e9 v\u00e1lido no Brasil.","breadcrumb":{"@id":"https:\/\/www.em.com.br\/emfoco\/2026\/01\/21\/confirmacao-oficial-de-feriado-anima-trabalhadores-decisao-garante-folga-estendida\/#breadcrumb"},"inLanguage":"pt-BR","potentialAction":[{"@type":"ReadAction","target":["https:\/\/www.em.com.br\/emfoco\/2026\/01\/21\/confirmacao-oficial-de-feriado-anima-trabalhadores-decisao-garante-folga-estendida\/"]}]},{"@type":"ImageObject","inLanguage":"pt-BR","@id":"https:\/\/www.em.com.br\/emfoco\/2026\/01\/21\/confirmacao-oficial-de-feriado-anima-trabalhadores-decisao-garante-folga-estendida\/#primaryimage","url":"https:\/\/www.em.com.br\/emfoco\/wp-content\/uploads\/2025\/10\/pessoas-felizes_1759759641931.jpg","contentUrl":"https:\/\/www.em.com.br\/emfoco\/wp-content\/uploads\/2025\/10\/pessoas-felizes_1759759641931.jpg","width":1280,"height":720,"caption":"Feriado deixa pessoas mais felizes - Cr\u00e9ditos: depositphotos.com \/ HayDmitriy"},{"@type":"BreadcrumbList","@id":"https:\/\/www.em.com.br\/emfoco\/2026\/01\/21\/confirmacao-oficial-de-feriado-anima-trabalhadores-decisao-garante-folga-estendida\/#breadcrumb","itemListElement":[{"@type":"ListItem","position":1,"name":"In\u00edcio","item":"https:\/\/www.em.com.br\/emfoco\/"},{"@type":"ListItem","position":2,"name":"Confirma\u00e7\u00e3o oficial de feriado anima trabalhadores: decis\u00e3o garante folga estendida"}]},{"@type":"WebSite","@id":"https:\/\/www.em.com.br\/emfoco\/#website","url":"https:\/\/www.em.com.br\/emfoco\/","name":"Estado de Minas - Em foco","description":"Acompanhe as \u00faltimas not\u00edcias e fique bem informado sobre tudo o que acontece em Minas Gerais, Brasil e no mundo.","potentialAction":[{"@type":"SearchAction","target":{"@type":"EntryPoint","urlTemplate":"https:\/\/www.em.com.br\/emfoco\/?s={search_term_string}"},"query-input":{"@type":"PropertyValueSpecification","valueRequired":true,"valueName":"search_term_string"}}],"inLanguage":"pt-BR"},{"@type":"Person","@id":"https:\/\/www.em.com.br\/emfoco\/#\/schema\/person\/60eda09c1fedf0d6891f4cef4b60b8b8","name":"Andre\u0301 Rangel\u00a0","image":{"@type":"ImageObject","inLanguage":"pt-BR","@id":"https:\/\/www.em.com.br\/emfoco\/#\/schema\/person\/image\/","url":"https:\/\/secure.gravatar.com\/avatar\/6234dc814c77c8ef6d8bba622c787efc?s=96&d=mm&r=g","contentUrl":"https:\/\/secure.gravatar.com\/avatar\/6234dc814c77c8ef6d8bba622c787efc?s=96&d=mm&r=g","caption":"Andre\u0301 Rangel\u00a0"},"url":"https:\/\/www.em.com.br\/emfoco\/author\/luizmyth\/"}]}},"_links":{"self":[{"href":"https:\/\/www.em.com.br\/emfoco\/wp-json\/wp\/v2\/posts\/157841","targetHints":{"allow":["GET"]}}],"collection":[{"href":"https:\/\/www.em.com.br\/emfoco\/wp-json\/wp\/v2\/posts"}],"about":[{"href":"https:\/\/www.em.com.br\/emfoco\/wp-json\/wp\/v2\/types\/post"}],"author":[{"embeddable":true,"href":"https:\/\/www.em.com.br\/emfoco\/wp-json\/wp\/v2\/users\/11"}],"replies":[{"embeddable":true,"href":"https:\/\/www.em.com.br\/emfoco\/wp-json\/wp\/v2\/comments?post=157841"}],"version-history":[{"count":1,"href":"https:\/\/www.em.com.br\/emfoco\/wp-json\/wp\/v2\/posts\/157841\/revisions"}],"predecessor-version":[{"id":157843,"href":"https:\/\/www.em.com.br\/emfoco\/wp-json\/wp\/v2\/posts\/157841\/revisions\/157843"}],"wp:featuredmedia":[{"embeddable":true,"href":"https:\/\/www.em.com.br\/emfoco\/wp-json\/wp\/v2\/media\/111925"}],"wp:attachment":[{"href":"https:\/\/www.em.com.br\/emfoco\/wp-json\/wp\/v2\/media?parent=157841"}],"wp:term":[{"taxonomy":"category","embeddable":true,"href":"https:\/\/www.em.com.br\/emfoco\/wp-json\/wp\/v2\/categories?post=157841"},{"taxonomy":"post_tag","embeddable":true,"href":"https:\/\/www.em.com.br\/emfoco\/wp-json\/wp\/v2\/tags?post=157841"}],"curies":[{"name":"wp","href":"https:\/\/api.w.org\/{rel}","templated":true}]}}