{"id":157798,"date":"2026-01-21T14:45:00","date_gmt":"2026-01-21T17:45:00","guid":{"rendered":"https:\/\/www.em.com.br\/emfoco\/?p=157798"},"modified":"2026-01-20T19:10:56","modified_gmt":"2026-01-20T22:10:56","slug":"tendencia-do-reaproveitamento-moveis-antigos-ganham-novas-funcoes-e-valor-emocional","status":"publish","type":"post","link":"https:\/\/www.em.com.br\/emfoco\/2026\/01\/21\/tendencia-do-reaproveitamento-moveis-antigos-ganham-novas-funcoes-e-valor-emocional\/","title":{"rendered":"Tend\u00eancia do reaproveitamento: m\u00f3veis antigos ganham novas fun\u00e7\u00f5es e valor emocional"},"content":{"rendered":"\n<p>Transformar m\u00f3veis antigos em pe\u00e7as funcionais, cheias de personalidade e alinhadas ao consumo consciente deixou de ser improviso e virou uma pr\u00e1tica planejada, que combina economia, sustentabilidade e um estilo de decora\u00e7\u00e3o que valoriza hist\u00f3ria, mem\u00f3ria afetiva e durabilidade.<\/p>\n\n\n\n<h2 class=\"wp-block-heading\">Por que o reaproveitamento de m\u00f3veis antigos est\u00e1 em alta<\/h2>\n\n\n\n<p>O&nbsp;<strong>reaproveitamento de m\u00f3veis antigos<\/strong>&nbsp;se consolidou como alternativa ao consumo de m\u00f3veis produzidos em s\u00e9rie, muitas vezes feitos com materiais menos resistentes e vida \u00fatil mais curta. Pe\u00e7as antigas costumam ser de madeira maci\u00e7a, com encaixes manuais e estrutura pensada para durar d\u00e9cadas.<\/p>\n\n\n\n<p>Ao reaproveitar esses m\u00f3veis, reduz-se a quantidade de res\u00edduos, a demanda por novas mat\u00e9rias-primas e ainda se preserva um patrim\u00f4nio que muitas vezes atravessa gera\u00e7\u00f5es. Essa escolha dialoga com um estilo de vida mais sustent\u00e1vel e com a busca por casas que contem hist\u00f3rias reais, e n\u00e3o apenas sigam modismos passageiros.<\/p>\n\n\n\n<figure class=\"wp-block-image size-large\"><img loading=\"lazy\" decoding=\"async\" width=\"1024\" height=\"576\" src=\"https:\/\/www.em.com.br\/emfoco\/wp-content\/uploads\/2026\/01\/Gemini_Generated_Image_u6t4y8u6t4y8u6t4-1-1024x576.png\" alt=\"Como dar nova vida a um m\u00f3vel cheio de hist\u00f3ria\" class=\"wp-image-157820\" srcset=\"https:\/\/www.em.com.br\/emfoco\/wp-content\/uploads\/2026\/01\/Gemini_Generated_Image_u6t4y8u6t4y8u6t4-1-1024x576.png 1024w, https:\/\/www.em.com.br\/emfoco\/wp-content\/uploads\/2026\/01\/Gemini_Generated_Image_u6t4y8u6t4y8u6t4-1-300x169.png 300w, https:\/\/www.em.com.br\/emfoco\/wp-content\/uploads\/2026\/01\/Gemini_Generated_Image_u6t4y8u6t4y8u6t4-1-768x432.png 768w, https:\/\/www.em.com.br\/emfoco\/wp-content\/uploads\/2026\/01\/Gemini_Generated_Image_u6t4y8u6t4y8u6t4-1-750x422.png 750w, https:\/\/www.em.com.br\/emfoco\/wp-content\/uploads\/2026\/01\/Gemini_Generated_Image_u6t4y8u6t4y8u6t4-1-1140x641.png 1140w, https:\/\/www.em.com.br\/emfoco\/wp-content\/uploads\/2026\/01\/Gemini_Generated_Image_u6t4y8u6t4y8u6t4-1.png 1280w\" sizes=\"auto, (max-width: 1024px) 100vw, 1024px\" \/><figcaption class=\"wp-element-caption\">Como dar nova vida a um m\u00f3vel cheio de hist\u00f3ria<\/figcaption><\/figure>\n\n\n\n<h2 class=\"wp-block-heading\">Como adaptar m\u00f3veis antigos a novas fun\u00e7\u00f5es<\/h2>\n\n\n\n<p>Entre as possibilidades mais comuns est\u00e1 o uso de uma c\u00f4moda como <a href=\"https:\/\/www.em.com.br\/emfoco\/2026\/01\/20\/diga-adeus-a-velha-ilha-de-cozinha-duas-tendencias-de-decoracao-que-serao-a-grande-sensacao-em-2026\/\" target=\"_blank\" rel=\"noreferrer noopener\">ilha de cozinha<\/a>, de um aparador como rack de TV ou de um ba\u00fa vintage como mesa de apoio. A proposta central \u00e9 usar o que j\u00e1 existe, explorando a qualidade das madeiras antigas e o charme das marcas do tempo.<\/p>\n\n\n\n<p>Essa transforma\u00e7\u00e3o atende ao desejo de ambientes mais personalizados, em que cada pe\u00e7a ganha um novo papel: uma cristaleira pode virar estante de livros, um arm\u00e1rio de cozinha pode se tornar home office compacto, e at\u00e9 uma mesa de m\u00e1quina de costura pode funcionar como aparador de entrada.<\/p>\n\n\n\n<h2 class=\"wp-block-heading\">Como come\u00e7ar o reaproveitamento de m\u00f3veis antigos em casa<\/h2>\n\n\n\n<p>Antes de iniciar qualquer projeto de&nbsp;<strong>reaproveitamento de m\u00f3veis antigos<\/strong>, \u00e9 fundamental avaliar com cuidado o estado da pe\u00e7a. Observe a estrutura, a presen\u00e7a de cupins, danos por umidade, partes empenadas e ferragens comprometidas, pois problemas mais graves podem exigir m\u00e3o de obra especializada.<\/p>\n\n\n\n<p>Para planejar melhor o reaproveitamento e evitar surpresas no meio do caminho, vale seguir alguns crit\u00e9rios pr\u00e1ticos na hora de analisar o m\u00f3vel e o ambiente em que ele ser\u00e1 inserido:<\/p>\n\n\n\n<ul class=\"wp-block-list\">\n<li>Verificar se as medidas do m\u00f3vel encaixam bem no espa\u00e7o desejado.<\/li>\n\n\n\n<li>Analisar o tipo de madeira e a facilidade de lixamento e pintura.<\/li>\n\n\n\n<li>Checar gavetas, dobradi\u00e7as e fundos para garantir a estabilidade.<\/li>\n\n\n\n<li>Definir claramente a nova fun\u00e7\u00e3o do m\u00f3vel antes de iniciar as mudan\u00e7as.<\/li>\n<\/ul>\n\n\n\n<figure class=\"wp-block-image size-large\"><img loading=\"lazy\" decoding=\"async\" width=\"1024\" height=\"576\" src=\"https:\/\/www.em.com.br\/emfoco\/wp-content\/uploads\/2026\/01\/Gemini_Generated_Image_og53yaog53yaog53-1-1024x576.png\" alt=\"Como dar nova vida a um m\u00f3vel cheio de hist\u00f3ria\" class=\"wp-image-157821\" srcset=\"https:\/\/www.em.com.br\/emfoco\/wp-content\/uploads\/2026\/01\/Gemini_Generated_Image_og53yaog53yaog53-1-1024x576.png 1024w, https:\/\/www.em.com.br\/emfoco\/wp-content\/uploads\/2026\/01\/Gemini_Generated_Image_og53yaog53yaog53-1-300x169.png 300w, https:\/\/www.em.com.br\/emfoco\/wp-content\/uploads\/2026\/01\/Gemini_Generated_Image_og53yaog53yaog53-1-768x432.png 768w, https:\/\/www.em.com.br\/emfoco\/wp-content\/uploads\/2026\/01\/Gemini_Generated_Image_og53yaog53yaog53-1-750x422.png 750w, https:\/\/www.em.com.br\/emfoco\/wp-content\/uploads\/2026\/01\/Gemini_Generated_Image_og53yaog53yaog53-1-1140x641.png 1140w, https:\/\/www.em.com.br\/emfoco\/wp-content\/uploads\/2026\/01\/Gemini_Generated_Image_og53yaog53yaog53-1.png 1280w\" sizes=\"auto, (max-width: 1024px) 100vw, 1024px\" \/><figcaption class=\"wp-element-caption\">Como dar nova vida a um m\u00f3vel cheio de hist\u00f3ria<\/figcaption><\/figure>\n\n\n\n<h2 class=\"wp-block-heading\">Quais mudan\u00e7as simples valorizam m\u00f3veis antigos<\/h2>\n\n\n\n<p>Nem todo projeto de\u00a0<em><a href=\"https:\/\/pt.pinterest.com\/luizarosado\/reaproveitar-moveis\/\" target=\"_blank\" rel=\"noreferrer noopener\">reaproveitamento de m\u00f3veis antigos<\/a><\/em>\u00a0exige grandes reformas; mudan\u00e7as pontuais podem transformar muito a pe\u00e7a e o ambiente. Trocar puxadores, aplicar uma nova pintura ou manter a madeira aparente com verniz fosco j\u00e1 moderniza o visual sem perder o car\u00e1ter original.<\/p>\n\n\n\n<p>Outras interven\u00e7\u00f5es tamb\u00e9m fazem diferen\u00e7a, como substituir ferragens antigas, aplicar um novo tampo em madeira, pedra ou vidro, instalar novos p\u00e9s ou rod\u00edzios e at\u00e9 remover portas para criar estantes abertas. Em projetos mais complexos, como transformar um m\u00f3vel em bancada de banheiro, \u00e9 essencial considerar encanamento, prote\u00e7\u00e3o contra umidade e refor\u00e7o estrutural, muitas vezes com apoio profissional.<\/p>\n\n\n\n<h2 class=\"wp-block-heading\">Reaproveitar m\u00f3veis antigos \u00e9 tend\u00eancia ou novo padr\u00e3o de decora\u00e7\u00e3o<\/h2>\n\n\n\n<p>O interesse pelo&nbsp;<strong>reaproveitamento de m\u00f3veis antigos<\/strong>&nbsp;acompanha um movimento mais amplo de consumo respons\u00e1vel, em que a escolha deixa de ser apenas est\u00e9tica e passa a envolver impacto ambiental, mem\u00f3ria e afeto. Combinar pe\u00e7as novas com m\u00f3veis reaproveitados cria ambientes \u00fanicos, cheios de hist\u00f3ria e identidade visual.<\/p>\n\n\n\n<p>Se voc\u00ea tem um m\u00f3vel esquecido na garagem ou herdado da fam\u00edlia, este \u00e9 o momento de agir: em vez de se desfazer da pe\u00e7a, planeje sua transforma\u00e7\u00e3o, busque ideias, consulte profissionais quando necess\u00e1rio e d\u00ea uma segunda vida a esse m\u00f3vel hoje mesmo, antes que o descarte definitivo apague uma hist\u00f3ria que ainda pode brilhar na sua casa.<\/p>\n","protected":false},"excerpt":{"rendered":"<p>Transformar m\u00f3veis antigos em pe\u00e7as funcionais, cheias de personalidade e alinhadas ao consumo consciente deixou de ser improviso e virou uma pr\u00e1tica planejada, que combina economia, sustentabilidade e um estilo de decora\u00e7\u00e3o que valoriza hist\u00f3ria, mem\u00f3ria afetiva e durabilidade. Por que o reaproveitamento de m\u00f3veis antigos est\u00e1 em alta O&nbsp;reaproveitamento de m\u00f3veis antigos&nbsp;se consolidou como [&hellip;]<\/p>\n","protected":false},"author":11,"featured_media":157829,"comment_status":"open","ping_status":"open","sticky":false,"template":"","format":"standard","meta":{"jnews-multi-image_gallery":[],"jnews_single_post":{"format":"standard"},"jnews_primary_category":[],"jnews_social_meta":[],"jnews_override_counter":[],"footnotes":""},"categories":[8819,1],"tags":[16336,16334,1920],"class_list":["post-157798","post","type-post","status-publish","format-standard","has-post-thumbnail","hentry","category-curiosidades","category-noticias","tag-moveis-antigos","tag-reaproveitar-moveis","tag-tendencia"],"yoast_head":"<!-- This site is optimized with the Yoast SEO plugin v23.8 - https:\/\/yoast.com\/wordpress\/plugins\/seo\/ -->\n<title>Tend\u00eancia do reaproveitamento: m\u00f3veis antigos ganham novas fun\u00e7\u00f5es e valor emocional - Estado de Minas - Em foco<\/title>\n<meta name=\"description\" content=\"M\u00f3veis antigos ganham nova fun\u00e7\u00e3o com criatividade e consumo consciente. Entenda por que essa pr\u00e1tica cresce e como aplicar em casa.\" \/>\n<meta name=\"robots\" content=\"index, follow, max-snippet:-1, max-image-preview:large, max-video-preview:-1\" \/>\n<link rel=\"canonical\" href=\"https:\/\/www.em.com.br\/emfoco\/2026\/01\/21\/tendencia-do-reaproveitamento-moveis-antigos-ganham-novas-funcoes-e-valor-emocional\/\" \/>\n<meta property=\"og:locale\" content=\"pt_BR\" \/>\n<meta property=\"og:type\" content=\"article\" \/>\n<meta property=\"og:title\" content=\"Tend\u00eancia do reaproveitamento: m\u00f3veis antigos ganham novas fun\u00e7\u00f5es e valor emocional - Estado de Minas - Em foco\" \/>\n<meta property=\"og:description\" content=\"M\u00f3veis antigos ganham nova fun\u00e7\u00e3o com criatividade e consumo consciente. Entenda por que essa pr\u00e1tica cresce e como aplicar em casa.\" \/>\n<meta property=\"og:url\" content=\"https:\/\/www.em.com.br\/emfoco\/2026\/01\/21\/tendencia-do-reaproveitamento-moveis-antigos-ganham-novas-funcoes-e-valor-emocional\/\" \/>\n<meta property=\"og:site_name\" content=\"Estado de Minas - Em foco\" \/>\n<meta property=\"article:published_time\" content=\"2026-01-21T17:45:00+00:00\" \/>\n<meta property=\"article:modified_time\" content=\"2026-01-20T22:10:56+00:00\" \/>\n<meta property=\"og:image\" content=\"https:\/\/www.em.com.br\/emfoco\/wp-content\/uploads\/2026\/01\/Gemini_Generated_Image_stz0k6stz0k6stz0-1.png\" \/>\n\t<meta property=\"og:image:width\" content=\"1280\" \/>\n\t<meta property=\"og:image:height\" content=\"698\" \/>\n\t<meta property=\"og:image:type\" content=\"image\/png\" \/>\n<meta name=\"author\" content=\"Andre\u0301 Rangel\u00a0\" \/>\n<meta name=\"twitter:card\" content=\"summary_large_image\" \/>\n<meta name=\"twitter:label1\" content=\"Escrito por\" \/>\n\t<meta name=\"twitter:data1\" content=\"Andre\u0301 Rangel\u00a0\" \/>\n\t<meta name=\"twitter:label2\" content=\"Est. tempo de leitura\" \/>\n\t<meta name=\"twitter:data2\" content=\"5 minutos\" \/>\n<!-- \/ Yoast SEO plugin. -->","yoast_head_json":{"title":"Tend\u00eancia do reaproveitamento: m\u00f3veis antigos ganham novas fun\u00e7\u00f5es e valor emocional - Estado de Minas - Em foco","description":"M\u00f3veis antigos ganham nova fun\u00e7\u00e3o com criatividade e consumo consciente. Entenda por que essa pr\u00e1tica cresce e como aplicar em casa.","robots":{"index":"index","follow":"follow","max-snippet":"max-snippet:-1","max-image-preview":"max-image-preview:large","max-video-preview":"max-video-preview:-1"},"canonical":"https:\/\/www.em.com.br\/emfoco\/2026\/01\/21\/tendencia-do-reaproveitamento-moveis-antigos-ganham-novas-funcoes-e-valor-emocional\/","og_locale":"pt_BR","og_type":"article","og_title":"Tend\u00eancia do reaproveitamento: m\u00f3veis antigos ganham novas fun\u00e7\u00f5es e valor emocional - Estado de Minas - Em foco","og_description":"M\u00f3veis antigos ganham nova fun\u00e7\u00e3o com criatividade e consumo consciente. Entenda por que essa pr\u00e1tica cresce e como aplicar em casa.","og_url":"https:\/\/www.em.com.br\/emfoco\/2026\/01\/21\/tendencia-do-reaproveitamento-moveis-antigos-ganham-novas-funcoes-e-valor-emocional\/","og_site_name":"Estado de Minas - Em foco","article_published_time":"2026-01-21T17:45:00+00:00","article_modified_time":"2026-01-20T22:10:56+00:00","og_image":[{"width":1280,"height":698,"url":"https:\/\/www.em.com.br\/emfoco\/wp-content\/uploads\/2026\/01\/Gemini_Generated_Image_stz0k6stz0k6stz0-1.png","type":"image\/png"}],"author":"Andre\u0301 Rangel\u00a0","twitter_card":"summary_large_image","twitter_misc":{"Escrito por":"Andre\u0301 Rangel\u00a0","Est. tempo de leitura":"5 minutos"},"schema":{"@context":"https:\/\/schema.org","@graph":[{"@type":"WebPage","@id":"https:\/\/www.em.com.br\/emfoco\/2026\/01\/21\/tendencia-do-reaproveitamento-moveis-antigos-ganham-novas-funcoes-e-valor-emocional\/","url":"https:\/\/www.em.com.br\/emfoco\/2026\/01\/21\/tendencia-do-reaproveitamento-moveis-antigos-ganham-novas-funcoes-e-valor-emocional\/","name":"Tend\u00eancia do reaproveitamento: m\u00f3veis antigos ganham novas fun\u00e7\u00f5es e valor emocional - Estado de Minas - Em foco","isPartOf":{"@id":"https:\/\/www.em.com.br\/emfoco\/#website"},"primaryImageOfPage":{"@id":"https:\/\/www.em.com.br\/emfoco\/2026\/01\/21\/tendencia-do-reaproveitamento-moveis-antigos-ganham-novas-funcoes-e-valor-emocional\/#primaryimage"},"image":{"@id":"https:\/\/www.em.com.br\/emfoco\/2026\/01\/21\/tendencia-do-reaproveitamento-moveis-antigos-ganham-novas-funcoes-e-valor-emocional\/#primaryimage"},"thumbnailUrl":"https:\/\/www.em.com.br\/emfoco\/wp-content\/uploads\/2026\/01\/Gemini_Generated_Image_stz0k6stz0k6stz0-1.png","datePublished":"2026-01-21T17:45:00+00:00","dateModified":"2026-01-20T22:10:56+00:00","author":{"@id":"https:\/\/www.em.com.br\/emfoco\/#\/schema\/person\/60eda09c1fedf0d6891f4cef4b60b8b8"},"description":"M\u00f3veis antigos ganham nova fun\u00e7\u00e3o com criatividade e consumo consciente. Entenda por que essa pr\u00e1tica cresce e como aplicar em casa.","breadcrumb":{"@id":"https:\/\/www.em.com.br\/emfoco\/2026\/01\/21\/tendencia-do-reaproveitamento-moveis-antigos-ganham-novas-funcoes-e-valor-emocional\/#breadcrumb"},"inLanguage":"pt-BR","potentialAction":[{"@type":"ReadAction","target":["https:\/\/www.em.com.br\/emfoco\/2026\/01\/21\/tendencia-do-reaproveitamento-moveis-antigos-ganham-novas-funcoes-e-valor-emocional\/"]}]},{"@type":"ImageObject","inLanguage":"pt-BR","@id":"https:\/\/www.em.com.br\/emfoco\/2026\/01\/21\/tendencia-do-reaproveitamento-moveis-antigos-ganham-novas-funcoes-e-valor-emocional\/#primaryimage","url":"https:\/\/www.em.com.br\/emfoco\/wp-content\/uploads\/2026\/01\/Gemini_Generated_Image_stz0k6stz0k6stz0-1.png","contentUrl":"https:\/\/www.em.com.br\/emfoco\/wp-content\/uploads\/2026\/01\/Gemini_Generated_Image_stz0k6stz0k6stz0-1.png","width":1280,"height":698,"caption":"O m\u00f3vel esquecido que pode mudar a sua casa"},{"@type":"BreadcrumbList","@id":"https:\/\/www.em.com.br\/emfoco\/2026\/01\/21\/tendencia-do-reaproveitamento-moveis-antigos-ganham-novas-funcoes-e-valor-emocional\/#breadcrumb","itemListElement":[{"@type":"ListItem","position":1,"name":"In\u00edcio","item":"https:\/\/www.em.com.br\/emfoco\/"},{"@type":"ListItem","position":2,"name":"Tend\u00eancia do reaproveitamento: m\u00f3veis antigos ganham novas fun\u00e7\u00f5es e valor emocional"}]},{"@type":"WebSite","@id":"https:\/\/www.em.com.br\/emfoco\/#website","url":"https:\/\/www.em.com.br\/emfoco\/","name":"Estado de Minas - Em foco","description":"Acompanhe as \u00faltimas not\u00edcias e fique bem informado sobre tudo o que acontece em Minas Gerais, Brasil e no mundo.","potentialAction":[{"@type":"SearchAction","target":{"@type":"EntryPoint","urlTemplate":"https:\/\/www.em.com.br\/emfoco\/?s={search_term_string}"},"query-input":{"@type":"PropertyValueSpecification","valueRequired":true,"valueName":"search_term_string"}}],"inLanguage":"pt-BR"},{"@type":"Person","@id":"https:\/\/www.em.com.br\/emfoco\/#\/schema\/person\/60eda09c1fedf0d6891f4cef4b60b8b8","name":"Andre\u0301 Rangel\u00a0","image":{"@type":"ImageObject","inLanguage":"pt-BR","@id":"https:\/\/www.em.com.br\/emfoco\/#\/schema\/person\/image\/","url":"https:\/\/secure.gravatar.com\/avatar\/6234dc814c77c8ef6d8bba622c787efc?s=96&d=mm&r=g","contentUrl":"https:\/\/secure.gravatar.com\/avatar\/6234dc814c77c8ef6d8bba622c787efc?s=96&d=mm&r=g","caption":"Andre\u0301 Rangel\u00a0"},"url":"https:\/\/www.em.com.br\/emfoco\/author\/luizmyth\/"}]}},"_links":{"self":[{"href":"https:\/\/www.em.com.br\/emfoco\/wp-json\/wp\/v2\/posts\/157798","targetHints":{"allow":["GET"]}}],"collection":[{"href":"https:\/\/www.em.com.br\/emfoco\/wp-json\/wp\/v2\/posts"}],"about":[{"href":"https:\/\/www.em.com.br\/emfoco\/wp-json\/wp\/v2\/types\/post"}],"author":[{"embeddable":true,"href":"https:\/\/www.em.com.br\/emfoco\/wp-json\/wp\/v2\/users\/11"}],"replies":[{"embeddable":true,"href":"https:\/\/www.em.com.br\/emfoco\/wp-json\/wp\/v2\/comments?post=157798"}],"version-history":[{"count":2,"href":"https:\/\/www.em.com.br\/emfoco\/wp-json\/wp\/v2\/posts\/157798\/revisions"}],"predecessor-version":[{"id":157830,"href":"https:\/\/www.em.com.br\/emfoco\/wp-json\/wp\/v2\/posts\/157798\/revisions\/157830"}],"wp:featuredmedia":[{"embeddable":true,"href":"https:\/\/www.em.com.br\/emfoco\/wp-json\/wp\/v2\/media\/157829"}],"wp:attachment":[{"href":"https:\/\/www.em.com.br\/emfoco\/wp-json\/wp\/v2\/media?parent=157798"}],"wp:term":[{"taxonomy":"category","embeddable":true,"href":"https:\/\/www.em.com.br\/emfoco\/wp-json\/wp\/v2\/categories?post=157798"},{"taxonomy":"post_tag","embeddable":true,"href":"https:\/\/www.em.com.br\/emfoco\/wp-json\/wp\/v2\/tags?post=157798"}],"curies":[{"name":"wp","href":"https:\/\/api.w.org\/{rel}","templated":true}]}}