{"id":157791,"date":"2026-01-21T10:05:00","date_gmt":"2026-01-21T13:05:00","guid":{"rendered":"https:\/\/www.em.com.br\/emfoco\/?p=157791"},"modified":"2026-01-20T19:09:46","modified_gmt":"2026-01-20T22:09:46","slug":"empresa-de-viagens-fecha-as-portas-apos-falencia-ferias-canceladas-para-muitos-turistas","status":"publish","type":"post","link":"https:\/\/www.em.com.br\/emfoco\/2026\/01\/21\/empresa-de-viagens-fecha-as-portas-apos-falencia-ferias-canceladas-para-muitos-turistas\/","title":{"rendered":"Empresa de viagens fecha as portas ap\u00f3s fal\u00eancia: f\u00e9rias canceladas para muitos turistas"},"content":{"rendered":"\n<p>Uma recente fal\u00eancia no setor de turismo do <strong>Reino Unido <\/strong>reacendeu o debate sobre como o viajante pode se proteger financeiramente em viagens internacionais. Segundo o <strong>Companies House<\/strong>, a <strong>Regen Central Ltd<\/strong>, fundada em 2011 em <strong>Hertfordshire<\/strong>, faliu em 13 de janeiro. A empresa de pacotes tur\u00edsticos oferecia viagens para a <strong>It\u00e1lia<\/strong>, <strong>Bali <\/strong>e <strong>Tail\u00e2ndia<\/strong>, bem como para o <strong>Oriente M\u00e9dio<\/strong>, incluindo <strong>Dubai <\/strong>e <strong>Ar\u00e1bia Saudita<\/strong>, evidenciando que at\u00e9 operadoras com roteiros populares e consolidados est\u00e3o sujeitas a esse tipo de colapso.<\/p>\n\n\n\n<h2 class=\"wp-block-heading\">O que \u00e9 ATOL e por que essa prote\u00e7\u00e3o importa nas viagens internacionais<\/h2>\n\n\n\n<p><strong>ATOL<\/strong>, sigla para <a href=\"https:\/\/www.atol.org\/about-atol\/\" target=\"_blank\" rel=\"noreferrer noopener\">Air Travel Organiser\u2019s Licence<\/a>, um esquema de prote\u00e7\u00e3o financeira apoiado pelo governo brit\u00e2nico. Ele se aplica principalmente a\u00a0<strong>pacotes de viagem que incluem voo<\/strong>, vendidos por operadoras licenciadas pela Autoridade de Avia\u00e7\u00e3o Civil do Reino Unido (CAA) e funciona como uma rede de seguran\u00e7a em caso de fal\u00eancia.<\/p>\n\n\n\n<p>Quando uma empresa com licen\u00e7a ATOL entra em colapso, o sistema garante o retorno do viajante ao pa\u00eds de origem, se ele j\u00e1 estiver no exterior, e possibilita reembolso para quem ainda n\u00e3o embarcou. Assim, o cliente n\u00e3o precisa negociar com cada fornecedor isoladamente, como companhias a\u00e9reas ou hot\u00e9is, reduzindo o estresse e o risco de perder todo o dinheiro investido. Em situa\u00e7\u00f5es como a liquida\u00e7\u00e3o da Regen Central Ltd, o fato de o pacote ser ou n\u00e3o classificado como produto ATOL pode determinar se o passageiro ter\u00e1 uma solu\u00e7\u00e3o organizada pela CAA ou se ficar\u00e1 dependente apenas de seguros, cart\u00e3o de cr\u00e9dito e acordos diretos com fornecedores.<\/p>\n\n\n\n<figure class=\"wp-block-image size-large\"><img loading=\"lazy\" decoding=\"async\" width=\"1024\" height=\"576\" src=\"https:\/\/www.em.com.br\/emfoco\/wp-content\/uploads\/2026\/01\/Gemini_Generated_Image_yzddsayzddsayzdd-1-1024x576.png\" alt=\"Fal\u00eancia de ag\u00eancia pode gerar grandes preju\u00edzos ao viajante\" class=\"wp-image-157815\" srcset=\"https:\/\/www.em.com.br\/emfoco\/wp-content\/uploads\/2026\/01\/Gemini_Generated_Image_yzddsayzddsayzdd-1-1024x576.png 1024w, https:\/\/www.em.com.br\/emfoco\/wp-content\/uploads\/2026\/01\/Gemini_Generated_Image_yzddsayzddsayzdd-1-300x169.png 300w, https:\/\/www.em.com.br\/emfoco\/wp-content\/uploads\/2026\/01\/Gemini_Generated_Image_yzddsayzddsayzdd-1-768x432.png 768w, https:\/\/www.em.com.br\/emfoco\/wp-content\/uploads\/2026\/01\/Gemini_Generated_Image_yzddsayzddsayzdd-1-750x422.png 750w, https:\/\/www.em.com.br\/emfoco\/wp-content\/uploads\/2026\/01\/Gemini_Generated_Image_yzddsayzddsayzdd-1-1140x641.png 1140w, https:\/\/www.em.com.br\/emfoco\/wp-content\/uploads\/2026\/01\/Gemini_Generated_Image_yzddsayzddsayzdd-1.png 1280w\" sizes=\"auto, (max-width: 1024px) 100vw, 1024px\" \/><figcaption class=\"wp-element-caption\">Fal\u00eancia de ag\u00eancia pode gerar grandes preju\u00edzos ao viajante<\/figcaption><\/figure>\n\n\n\n<h2 class=\"wp-block-heading\">Quais tipos de reservas o ATOL realmente protege<\/h2>\n\n\n\n<p>Nem toda viagem contratada est\u00e1 coberta pelo\u00a0<strong>ATOL<\/strong>, e essa \u00e9 uma das principais fontes de confus\u00e3o para os consumidores. O esquema se aplica a pacotes com voo inclu\u00eddo, vendidos por empresas licenciadas, enquanto reservas s\u00f3 de <a href=\"https:\/\/www.em.com.br\/emfoco\/2025\/12\/21\/ilha-paradisiaca-do-rj-tera-nova-taxa-de-ate-r-95-por-visitante-irrita-moradores-locais-gera-protestos-de-empresarios-e-ameaca-setor-hoteleiro\/\" target=\"_blank\" rel=\"noreferrer noopener\">hotel<\/a>, apenas passagens com bilhete emitido ou pacotes sem componente a\u00e9reo geralmente n\u00e3o entram na cobertura.<\/p>\n\n\n\n<p>Para evitar surpresas, \u00e9 essencial ler com aten\u00e7\u00e3o os termos da compra e conferir se h\u00e1 refer\u00eancia expl\u00edcita ao ATOL no comprovante. Em fal\u00eancias recentes, muitos descobriram apenas depois do problema que seus pacotes n\u00e3o eram classificados como produtos ATOL, mesmo adquiridos em grandes redes de turismo. No caso da Regen Central Ltd, por exemplo, viajantes com roteiros para It\u00e1lia, Bali, Tail\u00e2ndia, Dubai ou Ar\u00e1bia Saudita s\u00f3 puderam contar com a prote\u00e7\u00e3o do esquema se tinham em m\u00e3os um certificado ATOL v\u00e1lido relacionado \u00e0 sua reserva espec\u00edfica.<\/p>\n\n\n\n<h2 class=\"wp-block-heading\">Como saber se sua viagem est\u00e1 protegida pelo ATOL<\/h2>\n\n\n\n<p>Ao reservar suas f\u00e9rias, vale observar alguns pontos-chave que ajudam a identificar se voc\u00ea est\u00e1 protegido. Entender essas diferen\u00e7as antes de pagar qualquer valor \u00e9 fundamental para n\u00e3o depender apenas da boa vontade de companhias a\u00e9reas e hot\u00e9is em caso de crise.<\/p>\n\n\n\n<ul class=\"wp-block-list\">\n<li><strong>Protegido por ATOL<\/strong>: pacotes com voo, vendidos por operadora licenciada, com certificado ATOL emitido.<\/li>\n\n\n\n<li><strong>Geralmente n\u00e3o protegido<\/strong>: apenas hotel, apenas voo com bilhete j\u00e1 emitido, ou pacotes sem componente a\u00e9reo.<\/li>\n\n\n\n<li><strong>Comprovante essencial<\/strong>: o certificado ATOL deve constar claramente na documenta\u00e7\u00e3o da viagem e no e-mail de confirma\u00e7\u00e3o.<\/li>\n<\/ul>\n\n\n\n<h2 class=\"wp-block-heading\">Quais passos seguir se a sua ag\u00eancia de viagens falir<\/h2>\n\n\n\n<p>Quando uma ag\u00eancia ou operadora de turismo encerra atividades, o primeiro passo \u00e9 confirmar se a reserva est\u00e1&nbsp;<strong>registrada sob o esquema ATOL<\/strong>. Em seguida, \u00e9 importante consultar os comunicados oficiais da CAA, que normalmente trazem orienta\u00e7\u00f5es espec\u00edficas para cada caso de liquida\u00e7\u00e3o e ajudam a organizar a volta para casa ou o pedido de reembolso.<\/p>\n\n\n\n<figure class=\"wp-block-image\"><img decoding=\"async\" src=\"https:\/\/www.em.com.br\/emfoco\/wp-content\/uploads\/2025\/06\/voos-vazios_1749595920645-1024x576.jpg\" alt=\"\"\/><figcaption class=\"wp-element-caption\">Fal\u00eancia de ag\u00eancia pode arruinar f\u00e9rias sem essa prote\u00e7\u00e3o &#8211; Cr\u00e9ditos: depositphotos.com \/ danilum<\/figcaption><\/figure>\n\n\n\n<p>Para n\u00e3o perder prazos importantes, vale seguir uma sequ\u00eancia b\u00e1sica: guardar toda a documenta\u00e7\u00e3o, checar o site da CAA, seguir as instru\u00e7\u00f5es de reembolso e contactar a companhia a\u00e9rea para confirmar se os voos seguem v\u00e1lidos. Em muitos cen\u00e1rios, os bilhetes continuam operando, e apenas a intermedia\u00e7\u00e3o da ag\u00eancia \u00e9 interrompida. Em casos como o colapso da Regen Central Ltd, essa verifica\u00e7\u00e3o r\u00e1pida permite saber se voc\u00ea ser\u00e1 repatriado pelo esquema ATOL, se ter\u00e1 direito a reembolso formal ou se precisar\u00e1 acionar outros mecanismos, como seguro-viagem e chargeback no cart\u00e3o.<\/p>\n\n\n\n<h2 class=\"wp-block-heading\">Como agir agora para proteger suas pr\u00f3ximas f\u00e9rias internacionais<\/h2>\n\n\n\n<p>As fal\u00eancias recentes, como a da Regen Central Ltd, mostram que at\u00e9 empresas tradicionais com roteiros para It\u00e1lia, Bali, Tail\u00e2ndia, Dubai ou Ar\u00e1bia Saudita podem encerrar atividades de forma repentina. Verificar a licen\u00e7a ATOL, conferir o seguro-viagem, escolher meios de pagamento com prote\u00e7\u00e3o e guardar cada comprovante deixou de ser detalhe e virou parte essencial do planejamento.<\/p>\n\n\n\n<p>Antes de fechar seu pr\u00f3ximo pacote, questione hoje sua ag\u00eancia sobre ATOL, leia os termos com aten\u00e7\u00e3o e n\u00e3o espere a pr\u00f3xima manchete de fal\u00eancia para descobrir que sua viagem n\u00e3o estava protegida. Aja agora, ajuste suas reservas e s\u00f3 confirme a compra quando tiver certeza da cobertura financeira: a tranquilidade das suas f\u00e9rias futuras depende das decis\u00f5es que voc\u00ea toma neste exato momento.<\/p>\n","protected":false},"excerpt":{"rendered":"<p>Uma recente fal\u00eancia no setor de turismo do Reino Unido reacendeu o debate sobre como o viajante pode se proteger financeiramente em viagens internacionais. Segundo o Companies House, a Regen Central Ltd, fundada em 2011 em Hertfordshire, faliu em 13 de janeiro. A empresa de pacotes tur\u00edsticos oferecia viagens para a It\u00e1lia, Bali e Tail\u00e2ndia, [&hellip;]<\/p>\n","protected":false},"author":11,"featured_media":157818,"comment_status":"open","ping_status":"open","sticky":false,"template":"","format":"standard","meta":{"jnews-multi-image_gallery":[],"jnews_single_post":{"format":"standard"},"jnews_primary_category":[],"jnews_social_meta":[],"jnews_override_counter":[],"footnotes":""},"categories":[28,1],"tags":[20495,22539,5478,4498,643],"class_list":["post-157791","post","type-post","status-publish","format-standard","has-post-thumbnail","hentry","category-economia","category-noticias","tag-agencia","tag-agencia-de-viagens-2","tag-falencia","tag-reembolso","tag-viagens"],"yoast_head":"<!-- This site is optimized with the Yoast SEO plugin v23.8 - https:\/\/yoast.com\/wordpress\/plugins\/seo\/ -->\n<title>Empresa de viagens fecha as portas ap\u00f3s fal\u00eancia: f\u00e9rias canceladas para muitos turistas - Estado de Minas - Em foco<\/title>\n<meta name=\"description\" content=\"Fal\u00eancia de ag\u00eancia pode gerar grandes preju\u00edzos ao viajante. Veja quando o ATOL garante reembolso e voo de volta ao Reino Unido.\" \/>\n<meta name=\"robots\" content=\"index, follow, max-snippet:-1, max-image-preview:large, max-video-preview:-1\" \/>\n<link rel=\"canonical\" href=\"https:\/\/www.em.com.br\/emfoco\/2026\/01\/21\/empresa-de-viagens-fecha-as-portas-apos-falencia-ferias-canceladas-para-muitos-turistas\/\" \/>\n<meta property=\"og:locale\" content=\"pt_BR\" \/>\n<meta property=\"og:type\" content=\"article\" \/>\n<meta property=\"og:title\" content=\"Empresa de viagens fecha as portas ap\u00f3s fal\u00eancia: f\u00e9rias canceladas para muitos turistas - Estado de Minas - Em foco\" \/>\n<meta property=\"og:description\" content=\"Fal\u00eancia de ag\u00eancia pode gerar grandes preju\u00edzos ao viajante. Veja quando o ATOL garante reembolso e voo de volta ao Reino Unido.\" \/>\n<meta property=\"og:url\" content=\"https:\/\/www.em.com.br\/emfoco\/2026\/01\/21\/empresa-de-viagens-fecha-as-portas-apos-falencia-ferias-canceladas-para-muitos-turistas\/\" \/>\n<meta property=\"og:site_name\" content=\"Estado de Minas - Em foco\" \/>\n<meta property=\"article:published_time\" content=\"2026-01-21T13:05:00+00:00\" \/>\n<meta property=\"article:modified_time\" content=\"2026-01-20T22:09:46+00:00\" \/>\n<meta property=\"og:image\" content=\"https:\/\/www.em.com.br\/emfoco\/wp-content\/uploads\/2026\/01\/Gemini_Generated_Image_x231efx231efx231-1.png\" \/>\n\t<meta property=\"og:image:width\" content=\"1280\" \/>\n\t<meta property=\"og:image:height\" content=\"720\" \/>\n\t<meta property=\"og:image:type\" content=\"image\/png\" \/>\n<meta name=\"author\" content=\"Andre\u0301 Rangel\u00a0\" \/>\n<meta name=\"twitter:card\" content=\"summary_large_image\" \/>\n<meta name=\"twitter:label1\" content=\"Escrito por\" \/>\n\t<meta name=\"twitter:data1\" content=\"Andre\u0301 Rangel\u00a0\" \/>\n\t<meta name=\"twitter:label2\" content=\"Est. tempo de leitura\" \/>\n\t<meta name=\"twitter:data2\" content=\"6 minutos\" \/>\n<!-- \/ Yoast SEO plugin. -->","yoast_head_json":{"title":"Empresa de viagens fecha as portas ap\u00f3s fal\u00eancia: f\u00e9rias canceladas para muitos turistas - Estado de Minas - Em foco","description":"Fal\u00eancia de ag\u00eancia pode gerar grandes preju\u00edzos ao viajante. Veja quando o ATOL garante reembolso e voo de volta ao Reino Unido.","robots":{"index":"index","follow":"follow","max-snippet":"max-snippet:-1","max-image-preview":"max-image-preview:large","max-video-preview":"max-video-preview:-1"},"canonical":"https:\/\/www.em.com.br\/emfoco\/2026\/01\/21\/empresa-de-viagens-fecha-as-portas-apos-falencia-ferias-canceladas-para-muitos-turistas\/","og_locale":"pt_BR","og_type":"article","og_title":"Empresa de viagens fecha as portas ap\u00f3s fal\u00eancia: f\u00e9rias canceladas para muitos turistas - Estado de Minas - Em foco","og_description":"Fal\u00eancia de ag\u00eancia pode gerar grandes preju\u00edzos ao viajante. Veja quando o ATOL garante reembolso e voo de volta ao Reino Unido.","og_url":"https:\/\/www.em.com.br\/emfoco\/2026\/01\/21\/empresa-de-viagens-fecha-as-portas-apos-falencia-ferias-canceladas-para-muitos-turistas\/","og_site_name":"Estado de Minas - Em foco","article_published_time":"2026-01-21T13:05:00+00:00","article_modified_time":"2026-01-20T22:09:46+00:00","og_image":[{"width":1280,"height":720,"url":"https:\/\/www.em.com.br\/emfoco\/wp-content\/uploads\/2026\/01\/Gemini_Generated_Image_x231efx231efx231-1.png","type":"image\/png"}],"author":"Andre\u0301 Rangel\u00a0","twitter_card":"summary_large_image","twitter_misc":{"Escrito por":"Andre\u0301 Rangel\u00a0","Est. tempo de leitura":"6 minutos"},"schema":{"@context":"https:\/\/schema.org","@graph":[{"@type":"WebPage","@id":"https:\/\/www.em.com.br\/emfoco\/2026\/01\/21\/empresa-de-viagens-fecha-as-portas-apos-falencia-ferias-canceladas-para-muitos-turistas\/","url":"https:\/\/www.em.com.br\/emfoco\/2026\/01\/21\/empresa-de-viagens-fecha-as-portas-apos-falencia-ferias-canceladas-para-muitos-turistas\/","name":"Empresa de viagens fecha as portas ap\u00f3s fal\u00eancia: f\u00e9rias canceladas para muitos turistas - Estado de Minas - Em foco","isPartOf":{"@id":"https:\/\/www.em.com.br\/emfoco\/#website"},"primaryImageOfPage":{"@id":"https:\/\/www.em.com.br\/emfoco\/2026\/01\/21\/empresa-de-viagens-fecha-as-portas-apos-falencia-ferias-canceladas-para-muitos-turistas\/#primaryimage"},"image":{"@id":"https:\/\/www.em.com.br\/emfoco\/2026\/01\/21\/empresa-de-viagens-fecha-as-portas-apos-falencia-ferias-canceladas-para-muitos-turistas\/#primaryimage"},"thumbnailUrl":"https:\/\/www.em.com.br\/emfoco\/wp-content\/uploads\/2026\/01\/Gemini_Generated_Image_x231efx231efx231-1.png","datePublished":"2026-01-21T13:05:00+00:00","dateModified":"2026-01-20T22:09:46+00:00","author":{"@id":"https:\/\/www.em.com.br\/emfoco\/#\/schema\/person\/60eda09c1fedf0d6891f4cef4b60b8b8"},"description":"Fal\u00eancia de ag\u00eancia pode gerar grandes preju\u00edzos ao viajante. Veja quando o ATOL garante reembolso e voo de volta ao Reino Unido.","breadcrumb":{"@id":"https:\/\/www.em.com.br\/emfoco\/2026\/01\/21\/empresa-de-viagens-fecha-as-portas-apos-falencia-ferias-canceladas-para-muitos-turistas\/#breadcrumb"},"inLanguage":"pt-BR","potentialAction":[{"@type":"ReadAction","target":["https:\/\/www.em.com.br\/emfoco\/2026\/01\/21\/empresa-de-viagens-fecha-as-portas-apos-falencia-ferias-canceladas-para-muitos-turistas\/"]}]},{"@type":"ImageObject","inLanguage":"pt-BR","@id":"https:\/\/www.em.com.br\/emfoco\/2026\/01\/21\/empresa-de-viagens-fecha-as-portas-apos-falencia-ferias-canceladas-para-muitos-turistas\/#primaryimage","url":"https:\/\/www.em.com.br\/emfoco\/wp-content\/uploads\/2026\/01\/Gemini_Generated_Image_x231efx231efx231-1.png","contentUrl":"https:\/\/www.em.com.br\/emfoco\/wp-content\/uploads\/2026\/01\/Gemini_Generated_Image_x231efx231efx231-1.png","width":1280,"height":720,"caption":"Fal\u00eancia de ag\u00eancia pode gerar grandes preju\u00edzos ao viajante"},{"@type":"BreadcrumbList","@id":"https:\/\/www.em.com.br\/emfoco\/2026\/01\/21\/empresa-de-viagens-fecha-as-portas-apos-falencia-ferias-canceladas-para-muitos-turistas\/#breadcrumb","itemListElement":[{"@type":"ListItem","position":1,"name":"In\u00edcio","item":"https:\/\/www.em.com.br\/emfoco\/"},{"@type":"ListItem","position":2,"name":"Empresa de viagens fecha as portas ap\u00f3s fal\u00eancia: f\u00e9rias canceladas para muitos turistas"}]},{"@type":"WebSite","@id":"https:\/\/www.em.com.br\/emfoco\/#website","url":"https:\/\/www.em.com.br\/emfoco\/","name":"Estado de Minas - Em foco","description":"Acompanhe as \u00faltimas not\u00edcias e fique bem informado sobre tudo o que acontece em Minas Gerais, Brasil e no mundo.","potentialAction":[{"@type":"SearchAction","target":{"@type":"EntryPoint","urlTemplate":"https:\/\/www.em.com.br\/emfoco\/?s={search_term_string}"},"query-input":{"@type":"PropertyValueSpecification","valueRequired":true,"valueName":"search_term_string"}}],"inLanguage":"pt-BR"},{"@type":"Person","@id":"https:\/\/www.em.com.br\/emfoco\/#\/schema\/person\/60eda09c1fedf0d6891f4cef4b60b8b8","name":"Andre\u0301 Rangel\u00a0","image":{"@type":"ImageObject","inLanguage":"pt-BR","@id":"https:\/\/www.em.com.br\/emfoco\/#\/schema\/person\/image\/","url":"https:\/\/secure.gravatar.com\/avatar\/6234dc814c77c8ef6d8bba622c787efc?s=96&d=mm&r=g","contentUrl":"https:\/\/secure.gravatar.com\/avatar\/6234dc814c77c8ef6d8bba622c787efc?s=96&d=mm&r=g","caption":"Andre\u0301 Rangel\u00a0"},"url":"https:\/\/www.em.com.br\/emfoco\/author\/luizmyth\/"}]}},"_links":{"self":[{"href":"https:\/\/www.em.com.br\/emfoco\/wp-json\/wp\/v2\/posts\/157791","targetHints":{"allow":["GET"]}}],"collection":[{"href":"https:\/\/www.em.com.br\/emfoco\/wp-json\/wp\/v2\/posts"}],"about":[{"href":"https:\/\/www.em.com.br\/emfoco\/wp-json\/wp\/v2\/types\/post"}],"author":[{"embeddable":true,"href":"https:\/\/www.em.com.br\/emfoco\/wp-json\/wp\/v2\/users\/11"}],"replies":[{"embeddable":true,"href":"https:\/\/www.em.com.br\/emfoco\/wp-json\/wp\/v2\/comments?post=157791"}],"version-history":[{"count":6,"href":"https:\/\/www.em.com.br\/emfoco\/wp-json\/wp\/v2\/posts\/157791\/revisions"}],"predecessor-version":[{"id":157828,"href":"https:\/\/www.em.com.br\/emfoco\/wp-json\/wp\/v2\/posts\/157791\/revisions\/157828"}],"wp:featuredmedia":[{"embeddable":true,"href":"https:\/\/www.em.com.br\/emfoco\/wp-json\/wp\/v2\/media\/157818"}],"wp:attachment":[{"href":"https:\/\/www.em.com.br\/emfoco\/wp-json\/wp\/v2\/media?parent=157791"}],"wp:term":[{"taxonomy":"category","embeddable":true,"href":"https:\/\/www.em.com.br\/emfoco\/wp-json\/wp\/v2\/categories?post=157791"},{"taxonomy":"post_tag","embeddable":true,"href":"https:\/\/www.em.com.br\/emfoco\/wp-json\/wp\/v2\/tags?post=157791"}],"curies":[{"name":"wp","href":"https:\/\/api.w.org\/{rel}","templated":true}]}}