{"id":157768,"date":"2026-01-21T19:05:00","date_gmt":"2026-01-21T22:05:00","guid":{"rendered":"https:\/\/www.em.com.br\/emfoco\/?p=157768"},"modified":"2026-01-20T18:33:58","modified_gmt":"2026-01-20T21:33:58","slug":"por-que-a-minancora-voltou-a-viralizar-e-como-usar-do-jeito-certo","status":"publish","type":"post","link":"https:\/\/www.em.com.br\/emfoco\/2026\/01\/21\/por-que-a-minancora-voltou-a-viralizar-e-como-usar-do-jeito-certo\/","title":{"rendered":"Por que a Minancora voltou a viralizar e como usar do jeito certo"},"content":{"rendered":"\n<p>A pomada Minancora voltou a aparecer com frequ\u00eancia em postagens, v\u00eddeos curtos e coment\u00e1rios nas redes sociais, o que levantou d\u00favidas sobre sua verdadeira fun\u00e7\u00e3o, limita\u00e7\u00f5es de uso e poss\u00edveis riscos quando aplicada de forma indiscriminada na pele, principalmente em tratamentos caseiros de espinhas e oleosidade.<\/p>\n\n\n\n<h2 class=\"wp-block-heading\">O que \u00e9 a pomada Minancora e qual \u00e9 sua fun\u00e7\u00e3o principal<\/h2>\n\n\n\n<p>No v\u00eddeo do canal @<a href=\"https:\/\/www.youtube.com\/@JoyceVignochi\" target=\"_blank\" rel=\"noreferrer noopener\">Joyce Vignochi<\/a>, voc\u00ea entende para que a Minancora realmente serve, quando faz sentido usar e por que o uso exagerado no rosto pode trazer mais problema do que benef\u00edcio.<\/p>\n\n\n\n<iframe loading=\"lazy\" width=\"1013\" height=\"570\" src=\"https:\/\/www.youtube.com\/embed\/dZIVP3Ss0DI\" title=\"Pomada MINANCORA como usar\" frameborder=\"0\" allow=\"accelerometer; autoplay; clipboard-write; encrypted-media; gyroscope; picture-in-picture; web-share\" referrerpolicy=\"strict-origin-when-cross-origin\" allowfullscreen><\/iframe>\n\n\n\n<p>A palavra-chave central neste tema \u00e9 <strong>pomada Minancora<\/strong>, que se refere a um medicamento de uso dermatol\u00f3gico, vendido sem receita, mas com indica\u00e7\u00e3o espec\u00edfica. Trata-se de uma pomada de textura espessa, uso externo e aplica\u00e7\u00e3o pontual, formulada para atuar em \u00e1reas limitadas da pele e n\u00e3o para substituir rotinas completas de skincare.<\/p>\n\n\n\n<p>Por ser um medicamento, a pomada passa por normas de fabrica\u00e7\u00e3o e controle diferentes das de um cosm\u00e9tico comum. A formula\u00e7\u00e3o cl\u00e1ssica combina ativos com a\u00e7\u00e3o antiss\u00e9ptica, adstringente e levemente cicatrizante, indicados para pequenos problemas de pele, como irrita\u00e7\u00f5es localizadas, espinhas isoladas e desconfortos em regi\u00f5es espec\u00edficas do corpo.<\/p>\n\n\n\n<h2 class=\"wp-block-heading\">Para que serve a pomada Minancora<\/h2>\n\n\n\n<p>Quando se fala em <strong>para que serve a pomada Minancora<\/strong>, a indica\u00e7\u00e3o geral est\u00e1 ligada a quadros leves, pontuais e de pequena extens\u00e3o. Ela \u00e9 um recurso complementar para cuidados r\u00e1pidos do dia a dia, mas n\u00e3o substitui a avalia\u00e7\u00e3o m\u00e9dica em casos mais extensos, graves ou de longa dura\u00e7\u00e3o.<\/p>\n\n\n\n<p>A seguir, est\u00e3o alguns usos comuns da pomada, sempre considerando aplica\u00e7\u00e3o local e por tempo limitado:<\/p>\n\n\n\n<ul class=\"wp-block-list\">\n<li>Espinhas isoladas, especialmente as inflamat\u00f3rias e superficiais;<\/li>\n\n\n\n<li>Pequenos ferimentos e escoria\u00e7\u00f5es sem gravidade;<\/li>\n\n\n\n<li>\u00c1reas com atrito p\u00f3s-barba, como forma de cuidado local;<\/li>\n\n\n\n<li>Picadas de insetos com coceira moderada;<\/li>\n\n\n\n<li>Regi\u00f5es com tend\u00eancia a mau odor, como p\u00e9s e axilas, em uso restrito;<\/li>\n\n\n\n<li>Zonas ressecadas e irritadas, desde que a pele n\u00e3o esteja ferida em profundidade.<\/li>\n<\/ul>\n\n\n\n<p>Leia mais: <a href=\"https:\/\/www.em.com.br\/saude\/2026\/01\/7335751-o-que-significa-dormir-sempre-do-mesmo-lado-da-cama-segundo-a-psicologia.html\" target=\"_blank\" rel=\"noreferrer noopener\">O que significa dormir sempre do mesmo lado da cama, segundo a psicologia<\/a><\/p>\n\n\n\n<h2 class=\"wp-block-heading\">Como usar a pomada Minancora em casos de acne<\/h2>\n\n\n\n<p>Em rela\u00e7\u00e3o ao uso da <strong>pomada Minancora para acne<\/strong>, a recomenda\u00e7\u00e3o predominante \u00e9 que ela n\u00e3o seja usada como tratamento di\u00e1rio em todo o rosto. Aplica\u00e7\u00f5es extensas e prolongadas aumentam o risco de irrita\u00e7\u00e3o, ressecamento intenso e desequil\u00edbrio da barreira cut\u00e2nea, especialmente em peles sens\u00edveis.<\/p>\n\n\n\n<p>A acne persistente costuma envolver fatores hormonais, produ\u00e7\u00e3o de sebo, microbiota da pele e gen\u00e9tica, exigindo avalia\u00e7\u00e3o individualizada. Nesses casos, a pomada pode ter papel apenas pontual, aplicada em uma ou outra les\u00e3o, em pequena quantidade e por tempo curto.<\/p>\n\n\n\n<h2 class=\"wp-block-heading\">Quais s\u00e3o os riscos, efeitos colaterais e cuidados ao usar a pomada Minancora<\/h2>\n\n\n<div class=\"wp-block-image\">\n<figure class=\"aligncenter size-large\"><img loading=\"lazy\" decoding=\"async\" width=\"1024\" height=\"576\" src=\"https:\/\/www.em.com.br\/emfoco\/wp-content\/uploads\/2026\/01\/pomada-_1768944760014-1024x576.jpg\" alt=\"\" class=\"wp-image-157823\" srcset=\"https:\/\/www.em.com.br\/emfoco\/wp-content\/uploads\/2026\/01\/pomada-_1768944760014-1024x576.jpg 1024w, https:\/\/www.em.com.br\/emfoco\/wp-content\/uploads\/2026\/01\/pomada-_1768944760014-300x169.jpg 300w, https:\/\/www.em.com.br\/emfoco\/wp-content\/uploads\/2026\/01\/pomada-_1768944760014-768x432.jpg 768w, https:\/\/www.em.com.br\/emfoco\/wp-content\/uploads\/2026\/01\/pomada-_1768944760014-750x422.jpg 750w, https:\/\/www.em.com.br\/emfoco\/wp-content\/uploads\/2026\/01\/pomada-_1768944760014-1140x641.jpg 1140w, https:\/\/www.em.com.br\/emfoco\/wp-content\/uploads\/2026\/01\/pomada-_1768944760014.jpg 1280w\" sizes=\"auto, (max-width: 1024px) 100vw, 1024px\" \/><figcaption class=\"wp-element-caption\">O cl\u00e1ssico da farm\u00e1cia que voltou ao radar da pele &#8211; Cr\u00e9ditos: depositphotos.com \/ GreenArt_Photography<\/figcaption><\/figure><\/div>\n\n\n<p>Como qualquer medicamento dermatol\u00f3gico, a <strong>pomada Minancora<\/strong> pode provocar efeitos adversos, sobretudo em peles sens\u00edveis ou quando utilizada acima do necess\u00e1rio. Vermelhid\u00e3o, coceira, sensa\u00e7\u00e3o de queima\u00e7\u00e3o, descama\u00e7\u00e3o e dermatite de contato est\u00e3o entre as rea\u00e7\u00f5es poss\u00edveis e devem ser monitoradas.<\/p>\n\n\n\n<p>Alguns cuidados simples ajudam a reduzir problemas, como testar o produto em \u00e1rea pequena, evitar grandes superf\u00edcies e suspender o uso diante de piora dos sinais. Em cortes profundos, queimaduras intensas ou sinais de infec\u00e7\u00e3o, a prioridade \u00e9 sempre buscar avalia\u00e7\u00e3o profissional.<\/p>\n\n\n\n<p>Leia mais: <a href=\"https:\/\/www.em.com.br\/saude\/2026\/01\/7336951-queda-na-cobertura-vacinal-de-bebes-acende-alerta-para-2026.html\" target=\"_blank\" rel=\"noreferrer noopener\">Queda na cobertura vacinal de beb\u00eas acende alerta para 2026<\/a><\/p>\n\n\n\n<h2 class=\"wp-block-heading\">Como usar a pomada Minancora de forma segura no dia a dia<\/h2>\n\n\n\n<p>Para empregar a <strong>pomada Minancora<\/strong> de maneira mais segura, \u00e9 importante seguir uma rotina b\u00e1sica de higiene e aplica\u00e7\u00e3o. A limpeza pr\u00e9via da \u00e1rea com sabonete suave, seguida de secagem cuidadosa, prepara a pele para receber uma fina camada do produto, preferencialmente \u00e0 noite.<\/p>\n\n\n\n<p>Algumas etapas podem orientar esse uso mais consciente e reduzir o risco de irrita\u00e7\u00f5es:<\/p>\n\n\n\n<ul class=\"wp-block-list\">\n<li>Lavar a regi\u00e3o com produto de limpeza adequado ao tipo de pele;<\/li>\n\n\n\n<li>Secar sem esfregar, apenas pressionando levemente a toalha;<\/li>\n\n\n\n<li>Aplicar uma fina camada diretamente sobre a \u00e1rea desejada;<\/li>\n\n\n\n<li>Evitar friccionar ou massagear em excesso;<\/li>\n\n\n\n<li>Na manh\u00e3 seguinte, remover totalmente a pomada e aplicar protetor solar, se houver exposi\u00e7\u00e3o \u00e0 luz.<\/li>\n<\/ul>\n","protected":false},"excerpt":{"rendered":"<p>A pomada Minancora voltou a aparecer com frequ\u00eancia em postagens, v\u00eddeos curtos e coment\u00e1rios nas redes sociais, o que levantou d\u00favidas sobre sua verdadeira fun\u00e7\u00e3o, limita\u00e7\u00f5es de uso e poss\u00edveis riscos quando aplicada de forma indiscriminada na pele, principalmente em tratamentos caseiros de espinhas e oleosidade. O que \u00e9 a pomada Minancora e qual \u00e9 [&hellip;]<\/p>\n","protected":false},"author":20,"featured_media":157822,"comment_status":"open","ping_status":"open","sticky":false,"template":"","format":"standard","meta":{"jnews-multi-image_gallery":[],"jnews_single_post":{"format":"standard"},"jnews_primary_category":[],"jnews_social_meta":[],"jnews_override_counter":[],"footnotes":""},"categories":[8819,1],"tags":[23058,16227,4948],"class_list":["post-157768","post","type-post","status-publish","format-standard","has-post-thumbnail","hentry","category-curiosidades","category-noticias","tag-minancora","tag-pomada","tag-skincare"],"yoast_head":"<!-- This site is optimized with the Yoast SEO plugin v23.8 - https:\/\/yoast.com\/wordpress\/plugins\/seo\/ -->\n<title>Por que a Minancora voltou a viralizar e como usar do jeito certo - Estado de Minas - Em foco<\/title>\n<meta name=\"description\" content=\"A Minancora voltou a viralizar. Veja para que ela serve, quando usar e em quais situa\u00e7\u00f5es faz sentido entrar na rotina de cuidados.\" \/>\n<meta name=\"robots\" content=\"index, follow, max-snippet:-1, max-image-preview:large, max-video-preview:-1\" \/>\n<link rel=\"canonical\" href=\"https:\/\/www.em.com.br\/emfoco\/2026\/01\/21\/por-que-a-minancora-voltou-a-viralizar-e-como-usar-do-jeito-certo\/\" \/>\n<meta property=\"og:locale\" content=\"pt_BR\" \/>\n<meta property=\"og:type\" content=\"article\" \/>\n<meta property=\"og:title\" content=\"Por que a Minancora voltou a viralizar e como usar do jeito certo - Estado de Minas - Em foco\" \/>\n<meta property=\"og:description\" content=\"A Minancora voltou a viralizar. Veja para que ela serve, quando usar e em quais situa\u00e7\u00f5es faz sentido entrar na rotina de cuidados.\" \/>\n<meta property=\"og:url\" content=\"https:\/\/www.em.com.br\/emfoco\/2026\/01\/21\/por-que-a-minancora-voltou-a-viralizar-e-como-usar-do-jeito-certo\/\" \/>\n<meta property=\"og:site_name\" content=\"Estado de Minas - Em foco\" \/>\n<meta property=\"article:published_time\" content=\"2026-01-21T22:05:00+00:00\" \/>\n<meta property=\"article:modified_time\" content=\"2026-01-20T21:33:58+00:00\" \/>\n<meta property=\"og:image\" content=\"https:\/\/www.em.com.br\/emfoco\/wp-content\/uploads\/2026\/01\/pomada-_1768944767534.jpg\" \/>\n\t<meta property=\"og:image:width\" content=\"1280\" \/>\n\t<meta property=\"og:image:height\" content=\"720\" \/>\n\t<meta property=\"og:image:type\" content=\"image\/jpeg\" \/>\n<meta name=\"author\" content=\"Ingrid Diniz\" \/>\n<meta name=\"twitter:card\" content=\"summary_large_image\" \/>\n<meta name=\"twitter:label1\" content=\"Escrito por\" \/>\n\t<meta name=\"twitter:data1\" content=\"Ingrid Diniz\" \/>\n\t<meta name=\"twitter:label2\" content=\"Est. tempo de leitura\" \/>\n\t<meta name=\"twitter:data2\" content=\"5 minutos\" \/>\n<!-- \/ Yoast SEO plugin. -->","yoast_head_json":{"title":"Por que a Minancora voltou a viralizar e como usar do jeito certo - Estado de Minas - Em foco","description":"A Minancora voltou a viralizar. Veja para que ela serve, quando usar e em quais situa\u00e7\u00f5es faz sentido entrar na rotina de cuidados.","robots":{"index":"index","follow":"follow","max-snippet":"max-snippet:-1","max-image-preview":"max-image-preview:large","max-video-preview":"max-video-preview:-1"},"canonical":"https:\/\/www.em.com.br\/emfoco\/2026\/01\/21\/por-que-a-minancora-voltou-a-viralizar-e-como-usar-do-jeito-certo\/","og_locale":"pt_BR","og_type":"article","og_title":"Por que a Minancora voltou a viralizar e como usar do jeito certo - Estado de Minas - Em foco","og_description":"A Minancora voltou a viralizar. Veja para que ela serve, quando usar e em quais situa\u00e7\u00f5es faz sentido entrar na rotina de cuidados.","og_url":"https:\/\/www.em.com.br\/emfoco\/2026\/01\/21\/por-que-a-minancora-voltou-a-viralizar-e-como-usar-do-jeito-certo\/","og_site_name":"Estado de Minas - Em foco","article_published_time":"2026-01-21T22:05:00+00:00","article_modified_time":"2026-01-20T21:33:58+00:00","og_image":[{"width":1280,"height":720,"url":"https:\/\/www.em.com.br\/emfoco\/wp-content\/uploads\/2026\/01\/pomada-_1768944767534.jpg","type":"image\/jpeg"}],"author":"Ingrid Diniz","twitter_card":"summary_large_image","twitter_misc":{"Escrito por":"Ingrid Diniz","Est. tempo de leitura":"5 minutos"},"schema":{"@context":"https:\/\/schema.org","@graph":[{"@type":"WebPage","@id":"https:\/\/www.em.com.br\/emfoco\/2026\/01\/21\/por-que-a-minancora-voltou-a-viralizar-e-como-usar-do-jeito-certo\/","url":"https:\/\/www.em.com.br\/emfoco\/2026\/01\/21\/por-que-a-minancora-voltou-a-viralizar-e-como-usar-do-jeito-certo\/","name":"Por que a Minancora voltou a viralizar e como usar do jeito certo - Estado de Minas - Em foco","isPartOf":{"@id":"https:\/\/www.em.com.br\/emfoco\/#website"},"primaryImageOfPage":{"@id":"https:\/\/www.em.com.br\/emfoco\/2026\/01\/21\/por-que-a-minancora-voltou-a-viralizar-e-como-usar-do-jeito-certo\/#primaryimage"},"image":{"@id":"https:\/\/www.em.com.br\/emfoco\/2026\/01\/21\/por-que-a-minancora-voltou-a-viralizar-e-como-usar-do-jeito-certo\/#primaryimage"},"thumbnailUrl":"https:\/\/www.em.com.br\/emfoco\/wp-content\/uploads\/2026\/01\/pomada-_1768944767534.jpg","datePublished":"2026-01-21T22:05:00+00:00","dateModified":"2026-01-20T21:33:58+00:00","author":{"@id":"https:\/\/www.em.com.br\/emfoco\/#\/schema\/person\/649e610b4eb8fff87ff394e54fe17b2b"},"description":"A Minancora voltou a viralizar. Veja para que ela serve, quando usar e em quais situa\u00e7\u00f5es faz sentido entrar na rotina de cuidados.","breadcrumb":{"@id":"https:\/\/www.em.com.br\/emfoco\/2026\/01\/21\/por-que-a-minancora-voltou-a-viralizar-e-como-usar-do-jeito-certo\/#breadcrumb"},"inLanguage":"pt-BR","potentialAction":[{"@type":"ReadAction","target":["https:\/\/www.em.com.br\/emfoco\/2026\/01\/21\/por-que-a-minancora-voltou-a-viralizar-e-como-usar-do-jeito-certo\/"]}]},{"@type":"ImageObject","inLanguage":"pt-BR","@id":"https:\/\/www.em.com.br\/emfoco\/2026\/01\/21\/por-que-a-minancora-voltou-a-viralizar-e-como-usar-do-jeito-certo\/#primaryimage","url":"https:\/\/www.em.com.br\/emfoco\/wp-content\/uploads\/2026\/01\/pomada-_1768944767534.jpg","contentUrl":"https:\/\/www.em.com.br\/emfoco\/wp-content\/uploads\/2026\/01\/pomada-_1768944767534.jpg","width":1280,"height":720,"caption":"O cl\u00e1ssico da farm\u00e1cia que voltou ao radar da pele - Cr\u00e9ditos: depositphotos.com \/ AtlasStudio"},{"@type":"BreadcrumbList","@id":"https:\/\/www.em.com.br\/emfoco\/2026\/01\/21\/por-que-a-minancora-voltou-a-viralizar-e-como-usar-do-jeito-certo\/#breadcrumb","itemListElement":[{"@type":"ListItem","position":1,"name":"In\u00edcio","item":"https:\/\/www.em.com.br\/emfoco\/"},{"@type":"ListItem","position":2,"name":"Por que a Minancora voltou a viralizar e como usar do jeito certo"}]},{"@type":"WebSite","@id":"https:\/\/www.em.com.br\/emfoco\/#website","url":"https:\/\/www.em.com.br\/emfoco\/","name":"Estado de Minas - Em foco","description":"Acompanhe as \u00faltimas not\u00edcias e fique bem informado sobre tudo o que acontece em Minas Gerais, Brasil e no mundo.","potentialAction":[{"@type":"SearchAction","target":{"@type":"EntryPoint","urlTemplate":"https:\/\/www.em.com.br\/emfoco\/?s={search_term_string}"},"query-input":{"@type":"PropertyValueSpecification","valueRequired":true,"valueName":"search_term_string"}}],"inLanguage":"pt-BR"},{"@type":"Person","@id":"https:\/\/www.em.com.br\/emfoco\/#\/schema\/person\/649e610b4eb8fff87ff394e54fe17b2b","name":"Ingrid Diniz","image":{"@type":"ImageObject","inLanguage":"pt-BR","@id":"https:\/\/www.em.com.br\/emfoco\/#\/schema\/person\/image\/","url":"https:\/\/secure.gravatar.com\/avatar\/a3baa1449ec5c39b4c42babc9d4f3951?s=96&d=mm&r=g","contentUrl":"https:\/\/secure.gravatar.com\/avatar\/a3baa1449ec5c39b4c42babc9d4f3951?s=96&d=mm&r=g","caption":"Ingrid Diniz"},"sameAs":["https:\/\/www.em.com.br\/"],"url":"https:\/\/www.em.com.br\/emfoco\/author\/ingridmyth\/"}]}},"_links":{"self":[{"href":"https:\/\/www.em.com.br\/emfoco\/wp-json\/wp\/v2\/posts\/157768","targetHints":{"allow":["GET"]}}],"collection":[{"href":"https:\/\/www.em.com.br\/emfoco\/wp-json\/wp\/v2\/posts"}],"about":[{"href":"https:\/\/www.em.com.br\/emfoco\/wp-json\/wp\/v2\/types\/post"}],"author":[{"embeddable":true,"href":"https:\/\/www.em.com.br\/emfoco\/wp-json\/wp\/v2\/users\/20"}],"replies":[{"embeddable":true,"href":"https:\/\/www.em.com.br\/emfoco\/wp-json\/wp\/v2\/comments?post=157768"}],"version-history":[{"count":1,"href":"https:\/\/www.em.com.br\/emfoco\/wp-json\/wp\/v2\/posts\/157768\/revisions"}],"predecessor-version":[{"id":157825,"href":"https:\/\/www.em.com.br\/emfoco\/wp-json\/wp\/v2\/posts\/157768\/revisions\/157825"}],"wp:featuredmedia":[{"embeddable":true,"href":"https:\/\/www.em.com.br\/emfoco\/wp-json\/wp\/v2\/media\/157822"}],"wp:attachment":[{"href":"https:\/\/www.em.com.br\/emfoco\/wp-json\/wp\/v2\/media?parent=157768"}],"wp:term":[{"taxonomy":"category","embeddable":true,"href":"https:\/\/www.em.com.br\/emfoco\/wp-json\/wp\/v2\/categories?post=157768"},{"taxonomy":"post_tag","embeddable":true,"href":"https:\/\/www.em.com.br\/emfoco\/wp-json\/wp\/v2\/tags?post=157768"}],"curies":[{"name":"wp","href":"https:\/\/api.w.org\/{rel}","templated":true}]}}