{"id":157737,"date":"2026-01-21T20:55:00","date_gmt":"2026-01-21T23:55:00","guid":{"rendered":"https:\/\/www.em.com.br\/emfoco\/?p=157737"},"modified":"2026-01-20T19:16:35","modified_gmt":"2026-01-20T22:16:35","slug":"previsao-para-2026-indica-mudancas-decisivas-na-vida-profissional-cada-signo-enfrenta-desafios-e-oportunidades-diferentes","status":"publish","type":"post","link":"https:\/\/www.em.com.br\/emfoco\/2026\/01\/21\/previsao-para-2026-indica-mudancas-decisivas-na-vida-profissional-cada-signo-enfrenta-desafios-e-oportunidades-diferentes\/","title":{"rendered":"Previs\u00e3o para 2026 indica mudan\u00e7as decisivas na vida profissional: cada signo enfrenta desafios e oportunidades diferentes"},"content":{"rendered":"\n<p>O ano de 2026 tende a ser marcado por mudan\u00e7as expressivas na forma como o trabalho \u00e9 entendido e organizado. Com avan\u00e7os tecnol\u00f3gicos, novas din\u00e2micas econ\u00f4micas e uma busca crescente por autonomia, a ideia de \u201cemprego est\u00e1vel para sempre\u201d perde espa\u00e7o, abrindo caminho para formatos mais flex\u00edveis, escolhas mais conscientes e uma revis\u00e3o profunda de prop\u00f3sito, renda e qualidade de vida \u2014 algo que a&nbsp;<strong>previs\u00e3o profissional para 2026<\/strong>&nbsp;ajuda a enxergar com mais clareza, signo a signo.<\/p>\n\n\n\n<h2 class=\"wp-block-heading\">O que muda no conceito de trabalho em 2026<\/h2>\n\n\n\n<p>A&nbsp;<strong>previs\u00e3o profissional para 2026<\/strong>&nbsp;indica um cen\u00e1rio em que \u201ctrabalho seguro\u201d deixa de ser sin\u00f4nimo apenas de carteira assinada e v\u00ednculo fixo. Movimentos astrol\u00f3gicos ligados \u00e0 estrutura, expans\u00e3o e transforma\u00e7\u00e3o sugerem ajustes profundos em contratos, fun\u00e7\u00f5es, metas e expectativas de longo prazo.<\/p>\n\n\n\n<p>Nesse contexto, a seguran\u00e7a passa a estar mais conectada \u00e0 capacidade de adapta\u00e7\u00e3o, aprendizado r\u00e1pido e decis\u00f5es estrat\u00e9gicas. Modelos h\u00edbridos, trabalhos por projeto, m\u00faltiplas fontes de renda e acordos personalizados ganham relev\u00e2ncia, valorizando quem demonstra proatividade, flexibilidade e atualiza\u00e7\u00e3o constante de compet\u00eancias.<\/p>\n\n\n\n<figure class=\"wp-block-image\"><img decoding=\"async\" src=\"https:\/\/www.em.com.br\/emfoco\/wp-content\/uploads\/2025\/12\/Gemini_Generated_Image_emanqfemanqfeman-1-1024x576.png\" alt=\"\"\/><figcaption class=\"wp-element-caption\">Um alinhamento raro promete reviravoltas positivas<\/figcaption><\/figure>\n\n\n\n<h2 class=\"wp-block-heading\">Como cada signo pode se preparar para 2026<\/h2>\n\n\n\n<p>A&nbsp;<strong>previs\u00e3o profissional para 2026 por signo<\/strong>&nbsp;mostra que cada perfil reage de forma diferente \u00e0s mudan\u00e7as. Alguns tendem a assumir lideran\u00e7a, outros focam em qualifica\u00e7\u00e3o, enquanto certos signos priorizam estabilidade financeira, networking ou experimenta\u00e7\u00e3o de novas \u00e1reas de atua\u00e7\u00e3o.<\/p>\n\n\n\n<p>Confira tend\u00eancias e focos estrat\u00e9gicos para cada <a href=\"https:\/\/www.em.com.br\/emfoco\/2025\/11\/25\/a-moda-para-cada-signo-em-2026-sera-influenciada-pela-energia-do-ano-veja-o-guia-completo\/\" target=\"_blank\" rel=\"noreferrer noopener\">signo <\/a>ao se planejar para 2026:<\/p>\n\n\n\n<ul class=\"wp-block-list\">\n<li><strong>\u00c1ries<\/strong>: tende a ser chamado a assumir mais responsabilidade, coordenar equipes ou liderar projetos estrat\u00e9gicos.<\/li>\n\n\n\n<li><strong>Touro<\/strong>: encontra bons resultados ao investir em cursos, certifica\u00e7\u00f5es e atualiza\u00e7\u00e3o t\u00e9cnica para ampliar o campo de atua\u00e7\u00e3o.<\/li>\n\n\n\n<li><strong>G\u00eameos<\/strong>: ganha destaque ao negociar melhor, ajustar contratos e usar a comunica\u00e7\u00e3o como principal ferramenta profissional.<\/li>\n\n\n\n<li><strong>C\u00e2ncer<\/strong>: pode avan\u00e7ar em atividades colaborativas, parcerias internas e projetos em equipe.<\/li>\n\n\n\n<li><strong>Le\u00e3o<\/strong>: encontra espa\u00e7o para modernizar m\u00e9todos, implementar novas rotinas e otimizar processos.<\/li>\n\n\n\n<li><strong>Virgem<\/strong>: avalia com mais seriedade a possibilidade de um empreendimento pr\u00f3prio ou atividade paralela estruturada.<\/li>\n\n\n\n<li><strong>Libra<\/strong>: precisa se adaptar a mudan\u00e7as de ambiente, equipe ou at\u00e9 de local de trabalho.<\/li>\n\n\n\n<li><strong>Escorpi\u00e3o<\/strong>: tem o ano marcado por conversas importantes, apresenta\u00e7\u00f5es e acordos que pedem clareza e estrat\u00e9gia.<\/li>\n\n\n\n<li><strong>Sagit\u00e1rio<\/strong>: volta a aten\u00e7\u00e3o para organiza\u00e7\u00e3o financeira, revis\u00e3o de tarifas e renegocia\u00e7\u00e3o de rendimentos.<\/li>\n\n\n\n<li><strong>Capric\u00f3rnio<\/strong>: passa por redefini\u00e7\u00e3o de identidade profissional, com poss\u00edveis altera\u00e7\u00f5es de fun\u00e7\u00e3o ou setor.<\/li>\n\n\n\n<li><strong>Aqu\u00e1rio<\/strong>: encerra ciclos que j\u00e1 n\u00e3o fazem sentido e pode iniciar novas frentes de trabalho.<\/li>\n\n\n\n<li><strong>Peixes<\/strong>: fortalece o networking, aproxima parceiros e encontra oportunidades por meio de contatos.<\/li>\n<\/ul>\n\n\n\n<h2 class=\"wp-block-heading\">Por que a adapta\u00e7\u00e3o profissional ser\u00e1 decisiva em 2026<\/h2>\n\n\n\n<p>A adapta\u00e7\u00e3o profissional em 2026 aparece como ponto central da astrologia para o trabalho. Em vez de se apoiar em planos r\u00edgidos, o per\u00edodo pede revis\u00e3o constante de metas, prazos e prioridades, exigindo flexibilidade mental e emocional para reposicionar estrat\u00e9gias ao longo do ano.<\/p>\n\n\n\n<p>Escorpi\u00e3o tende a lidar com negocia\u00e7\u00f5es sens\u00edveis, nas quais a forma de comunicar ser\u00e1 decisiva. Sagit\u00e1rio \u00e9 levado a organizar o lado financeiro com mais rigor, enquanto Capric\u00f3rnio pode encarar mudan\u00e7as estruturais de carreira. J\u00e1 Aqu\u00e1rio e Peixes vivenciam encerramentos e novas aberturas, com destaque para transi\u00e7\u00f5es de fun\u00e7\u00f5es e fortalecimento de redes de contato.<\/p>\n\n\n\n<figure class=\"wp-block-image\"><img decoding=\"async\" src=\"https:\/\/www.em.com.br\/emfoco\/wp-content\/uploads\/2025\/02\/horoscopo_1740792668649-1-1024x576.jpg\" alt=\"\"\/><figcaption class=\"wp-element-caption\">A astrologia explica &#8211; Cr\u00e9ditos: depositphotos.com \/ gmac84<\/figcaption><\/figure>\n\n\n\n<h2 class=\"wp-block-heading\">Quais tend\u00eancias gerais marcam o ambiente profissional em 2026<\/h2>\n\n\n\n<p>A leitura geral da&nbsp;<strong>previs\u00e3o profissional para 2026<\/strong>&nbsp;aponta um ano de ajustes intensos, mas tamb\u00e9m de abertura para quem estiver atento \u00e0s tend\u00eancias. Organiza\u00e7\u00f5es reestruturam equipes, adotam novas tecnologias e testam formatos que misturam presencial, remoto e modelos h\u00edbridos, exigindo mais autonomia e vis\u00e3o de longo prazo.<\/p>\n\n\n\n<p>Em termos pr\u00e1ticos, ganham for\u00e7a a revis\u00e3o de indicadores de desempenho mais ligados a resultados concretos, o crescimento de carreiras portf\u00f3lio e projetos de curto e m\u00e9dio prazo, al\u00e9m da valoriza\u00e7\u00e3o de habilidades comportamentais, como <a href=\"https:\/\/acsp.com.br\/publicacao\/s\/o-que-e-networking-e-como-fazer\" target=\"_blank\" rel=\"noreferrer noopener\">comunica\u00e7\u00e3o<\/a>, adaptabilidade e organiza\u00e7\u00e3o, em meio a uma busca constante por atualiza\u00e7\u00e3o e reconvers\u00e3o profissional.<\/p>\n\n\n\n<h2 class=\"wp-block-heading\">Como usar a previs\u00e3o profissional para agir com estrat\u00e9gia em 2026<\/h2>\n\n\n\n<p>Nesse cen\u00e1rio, a astrologia para 2026 funciona como um mapa simb\u00f3lico, ajudando a identificar momentos mais prop\u00edcios para assumir responsabilidades, negociar, encerrar ciclos ou buscar novas oportunidades. N\u00e3o dita o futuro, mas oferece pistas valiosas para alinhar decis\u00f5es profissionais ao contexto em mudan\u00e7a.<\/p>\n","protected":false},"excerpt":{"rendered":"<p>O ano de 2026 tende a ser marcado por mudan\u00e7as expressivas na forma como o trabalho \u00e9 entendido e organizado. Com avan\u00e7os tecnol\u00f3gicos, novas din\u00e2micas econ\u00f4micas e uma busca crescente por autonomia, a ideia de \u201cemprego est\u00e1vel para sempre\u201d perde espa\u00e7o, abrindo caminho para formatos mais flex\u00edveis, escolhas mais conscientes e uma revis\u00e3o profunda de [&hellip;]<\/p>\n","protected":false},"author":11,"featured_media":153147,"comment_status":"open","ping_status":"open","sticky":false,"template":"","format":"standard","meta":{"jnews-multi-image_gallery":[],"jnews_single_post":{"format":"standard"},"jnews_primary_category":[],"jnews_social_meta":[],"jnews_override_counter":[],"footnotes":""},"categories":[1,25],"tags":[3058,2457,168,508],"class_list":["post-157737","post","type-post","status-publish","format-standard","has-post-thumbnail","hentry","category-noticias","category-signos","tag-oportunidade","tag-signo","tag-signos","tag-trabalho"],"yoast_head":"<!-- This site is optimized with the Yoast SEO plugin v23.8 - https:\/\/yoast.com\/wordpress\/plugins\/seo\/ -->\n<title>Previs\u00e3o para 2026 indica mudan\u00e7as decisivas na vida profissional: cada signo enfrenta desafios e oportunidades diferentes - Estado de Minas - Em foco<\/title>\n<meta name=\"description\" content=\"2026 promete transforma\u00e7\u00f5es intensas no trabalho e a astrologia aponta quais signos sentir\u00e3o mudan\u00e7as mais fortes ao longo do ano.\" \/>\n<meta name=\"robots\" content=\"index, follow, max-snippet:-1, max-image-preview:large, max-video-preview:-1\" \/>\n<link rel=\"canonical\" href=\"https:\/\/www.em.com.br\/emfoco\/2026\/01\/21\/previsao-para-2026-indica-mudancas-decisivas-na-vida-profissional-cada-signo-enfrenta-desafios-e-oportunidades-diferentes\/\" \/>\n<meta property=\"og:locale\" content=\"pt_BR\" \/>\n<meta property=\"og:type\" content=\"article\" \/>\n<meta property=\"og:title\" content=\"Previs\u00e3o para 2026 indica mudan\u00e7as decisivas na vida profissional: cada signo enfrenta desafios e oportunidades diferentes - Estado de Minas - Em foco\" \/>\n<meta property=\"og:description\" content=\"2026 promete transforma\u00e7\u00f5es intensas no trabalho e a astrologia aponta quais signos sentir\u00e3o mudan\u00e7as mais fortes ao longo do ano.\" \/>\n<meta property=\"og:url\" content=\"https:\/\/www.em.com.br\/emfoco\/2026\/01\/21\/previsao-para-2026-indica-mudancas-decisivas-na-vida-profissional-cada-signo-enfrenta-desafios-e-oportunidades-diferentes\/\" \/>\n<meta property=\"og:site_name\" content=\"Estado de Minas - Em foco\" \/>\n<meta property=\"article:published_time\" content=\"2026-01-21T23:55:00+00:00\" \/>\n<meta property=\"article:modified_time\" content=\"2026-01-20T22:16:35+00:00\" \/>\n<meta property=\"og:image\" content=\"https:\/\/www.em.com.br\/emfoco\/wp-content\/uploads\/2026\/01\/Gemini_Generated_Image_4nxuet4nxuet4nxu-1.png\" \/>\n\t<meta property=\"og:image:width\" content=\"1280\" \/>\n\t<meta property=\"og:image:height\" content=\"720\" \/>\n\t<meta property=\"og:image:type\" content=\"image\/png\" \/>\n<meta name=\"author\" content=\"Andre\u0301 Rangel\u00a0\" \/>\n<meta name=\"twitter:card\" content=\"summary_large_image\" \/>\n<meta name=\"twitter:label1\" content=\"Escrito por\" \/>\n\t<meta name=\"twitter:data1\" content=\"Andre\u0301 Rangel\u00a0\" \/>\n\t<meta name=\"twitter:label2\" content=\"Est. tempo de leitura\" \/>\n\t<meta name=\"twitter:data2\" content=\"5 minutos\" \/>\n<!-- \/ Yoast SEO plugin. -->","yoast_head_json":{"title":"Previs\u00e3o para 2026 indica mudan\u00e7as decisivas na vida profissional: cada signo enfrenta desafios e oportunidades diferentes - Estado de Minas - Em foco","description":"2026 promete transforma\u00e7\u00f5es intensas no trabalho e a astrologia aponta quais signos sentir\u00e3o mudan\u00e7as mais fortes ao longo do ano.","robots":{"index":"index","follow":"follow","max-snippet":"max-snippet:-1","max-image-preview":"max-image-preview:large","max-video-preview":"max-video-preview:-1"},"canonical":"https:\/\/www.em.com.br\/emfoco\/2026\/01\/21\/previsao-para-2026-indica-mudancas-decisivas-na-vida-profissional-cada-signo-enfrenta-desafios-e-oportunidades-diferentes\/","og_locale":"pt_BR","og_type":"article","og_title":"Previs\u00e3o para 2026 indica mudan\u00e7as decisivas na vida profissional: cada signo enfrenta desafios e oportunidades diferentes - Estado de Minas - Em foco","og_description":"2026 promete transforma\u00e7\u00f5es intensas no trabalho e a astrologia aponta quais signos sentir\u00e3o mudan\u00e7as mais fortes ao longo do ano.","og_url":"https:\/\/www.em.com.br\/emfoco\/2026\/01\/21\/previsao-para-2026-indica-mudancas-decisivas-na-vida-profissional-cada-signo-enfrenta-desafios-e-oportunidades-diferentes\/","og_site_name":"Estado de Minas - Em foco","article_published_time":"2026-01-21T23:55:00+00:00","article_modified_time":"2026-01-20T22:16:35+00:00","og_image":[{"width":1280,"height":720,"url":"https:\/\/www.em.com.br\/emfoco\/wp-content\/uploads\/2026\/01\/Gemini_Generated_Image_4nxuet4nxuet4nxu-1.png","type":"image\/png"}],"author":"Andre\u0301 Rangel\u00a0","twitter_card":"summary_large_image","twitter_misc":{"Escrito por":"Andre\u0301 Rangel\u00a0","Est. tempo de leitura":"5 minutos"},"schema":{"@context":"https:\/\/schema.org","@graph":[{"@type":"WebPage","@id":"https:\/\/www.em.com.br\/emfoco\/2026\/01\/21\/previsao-para-2026-indica-mudancas-decisivas-na-vida-profissional-cada-signo-enfrenta-desafios-e-oportunidades-diferentes\/","url":"https:\/\/www.em.com.br\/emfoco\/2026\/01\/21\/previsao-para-2026-indica-mudancas-decisivas-na-vida-profissional-cada-signo-enfrenta-desafios-e-oportunidades-diferentes\/","name":"Previs\u00e3o para 2026 indica mudan\u00e7as decisivas na vida profissional: cada signo enfrenta desafios e oportunidades diferentes - Estado de Minas - Em foco","isPartOf":{"@id":"https:\/\/www.em.com.br\/emfoco\/#website"},"primaryImageOfPage":{"@id":"https:\/\/www.em.com.br\/emfoco\/2026\/01\/21\/previsao-para-2026-indica-mudancas-decisivas-na-vida-profissional-cada-signo-enfrenta-desafios-e-oportunidades-diferentes\/#primaryimage"},"image":{"@id":"https:\/\/www.em.com.br\/emfoco\/2026\/01\/21\/previsao-para-2026-indica-mudancas-decisivas-na-vida-profissional-cada-signo-enfrenta-desafios-e-oportunidades-diferentes\/#primaryimage"},"thumbnailUrl":"https:\/\/www.em.com.br\/emfoco\/wp-content\/uploads\/2026\/01\/Gemini_Generated_Image_4nxuet4nxuet4nxu-1.png","datePublished":"2026-01-21T23:55:00+00:00","dateModified":"2026-01-20T22:16:35+00:00","author":{"@id":"https:\/\/www.em.com.br\/emfoco\/#\/schema\/person\/60eda09c1fedf0d6891f4cef4b60b8b8"},"description":"2026 promete transforma\u00e7\u00f5es intensas no trabalho e a astrologia aponta quais signos sentir\u00e3o mudan\u00e7as mais fortes ao longo do ano.","breadcrumb":{"@id":"https:\/\/www.em.com.br\/emfoco\/2026\/01\/21\/previsao-para-2026-indica-mudancas-decisivas-na-vida-profissional-cada-signo-enfrenta-desafios-e-oportunidades-diferentes\/#breadcrumb"},"inLanguage":"pt-BR","potentialAction":[{"@type":"ReadAction","target":["https:\/\/www.em.com.br\/emfoco\/2026\/01\/21\/previsao-para-2026-indica-mudancas-decisivas-na-vida-profissional-cada-signo-enfrenta-desafios-e-oportunidades-diferentes\/"]}]},{"@type":"ImageObject","inLanguage":"pt-BR","@id":"https:\/\/www.em.com.br\/emfoco\/2026\/01\/21\/previsao-para-2026-indica-mudancas-decisivas-na-vida-profissional-cada-signo-enfrenta-desafios-e-oportunidades-diferentes\/#primaryimage","url":"https:\/\/www.em.com.br\/emfoco\/wp-content\/uploads\/2026\/01\/Gemini_Generated_Image_4nxuet4nxuet4nxu-1.png","contentUrl":"https:\/\/www.em.com.br\/emfoco\/wp-content\/uploads\/2026\/01\/Gemini_Generated_Image_4nxuet4nxuet4nxu-1.png","width":1280,"height":720,"caption":"O empurr\u00e3o do destino que pode mudar seu caminho profissional"},{"@type":"BreadcrumbList","@id":"https:\/\/www.em.com.br\/emfoco\/2026\/01\/21\/previsao-para-2026-indica-mudancas-decisivas-na-vida-profissional-cada-signo-enfrenta-desafios-e-oportunidades-diferentes\/#breadcrumb","itemListElement":[{"@type":"ListItem","position":1,"name":"In\u00edcio","item":"https:\/\/www.em.com.br\/emfoco\/"},{"@type":"ListItem","position":2,"name":"Previs\u00e3o para 2026 indica mudan\u00e7as decisivas na vida profissional: cada signo enfrenta desafios e oportunidades diferentes"}]},{"@type":"WebSite","@id":"https:\/\/www.em.com.br\/emfoco\/#website","url":"https:\/\/www.em.com.br\/emfoco\/","name":"Estado de Minas - Em foco","description":"Acompanhe as \u00faltimas not\u00edcias e fique bem informado sobre tudo o que acontece em Minas Gerais, Brasil e no mundo.","potentialAction":[{"@type":"SearchAction","target":{"@type":"EntryPoint","urlTemplate":"https:\/\/www.em.com.br\/emfoco\/?s={search_term_string}"},"query-input":{"@type":"PropertyValueSpecification","valueRequired":true,"valueName":"search_term_string"}}],"inLanguage":"pt-BR"},{"@type":"Person","@id":"https:\/\/www.em.com.br\/emfoco\/#\/schema\/person\/60eda09c1fedf0d6891f4cef4b60b8b8","name":"Andre\u0301 Rangel\u00a0","image":{"@type":"ImageObject","inLanguage":"pt-BR","@id":"https:\/\/www.em.com.br\/emfoco\/#\/schema\/person\/image\/","url":"https:\/\/secure.gravatar.com\/avatar\/6234dc814c77c8ef6d8bba622c787efc?s=96&d=mm&r=g","contentUrl":"https:\/\/secure.gravatar.com\/avatar\/6234dc814c77c8ef6d8bba622c787efc?s=96&d=mm&r=g","caption":"Andre\u0301 Rangel\u00a0"},"url":"https:\/\/www.em.com.br\/emfoco\/author\/luizmyth\/"}]}},"_links":{"self":[{"href":"https:\/\/www.em.com.br\/emfoco\/wp-json\/wp\/v2\/posts\/157737","targetHints":{"allow":["GET"]}}],"collection":[{"href":"https:\/\/www.em.com.br\/emfoco\/wp-json\/wp\/v2\/posts"}],"about":[{"href":"https:\/\/www.em.com.br\/emfoco\/wp-json\/wp\/v2\/types\/post"}],"author":[{"embeddable":true,"href":"https:\/\/www.em.com.br\/emfoco\/wp-json\/wp\/v2\/users\/11"}],"replies":[{"embeddable":true,"href":"https:\/\/www.em.com.br\/emfoco\/wp-json\/wp\/v2\/comments?post=157737"}],"version-history":[{"count":3,"href":"https:\/\/www.em.com.br\/emfoco\/wp-json\/wp\/v2\/posts\/157737\/revisions"}],"predecessor-version":[{"id":157750,"href":"https:\/\/www.em.com.br\/emfoco\/wp-json\/wp\/v2\/posts\/157737\/revisions\/157750"}],"wp:featuredmedia":[{"embeddable":true,"href":"https:\/\/www.em.com.br\/emfoco\/wp-json\/wp\/v2\/media\/153147"}],"wp:attachment":[{"href":"https:\/\/www.em.com.br\/emfoco\/wp-json\/wp\/v2\/media?parent=157737"}],"wp:term":[{"taxonomy":"category","embeddable":true,"href":"https:\/\/www.em.com.br\/emfoco\/wp-json\/wp\/v2\/categories?post=157737"},{"taxonomy":"post_tag","embeddable":true,"href":"https:\/\/www.em.com.br\/emfoco\/wp-json\/wp\/v2\/tags?post=157737"}],"curies":[{"name":"wp","href":"https:\/\/api.w.org\/{rel}","templated":true}]}}