{"id":157595,"date":"2026-01-21T20:05:47","date_gmt":"2026-01-21T23:05:47","guid":{"rendered":"https:\/\/www.em.com.br\/emfoco\/?p=157595"},"modified":"2026-01-20T17:40:45","modified_gmt":"2026-01-20T20:40:45","slug":"leite-com-manga-faz-mal-a-lenda-antiga-que-a-ciencia-derrubou-e-os-beneficios-dessa-fruta","status":"publish","type":"post","link":"https:\/\/www.em.com.br\/emfoco\/2026\/01\/21\/leite-com-manga-faz-mal-a-lenda-antiga-que-a-ciencia-derrubou-e-os-beneficios-dessa-fruta\/","title":{"rendered":"Leite com manga faz mal? A lenda antiga que a ci\u00eancia derrubou e os benef\u00edcios dessa fruta"},"content":{"rendered":"\n<h2 class=\"wp-block-heading\">A manga fortalece a imunidade com vitamina C e regula o intestino gra\u00e7as \u00e0s fibras Seus antioxidantes combatem radicais livres e protegem as c\u00e9lulas Prefira consumir a fruta in natura para aproveitar todos os nutrientes<\/h2>\n\n\n\n<p>Em um dia bem quente, algu\u00e9m comenta <b>\u201cnada como um suco de manga bem gelado\u201d<\/b> e, em poucos minutos, a conversa j\u00e1 muda para <b>sa\u00fade, dieta, digest\u00e3o<\/b> e bem-estar. A manga, que parece s\u00f3 uma fruta doce e comum, acaba virando assunto entre quem quer comer melhor, ter mais energia e cuidar do corpo de um jeito <b>natural e sem tanta complica\u00e7\u00e3o<\/b>.<\/p>\n\n\n\n<h2 class=\"wp-block-heading\">Quais s\u00e3o as principais propriedades antioxidantes da manga<\/h2>\n\n\n\n<p>Quando se fala em <strong>propriedades antioxidantes da manga<\/strong>, muita gente pensa primeiro na <strong>vitamina C<\/strong>, que \u00e9 um dos destaques da fruta. Ela ajuda a <b>proteger as c\u00e9lulas<\/b> dos chamados radicais livres, que aumentam em situa\u00e7\u00f5es como <b>estresse, polui\u00e7\u00e3o<\/b>, noites mal dormidas e alimenta\u00e7\u00e3o desregulada.<\/p>\n\n\n\n<p>A manga tamb\u00e9m \u00e9 rica em <strong>caroten\u00f3ides<\/strong>, como o <b>betacaroteno<\/b>, que d\u00e3o aquele tom amarelo-alaranjado e participam da <b>prote\u00e7\u00e3o do organismo<\/b>. Al\u00e9m disso, compostos como a <em>mangiferina<\/em> e alguns <strong>polifen\u00f3is<\/strong> v\u00eam sendo estudados pelo poss\u00edvel papel na manuten\u00e7\u00e3o da sa\u00fade das c\u00e9lulas ao longo do tempo.<\/p>\n\n\n\n<figure class=\"wp-block-embed is-type-rich is-provider-pinterest wp-block-embed-pinterest\"><div class=\"wp-block-embed__wrapper\">\n<iframe loading=\"lazy\" title=\"&quot;Manga: Sabor Tropical e Vitamina C!&quot;\" src=\"https:\/\/assets.pinterest.com\/ext\/embed.html?id=592223419793187529&#038;src=oembed\" height=\"550\" width=\"450\" frameborder=\"0\" scrolling=\"no\" ><\/iframe>\n<\/div><\/figure>\n\n\n\n<p>Leia tamb\u00e9m:&nbsp;<a href=\"https:\/\/www.em.com.br\/emfoco\/2026\/01\/14\/o-melhor-ceviche-de-manga-receita-leve-fresca-e-cheia-de-sabor\/\" target=\"_blank\" rel=\"noopener\">O melhor ceviche de manga: receita leve, fresca e cheia de sabor<\/a><\/p>\n\n\n\n<h2 class=\"wp-block-heading\">Como os antioxidantes da manga podem ajudar no dia a dia<\/h2>\n\n\n\n<p>Os <b>antioxidantes da manga<\/b> despertam interesse porque fazem parte de um estilo de vida mais equilibrado, em que a comida do dia a dia tamb\u00e9m serve como <strong>cuidado com a sa\u00fade<\/strong>. Dietas com frutas coloridas e ricas em antioxidantes costumam ser associadas \u00e0 <b>redu\u00e7\u00e3o do estresse oxidativo<\/b>, um dos fatores ligados a v\u00e1rias doen\u00e7as cr\u00f4nicas.<\/p>\n\n\n\n<p>Isso n\u00e3o quer dizer que a manga seja um <b>\u201crem\u00e9dio milagroso\u201d<\/b>, e sim que ela pode entrar em um conjunto de boas escolhas: mais <strong>alimentos naturais<\/strong>, menos ultraprocessados e um prato sempre variado. Nesse contexto, a manga \u00e9 uma aliada saborosa para quem quer <b>comer melhor<\/b> sem abrir m\u00e3o do prazer \u00e0 mesa.<\/p>\n\n\n\n<h2 class=\"wp-block-heading\">Manga faz bem para a digest\u00e3o no dia a dia<\/h2>\n\n\n\n<p>Muita gente comenta sobre a rela\u00e7\u00e3o entre <strong>manga e digest\u00e3o<\/strong>, especialmente quem sente o intestino \u201cpregui\u00e7oso\u201d. A fruta cont\u00e9m <b>fibras alimentares<\/b>, que ajudam a formar o bolo fecal, facilitam o <b>tr\u00e2nsito intestinal<\/b> e colaboram para uma rotina mais regular, principalmente quando combinada com boa hidrata\u00e7\u00e3o.<\/p>\n\n\n<div class=\"wp-block-image\">\n<figure class=\"aligncenter size-large\"><img loading=\"lazy\" decoding=\"async\" width=\"1024\" height=\"576\" src=\"https:\/\/www.em.com.br\/emfoco\/wp-content\/uploads\/2025\/12\/Gemini_Generated_Image_iivgwniivgwniivg-1-1024x576.png\" alt=\"\" class=\"wp-image-137992\" srcset=\"https:\/\/www.em.com.br\/emfoco\/wp-content\/uploads\/2025\/12\/Gemini_Generated_Image_iivgwniivgwniivg-1-1024x576.png 1024w, https:\/\/www.em.com.br\/emfoco\/wp-content\/uploads\/2025\/12\/Gemini_Generated_Image_iivgwniivgwniivg-1-300x169.png 300w, https:\/\/www.em.com.br\/emfoco\/wp-content\/uploads\/2025\/12\/Gemini_Generated_Image_iivgwniivgwniivg-1-768x432.png 768w, https:\/\/www.em.com.br\/emfoco\/wp-content\/uploads\/2025\/12\/Gemini_Generated_Image_iivgwniivgwniivg-1-750x422.png 750w, https:\/\/www.em.com.br\/emfoco\/wp-content\/uploads\/2025\/12\/Gemini_Generated_Image_iivgwniivgwniivg-1-1140x641.png 1140w, https:\/\/www.em.com.br\/emfoco\/wp-content\/uploads\/2025\/12\/Gemini_Generated_Image_iivgwniivgwniivg-1.png 1280w\" sizes=\"auto, (max-width: 1024px) 100vw, 1024px\" \/><figcaption class=\"wp-element-caption\">Do ponto de vista nutricional, a manga se destaca por reunir vitaminas, minerais, fibras e compostos antioxidantes em uma \u00fanica fruta<\/figcaption><\/figure><\/div>\n\n\n<p>Por isso, a manga costuma aparecer em card\u00e1pios pensados para <b>melhorar o h\u00e1bito intestinal<\/b>, sempre acompanhada de outras <strong>frutas, legumes<\/strong> e gr\u00e3os integrais. Para v\u00e1rias pessoas, incluir a fruta em um lanche da manh\u00e3 ou da tarde j\u00e1 faz diferen\u00e7a na sensa\u00e7\u00e3o de <b>conforto digestivo<\/b> ao longo dos dias.<\/p>\n\n\n\n<h2 class=\"wp-block-heading\">Qual \u00e9 a rela\u00e7\u00e3o entre manga, intestino e microbiota<\/h2>\n\n\n\n<p>A manga tamb\u00e9m pode influenciar o intestino de forma mais ampla, n\u00e3o apenas ajudando a \u201cir ao banheiro\u201d. Pesquisas recentes avaliam como os <b>polifen\u00f3is<\/b> e as fibras da fruta interagem com a <strong>microbiota intestinal<\/strong>, o conjunto de bact\u00e9rias que participa da digest\u00e3o, da imunidade e at\u00e9 do humor.<\/p>\n\n\n\n<p>Os estudos ainda est\u00e3o em andamento, mas muitos resultados indicam que, dentro de uma <b>dieta rica em vegetais<\/b>, a manga pode favorecer o crescimento de bact\u00e9rias consideradas <strong>ben\u00e9ficas<\/strong>. Com isso, ela entra como mais um ponto de apoio para um <b>intestino equilibrado<\/b> e um bem-estar geral mais est\u00e1vel.<\/p>\n\n\n\n<figure class=\"wp-block-embed is-type-rich is-provider-pinterest wp-block-embed-pinterest\"><div class=\"wp-block-embed__wrapper\">\n<iframe loading=\"lazy\" title=\"Os 15 Benef\u00edcios da Manga Para Sa\u00fade | Cura Natural\" src=\"https:\/\/assets.pinterest.com\/ext\/embed.html?id=661536632807997677&#038;src=oembed\" height=\"775\" width=\"450\" frameborder=\"0\" scrolling=\"no\" ><\/iframe>\n<\/div><\/figure>\n\n\n\n<h2 class=\"wp-block-heading\">Como consumir a manga para aproveitar melhor suas fibras<\/h2>\n\n\n\n<p>A forma de consumo faz diferen\u00e7a para quem quer aproveitar as <strong>fibras da manga<\/strong>. A fruta inteira ou em peda\u00e7os preserva melhor esse nutriente do que alguns <b>sucos coados<\/b>, que costumam perder boa parte da parte fibrosa. Preparos como <b>vitaminas, saladas de frutas<\/b> e molhos frios mant\u00eam uma quantidade interessante de componentes naturais.<\/p>\n\n\n\n<p>Na pr\u00e1tica, o ideal \u00e9 variar: em alguns momentos, comer a <b>manga in natura<\/b>; em outros, combin\u00e1-la com alimentos fontes de <strong>prote\u00ednas e gorduras boas<\/strong>. Assim, al\u00e9m de saborosa, a refei\u00e7\u00e3o fica mais completa, o que ajuda na <b>digest\u00e3o<\/b>, na saciedade e at\u00e9 no controle da vontade de beliscar o tempo todo.<\/p>\n\n\n\n<p>Para voc\u00ea que quer saber dessa fruta, separamos um v\u00eddeo do canal da <a href=\"https:\/\/www.youtube.com\/@NutricionistaPatriciaLeite\" target=\"_blank\" rel=\"noreferrer noopener\">Nutricionista Patricia Leite<\/a> com dicas de consumo e os benef\u00edcios da manga para o corpo:<\/p>\n\n\n\n<figure class=\"wp-block-embed is-type-video is-provider-youtube wp-block-embed-youtube wp-embed-aspect-16-9 wp-has-aspect-ratio\"><div class=\"wp-block-embed__wrapper\">\n<div class=\"jeg_video_container jeg_video_content\"><iframe loading=\"lazy\" title=\"6 BENEF\u00cdCIOS DA MANGA que voc\u00ea PRECISA CONHECER e Dicas de Consumo! (Intestino, Cora\u00e7\u00e3o e Mais)\" width=\"500\" height=\"281\" src=\"https:\/\/www.youtube.com\/embed\/xZ2O-4OT0Aw?start=3&#038;feature=oembed\" frameborder=\"0\" allow=\"accelerometer; autoplay; clipboard-write; encrypted-media; gyroscope; picture-in-picture; web-share\" referrerpolicy=\"strict-origin-when-cross-origin\" allowfullscreen><\/iframe><\/div>\n<\/div><\/figure>\n\n\n\n<h2 class=\"wp-block-heading\">Como incluir a manga na alimenta\u00e7\u00e3o do dia a dia de forma simples<\/h2>\n\n\n\n<p>Colocar a <strong>manga na alimenta\u00e7\u00e3o<\/strong> n\u00e3o precisa ser algo trabalhoso, mesmo para quem vive correndo. Ela combina bem com o <b>caf\u00e9 da manh\u00e3<\/b>, lanches r\u00e1pidos e at\u00e9 pratos salgados, trazendo cor e um <b>doce natural<\/b> que dispensa a\u00e7\u00facar extra em muitas receitas.<\/p>\n\n\n\n<p>Se a ideia \u00e9 variar o card\u00e1pio com pouco esfor\u00e7o, algumas sugest\u00f5es pr\u00e1ticas podem ajudar a criar <strong>novas combina\u00e7\u00f5es<\/strong> com a fruta ao longo da semana:<\/p>\n\n\n\n<ul class=\"wp-block-list\">\n<li><b>Manga em cubos<\/b> com aveia ou <strong>granola sem a\u00e7\u00facar<\/strong>;<\/li>\n\n\n\n<li>Salada de <b>folhas verdes<\/b> com manga, cenoura ralada e <strong>sementes oleaginosas<\/strong>;<\/li>\n\n\n\n<li><b>Vitamina de manga<\/b> com leite ou bebida vegetal, sem adi\u00e7\u00e3o excessiva de <strong>a\u00e7\u00facares<\/strong>;<\/li>\n\n\n\n<li>Molho de manga para acompanhar <b>peixes ou frango<\/b> grelhado;<\/li>\n\n\n\n<li><b>Smoothies com manga<\/b>, gengibre e outras frutas ricas em <strong>antioxidantes<\/strong>.<\/li>\n<\/ul>\n","protected":false},"excerpt":{"rendered":"<p>A manga fortalece a imunidade com vitamina C e regula o intestino gra\u00e7as \u00e0s fibras Seus antioxidantes combatem radicais livres e protegem as c\u00e9lulas Prefira consumir a fruta in natura para aproveitar todos os nutrientes Em um dia bem quente, algu\u00e9m comenta \u201cnada como um suco de manga bem gelado\u201d e, em poucos minutos, a [&hellip;]<\/p>\n","protected":false},"author":9,"featured_media":157711,"comment_status":"open","ping_status":"open","sticky":false,"template":"","format":"standard","meta":{"jnews-multi-image_gallery":[],"jnews_single_post":{"format":"standard"},"jnews_primary_category":[],"jnews_social_meta":[],"jnews_override_counter":[],"footnotes":""},"categories":[8691,8819,1],"tags":[1989,4205,4593],"class_list":["post-157595","post","type-post","status-publish","format-standard","has-post-thumbnail","hentry","category-bem-estar","category-curiosidades","category-noticias","tag-antioxidante","tag-digestao","tag-manga"],"yoast_head":"<!-- This site is optimized with the Yoast SEO plugin v23.8 - https:\/\/yoast.com\/wordpress\/plugins\/seo\/ -->\n<title>Leite com manga faz mal? A lenda antiga que a ci\u00eancia derrubou e os benef\u00edcios dessa fruta - Estado de Minas - Em foco<\/title>\n<meta name=\"description\" content=\"A manga \u00e9 rica em antioxidantes e fibras que ajudam na digest\u00e3o e imunidade Saiba como incluir na dieta di\u00e1ria\" \/>\n<meta name=\"robots\" content=\"index, follow, max-snippet:-1, max-image-preview:large, max-video-preview:-1\" \/>\n<link rel=\"canonical\" href=\"https:\/\/www.em.com.br\/emfoco\/2026\/01\/21\/leite-com-manga-faz-mal-a-lenda-antiga-que-a-ciencia-derrubou-e-os-beneficios-dessa-fruta\/\" \/>\n<meta property=\"og:locale\" content=\"pt_BR\" \/>\n<meta property=\"og:type\" content=\"article\" \/>\n<meta property=\"og:title\" content=\"Leite com manga faz mal? A lenda antiga que a ci\u00eancia derrubou e os benef\u00edcios dessa fruta - Estado de Minas - Em foco\" \/>\n<meta property=\"og:description\" content=\"A manga \u00e9 rica em antioxidantes e fibras que ajudam na digest\u00e3o e imunidade Saiba como incluir na dieta di\u00e1ria\" \/>\n<meta property=\"og:url\" content=\"https:\/\/www.em.com.br\/emfoco\/2026\/01\/21\/leite-com-manga-faz-mal-a-lenda-antiga-que-a-ciencia-derrubou-e-os-beneficios-dessa-fruta\/\" \/>\n<meta property=\"og:site_name\" content=\"Estado de Minas - Em foco\" \/>\n<meta property=\"article:published_time\" content=\"2026-01-21T23:05:47+00:00\" \/>\n<meta property=\"article:modified_time\" content=\"2026-01-20T20:40:45+00:00\" \/>\n<meta property=\"og:image\" content=\"https:\/\/www.em.com.br\/emfoco\/wp-content\/uploads\/2026\/01\/mango-milk_1768939466860.jpg\" \/>\n\t<meta property=\"og:image:width\" content=\"1280\" \/>\n\t<meta property=\"og:image:height\" content=\"720\" \/>\n\t<meta property=\"og:image:type\" content=\"image\/jpeg\" \/>\n<meta name=\"author\" content=\"Daniely Cardoso\" \/>\n<meta name=\"twitter:card\" content=\"summary_large_image\" \/>\n<meta name=\"twitter:label1\" content=\"Escrito por\" \/>\n\t<meta name=\"twitter:data1\" content=\"Daniely Cardoso\" \/>\n\t<meta name=\"twitter:label2\" content=\"Est. tempo de leitura\" \/>\n\t<meta name=\"twitter:data2\" content=\"5 minutos\" \/>\n<!-- \/ Yoast SEO plugin. -->","yoast_head_json":{"title":"Leite com manga faz mal? A lenda antiga que a ci\u00eancia derrubou e os benef\u00edcios dessa fruta - Estado de Minas - Em foco","description":"A manga \u00e9 rica em antioxidantes e fibras que ajudam na digest\u00e3o e imunidade Saiba como incluir na dieta di\u00e1ria","robots":{"index":"index","follow":"follow","max-snippet":"max-snippet:-1","max-image-preview":"max-image-preview:large","max-video-preview":"max-video-preview:-1"},"canonical":"https:\/\/www.em.com.br\/emfoco\/2026\/01\/21\/leite-com-manga-faz-mal-a-lenda-antiga-que-a-ciencia-derrubou-e-os-beneficios-dessa-fruta\/","og_locale":"pt_BR","og_type":"article","og_title":"Leite com manga faz mal? A lenda antiga que a ci\u00eancia derrubou e os benef\u00edcios dessa fruta - Estado de Minas - Em foco","og_description":"A manga \u00e9 rica em antioxidantes e fibras que ajudam na digest\u00e3o e imunidade Saiba como incluir na dieta di\u00e1ria","og_url":"https:\/\/www.em.com.br\/emfoco\/2026\/01\/21\/leite-com-manga-faz-mal-a-lenda-antiga-que-a-ciencia-derrubou-e-os-beneficios-dessa-fruta\/","og_site_name":"Estado de Minas - Em foco","article_published_time":"2026-01-21T23:05:47+00:00","article_modified_time":"2026-01-20T20:40:45+00:00","og_image":[{"width":1280,"height":720,"url":"https:\/\/www.em.com.br\/emfoco\/wp-content\/uploads\/2026\/01\/mango-milk_1768939466860.jpg","type":"image\/jpeg"}],"author":"Daniely Cardoso","twitter_card":"summary_large_image","twitter_misc":{"Escrito por":"Daniely Cardoso","Est. tempo de leitura":"5 minutos"},"schema":{"@context":"https:\/\/schema.org","@graph":[{"@type":"WebPage","@id":"https:\/\/www.em.com.br\/emfoco\/2026\/01\/21\/leite-com-manga-faz-mal-a-lenda-antiga-que-a-ciencia-derrubou-e-os-beneficios-dessa-fruta\/","url":"https:\/\/www.em.com.br\/emfoco\/2026\/01\/21\/leite-com-manga-faz-mal-a-lenda-antiga-que-a-ciencia-derrubou-e-os-beneficios-dessa-fruta\/","name":"Leite com manga faz mal? A lenda antiga que a ci\u00eancia derrubou e os benef\u00edcios dessa fruta - Estado de Minas - Em foco","isPartOf":{"@id":"https:\/\/www.em.com.br\/emfoco\/#website"},"primaryImageOfPage":{"@id":"https:\/\/www.em.com.br\/emfoco\/2026\/01\/21\/leite-com-manga-faz-mal-a-lenda-antiga-que-a-ciencia-derrubou-e-os-beneficios-dessa-fruta\/#primaryimage"},"image":{"@id":"https:\/\/www.em.com.br\/emfoco\/2026\/01\/21\/leite-com-manga-faz-mal-a-lenda-antiga-que-a-ciencia-derrubou-e-os-beneficios-dessa-fruta\/#primaryimage"},"thumbnailUrl":"https:\/\/www.em.com.br\/emfoco\/wp-content\/uploads\/2026\/01\/mango-milk_1768939466860.jpg","datePublished":"2026-01-21T23:05:47+00:00","dateModified":"2026-01-20T20:40:45+00:00","author":{"@id":"https:\/\/www.em.com.br\/emfoco\/#\/schema\/person\/0a8186d72f2c3a5c6276d90b41f271a0"},"description":"A manga \u00e9 rica em antioxidantes e fibras que ajudam na digest\u00e3o e imunidade Saiba como incluir na dieta di\u00e1ria","breadcrumb":{"@id":"https:\/\/www.em.com.br\/emfoco\/2026\/01\/21\/leite-com-manga-faz-mal-a-lenda-antiga-que-a-ciencia-derrubou-e-os-beneficios-dessa-fruta\/#breadcrumb"},"inLanguage":"pt-BR","potentialAction":[{"@type":"ReadAction","target":["https:\/\/www.em.com.br\/emfoco\/2026\/01\/21\/leite-com-manga-faz-mal-a-lenda-antiga-que-a-ciencia-derrubou-e-os-beneficios-dessa-fruta\/"]}]},{"@type":"ImageObject","inLanguage":"pt-BR","@id":"https:\/\/www.em.com.br\/emfoco\/2026\/01\/21\/leite-com-manga-faz-mal-a-lenda-antiga-que-a-ciencia-derrubou-e-os-beneficios-dessa-fruta\/#primaryimage","url":"https:\/\/www.em.com.br\/emfoco\/wp-content\/uploads\/2026\/01\/mango-milk_1768939466860.jpg","contentUrl":"https:\/\/www.em.com.br\/emfoco\/wp-content\/uploads\/2026\/01\/mango-milk_1768939466860.jpg","width":1280,"height":720,"caption":"Quando se fala em propriedades antioxidantes da manga, muita gente pensa primeiro na vitamina C - Cr\u00e9ditos: depositphotos.com \/ AndreySt"},{"@type":"BreadcrumbList","@id":"https:\/\/www.em.com.br\/emfoco\/2026\/01\/21\/leite-com-manga-faz-mal-a-lenda-antiga-que-a-ciencia-derrubou-e-os-beneficios-dessa-fruta\/#breadcrumb","itemListElement":[{"@type":"ListItem","position":1,"name":"In\u00edcio","item":"https:\/\/www.em.com.br\/emfoco\/"},{"@type":"ListItem","position":2,"name":"Leite com manga faz mal? A lenda antiga que a ci\u00eancia derrubou e os benef\u00edcios dessa fruta"}]},{"@type":"WebSite","@id":"https:\/\/www.em.com.br\/emfoco\/#website","url":"https:\/\/www.em.com.br\/emfoco\/","name":"Estado de Minas - Em foco","description":"Acompanhe as \u00faltimas not\u00edcias e fique bem informado sobre tudo o que acontece em Minas Gerais, Brasil e no mundo.","potentialAction":[{"@type":"SearchAction","target":{"@type":"EntryPoint","urlTemplate":"https:\/\/www.em.com.br\/emfoco\/?s={search_term_string}"},"query-input":{"@type":"PropertyValueSpecification","valueRequired":true,"valueName":"search_term_string"}}],"inLanguage":"pt-BR"},{"@type":"Person","@id":"https:\/\/www.em.com.br\/emfoco\/#\/schema\/person\/0a8186d72f2c3a5c6276d90b41f271a0","name":"Daniely Cardoso","image":{"@type":"ImageObject","inLanguage":"pt-BR","@id":"https:\/\/www.em.com.br\/emfoco\/#\/schema\/person\/image\/","url":"https:\/\/secure.gravatar.com\/avatar\/4b80ddbd124d1f071b626d52d62e5dff?s=96&d=mm&r=g","contentUrl":"https:\/\/secure.gravatar.com\/avatar\/4b80ddbd124d1f071b626d52d62e5dff?s=96&d=mm&r=g","caption":"Daniely Cardoso"},"url":"https:\/\/www.em.com.br\/emfoco\/author\/danielymyth\/"}]}},"_links":{"self":[{"href":"https:\/\/www.em.com.br\/emfoco\/wp-json\/wp\/v2\/posts\/157595","targetHints":{"allow":["GET"]}}],"collection":[{"href":"https:\/\/www.em.com.br\/emfoco\/wp-json\/wp\/v2\/posts"}],"about":[{"href":"https:\/\/www.em.com.br\/emfoco\/wp-json\/wp\/v2\/types\/post"}],"author":[{"embeddable":true,"href":"https:\/\/www.em.com.br\/emfoco\/wp-json\/wp\/v2\/users\/9"}],"replies":[{"embeddable":true,"href":"https:\/\/www.em.com.br\/emfoco\/wp-json\/wp\/v2\/comments?post=157595"}],"version-history":[{"count":3,"href":"https:\/\/www.em.com.br\/emfoco\/wp-json\/wp\/v2\/posts\/157595\/revisions"}],"predecessor-version":[{"id":157778,"href":"https:\/\/www.em.com.br\/emfoco\/wp-json\/wp\/v2\/posts\/157595\/revisions\/157778"}],"wp:featuredmedia":[{"embeddable":true,"href":"https:\/\/www.em.com.br\/emfoco\/wp-json\/wp\/v2\/media\/157711"}],"wp:attachment":[{"href":"https:\/\/www.em.com.br\/emfoco\/wp-json\/wp\/v2\/media?parent=157595"}],"wp:term":[{"taxonomy":"category","embeddable":true,"href":"https:\/\/www.em.com.br\/emfoco\/wp-json\/wp\/v2\/categories?post=157595"},{"taxonomy":"post_tag","embeddable":true,"href":"https:\/\/www.em.com.br\/emfoco\/wp-json\/wp\/v2\/tags?post=157595"}],"curies":[{"name":"wp","href":"https:\/\/api.w.org\/{rel}","templated":true}]}}