{"id":157583,"date":"2026-01-21T16:35:04","date_gmt":"2026-01-21T19:35:04","guid":{"rendered":"https:\/\/www.em.com.br\/emfoco\/?p=157583"},"modified":"2026-01-20T17:28:54","modified_gmt":"2026-01-20T20:28:54","slug":"a-cor-desse-jeans-e-aposta-de-2026-e-combina-com-qualquer-sapato-elegante","status":"publish","type":"post","link":"https:\/\/www.em.com.br\/emfoco\/2026\/01\/21\/a-cor-desse-jeans-e-aposta-de-2026-e-combina-com-qualquer-sapato-elegante\/","title":{"rendered":"A cor desse jeans \u00e9 aposta de 2026 e combina com qualquer sapato elegante"},"content":{"rendered":"\n<h2 class=\"wp-block-heading\">O jeans color caf\u00e9 \u00e9 a aposta de 2026 para fugir do tradicional azul Vers\u00e1til ele combina com tons neutros e terrosos e vai do trabalho ao lazer Use com botas ou t\u00eanis e aposte em camisas claras para um visual elegante<\/h2>\n\n\n\n<p>Sabe aquela vontade de fugir do <b>jeans azul<\/b> de sempre, mas ainda assim manter um look f\u00e1cil de combinar? \u00c9 a\u00ed que entram os <strong>jeans cor&nbsp; caf\u00e9<\/strong>, que v\u00eam ganhando espa\u00e7o nas produ\u00e7\u00f5es modernas e elegantes, especialmente em cole\u00e7\u00f5es de in\u00edcio de ano. Esse <b>tom terroso<\/b> se tornou uma alternativa atualizada ao denim tradicional, trazendo um ar mais refinado sem perder a proposta casual do jeans, aparecendo em vitrines, editoriais e looks do dia a dia como pe\u00e7a curinga do <strong>guarda-roupa contempor\u00e2neo<\/strong>.<\/p>\n\n\n\n<h2 class=\"wp-block-heading\">Por que os jeans cor caf\u00e9 est\u00e3o em alta no estilo atual<\/h2>\n\n\n\n<p>A principal caracter\u00edstica dos <strong>jeans marrom caf\u00e9<\/strong> \u00e9 a <b>versatilidade<\/b>. O tom combina com uma ampla cartela de cores, dos neutros cl\u00e1ssicos, como <strong>bege<\/strong>, off-white e preto, at\u00e9 tonalidades mais intensas, como verde musgo, vinho e laranja queimado, o que facilita muito na hora de se vestir.<\/p>\n\n\n\n<p>Outro ponto importante \u00e9 a est\u00e9tica ligada aos <em>tons terrosos<\/em>, associados a um visual <b>natural<\/b> e urbano ao mesmo tempo. Marcas nacionais e internacionais t\u00eam explorado essa <strong>paleta<\/strong>, aproximando o jeans caf\u00e9 de tend\u00eancias que priorizam conforto visual, sobriedade e um toque aconchegante, fazendo do marrom um novo neutro para o ano inteiro, inclusive em <b>2026<\/b>.<\/p>\n\n\n\n<figure class=\"wp-block-embed is-type-rich is-provider-pinterest wp-block-embed-pinterest\"><div class=\"wp-block-embed__wrapper\">\n<iframe loading=\"lazy\" title=\"Cal\u00e7a wide leg marrom  Tamanho 36 ao 44  R$ 139,99  \ud83d\udcde 24 998489941 \ud83d\udcb3 Parcelamos no cart\u00e3o de cr\u00e9dito em at\u00e9 10x sem juros  \ud83d\udc8c Envio para todo Brasil\" src=\"https:\/\/assets.pinterest.com\/ext\/embed.html?id=113575221848683926&#038;src=oembed\" height=\"663\" width=\"450\" frameborder=\"0\" scrolling=\"no\" ><\/iframe>\n<\/div><\/figure>\n\n\n\n<p>Leia tamb\u00e9m:&nbsp;<a href=\"https:\/\/www.em.com.br\/emfoco\/2026\/01\/16\/adeus-short-jeans-essa-e-a-nova-tendencia-para-o-verao-2026-e-muito-mais-descolada\/\" target=\"_blank\" rel=\"noopener\">Adeus short jeans, essa \u00e9 a nova tend\u00eancia para o ver\u00e3o 2026 \u00e9 muito mais descolada<\/a><\/p>\n\n\n\n<h2 class=\"wp-block-heading\">Como o marrom caf\u00e9 deixa o visual mais equilibrado<\/h2>\n\n\n\n<p>O jeans em <b>tom caf\u00e9<\/b> ajuda a suavizar produ\u00e7\u00f5es inteiramente escuras, funcionando como uma alternativa menos r\u00edgida ao <strong>preto<\/strong>. Para quem busca um visual elegante, mas com apar\u00eancia leve e acess\u00edvel, o marrom surge como ponto de equil\u00edbrio, principalmente em ambientes de <b>trabalho<\/b> com c\u00f3digos de vestimenta mais flex\u00edveis.<\/p>\n\n\n\n<p>Esse tom tamb\u00e9m conversa bem com diferentes <b>estilos pessoais<\/b>, do mais cl\u00e1ssico ao despojado. Dependendo da combina\u00e7\u00e3o de pe\u00e7as e acess\u00f3rios, o mesmo <strong>jeans caf\u00e9<\/strong> pode se adaptar a um dia de escrit\u00f3rio, a um passeio no fim de semana ou at\u00e9 a um <b>encontro noturno<\/b> mais arrumado.<\/p>\n\n\n\n<figure class=\"wp-block-embed is-type-rich is-provider-pinterest wp-block-embed-pinterest\"><div class=\"wp-block-embed__wrapper\">\n<iframe loading=\"lazy\" title=\"OOTD \ud83e\udd0e\ud83d\udda4 Brown&amp;Black\" src=\"https:\/\/assets.pinterest.com\/ext\/embed.html?id=7599893117328836&#038;src=oembed\" height=\"661\" width=\"450\" frameborder=\"0\" scrolling=\"no\" ><\/iframe>\n<\/div><\/figure>\n\n\n\n<h2 class=\"wp-block-heading\">Como combinar jeans cor caf\u00e9 com cal\u00e7ados em tend\u00eancia<\/h2>\n\n\n\n<p>O <b>cal\u00e7ado<\/b> \u00e9 um dos elementos que mais influenciam na leitura de um look com <strong>jeans em tom caf\u00e9<\/strong>. A partir da escolha do sapato, a mesma cal\u00e7a pode ganhar um ar casual de fim de semana ou um perfil mais alinhado para compromissos <b>profissionais<\/b>, sem perder o conforto.<\/p>\n\n\n\n<p>Nas cole\u00e7\u00f5es de <strong>2026<\/strong>, algumas combina\u00e7\u00f5es v\u00eam se destacando e devem seguir fortes em 2026, principalmente em propostas que misturam praticidade e um toque <b>elegante<\/b> no dia a dia.<\/p>\n\n\n\n<ul class=\"wp-block-list\">\n<li><strong>Botas de cano curto em couro liso ou texturizado<\/strong>: em tons de chocolate ou marrom escuro, criam um <b>efeito visual alongado<\/b>, sobretudo com jeans reto ou levemente flare.<\/li>\n\n\n\n<li><strong>Mocassins cl\u00e1ssicos<\/strong>: com solado baixo e acabamento polido, refor\u00e7am um <b>estilo urbano elegante<\/b>, ideal para escrit\u00f3rio, reuni\u00f5es informais e eventos diurnos.<\/li>\n\n\n\n<li><strong>Botas de cano alto em cores neutras<\/strong>: em bege, caramelo ou caf\u00e9 claro, deixam o visual mais <b>sofisticado<\/b>, especialmente com o jeans por dentro da bota.<\/li>\n\n\n\n<li><strong>T\u00eanis minimalistas<\/strong>: brancos, off-white ou em marrom claro garantem um visual <b>descomplicado<\/b>, mas ainda bem cuidado e atual.<\/li>\n<\/ul>\n\n\n\n<figure class=\"wp-block-embed is-type-rich is-provider-pinterest wp-block-embed-pinterest\"><div class=\"wp-block-embed__wrapper\">\n<iframe loading=\"lazy\" title=\" \" src=\"https:\/\/assets.pinterest.com\/ext\/embed.html?id=911838255814519287&#038;src=oembed\" height=\"899\" width=\"450\" frameborder=\"0\" scrolling=\"no\" ><\/iframe>\n<\/div><\/figure>\n\n\n\n<h2 class=\"wp-block-heading\">Quais pe\u00e7as de cima combinam melhor com jeans cor caf\u00e9<\/h2>\n\n\n\n<p>Na parte de cima, as <b>blusas<\/b> e casacos podem transformar totalmente a proposta dos <strong>jeans marrom caf\u00e9<\/strong>. Camisas de algod\u00e3o em branco, areia ou creme s\u00e3o muito usadas em produ\u00e7\u00f5es de trabalho, criando um visual organizado e f\u00e1cil de coordenar, enquanto tric\u00f4s em terracota, verde oliva ou amarelo queimado refor\u00e7am a <b>paleta terrosa<\/b>.<\/p>\n\n\n\n<p>Para quem gosta de seguir tend\u00eancias recentes, jaquetas com <b>textura<\/b> \u2013 em pelo sint\u00e9tico, l\u00e3 batida ou couro \u2013 aparecem com frequ\u00eancia ao lado do jeans caf\u00e9. Esses materiais deixam o visual mais interessante em camadas e ajudam a criar combina\u00e7\u00f5es como <strong>jeans reto<\/strong> com casaco marrom escuro ou modelos wide leg caramelo com <b>blazers claros<\/b>.<\/p>\n\n\n\n<p>Para voc\u00ea que quer mais dicas, separamos um v\u00eddeo do canal da <a class=\"yt-simple-endpoint style-scope yt-formatted-string\" spellcheck=\"false\" href=\"https:\/\/www.youtube.com\/@girodrigues\" target=\"_blank\" rel=\"noopener\">Gi Rodrigues <\/a>com exemplos de looks para usar com uma cal\u00e7a marrom:<\/p>\n\n\n\n<figure class=\"wp-block-embed is-type-video is-provider-youtube wp-block-embed-youtube wp-embed-aspect-16-9 wp-has-aspect-ratio\"><div class=\"wp-block-embed__wrapper\">\n<div class=\"jeg_video_container jeg_video_content\"><iframe loading=\"lazy\" title=\"5 LOOKS PRO TRABALHO USANDO CAL\u00c7A MARROM #1pe\u00e7a5looks | Gi Rodrigues\" width=\"500\" height=\"281\" src=\"https:\/\/www.youtube.com\/embed\/ow0K4Eh_C70?feature=oembed\" frameborder=\"0\" allow=\"accelerometer; autoplay; clipboard-write; encrypted-media; gyroscope; picture-in-picture; web-share\" referrerpolicy=\"strict-origin-when-cross-origin\" allowfullscreen><\/iframe><\/div>\n<\/div><\/figure>\n\n\n\n<h2 class=\"wp-block-heading\">Como usar acess\u00f3rios para valorizar o jeans caf\u00e9<\/h2>\n\n\n\n<p>Os <b>acess\u00f3rios<\/b> t\u00eam papel importante para deixar o look com jeans caf\u00e9 mais completo e intencional. Cintos em couro marrom, bolsas em tons pr\u00f3ximos ao da cal\u00e7a e len\u00e7os discretos ajudam a integrar o <strong>visual<\/strong>, criando uma sensa\u00e7\u00e3o de harmonia entre as pe\u00e7as.<\/p>\n\n\n\n<p>Em contextos mais <b>formais<\/b>, rel\u00f3gios com pulseira de couro e bolsas estruturadas refor\u00e7am a ideia de organiza\u00e7\u00e3o e cuidado com a composi\u00e7\u00e3o. J\u00e1 em situa\u00e7\u00f5es casuais, mochilas simples, bolsas tiracolo e bijuterias delicadas mant\u00eam o visual leve, mas ainda com apar\u00eancia bem <strong>pensada<\/strong>.<\/p>\n\n\n\n<h2 class=\"wp-block-heading\">De que forma o jeans caf\u00e9 pode ser usado ao longo <\/h2>\n\n\n\n<p>O <strong>jeans cor caf\u00e9<\/strong> n\u00e3o se limita a uma esta\u00e7\u00e3o espec\u00edfica. Em dias frios, combina bem com botas, tric\u00f4s pesados e casacos alongados; em temperaturas mais amenas, funciona com <b>camisas leves<\/b>, camisetas b\u00e1sicas e t\u00eanis discretos, mantendo o visual equilibrado e <b>confort\u00e1vel<\/b>.<\/p>\n\n\n\n<p>Com o fortalecimento dos <b>tons terrosos<\/b> nas cole\u00e7\u00f5es recentes, a tend\u00eancia \u00e9 que o jeans caf\u00e9 se consolide como item est\u00e1vel, e n\u00e3o apenas como moda passageira. A combina\u00e7\u00e3o entre praticidade, neutralidade e possibilidade de criar looks <strong>elegantes<\/strong> faz com que essa cal\u00e7a continue relevante em 2026, acompanhando a busca por guarda-roupas mais funcionais e <b>duradouros<\/b>.<\/p>\n","protected":false},"excerpt":{"rendered":"<p>O jeans color caf\u00e9 \u00e9 a aposta de 2026 para fugir do tradicional azul Vers\u00e1til ele combina com tons neutros e terrosos e vai do trabalho ao lazer Use com botas ou t\u00eanis e aposte em camisas claras para um visual elegante Sabe aquela vontade de fugir do jeans azul de sempre, mas ainda assim [&hellip;]<\/p>\n","protected":false},"author":9,"featured_media":157686,"comment_status":"open","ping_status":"open","sticky":false,"template":"","format":"standard","meta":{"jnews-multi-image_gallery":[],"jnews_single_post":{"format":"standard"},"jnews_primary_category":[],"jnews_social_meta":[],"jnews_override_counter":[],"footnotes":""},"categories":[8691,8819,1],"tags":[23043,6144,4977],"class_list":["post-157583","post","type-post","status-publish","format-standard","has-post-thumbnail","hentry","category-bem-estar","category-curiosidades","category-noticias","tag-cor-cafe","tag-jeans","tag-moda"],"yoast_head":"<!-- This site is optimized with the Yoast SEO plugin v23.8 - https:\/\/yoast.com\/wordpress\/plugins\/seo\/ -->\n<title>A cor desse jeans \u00e9 aposta de 2026 e combina com qualquer sapato elegante - Estado de Minas - Em foco<\/title>\n<meta name=\"description\" content=\"O jeans caf\u00e9 \u00e9 tend\u00eancia e substitui o azul com eleg\u00e2ncia Saiba combinar com botas e camisas em looks modernos\" \/>\n<meta name=\"robots\" content=\"index, follow, max-snippet:-1, max-image-preview:large, max-video-preview:-1\" \/>\n<link rel=\"canonical\" href=\"https:\/\/www.em.com.br\/emfoco\/2026\/01\/21\/a-cor-desse-jeans-e-aposta-de-2026-e-combina-com-qualquer-sapato-elegante\/\" \/>\n<meta property=\"og:locale\" content=\"pt_BR\" \/>\n<meta property=\"og:type\" content=\"article\" \/>\n<meta property=\"og:title\" content=\"A cor desse jeans \u00e9 aposta de 2026 e combina com qualquer sapato elegante - Estado de Minas - Em foco\" \/>\n<meta property=\"og:description\" content=\"O jeans caf\u00e9 \u00e9 tend\u00eancia e substitui o azul com eleg\u00e2ncia Saiba combinar com botas e camisas em looks modernos\" \/>\n<meta property=\"og:url\" content=\"https:\/\/www.em.com.br\/emfoco\/2026\/01\/21\/a-cor-desse-jeans-e-aposta-de-2026-e-combina-com-qualquer-sapato-elegante\/\" \/>\n<meta property=\"og:site_name\" content=\"Estado de Minas - Em foco\" \/>\n<meta property=\"article:published_time\" content=\"2026-01-21T19:35:04+00:00\" \/>\n<meta property=\"article:modified_time\" content=\"2026-01-20T20:28:54+00:00\" \/>\n<meta property=\"og:image\" content=\"https:\/\/www.em.com.br\/emfoco\/wp-content\/uploads\/2026\/01\/calca-marrom_1768938621116.jpg\" \/>\n\t<meta property=\"og:image:width\" content=\"1280\" \/>\n\t<meta property=\"og:image:height\" content=\"720\" \/>\n\t<meta property=\"og:image:type\" content=\"image\/jpeg\" \/>\n<meta name=\"author\" content=\"Daniely Cardoso\" \/>\n<meta name=\"twitter:card\" content=\"summary_large_image\" \/>\n<meta name=\"twitter:label1\" content=\"Escrito por\" \/>\n\t<meta name=\"twitter:data1\" content=\"Daniely Cardoso\" \/>\n\t<meta name=\"twitter:label2\" content=\"Est. tempo de leitura\" \/>\n\t<meta name=\"twitter:data2\" content=\"6 minutos\" \/>\n<!-- \/ Yoast SEO plugin. -->","yoast_head_json":{"title":"A cor desse jeans \u00e9 aposta de 2026 e combina com qualquer sapato elegante - Estado de Minas - Em foco","description":"O jeans caf\u00e9 \u00e9 tend\u00eancia e substitui o azul com eleg\u00e2ncia Saiba combinar com botas e camisas em looks modernos","robots":{"index":"index","follow":"follow","max-snippet":"max-snippet:-1","max-image-preview":"max-image-preview:large","max-video-preview":"max-video-preview:-1"},"canonical":"https:\/\/www.em.com.br\/emfoco\/2026\/01\/21\/a-cor-desse-jeans-e-aposta-de-2026-e-combina-com-qualquer-sapato-elegante\/","og_locale":"pt_BR","og_type":"article","og_title":"A cor desse jeans \u00e9 aposta de 2026 e combina com qualquer sapato elegante - Estado de Minas - Em foco","og_description":"O jeans caf\u00e9 \u00e9 tend\u00eancia e substitui o azul com eleg\u00e2ncia Saiba combinar com botas e camisas em looks modernos","og_url":"https:\/\/www.em.com.br\/emfoco\/2026\/01\/21\/a-cor-desse-jeans-e-aposta-de-2026-e-combina-com-qualquer-sapato-elegante\/","og_site_name":"Estado de Minas - Em foco","article_published_time":"2026-01-21T19:35:04+00:00","article_modified_time":"2026-01-20T20:28:54+00:00","og_image":[{"width":1280,"height":720,"url":"https:\/\/www.em.com.br\/emfoco\/wp-content\/uploads\/2026\/01\/calca-marrom_1768938621116.jpg","type":"image\/jpeg"}],"author":"Daniely Cardoso","twitter_card":"summary_large_image","twitter_misc":{"Escrito por":"Daniely Cardoso","Est. tempo de leitura":"6 minutos"},"schema":{"@context":"https:\/\/schema.org","@graph":[{"@type":"WebPage","@id":"https:\/\/www.em.com.br\/emfoco\/2026\/01\/21\/a-cor-desse-jeans-e-aposta-de-2026-e-combina-com-qualquer-sapato-elegante\/","url":"https:\/\/www.em.com.br\/emfoco\/2026\/01\/21\/a-cor-desse-jeans-e-aposta-de-2026-e-combina-com-qualquer-sapato-elegante\/","name":"A cor desse jeans \u00e9 aposta de 2026 e combina com qualquer sapato elegante - Estado de Minas - Em foco","isPartOf":{"@id":"https:\/\/www.em.com.br\/emfoco\/#website"},"primaryImageOfPage":{"@id":"https:\/\/www.em.com.br\/emfoco\/2026\/01\/21\/a-cor-desse-jeans-e-aposta-de-2026-e-combina-com-qualquer-sapato-elegante\/#primaryimage"},"image":{"@id":"https:\/\/www.em.com.br\/emfoco\/2026\/01\/21\/a-cor-desse-jeans-e-aposta-de-2026-e-combina-com-qualquer-sapato-elegante\/#primaryimage"},"thumbnailUrl":"https:\/\/www.em.com.br\/emfoco\/wp-content\/uploads\/2026\/01\/calca-marrom_1768938621116.jpg","datePublished":"2026-01-21T19:35:04+00:00","dateModified":"2026-01-20T20:28:54+00:00","author":{"@id":"https:\/\/www.em.com.br\/emfoco\/#\/schema\/person\/0a8186d72f2c3a5c6276d90b41f271a0"},"description":"O jeans caf\u00e9 \u00e9 tend\u00eancia e substitui o azul com eleg\u00e2ncia Saiba combinar com botas e camisas em looks modernos","breadcrumb":{"@id":"https:\/\/www.em.com.br\/emfoco\/2026\/01\/21\/a-cor-desse-jeans-e-aposta-de-2026-e-combina-com-qualquer-sapato-elegante\/#breadcrumb"},"inLanguage":"pt-BR","potentialAction":[{"@type":"ReadAction","target":["https:\/\/www.em.com.br\/emfoco\/2026\/01\/21\/a-cor-desse-jeans-e-aposta-de-2026-e-combina-com-qualquer-sapato-elegante\/"]}]},{"@type":"ImageObject","inLanguage":"pt-BR","@id":"https:\/\/www.em.com.br\/emfoco\/2026\/01\/21\/a-cor-desse-jeans-e-aposta-de-2026-e-combina-com-qualquer-sapato-elegante\/#primaryimage","url":"https:\/\/www.em.com.br\/emfoco\/wp-content\/uploads\/2026\/01\/calca-marrom_1768938621116.jpg","contentUrl":"https:\/\/www.em.com.br\/emfoco\/wp-content\/uploads\/2026\/01\/calca-marrom_1768938621116.jpg","width":1280,"height":720,"caption":"A principal caracter\u00edstica dos jeans marrom caf\u00e9 \u00e9 a versatilidade. O tom combina com uma ampla cartela de cores - Cr\u00e9ditos: depositphotos.com \/ IgorVetushko"},{"@type":"BreadcrumbList","@id":"https:\/\/www.em.com.br\/emfoco\/2026\/01\/21\/a-cor-desse-jeans-e-aposta-de-2026-e-combina-com-qualquer-sapato-elegante\/#breadcrumb","itemListElement":[{"@type":"ListItem","position":1,"name":"In\u00edcio","item":"https:\/\/www.em.com.br\/emfoco\/"},{"@type":"ListItem","position":2,"name":"A cor desse jeans \u00e9 aposta de 2026 e combina com qualquer sapato elegante"}]},{"@type":"WebSite","@id":"https:\/\/www.em.com.br\/emfoco\/#website","url":"https:\/\/www.em.com.br\/emfoco\/","name":"Estado de Minas - Em foco","description":"Acompanhe as \u00faltimas not\u00edcias e fique bem informado sobre tudo o que acontece em Minas Gerais, Brasil e no mundo.","potentialAction":[{"@type":"SearchAction","target":{"@type":"EntryPoint","urlTemplate":"https:\/\/www.em.com.br\/emfoco\/?s={search_term_string}"},"query-input":{"@type":"PropertyValueSpecification","valueRequired":true,"valueName":"search_term_string"}}],"inLanguage":"pt-BR"},{"@type":"Person","@id":"https:\/\/www.em.com.br\/emfoco\/#\/schema\/person\/0a8186d72f2c3a5c6276d90b41f271a0","name":"Daniely Cardoso","image":{"@type":"ImageObject","inLanguage":"pt-BR","@id":"https:\/\/www.em.com.br\/emfoco\/#\/schema\/person\/image\/","url":"https:\/\/secure.gravatar.com\/avatar\/4b80ddbd124d1f071b626d52d62e5dff?s=96&d=mm&r=g","contentUrl":"https:\/\/secure.gravatar.com\/avatar\/4b80ddbd124d1f071b626d52d62e5dff?s=96&d=mm&r=g","caption":"Daniely Cardoso"},"url":"https:\/\/www.em.com.br\/emfoco\/author\/danielymyth\/"}]}},"_links":{"self":[{"href":"https:\/\/www.em.com.br\/emfoco\/wp-json\/wp\/v2\/posts\/157583","targetHints":{"allow":["GET"]}}],"collection":[{"href":"https:\/\/www.em.com.br\/emfoco\/wp-json\/wp\/v2\/posts"}],"about":[{"href":"https:\/\/www.em.com.br\/emfoco\/wp-json\/wp\/v2\/types\/post"}],"author":[{"embeddable":true,"href":"https:\/\/www.em.com.br\/emfoco\/wp-json\/wp\/v2\/users\/9"}],"replies":[{"embeddable":true,"href":"https:\/\/www.em.com.br\/emfoco\/wp-json\/wp\/v2\/comments?post=157583"}],"version-history":[{"count":3,"href":"https:\/\/www.em.com.br\/emfoco\/wp-json\/wp\/v2\/posts\/157583\/revisions"}],"predecessor-version":[{"id":157749,"href":"https:\/\/www.em.com.br\/emfoco\/wp-json\/wp\/v2\/posts\/157583\/revisions\/157749"}],"wp:featuredmedia":[{"embeddable":true,"href":"https:\/\/www.em.com.br\/emfoco\/wp-json\/wp\/v2\/media\/157686"}],"wp:attachment":[{"href":"https:\/\/www.em.com.br\/emfoco\/wp-json\/wp\/v2\/media?parent=157583"}],"wp:term":[{"taxonomy":"category","embeddable":true,"href":"https:\/\/www.em.com.br\/emfoco\/wp-json\/wp\/v2\/categories?post=157583"},{"taxonomy":"post_tag","embeddable":true,"href":"https:\/\/www.em.com.br\/emfoco\/wp-json\/wp\/v2\/tags?post=157583"}],"curies":[{"name":"wp","href":"https:\/\/api.w.org\/{rel}","templated":true}]}}