{"id":157582,"date":"2026-01-21T15:45:00","date_gmt":"2026-01-21T18:45:00","guid":{"rendered":"https:\/\/www.em.com.br\/emfoco\/?p=157582"},"modified":"2026-01-20T17:20:54","modified_gmt":"2026-01-20T20:20:54","slug":"essa-bebida-fermentada-deixa-sua-digestao-mais-leve-e-o-intestino-equilibrado","status":"publish","type":"post","link":"https:\/\/www.em.com.br\/emfoco\/2026\/01\/21\/essa-bebida-fermentada-deixa-sua-digestao-mais-leve-e-o-intestino-equilibrado\/","title":{"rendered":"Essa bebida fermentada deixa sua digest\u00e3o mais leve e o intestino equilibrado"},"content":{"rendered":"\n<h2 class=\"wp-block-heading\">O kefir \u00e9 uma bebida fermentada rica em probi\u00f3ticos que equilibra a flora intestinal e melhora a digest\u00e3o Ele pode ser feito com \u00e1gua ou leite e exige higiene no cultivo para evitar contamina\u00e7\u00f5es e garantir benef\u00edcios<\/h2>\n\n\n\n<p><b>Imagine come\u00e7ar o dia<\/b> com uma bebida simples, feita em casa, que pode deixar sua <b>digest\u00e3o mais leve<\/b> e o intestino mais equilibrado. \u00c9 assim que muitas pessoas descrevem o kefir, um alimento fermentado que vem ganhando espa\u00e7o na rotina justamente por unir praticidade e benef\u00edcios para o bem-estar. Preparado a partir de gr\u00e3os ricos em <b>microrganismos vivos<\/b>, ele pode ser feito com leite, \u00e1gua ou bebidas vegetais e costuma ter sabor levemente \u00e1cido, textura suave e uso bastante vers\u00e1til no dia a dia.<\/p>\n\n\n\n<h2 class=\"wp-block-heading\">O que \u00e9 o kefir e por que ele tem chamado tanta aten\u00e7\u00e3o<\/h2>\n\n\n\n<p>A principal caracter\u00edstica do <b>kefir<\/b> \u00e9 o seu potencial probi\u00f3tico, ou seja, a presen\u00e7a de \u201cbact\u00e9rias do bem\u201d que podem contribuir para um <b>intestino mais saud\u00e1vel<\/b>. Esses gr\u00e3os s\u00e3o formados por uma combina\u00e7\u00e3o de bact\u00e9rias \u00e1cido-l\u00e1ticas, leveduras e outros microrganismos que fermentam os a\u00e7\u00facares presentes no leite ou em solu\u00e7\u00f5es a\u00e7ucaradas, criando um ambiente rico em <b>compostos fermentados<\/b>.<\/p>\n\n\n\n<p>Durante a fermenta\u00e7\u00e3o, s\u00e3o produzidos <b>\u00e1cido l\u00e1tico<\/b>, pequenas quantidades de etanol, di\u00f3xido de carbono e subst\u00e2ncias bioativas que podem influenciar o organismo. O kefir costuma ter diversidade microbiana maior que muitos iogurtes industrializados, incluindo esp\u00e9cies como <em>Lactobacillus<\/em> e <em>Lactococcus<\/em>, o que desperta o interesse em pesquisas. Em pessoas com <b>sensibilidade \u00e0 lactose<\/b>, ele pode ser melhor tolerado, j\u00e1 que parte da lactose \u00e9 degradada nesse processo e h\u00e1 forma\u00e7\u00e3o de compostos que podem favorecer uma <b>flora intestinal equilibrada<\/b>.<\/p>\n\n\n\n<figure class=\"wp-block-embed is-type-rich is-provider-pinterest wp-block-embed-pinterest\"><div class=\"wp-block-embed__wrapper\">\n<iframe loading=\"lazy\" title=\"Kefir de Leite: Como cultivar - Um guia b\u00e1sico\" src=\"https:\/\/assets.pinterest.com\/ext\/embed.html?id=408983209899912901&#038;src=oembed\" height=\"775\" width=\"450\" frameborder=\"0\" scrolling=\"no\" ><\/iframe>\n<\/div><\/figure>\n\n\n\n<p>Leia tamb\u00e9m:&nbsp;<a href=\"https:\/\/www.em.com.br\/emfoco\/2026\/01\/12\/especialistas-mostram-por-que-o-leite-segue-essencial-na-vida-adulta-e-revelam-impacto-direto-na-saude-ossea-muscular-e-metabolica\/\" target=\"_blank\" rel=\"noopener\">Especialistas mostram por que o leite segue essencial na vida adulta e revelam impacto direto na sa\u00fade \u00f3ssea, muscular e metab\u00f3lica<\/a><\/p>\n\n\n\n<h2 class=\"wp-block-heading\">Como o kefir pode ajudar na digest\u00e3o e no funcionamento do intestino<\/h2>\n\n\n\n<p>O efeito digestivo do <b>kefir<\/b> est\u00e1 diretamente ligado ao impacto na microbiota intestinal, o conjunto de microrganismos que vive no nosso intestino. Quando essa flora est\u00e1 mais <b>equilibrada e diversa<\/b>, \u00e9 comum perceber um funcionamento mais regular, menos desconforto e, em algumas pessoas, redu\u00e7\u00e3o da sensa\u00e7\u00e3o de estufamento, al\u00e9m de poss\u00edvel melhora na absor\u00e7\u00e3o de <b>nutrientes importantes<\/b>.<\/p>\n\n\n\n<p>Relatos e estudos observacionais sugerem que o consumo frequente de <b>kefir<\/b> pode colaborar com menos gases, fezes mais regulares e digest\u00e3o um pouco mais leve. Por\u00e9m, cada organismo reage de um jeito: nas primeiras semanas, \u00e9 normal notar mudan\u00e7a no padr\u00e3o das fezes ou leve aumento de gases at\u00e9 o corpo se adaptar. Quem tem <b>s\u00edndrome do intestino irrit\u00e1vel<\/b>, intoler\u00e2ncias ou doen\u00e7as inflamat\u00f3rias deve conversar com um profissional antes de incluir o kefir na rotina, avaliando tamb\u00e9m a intera\u00e7\u00e3o com outros <b>h\u00e1bitos alimentares<\/b>.<\/p>\n\n\n\n<h2 class=\"wp-block-heading\">Quais s\u00e3o os tipos de kefir e como incluir cada um na rotina<\/h2>\n\n\n\n<p>Existem tr\u00eas formas mais comuns de <b>kefir<\/b>: o de leite, o de \u00e1gua e o preparado com bebidas vegetais. A base escolhida muda o sabor, a textura e parte dos nutrientes, mas o processo de fermenta\u00e7\u00e3o \u00e9 semelhante: os gr\u00e3os s\u00e3o colocados no l\u00edquido e ficam de 12 a 48 horas em temperatura ambiente, permitindo o crescimento de uma <b>microbiota fermentadora<\/b> que transforma a\u00e7\u00facares em <b>compostos ben\u00e9ficos<\/b>.<\/p>\n\n\n\n<ul class=\"wp-block-list\">\n<li><strong>Kefir de leite:<\/strong> feito com leite de vaca, cabra ou ovelha, traz <b>prote\u00ednas<\/b>, c\u00e1lcio, gorduras e probi\u00f3ticos, com textura que lembra um iogurte mais l\u00edquido.<\/li>\n\n\n\n<li><strong>Kefir de \u00e1gua:<\/strong> fermentado em \u00e1gua com <b>a\u00e7\u00facar mascavo<\/b>, demerara ou outro carboidrato, resulta em bebida leve, \u00e0s vezes levemente gaseificada e aromatizada com frutas.<\/li>\n\n\n\n<li><strong>Kefir em bebidas vegetais:<\/strong> preparado com leites de <b>coco ou am\u00eandoas<\/b>, costuma ser op\u00e7\u00e3o para quem evita latic\u00ednios.<\/li>\n<\/ul>\n\n\n\n<figure class=\"wp-block-embed is-type-rich is-provider-pinterest wp-block-embed-pinterest\"><div class=\"wp-block-embed__wrapper\">\n<iframe loading=\"lazy\" title=\"\u00a1Prepara tu propio k\u00e9fir de leche en casa! \ud83e\udd5b\ud83d\udc4c\ud83c\udffb\" src=\"https:\/\/assets.pinterest.com\/ext\/embed.html?id=1407443630026495&#038;src=oembed\" height=\"775\" width=\"450\" frameborder=\"0\" scrolling=\"no\" ><\/iframe>\n<\/div><\/figure>\n\n\n\n<h2 class=\"wp-block-heading\">Como usar o kefir no dia a dia de forma simples e saborosa<\/h2>\n\n\n\n<p>Na pr\u00e1tica, o <b>kefir<\/b> pode entrar em v\u00e1rias refei\u00e7\u00f5es, sem complicar a rotina. Muita gente gosta de consumi-lo no caf\u00e9 da manh\u00e3 ou em lanches, puro ou misturado com <b>frutas frescas<\/b>, aveia e mel, como se fosse um iogurte mais leve. Tamb\u00e9m \u00e9 comum bater com frutas em vitaminas, usar como base de molhos cremosos para salada ou em prepara\u00e7\u00f5es frias no lugar de creme de leite, adicionando uma <b>dose extra de probi\u00f3ticos<\/b>.<\/p>\n\n\n\n<p>Ao escolher a forma de consumo, entram em cena o <b>gosto pessoal<\/b>, o n\u00edvel de acidez desejado e as necessidades nutricionais de cada um. Quem prefere algo mais suave pode optar por tempos menores de fermenta\u00e7\u00e3o e combinar com frutas mais doces. J\u00e1 quem busca reduzir ainda mais a <b>lactose<\/b> tende a deixar fermentar por mais tempo, aceitando um sabor mais \u00e1cido e uma textura um pouco mais encorpada, ajustando a por\u00e7\u00e3o para manter o <b>conforto digestivo<\/b>.<\/p>\n\n\n\n<p>Para voc\u00ea que quer aprofundar, separamos um v\u00eddeo do canal da <a class=\"yt-simple-endpoint style-scope yt-formatted-string\" spellcheck=\"false\" href=\"https:\/\/www.youtube.com\/@NutricionistaPatriciaLeite\" target=\"_blank\" rel=\"noopener\">Nutricionista Patricia Leite<\/a> com dicas de consumo e benef\u00edcios do kefir para sa\u00fade corporal:<\/p>\n\n\n\n<figure class=\"wp-block-embed is-type-video is-provider-youtube wp-block-embed-youtube wp-embed-aspect-16-9 wp-has-aspect-ratio\"><div class=\"wp-block-embed__wrapper\">\n<div class=\"jeg_video_container jeg_video_content\"><iframe loading=\"lazy\" title=\"8 Benef\u00edcios do Kefir - Para Que Serve, Como Tomar, Fazer e Cuidar [+Receitas]\" width=\"500\" height=\"281\" src=\"https:\/\/www.youtube.com\/embed\/CIV82H9_2Dk?feature=oembed\" frameborder=\"0\" allow=\"accelerometer; autoplay; clipboard-write; encrypted-media; gyroscope; picture-in-picture; web-share\" referrerpolicy=\"strict-origin-when-cross-origin\" allowfullscreen><\/iframe><\/div>\n<\/div><\/figure>\n\n\n\n<h2 class=\"wp-block-heading\">Como consumir kefir com seguran\u00e7a e cuidar bem da fermenta\u00e7\u00e3o em casa<\/h2>\n\n\n\n<p>Por ser um <b>alimento vivo<\/b>, o kefir precisa de alguns cuidados b\u00e1sicos para ser consumido com seguran\u00e7a. Utens\u00edlios limpos, \u00e1gua de boa qualidade e recipientes adequados ajudam a evitar contamina\u00e7\u00f5es e garantem que os <b>microrganismos ben\u00e9ficos<\/b> se desenvolvam bem. Em casa, isso significa lavar bem os potes, coadores e colheres usados no preparo, al\u00e9m de manter o ambiente de fermenta\u00e7\u00e3o protegido de <b>calor excessivo<\/b>.<\/p>\n\n\n\n<p>Muitas pessoas come\u00e7am com pequenas quantidades, em torno de <b>50 ml a 100 ml<\/b> por dia, aumentando aos poucos conforme a toler\u00e2ncia. \u00c9 importante observar como o corpo reage: se surgirem desconfortos intensos ou persistentes, vale conversar com um profissional de sa\u00fade. Controlar o tempo de fermenta\u00e7\u00e3o tamb\u00e9m faz diferen\u00e7a, pois per\u00edodos mais longos deixam a bebida mais \u00e1cida e com menor teor de <b>lactose<\/b>. Depois de pronta, a bebida deve ser mantida na geladeira, em recipiente fechado, por alguns dias, sempre respeitando apar\u00eancia, <b>cheiro e sabor<\/b> antes do consumo.<\/p>\n","protected":false},"excerpt":{"rendered":"<p>O kefir \u00e9 uma bebida fermentada rica em probi\u00f3ticos que equilibra a flora intestinal e melhora a digest\u00e3o Ele pode ser feito com \u00e1gua ou leite e exige higiene no cultivo para evitar contamina\u00e7\u00f5es e garantir benef\u00edcios Imagine come\u00e7ar o dia com uma bebida simples, feita em casa, que pode deixar sua digest\u00e3o mais leve [&hellip;]<\/p>\n","protected":false},"author":9,"featured_media":157682,"comment_status":"open","ping_status":"open","sticky":false,"template":"","format":"standard","meta":{"jnews-multi-image_gallery":[],"jnews_single_post":{"format":"standard"},"jnews_primary_category":[],"jnews_social_meta":[],"jnews_override_counter":[],"footnotes":""},"categories":[8691,8819,1],"tags":[4205,23042,3169],"class_list":["post-157582","post","type-post","status-publish","format-standard","has-post-thumbnail","hentry","category-bem-estar","category-curiosidades","category-noticias","tag-digestao","tag-kafir","tag-leite"],"yoast_head":"<!-- This site is optimized with the Yoast SEO plugin v23.8 - https:\/\/yoast.com\/wordpress\/plugins\/seo\/ -->\n<title>Essa bebida fermentada deixa sua digest\u00e3o mais leve e o intestino equilibrado - Estado de Minas - Em foco<\/title>\n<meta name=\"description\" content=\"O kefir \u00e9 um probi\u00f3tico natural que melhora a digest\u00e3o e o intestino Saiba como cultivar e consumir com seguran\u00e7a\" \/>\n<meta name=\"robots\" content=\"index, follow, max-snippet:-1, max-image-preview:large, max-video-preview:-1\" \/>\n<link rel=\"canonical\" href=\"https:\/\/www.em.com.br\/emfoco\/2026\/01\/21\/essa-bebida-fermentada-deixa-sua-digestao-mais-leve-e-o-intestino-equilibrado\/\" \/>\n<meta property=\"og:locale\" content=\"pt_BR\" \/>\n<meta property=\"og:type\" content=\"article\" \/>\n<meta property=\"og:title\" content=\"Essa bebida fermentada deixa sua digest\u00e3o mais leve e o intestino equilibrado - Estado de Minas - Em foco\" \/>\n<meta property=\"og:description\" content=\"O kefir \u00e9 um probi\u00f3tico natural que melhora a digest\u00e3o e o intestino Saiba como cultivar e consumir com seguran\u00e7a\" \/>\n<meta property=\"og:url\" content=\"https:\/\/www.em.com.br\/emfoco\/2026\/01\/21\/essa-bebida-fermentada-deixa-sua-digestao-mais-leve-e-o-intestino-equilibrado\/\" \/>\n<meta property=\"og:site_name\" content=\"Estado de Minas - Em foco\" \/>\n<meta property=\"article:published_time\" content=\"2026-01-21T18:45:00+00:00\" \/>\n<meta property=\"article:modified_time\" content=\"2026-01-20T20:20:54+00:00\" \/>\n<meta property=\"og:image\" content=\"https:\/\/www.em.com.br\/emfoco\/wp-content\/uploads\/2026\/01\/kefir_1768938390229.jpg\" \/>\n\t<meta property=\"og:image:width\" content=\"1280\" \/>\n\t<meta property=\"og:image:height\" content=\"720\" \/>\n\t<meta property=\"og:image:type\" content=\"image\/jpeg\" \/>\n<meta name=\"author\" content=\"Daniely Cardoso\" \/>\n<meta name=\"twitter:card\" content=\"summary_large_image\" \/>\n<meta name=\"twitter:label1\" content=\"Escrito por\" \/>\n\t<meta name=\"twitter:data1\" content=\"Daniely Cardoso\" \/>\n\t<meta name=\"twitter:label2\" content=\"Est. tempo de leitura\" \/>\n\t<meta name=\"twitter:data2\" content=\"6 minutos\" \/>\n<!-- \/ Yoast SEO plugin. -->","yoast_head_json":{"title":"Essa bebida fermentada deixa sua digest\u00e3o mais leve e o intestino equilibrado - Estado de Minas - Em foco","description":"O kefir \u00e9 um probi\u00f3tico natural que melhora a digest\u00e3o e o intestino Saiba como cultivar e consumir com seguran\u00e7a","robots":{"index":"index","follow":"follow","max-snippet":"max-snippet:-1","max-image-preview":"max-image-preview:large","max-video-preview":"max-video-preview:-1"},"canonical":"https:\/\/www.em.com.br\/emfoco\/2026\/01\/21\/essa-bebida-fermentada-deixa-sua-digestao-mais-leve-e-o-intestino-equilibrado\/","og_locale":"pt_BR","og_type":"article","og_title":"Essa bebida fermentada deixa sua digest\u00e3o mais leve e o intestino equilibrado - Estado de Minas - Em foco","og_description":"O kefir \u00e9 um probi\u00f3tico natural que melhora a digest\u00e3o e o intestino Saiba como cultivar e consumir com seguran\u00e7a","og_url":"https:\/\/www.em.com.br\/emfoco\/2026\/01\/21\/essa-bebida-fermentada-deixa-sua-digestao-mais-leve-e-o-intestino-equilibrado\/","og_site_name":"Estado de Minas - Em foco","article_published_time":"2026-01-21T18:45:00+00:00","article_modified_time":"2026-01-20T20:20:54+00:00","og_image":[{"width":1280,"height":720,"url":"https:\/\/www.em.com.br\/emfoco\/wp-content\/uploads\/2026\/01\/kefir_1768938390229.jpg","type":"image\/jpeg"}],"author":"Daniely Cardoso","twitter_card":"summary_large_image","twitter_misc":{"Escrito por":"Daniely Cardoso","Est. tempo de leitura":"6 minutos"},"schema":{"@context":"https:\/\/schema.org","@graph":[{"@type":"WebPage","@id":"https:\/\/www.em.com.br\/emfoco\/2026\/01\/21\/essa-bebida-fermentada-deixa-sua-digestao-mais-leve-e-o-intestino-equilibrado\/","url":"https:\/\/www.em.com.br\/emfoco\/2026\/01\/21\/essa-bebida-fermentada-deixa-sua-digestao-mais-leve-e-o-intestino-equilibrado\/","name":"Essa bebida fermentada deixa sua digest\u00e3o mais leve e o intestino equilibrado - Estado de Minas - Em foco","isPartOf":{"@id":"https:\/\/www.em.com.br\/emfoco\/#website"},"primaryImageOfPage":{"@id":"https:\/\/www.em.com.br\/emfoco\/2026\/01\/21\/essa-bebida-fermentada-deixa-sua-digestao-mais-leve-e-o-intestino-equilibrado\/#primaryimage"},"image":{"@id":"https:\/\/www.em.com.br\/emfoco\/2026\/01\/21\/essa-bebida-fermentada-deixa-sua-digestao-mais-leve-e-o-intestino-equilibrado\/#primaryimage"},"thumbnailUrl":"https:\/\/www.em.com.br\/emfoco\/wp-content\/uploads\/2026\/01\/kefir_1768938390229.jpg","datePublished":"2026-01-21T18:45:00+00:00","dateModified":"2026-01-20T20:20:54+00:00","author":{"@id":"https:\/\/www.em.com.br\/emfoco\/#\/schema\/person\/0a8186d72f2c3a5c6276d90b41f271a0"},"description":"O kefir \u00e9 um probi\u00f3tico natural que melhora a digest\u00e3o e o intestino Saiba como cultivar e consumir com seguran\u00e7a","breadcrumb":{"@id":"https:\/\/www.em.com.br\/emfoco\/2026\/01\/21\/essa-bebida-fermentada-deixa-sua-digestao-mais-leve-e-o-intestino-equilibrado\/#breadcrumb"},"inLanguage":"pt-BR","potentialAction":[{"@type":"ReadAction","target":["https:\/\/www.em.com.br\/emfoco\/2026\/01\/21\/essa-bebida-fermentada-deixa-sua-digestao-mais-leve-e-o-intestino-equilibrado\/"]}]},{"@type":"ImageObject","inLanguage":"pt-BR","@id":"https:\/\/www.em.com.br\/emfoco\/2026\/01\/21\/essa-bebida-fermentada-deixa-sua-digestao-mais-leve-e-o-intestino-equilibrado\/#primaryimage","url":"https:\/\/www.em.com.br\/emfoco\/wp-content\/uploads\/2026\/01\/kefir_1768938390229.jpg","contentUrl":"https:\/\/www.em.com.br\/emfoco\/wp-content\/uploads\/2026\/01\/kefir_1768938390229.jpg","width":1280,"height":720,"caption":"A principal caracter\u00edstica do kefir \u00e9 o seu potencial probi\u00f3tico, ou seja, a presen\u00e7a de \u201cbact\u00e9rias do bem\u201d - Cr\u00e9ditos: depositphotos.com \/ joaquincorbalan"},{"@type":"BreadcrumbList","@id":"https:\/\/www.em.com.br\/emfoco\/2026\/01\/21\/essa-bebida-fermentada-deixa-sua-digestao-mais-leve-e-o-intestino-equilibrado\/#breadcrumb","itemListElement":[{"@type":"ListItem","position":1,"name":"In\u00edcio","item":"https:\/\/www.em.com.br\/emfoco\/"},{"@type":"ListItem","position":2,"name":"Essa bebida fermentada deixa sua digest\u00e3o mais leve e o intestino equilibrado"}]},{"@type":"WebSite","@id":"https:\/\/www.em.com.br\/emfoco\/#website","url":"https:\/\/www.em.com.br\/emfoco\/","name":"Estado de Minas - Em foco","description":"Acompanhe as \u00faltimas not\u00edcias e fique bem informado sobre tudo o que acontece em Minas Gerais, Brasil e no mundo.","potentialAction":[{"@type":"SearchAction","target":{"@type":"EntryPoint","urlTemplate":"https:\/\/www.em.com.br\/emfoco\/?s={search_term_string}"},"query-input":{"@type":"PropertyValueSpecification","valueRequired":true,"valueName":"search_term_string"}}],"inLanguage":"pt-BR"},{"@type":"Person","@id":"https:\/\/www.em.com.br\/emfoco\/#\/schema\/person\/0a8186d72f2c3a5c6276d90b41f271a0","name":"Daniely Cardoso","image":{"@type":"ImageObject","inLanguage":"pt-BR","@id":"https:\/\/www.em.com.br\/emfoco\/#\/schema\/person\/image\/","url":"https:\/\/secure.gravatar.com\/avatar\/4b80ddbd124d1f071b626d52d62e5dff?s=96&d=mm&r=g","contentUrl":"https:\/\/secure.gravatar.com\/avatar\/4b80ddbd124d1f071b626d52d62e5dff?s=96&d=mm&r=g","caption":"Daniely Cardoso"},"url":"https:\/\/www.em.com.br\/emfoco\/author\/danielymyth\/"}]}},"_links":{"self":[{"href":"https:\/\/www.em.com.br\/emfoco\/wp-json\/wp\/v2\/posts\/157582","targetHints":{"allow":["GET"]}}],"collection":[{"href":"https:\/\/www.em.com.br\/emfoco\/wp-json\/wp\/v2\/posts"}],"about":[{"href":"https:\/\/www.em.com.br\/emfoco\/wp-json\/wp\/v2\/types\/post"}],"author":[{"embeddable":true,"href":"https:\/\/www.em.com.br\/emfoco\/wp-json\/wp\/v2\/users\/9"}],"replies":[{"embeddable":true,"href":"https:\/\/www.em.com.br\/emfoco\/wp-json\/wp\/v2\/comments?post=157582"}],"version-history":[{"count":3,"href":"https:\/\/www.em.com.br\/emfoco\/wp-json\/wp\/v2\/posts\/157582\/revisions"}],"predecessor-version":[{"id":157732,"href":"https:\/\/www.em.com.br\/emfoco\/wp-json\/wp\/v2\/posts\/157582\/revisions\/157732"}],"wp:featuredmedia":[{"embeddable":true,"href":"https:\/\/www.em.com.br\/emfoco\/wp-json\/wp\/v2\/media\/157682"}],"wp:attachment":[{"href":"https:\/\/www.em.com.br\/emfoco\/wp-json\/wp\/v2\/media?parent=157582"}],"wp:term":[{"taxonomy":"category","embeddable":true,"href":"https:\/\/www.em.com.br\/emfoco\/wp-json\/wp\/v2\/categories?post=157582"},{"taxonomy":"post_tag","embeddable":true,"href":"https:\/\/www.em.com.br\/emfoco\/wp-json\/wp\/v2\/tags?post=157582"}],"curies":[{"name":"wp","href":"https:\/\/api.w.org\/{rel}","templated":true}]}}