{"id":157581,"date":"2026-01-21T15:25:55","date_gmt":"2026-01-21T18:25:55","guid":{"rendered":"https:\/\/www.em.com.br\/emfoco\/?p=157581"},"modified":"2026-01-20T17:16:21","modified_gmt":"2026-01-20T20:16:21","slug":"creme-nivea-azul-o-classico-que-mantem-a-pele-macia-e-protegida-por-horas","status":"publish","type":"post","link":"https:\/\/www.em.com.br\/emfoco\/2026\/01\/21\/creme-nivea-azul-o-classico-que-mantem-a-pele-macia-e-protegida-por-horas\/","title":{"rendered":"Creme Nivea azul: o cl\u00e1ssico que mant\u00e9m a pele macia e protegida por horas"},"content":{"rendered":"\n<h2 class=\"wp-block-heading\">O creme Nivea azul cria uma barreira que impede a perda de \u00e1gua sendo ideal para \u00e1reas ressecadas como p\u00e9s e cotovelos Sua f\u00f3rmula densa com parafina pede cautela em rostos oleosos para evitar acne e cravos<\/h2>\n\n\n\n<p>Voc\u00ea lembra daquele cheirinho de creme que atravessa gera\u00e7\u00f5es, da casa da av\u00f3 ao banheiro de hoje? O <b>creme Nivea de lata azul<\/b> \u00e9 exatamente isso: um <b>cl\u00e1ssico<\/b> que segue firme nas prateleiras e nas rotinas de cuidados, em pleno 2026. Mesmo com tantas novidades \u201chigh tech\u201d no mundo dos cosm\u00e9ticos, ele continua presente em bolsas, criados-mudos e banheiros, sendo redescoberto por quem busca um hidratante simples, acess\u00edvel e confi\u00e1vel para o dia a dia.<\/p>\n\n\n\n<h2 class=\"wp-block-heading\">O que \u00e9 o creme Nivea de lata azul e por que ainda faz tanto sucesso<\/h2>\n\n\n\n<p>O <b>creme Nivea de lata azul<\/b> \u00e9 um hidratante bem espesso, feito para criar uma camada protetora sobre a pele e segurar a <b>hidrata\u00e7\u00e3o<\/b> por mais tempo. Ele n\u00e3o foi criado para tratar problemas de pele espec\u00edficos, mas para oferecer <b>hidrata\u00e7\u00e3o intensiva<\/b> e conforto em \u00e1reas ressecadas, como m\u00e3os, cotovelos, joelhos, p\u00e9s e, em alguns casos, at\u00e9 no rosto, conforme a toler\u00e2ncia de cada pessoa.<\/p>\n\n\n\n<p>Seu potinho met\u00e1lico, o <b>cheiro cl\u00e1ssico<\/b> e a f\u00f3rmula est\u00e1vel ao longo dos anos ajudam a explicar por que ele continua t\u00e3o usado. Em vez de seguir modas, o <b>creme Nivea cl\u00e1ssico<\/b> aposta numa composi\u00e7\u00e3o simples, que forma uma barreira f\u00edsica na pele. Isso agrada quem prefere um produto direto ao ponto, com <b>pre\u00e7o acess\u00edvel<\/b> e f\u00e1cil de encontrar em farm\u00e1cias, mercados e at\u00e9 em viagens.<\/p>\n\n\n\n<figure class=\"wp-block-embed is-type-rich is-provider-pinterest wp-block-embed-pinterest\"><div class=\"wp-block-embed__wrapper\">\n<iframe loading=\"lazy\" title=\"\ud83d\udc99 Cl\u00e1ssico \u00e9 cl\u00e1ssico, n\u00e9? O creme Nivea da latinha azul \u00e9 aquele aliado que nunca decepciona! \ud83e\uddf4\u2728Com textura bem rica, ele hidrata profundamente e deixa a pele macia por horas \u2014 perfeito pra salvar cotovelos, m\u00e3os, p\u00e9s e at\u00e9 o rosto nos dias mais secos. \ud83c\udf38Simples, acess\u00edvel e supervers\u00e1til \u2014 tem motivo melhor pra ele ser t\u00e3o amado h\u00e1 gera\u00e7\u00f5es? \ud83d\udcabL\u00e1 na bio tem mais dicas pra deixar sua rotina de cuidados ainda mais completa. \ud83d\ude09#nivea #cremenivea #skincare #hidrata\u00e7\u00e3o #cuidadoscomapele #bele...\" src=\"https:\/\/assets.pinterest.com\/ext\/embed.html?id=115686284174651146&#038;src=oembed\" height=\"642\" width=\"450\" frameborder=\"0\" scrolling=\"no\" ><\/iframe>\n<\/div><\/figure>\n\n\n\n<p>Leia tamb\u00e9m:&nbsp;<a href=\"https:\/\/www.em.com.br\/emfoco\/2026\/01\/18\/o-creme-caseiro-ideal-que-cobre-todas-as-imperfeicoes-do-rosto-e-restaura-a-vitalidade\/\" target=\"_blank\" rel=\"noopener\">O creme caseiro ideal que cobre todas as imperfei\u00e7\u00f5es do rosto e restaura a vitalidade<\/a><\/p>\n\n\n\n<h2 class=\"wp-block-heading\">Como o creme Nivea de lata azul age na hidrata\u00e7\u00e3o da pele<\/h2>\n\n\n\n<p>A grande \u201carma secreta\u201d do <b>creme Nivea de lata azul<\/b> \u00e9 a capacidade de formar uma camada oclusiva sobre a pele. Ingredientes como <b>parafina<\/b> e petrolatos ajudam a diminuir a perda de \u00e1gua que a pele j\u00e1 tem, criando um tipo de escudo contra o ressecamento, principalmente em dias frios, secos ou com ar-condicionado ligado o tempo todo.<\/p>\n\n\n\n<p>Al\u00e9m disso, a <b>lanolina<\/b> e as ceras d\u00e3o aquela textura densa e sensa\u00e7\u00e3o de nutri\u00e7\u00e3o prolongada, enquanto a <b>glicerina<\/b> atrai e segura a \u00e1gua na camada mais superficial da pele. Testes laboratoriais de entidades de defesa do consumidor mostram que ele cumpre bem o que promete: manter a <b>pele hidratada<\/b> por mais tempo do que uma \u00e1rea sem produto, ficando entre os hidratantes com melhor reten\u00e7\u00e3o de \u00e1gua na sua categoria.<\/p>\n\n\n\n<h2 class=\"wp-block-heading\">Quem pode aproveitar melhor o creme Nivea de lata azul<\/h2>\n\n\n\n<p>De modo geral, o <b>creme Nivea cl\u00e1ssico<\/b> costuma funcionar muito bem em peles normais a secas, que precisam de refor\u00e7o na <b>barreira cut\u00e2nea<\/b>, principalmente no frio ou em ambientes com pouca umidade. Ele \u00e9 bem-vindo para quem sente a pele repuxando, com descama\u00e7\u00e3o ou \u00e1spera em pontos espec\u00edficos, como m\u00e3os que vivem em contato com \u00e1gua e <b>produtos de limpeza<\/b>.<\/p>\n\n\n\n<p>J\u00e1 peles muito oleosas ou com tend\u00eancia \u00e0 <b>acne<\/b> podem n\u00e3o se adaptar ao toque mais pesado do creme, principalmente no rosto. Em crian\u00e7as, idosos ou pessoas com <b>pele sens\u00edvel<\/b>, o ideal \u00e9 observar a rea\u00e7\u00e3o, considerar hist\u00f3rico de alergias e, se poss\u00edvel, seguir a orienta\u00e7\u00e3o de um <b>dermatologista<\/b> antes de incluir o produto no uso di\u00e1rio.<\/p>\n\n\n\n<figure class=\"wp-block-embed is-type-rich is-provider-pinterest wp-block-embed-pinterest\"><div class=\"wp-block-embed__wrapper\">\n<iframe loading=\"lazy\" title=\"Por Que Todo Mundo Ama o Nivea da Latinha? Benef\u00edcios Que Nunca Saem de Moda!\" src=\"https:\/\/assets.pinterest.com\/ext\/embed.html?id=2040762328911874&#038;src=oembed\" height=\"899\" width=\"450\" frameborder=\"0\" scrolling=\"no\" ><\/iframe>\n<\/div><\/figure>\n\n\n\n<h2 class=\"wp-block-heading\">Como incluir o creme Nivea de lata azul em uma rotina simples de cuidados<\/h2>\n\n\n\n<p>Colocar o <b>creme Nivea de lata azul<\/b> na rotina \u00e9 f\u00e1cil e n\u00e3o exige muitos passos. Uma das formas mais comuns \u00e9 aplicar ap\u00f3s o banho, quando a pele ainda est\u00e1 levemente \u00famida, aproveitando essa \u00e1gua para potencializar o efeito de \u201cselagem\u201d do creme. Assim, ele ajuda a manter a sensa\u00e7\u00e3o de <b>maciez<\/b> por mais tempo, especialmente em dias de clima seco ou ap\u00f3s banhos mais demorados.<\/p>\n\n\n\n<p>Para quem gosta de ter um passo a passo claro, uma rotina b\u00e1sica com o <b>creme hidratante Nivea lata azul<\/b> pode seguir estes cuidados di\u00e1rios simples:<\/p>\n\n\n\n<ul class=\"wp-block-list\">\n<li><strong>Limpar suavemente a pele<\/strong>, evitando \u00e1gua muito quente, que resseca ainda mais.<\/li>\n\n\n\n<li><strong>Secar com toalha macia<\/strong>, sem esfregar com for\u00e7a, apenas pressionando.<\/li>\n\n\n\n<li><strong>Aplicar o creme<\/strong> nas \u00e1reas mais secas, espalhando at\u00e9 formar uma camada uniforme.<\/li>\n\n\n\n<li><strong>Repetir uma ou duas vezes ao dia<\/strong>, conforme a necessidade e o clima.<\/li>\n<\/ul>\n\n\n\n<p>Para voc\u00ea que quer saber mais, separamos um v\u00eddeo do canal da <a class=\"yt-simple-endpoint style-scope yt-formatted-string\" spellcheck=\"false\" href=\"https:\/\/www.youtube.com\/@C%C3%A1ssiaMariano\" target=\"_blank\" rel=\"noopener\">C\u00e1ssia Mariano<\/a> com dicas e benef\u00edcios desse creme:<\/p>\n\n\n\n<figure class=\"wp-block-embed is-type-video is-provider-youtube wp-block-embed-youtube wp-embed-aspect-16-9 wp-has-aspect-ratio\"><div class=\"wp-block-embed__wrapper\">\n<div class=\"jeg_video_container jeg_video_content\"><iframe loading=\"lazy\" title=\"OS SEGREDOS do creme N\u00edvea latinha azul p\/ RUGAS no rosto\" width=\"500\" height=\"281\" src=\"https:\/\/www.youtube.com\/embed\/W_iMp3iFT5w?feature=oembed\" frameborder=\"0\" allow=\"accelerometer; autoplay; clipboard-write; encrypted-media; gyroscope; picture-in-picture; web-share\" referrerpolicy=\"strict-origin-when-cross-origin\" allowfullscreen><\/iframe><\/div>\n<\/div><\/figure>\n\n\n\n<h2 class=\"wp-block-heading\">Em quais \u00e1reas o creme Nivea de lata azul pode ser mais \u00fatil<\/h2>\n\n\n\n<p>Com o tempo, muitas pessoas acabam criando seus pr\u00f3prios \u201ctruques\u201d com o <b>Nivea lata azul<\/b>, usando o produto de forma estrat\u00e9gica em pontos que mais sofrem com o ressecamento. Nessas \u00e1reas, o toque espesso e a sensa\u00e7\u00e3o de <b>filme protetor<\/b> costumam ser especialmente bem-vindos e f\u00e1ceis de notar no dia seguinte, principalmente quando aplicado em maior quantidade antes de dormir.<\/p>\n\n\n\n<p>Alguns usos comuns incluem <b>m\u00e3os ressecadas<\/b> ap\u00f3s lavar lou\u00e7a, p\u00e9s \u00e1speros que ganham uma camada generosa antes de dormir, cotovelos e joelhos que ficam esbranqui\u00e7ados e at\u00e9 prote\u00e7\u00e3o em regi\u00f5es expostas ao vento em dias muito frios. Em 2026, mesmo com um mercado cheio de f\u00f3rmulas avan\u00e7adas, o <b>creme Nivea de lata azul<\/b> mant\u00e9m seu espa\u00e7o ao oferecer hidrata\u00e7\u00e3o direta, com bom custo-benef\u00edcio e um toque afetivo que acompanha muitas hist\u00f3rias de <b>cuidado<\/b> ao longo da vida.<\/p>\n","protected":false},"excerpt":{"rendered":"<p>O creme Nivea azul cria uma barreira que impede a perda de \u00e1gua sendo ideal para \u00e1reas ressecadas como p\u00e9s e cotovelos Sua f\u00f3rmula densa com parafina pede cautela em rostos oleosos para evitar acne e cravos Voc\u00ea lembra daquele cheirinho de creme que atravessa gera\u00e7\u00f5es, da casa da av\u00f3 ao banheiro de hoje? O [&hellip;]<\/p>\n","protected":false},"author":9,"featured_media":157678,"comment_status":"open","ping_status":"open","sticky":false,"template":"","format":"standard","meta":{"jnews-multi-image_gallery":[],"jnews_single_post":{"format":"standard"},"jnews_primary_category":[],"jnews_social_meta":[],"jnews_override_counter":[],"footnotes":""},"categories":[8691,8819,1],"tags":[7618,9100,8821],"class_list":["post-157581","post","type-post","status-publish","format-standard","has-post-thumbnail","hentry","category-bem-estar","category-curiosidades","category-noticias","tag-creme","tag-hidratante","tag-nivea"],"yoast_head":"<!-- This site is optimized with the Yoast SEO plugin v23.8 - https:\/\/yoast.com\/wordpress\/plugins\/seo\/ -->\n<title>Creme Nivea azul: o cl\u00e1ssico que mant\u00e9m a pele macia e protegida por horas - Estado de Minas - Em foco<\/title>\n<meta name=\"description\" content=\"O Nivea da lata azul hidrata profundamente peles secas Saiba como usar nos p\u00e9s e m\u00e3os e evite acne no rosto\" \/>\n<meta name=\"robots\" content=\"index, follow, max-snippet:-1, max-image-preview:large, max-video-preview:-1\" \/>\n<link rel=\"canonical\" href=\"https:\/\/www.em.com.br\/emfoco\/2026\/01\/21\/creme-nivea-azul-o-classico-que-mantem-a-pele-macia-e-protegida-por-horas\/\" \/>\n<meta property=\"og:locale\" content=\"pt_BR\" \/>\n<meta property=\"og:type\" content=\"article\" \/>\n<meta property=\"og:title\" content=\"Creme Nivea azul: o cl\u00e1ssico que mant\u00e9m a pele macia e protegida por horas - Estado de Minas - Em foco\" \/>\n<meta property=\"og:description\" content=\"O Nivea da lata azul hidrata profundamente peles secas Saiba como usar nos p\u00e9s e m\u00e3os e evite acne no rosto\" \/>\n<meta property=\"og:url\" content=\"https:\/\/www.em.com.br\/emfoco\/2026\/01\/21\/creme-nivea-azul-o-classico-que-mantem-a-pele-macia-e-protegida-por-horas\/\" \/>\n<meta property=\"og:site_name\" content=\"Estado de Minas - Em foco\" \/>\n<meta property=\"article:published_time\" content=\"2026-01-21T18:25:55+00:00\" \/>\n<meta property=\"article:modified_time\" content=\"2026-01-20T20:16:21+00:00\" \/>\n<meta property=\"og:image\" content=\"https:\/\/www.em.com.br\/emfoco\/wp-content\/uploads\/2026\/01\/nivea_1768938165705.jpg\" \/>\n\t<meta property=\"og:image:width\" content=\"1280\" \/>\n\t<meta property=\"og:image:height\" content=\"720\" \/>\n\t<meta property=\"og:image:type\" content=\"image\/jpeg\" \/>\n<meta name=\"author\" content=\"Daniely Cardoso\" \/>\n<meta name=\"twitter:card\" content=\"summary_large_image\" \/>\n<meta name=\"twitter:label1\" content=\"Escrito por\" \/>\n\t<meta name=\"twitter:data1\" content=\"Daniely Cardoso\" \/>\n\t<meta name=\"twitter:label2\" content=\"Est. tempo de leitura\" \/>\n\t<meta name=\"twitter:data2\" content=\"6 minutos\" \/>\n<!-- \/ Yoast SEO plugin. -->","yoast_head_json":{"title":"Creme Nivea azul: o cl\u00e1ssico que mant\u00e9m a pele macia e protegida por horas - Estado de Minas - Em foco","description":"O Nivea da lata azul hidrata profundamente peles secas Saiba como usar nos p\u00e9s e m\u00e3os e evite acne no rosto","robots":{"index":"index","follow":"follow","max-snippet":"max-snippet:-1","max-image-preview":"max-image-preview:large","max-video-preview":"max-video-preview:-1"},"canonical":"https:\/\/www.em.com.br\/emfoco\/2026\/01\/21\/creme-nivea-azul-o-classico-que-mantem-a-pele-macia-e-protegida-por-horas\/","og_locale":"pt_BR","og_type":"article","og_title":"Creme Nivea azul: o cl\u00e1ssico que mant\u00e9m a pele macia e protegida por horas - Estado de Minas - Em foco","og_description":"O Nivea da lata azul hidrata profundamente peles secas Saiba como usar nos p\u00e9s e m\u00e3os e evite acne no rosto","og_url":"https:\/\/www.em.com.br\/emfoco\/2026\/01\/21\/creme-nivea-azul-o-classico-que-mantem-a-pele-macia-e-protegida-por-horas\/","og_site_name":"Estado de Minas - Em foco","article_published_time":"2026-01-21T18:25:55+00:00","article_modified_time":"2026-01-20T20:16:21+00:00","og_image":[{"width":1280,"height":720,"url":"https:\/\/www.em.com.br\/emfoco\/wp-content\/uploads\/2026\/01\/nivea_1768938165705.jpg","type":"image\/jpeg"}],"author":"Daniely Cardoso","twitter_card":"summary_large_image","twitter_misc":{"Escrito por":"Daniely Cardoso","Est. tempo de leitura":"6 minutos"},"schema":{"@context":"https:\/\/schema.org","@graph":[{"@type":"WebPage","@id":"https:\/\/www.em.com.br\/emfoco\/2026\/01\/21\/creme-nivea-azul-o-classico-que-mantem-a-pele-macia-e-protegida-por-horas\/","url":"https:\/\/www.em.com.br\/emfoco\/2026\/01\/21\/creme-nivea-azul-o-classico-que-mantem-a-pele-macia-e-protegida-por-horas\/","name":"Creme Nivea azul: o cl\u00e1ssico que mant\u00e9m a pele macia e protegida por horas - Estado de Minas - Em foco","isPartOf":{"@id":"https:\/\/www.em.com.br\/emfoco\/#website"},"primaryImageOfPage":{"@id":"https:\/\/www.em.com.br\/emfoco\/2026\/01\/21\/creme-nivea-azul-o-classico-que-mantem-a-pele-macia-e-protegida-por-horas\/#primaryimage"},"image":{"@id":"https:\/\/www.em.com.br\/emfoco\/2026\/01\/21\/creme-nivea-azul-o-classico-que-mantem-a-pele-macia-e-protegida-por-horas\/#primaryimage"},"thumbnailUrl":"https:\/\/www.em.com.br\/emfoco\/wp-content\/uploads\/2026\/01\/nivea_1768938165705.jpg","datePublished":"2026-01-21T18:25:55+00:00","dateModified":"2026-01-20T20:16:21+00:00","author":{"@id":"https:\/\/www.em.com.br\/emfoco\/#\/schema\/person\/0a8186d72f2c3a5c6276d90b41f271a0"},"description":"O Nivea da lata azul hidrata profundamente peles secas Saiba como usar nos p\u00e9s e m\u00e3os e evite acne no rosto","breadcrumb":{"@id":"https:\/\/www.em.com.br\/emfoco\/2026\/01\/21\/creme-nivea-azul-o-classico-que-mantem-a-pele-macia-e-protegida-por-horas\/#breadcrumb"},"inLanguage":"pt-BR","potentialAction":[{"@type":"ReadAction","target":["https:\/\/www.em.com.br\/emfoco\/2026\/01\/21\/creme-nivea-azul-o-classico-que-mantem-a-pele-macia-e-protegida-por-horas\/"]}]},{"@type":"ImageObject","inLanguage":"pt-BR","@id":"https:\/\/www.em.com.br\/emfoco\/2026\/01\/21\/creme-nivea-azul-o-classico-que-mantem-a-pele-macia-e-protegida-por-horas\/#primaryimage","url":"https:\/\/www.em.com.br\/emfoco\/wp-content\/uploads\/2026\/01\/nivea_1768938165705.jpg","contentUrl":"https:\/\/www.em.com.br\/emfoco\/wp-content\/uploads\/2026\/01\/nivea_1768938165705.jpg","width":1280,"height":720,"caption":"Seu potinho met\u00e1lico, o cheiro cl\u00e1ssico e a f\u00f3rmula est\u00e1vel ao longo dos anos ajudam a explicar - Cr\u00e9ditos: depositphotos.com \/ HelgaQ"},{"@type":"BreadcrumbList","@id":"https:\/\/www.em.com.br\/emfoco\/2026\/01\/21\/creme-nivea-azul-o-classico-que-mantem-a-pele-macia-e-protegida-por-horas\/#breadcrumb","itemListElement":[{"@type":"ListItem","position":1,"name":"In\u00edcio","item":"https:\/\/www.em.com.br\/emfoco\/"},{"@type":"ListItem","position":2,"name":"Creme Nivea azul: o cl\u00e1ssico que mant\u00e9m a pele macia e protegida por horas"}]},{"@type":"WebSite","@id":"https:\/\/www.em.com.br\/emfoco\/#website","url":"https:\/\/www.em.com.br\/emfoco\/","name":"Estado de Minas - Em foco","description":"Acompanhe as \u00faltimas not\u00edcias e fique bem informado sobre tudo o que acontece em Minas Gerais, Brasil e no mundo.","potentialAction":[{"@type":"SearchAction","target":{"@type":"EntryPoint","urlTemplate":"https:\/\/www.em.com.br\/emfoco\/?s={search_term_string}"},"query-input":{"@type":"PropertyValueSpecification","valueRequired":true,"valueName":"search_term_string"}}],"inLanguage":"pt-BR"},{"@type":"Person","@id":"https:\/\/www.em.com.br\/emfoco\/#\/schema\/person\/0a8186d72f2c3a5c6276d90b41f271a0","name":"Daniely Cardoso","image":{"@type":"ImageObject","inLanguage":"pt-BR","@id":"https:\/\/www.em.com.br\/emfoco\/#\/schema\/person\/image\/","url":"https:\/\/secure.gravatar.com\/avatar\/4b80ddbd124d1f071b626d52d62e5dff?s=96&d=mm&r=g","contentUrl":"https:\/\/secure.gravatar.com\/avatar\/4b80ddbd124d1f071b626d52d62e5dff?s=96&d=mm&r=g","caption":"Daniely Cardoso"},"url":"https:\/\/www.em.com.br\/emfoco\/author\/danielymyth\/"}]}},"_links":{"self":[{"href":"https:\/\/www.em.com.br\/emfoco\/wp-json\/wp\/v2\/posts\/157581","targetHints":{"allow":["GET"]}}],"collection":[{"href":"https:\/\/www.em.com.br\/emfoco\/wp-json\/wp\/v2\/posts"}],"about":[{"href":"https:\/\/www.em.com.br\/emfoco\/wp-json\/wp\/v2\/types\/post"}],"author":[{"embeddable":true,"href":"https:\/\/www.em.com.br\/emfoco\/wp-json\/wp\/v2\/users\/9"}],"replies":[{"embeddable":true,"href":"https:\/\/www.em.com.br\/emfoco\/wp-json\/wp\/v2\/comments?post=157581"}],"version-history":[{"count":3,"href":"https:\/\/www.em.com.br\/emfoco\/wp-json\/wp\/v2\/posts\/157581\/revisions"}],"predecessor-version":[{"id":157727,"href":"https:\/\/www.em.com.br\/emfoco\/wp-json\/wp\/v2\/posts\/157581\/revisions\/157727"}],"wp:featuredmedia":[{"embeddable":true,"href":"https:\/\/www.em.com.br\/emfoco\/wp-json\/wp\/v2\/media\/157678"}],"wp:attachment":[{"href":"https:\/\/www.em.com.br\/emfoco\/wp-json\/wp\/v2\/media?parent=157581"}],"wp:term":[{"taxonomy":"category","embeddable":true,"href":"https:\/\/www.em.com.br\/emfoco\/wp-json\/wp\/v2\/categories?post=157581"},{"taxonomy":"post_tag","embeddable":true,"href":"https:\/\/www.em.com.br\/emfoco\/wp-json\/wp\/v2\/tags?post=157581"}],"curies":[{"name":"wp","href":"https:\/\/api.w.org\/{rel}","templated":true}]}}