{"id":157569,"date":"2026-01-21T12:55:30","date_gmt":"2026-01-21T15:55:30","guid":{"rendered":"https:\/\/www.em.com.br\/emfoco\/?p=157569"},"modified":"2026-01-20T16:56:54","modified_gmt":"2026-01-20T19:56:54","slug":"adeus-cachos-sem-graca-os-cortes-que-deixam-o-cabelo-cacheado-moderno-e-cheio-de-movimento","status":"publish","type":"post","link":"https:\/\/www.em.com.br\/emfoco\/2026\/01\/21\/adeus-cachos-sem-graca-os-cortes-que-deixam-o-cabelo-cacheado-moderno-e-cheio-de-movimento\/","title":{"rendered":"Adeus cachos sem gra\u00e7a: os cortes que deixam o cabelo cacheado moderno e cheio de movimento"},"content":{"rendered":"\n<h2 class=\"wp-block-heading\">Em 2026 os cachos ganham liberdade com cortes em camadas pixies e franjas O visagismo ajuda a equilibrar o volume e o formato do rosto A manuten\u00e7\u00e3o trimestral e a finaliza\u00e7\u00e3o correta garantem fios saud\u00e1veis e definidos<\/h2>\n\n\n\n<p>Voc\u00ea j\u00e1 reparou como um <strong>corte<\/strong> pode transformar totalmente a forma como seus <b>cachos<\/b> se comportam? Em 2026, a ideia \u00e9 justamente essa: usar o <strong>corte certo<\/strong> para valorizar o movimento natural do <b>cabelo cacheado<\/b>, sem brigar com o volume, o frizz ou a textura real dos fios. Em vez de esconder os cachos, as tend\u00eancias buscam <strong>celebr\u00e1-los<\/strong>, respeitando o tempo de cada pessoa, sua rotina de cuidados e o jeito \u00fanico de cada cabelo.<\/p>\n\n\n\n<h2 class=\"wp-block-heading\">O que define os cortes de cabelo cacheado em 2026<\/h2>\n\n\n\n<p>N\u00e3o existe mais um \u00fanico corte \u201cideal\u201d: h\u00e1 op\u00e7\u00f5es para todos os tipos de <strong>cachos<\/strong>, do ondulado ao crespo, e para quem gosta tanto de fios bem curtinhos quanto de cabel\u00e3o cheio e poderoso.<\/p>\n\n\n\n<p>De modo geral, os <strong>cortes em alta<\/strong> buscam equilibrar forma e praticidade, ajudando o cabelo a secar bonito sem muito esfor\u00e7o. A mesma base de <b>corte<\/b> pode render um visual mais definido ou mais despojado, mudando apenas os produtos e a forma de finalizar, o que facilita muito o <strong>dia a dia<\/strong>.<\/p>\n\n\n\n<figure class=\"wp-block-embed is-type-rich is-provider-pinterest wp-block-embed-pinterest\"><div class=\"wp-block-embed__wrapper\">\n<iframe loading=\"lazy\" title=\"Cabelo cacheado perfeito\u2728\ud83e\udeae corte para cabelos cacheados- cortando cabelo em casa\u2728\ud83d\ude33\" src=\"https:\/\/assets.pinterest.com\/ext\/embed.html?id=68747860430&#038;src=oembed\" height=\"899\" width=\"450\" frameborder=\"0\" scrolling=\"no\" ><\/iframe>\n<\/div><\/figure>\n\n\n\n<p>Leia tamb\u00e9m:&nbsp;<a href=\"https:\/\/www.em.com.br\/emfoco\/2026\/01\/20\/esqueca-o-cabelo-reto-e-o-long-bob-esse-vai-ser-o-corte-mais-leve-e-sofisticado-do-verao-de-2026\/\" target=\"_blank\" rel=\"noopener\">Esque\u00e7a o cabelo reto e o long bob, esse vai ser o corte mais leve e sofisticado do ver\u00e3o de 2026<\/a><\/p>\n\n\n\n<h2 class=\"wp-block-heading\">Como escolher cortes de cabelo cacheado para cada formato de rosto<\/h2>\n\n\n\n<p>Na hora de decidir o <strong>corte<\/strong>, olhar para o formato do <b>rosto<\/b> ajuda bastante a evitar arrependimentos. A forma como o volume \u00e9 distribu\u00eddo, onde entram as camadas ou a franja pode destacar ou suavizar tra\u00e7os, deixando o conjunto mais <strong>harmonioso<\/strong> e natural.<\/p>\n\n\n\n<p>Al\u00e9m do rosto, vale considerar espessura do <strong>fio<\/strong>, densidade e rotina: cabelos grossos costumam suportar mais <b>volume<\/b>, enquanto fios finos pedem cortes que mantenham a sensa\u00e7\u00e3o de cheio, sem esvaziar demais as <strong>pontas<\/strong>.<\/p>\n\n\n\n<figure class=\"wp-block-embed is-type-rich is-provider-pinterest wp-block-embed-pinterest\"><div class=\"wp-block-embed__wrapper\">\n<iframe loading=\"lazy\" title=\"30 Fotos de cortes para cabelos cacheados e longos para voc\u00ea se inspirar e favorecer os cachos\" src=\"https:\/\/assets.pinterest.com\/ext\/embed.html?id=15058980000392030&#038;src=oembed\" height=\"653\" width=\"450\" frameborder=\"0\" scrolling=\"no\" ><\/iframe>\n<\/div><\/figure>\n\n\n\n<h2 class=\"wp-block-heading\">Quais s\u00e3o os cortes de cabelo cacheado mais vistos em 2026<\/h2>\n\n\n\n<p>Os <strong>cortes de cabelo cacheado em 2026<\/strong> misturam refer\u00eancias modernas com um toque retr\u00f4, mas sempre com foco em movimento e <b>leveza<\/b>. H\u00e1 espa\u00e7o tanto para quem quer um visual pr\u00e1tico, quanto para quem ama volume dram\u00e1tico e <strong>presen\u00e7a<\/strong>.<\/p>\n\n\n\n<p>Entre os modelos mais pedidos em sal\u00f5es especializados em <strong>cachos<\/strong>, alguns se destacam pela versatilidade e pela forma como se adaptam a diferentes texturas e rotinas de <b>finaliza\u00e7\u00e3o<\/b>.<\/p>\n\n\n<div class=\"wp-block-image\">\n<figure class=\"aligncenter size-large\"><img loading=\"lazy\" decoding=\"async\" width=\"1024\" height=\"576\" src=\"https:\/\/www.em.com.br\/emfoco\/wp-content\/uploads\/2026\/01\/Gemini_Generated_Image_e5lp2qe5lp2qe5lp-1-1024x576.png\" alt=\"\" class=\"wp-image-157688\" srcset=\"https:\/\/www.em.com.br\/emfoco\/wp-content\/uploads\/2026\/01\/Gemini_Generated_Image_e5lp2qe5lp2qe5lp-1-1024x576.png 1024w, https:\/\/www.em.com.br\/emfoco\/wp-content\/uploads\/2026\/01\/Gemini_Generated_Image_e5lp2qe5lp2qe5lp-1-300x169.png 300w, https:\/\/www.em.com.br\/emfoco\/wp-content\/uploads\/2026\/01\/Gemini_Generated_Image_e5lp2qe5lp2qe5lp-1-768x432.png 768w, https:\/\/www.em.com.br\/emfoco\/wp-content\/uploads\/2026\/01\/Gemini_Generated_Image_e5lp2qe5lp2qe5lp-1-750x422.png 750w, https:\/\/www.em.com.br\/emfoco\/wp-content\/uploads\/2026\/01\/Gemini_Generated_Image_e5lp2qe5lp2qe5lp-1-1140x641.png 1140w, https:\/\/www.em.com.br\/emfoco\/wp-content\/uploads\/2026\/01\/Gemini_Generated_Image_e5lp2qe5lp2qe5lp-1.png 1280w\" sizes=\"auto, (max-width: 1024px) 100vw, 1024px\" \/><figcaption class=\"wp-element-caption\">Os cortes de cabelo cacheado em 2026 misturam refer\u00eancias modernas com um toque retr\u00f4<\/figcaption><\/figure><\/div>\n\n\n<p>Para voc\u00ea que quer mais ideias, separamos um v\u00eddeo do canal da <a class=\"yt-simple-endpoint style-scope yt-formatted-string\" spellcheck=\"false\" href=\"https:\/\/www.youtube.com\/@JulianaLouise\" target=\"_blank\" rel=\"noopener\">Juliana Louise<\/a> com dicas de cortes para cabelos cacheados em 2026:<\/p>\n\n\n\n<figure class=\"wp-block-embed is-type-video is-provider-youtube wp-block-embed-youtube wp-embed-aspect-16-9 wp-has-aspect-ratio\"><div class=\"wp-block-embed__wrapper\">\n<div class=\"jeg_video_container jeg_video_content\"><iframe loading=\"lazy\" title=\"CORTES DE CABELO TEND\u00caNCIA PARA 2026 - CACHOS, ONDULADOS E CREPOS | JULIANA LOUISE\" width=\"500\" height=\"281\" src=\"https:\/\/www.youtube.com\/embed\/8HP2naLG8qc?start=5&#038;feature=oembed\" frameborder=\"0\" allow=\"accelerometer; autoplay; clipboard-write; encrypted-media; gyroscope; picture-in-picture; web-share\" referrerpolicy=\"strict-origin-when-cross-origin\" allowfullscreen><\/iframe><\/div>\n<\/div><\/figure>\n\n\n\n<h2 class=\"wp-block-heading\">Como manter os cortes de cabelo cacheado bonitos ao longo do tempo<\/h2>\n\n\n\n<p>Depois do <strong>corte dos sonhos<\/strong>, a manuten\u00e7\u00e3o \u00e9 o que faz os cachos continuarem bonitos m\u00eas ap\u00f3s m\u00eas. Com o tempo, \u00e9 normal que os fios percam um pouco de <b>hidrata\u00e7\u00e3o<\/b> e elasticidade, o que interfere diretamente na <strong>defini\u00e7\u00e3o<\/strong> e no brilho.<\/p>\n\n\n\n<p>Para facilitar a rotina, muitos especialistas sugerem alguns cuidados simples que ajudam a preservar o formato do <strong>corte<\/strong> e a sa\u00fade dos fios no <b>dia a dia<\/b>:<\/p>\n\n\n\n<ul class=\"wp-block-list\">\n<li>Agendar <strong>ajustes do corte<\/strong> a cada 8 a 12 semanas, para renovar as pontas e manter o <b>desenho<\/b>.<\/li>\n\n\n\n<li>Alternar <strong>shampoos suaves<\/strong> com m\u00e1scaras hidratantes e nutritivas, respeitando a necessidade do <b>fio<\/b>.<\/li>\n\n\n\n<li>Evitar excesso de <strong>calor direto<\/strong> e usar difusor em temperatura moderada quando precisar secar mais <b>r\u00e1pido<\/b>.<\/li>\n\n\n\n<li>Finalizar com <strong>cremes de pentear<\/strong>, g\u00e9is leves ou mousses para cachos, testando quantidades at\u00e9 achar o equil\u00edbrio <b>ideal<\/b>.<\/li>\n<\/ul>\n","protected":false},"excerpt":{"rendered":"<p>Em 2026 os cachos ganham liberdade com cortes em camadas pixies e franjas O visagismo ajuda a equilibrar o volume e o formato do rosto A manuten\u00e7\u00e3o trimestral e a finaliza\u00e7\u00e3o correta garantem fios saud\u00e1veis e definidos Voc\u00ea j\u00e1 reparou como um corte pode transformar totalmente a forma como seus cachos se comportam? Em 2026, [&hellip;]<\/p>\n","protected":false},"author":9,"featured_media":157685,"comment_status":"open","ping_status":"open","sticky":false,"template":"","format":"standard","meta":{"jnews-multi-image_gallery":[],"jnews_single_post":{"format":"standard"},"jnews_primary_category":[],"jnews_social_meta":[],"jnews_override_counter":[],"footnotes":""},"categories":[8691,8819,1],"tags":[4905,6714,4977],"class_list":["post-157569","post","type-post","status-publish","format-standard","has-post-thumbnail","hentry","category-bem-estar","category-curiosidades","category-noticias","tag-cabelo","tag-cachos","tag-moda"],"yoast_head":"<!-- This site is optimized with the Yoast SEO plugin v23.8 - https:\/\/yoast.com\/wordpress\/plugins\/seo\/ -->\n<title>Adeus cachos sem gra\u00e7a: os cortes que deixam o cabelo cacheado moderno e cheio de movimento - Estado de Minas - Em foco<\/title>\n<meta name=\"description\" content=\"Cabelos cacheados 2026 pedem liberdade e volume Aposte em camadas e franjas para valorizar a textura real dos fios\" \/>\n<meta name=\"robots\" content=\"index, follow, max-snippet:-1, max-image-preview:large, max-video-preview:-1\" \/>\n<link rel=\"canonical\" href=\"https:\/\/www.em.com.br\/emfoco\/2026\/01\/21\/adeus-cachos-sem-graca-os-cortes-que-deixam-o-cabelo-cacheado-moderno-e-cheio-de-movimento\/\" \/>\n<meta property=\"og:locale\" content=\"pt_BR\" \/>\n<meta property=\"og:type\" content=\"article\" \/>\n<meta property=\"og:title\" content=\"Adeus cachos sem gra\u00e7a: os cortes que deixam o cabelo cacheado moderno e cheio de movimento - Estado de Minas - Em foco\" \/>\n<meta property=\"og:description\" content=\"Cabelos cacheados 2026 pedem liberdade e volume Aposte em camadas e franjas para valorizar a textura real dos fios\" \/>\n<meta property=\"og:url\" content=\"https:\/\/www.em.com.br\/emfoco\/2026\/01\/21\/adeus-cachos-sem-graca-os-cortes-que-deixam-o-cabelo-cacheado-moderno-e-cheio-de-movimento\/\" \/>\n<meta property=\"og:site_name\" content=\"Estado de Minas - Em foco\" \/>\n<meta property=\"article:published_time\" content=\"2026-01-21T15:55:30+00:00\" \/>\n<meta property=\"article:modified_time\" content=\"2026-01-20T19:56:54+00:00\" \/>\n<meta property=\"og:image\" content=\"https:\/\/www.em.com.br\/emfoco\/wp-content\/uploads\/2026\/01\/Gemini_Generated_Image_45p5xf45p5xf45p5-1.png\" \/>\n\t<meta property=\"og:image:width\" content=\"1280\" \/>\n\t<meta property=\"og:image:height\" content=\"720\" \/>\n\t<meta property=\"og:image:type\" content=\"image\/png\" \/>\n<meta name=\"author\" content=\"Daniely Cardoso\" \/>\n<meta name=\"twitter:card\" content=\"summary_large_image\" \/>\n<meta name=\"twitter:label1\" content=\"Escrito por\" \/>\n\t<meta name=\"twitter:data1\" content=\"Daniely Cardoso\" \/>\n\t<meta name=\"twitter:label2\" content=\"Est. tempo de leitura\" \/>\n\t<meta name=\"twitter:data2\" content=\"4 minutos\" \/>\n<!-- \/ Yoast SEO plugin. -->","yoast_head_json":{"title":"Adeus cachos sem gra\u00e7a: os cortes que deixam o cabelo cacheado moderno e cheio de movimento - Estado de Minas - Em foco","description":"Cabelos cacheados 2026 pedem liberdade e volume Aposte em camadas e franjas para valorizar a textura real dos fios","robots":{"index":"index","follow":"follow","max-snippet":"max-snippet:-1","max-image-preview":"max-image-preview:large","max-video-preview":"max-video-preview:-1"},"canonical":"https:\/\/www.em.com.br\/emfoco\/2026\/01\/21\/adeus-cachos-sem-graca-os-cortes-que-deixam-o-cabelo-cacheado-moderno-e-cheio-de-movimento\/","og_locale":"pt_BR","og_type":"article","og_title":"Adeus cachos sem gra\u00e7a: os cortes que deixam o cabelo cacheado moderno e cheio de movimento - Estado de Minas - Em foco","og_description":"Cabelos cacheados 2026 pedem liberdade e volume Aposte em camadas e franjas para valorizar a textura real dos fios","og_url":"https:\/\/www.em.com.br\/emfoco\/2026\/01\/21\/adeus-cachos-sem-graca-os-cortes-que-deixam-o-cabelo-cacheado-moderno-e-cheio-de-movimento\/","og_site_name":"Estado de Minas - Em foco","article_published_time":"2026-01-21T15:55:30+00:00","article_modified_time":"2026-01-20T19:56:54+00:00","og_image":[{"width":1280,"height":720,"url":"https:\/\/www.em.com.br\/emfoco\/wp-content\/uploads\/2026\/01\/Gemini_Generated_Image_45p5xf45p5xf45p5-1.png","type":"image\/png"}],"author":"Daniely Cardoso","twitter_card":"summary_large_image","twitter_misc":{"Escrito por":"Daniely Cardoso","Est. tempo de leitura":"4 minutos"},"schema":{"@context":"https:\/\/schema.org","@graph":[{"@type":"WebPage","@id":"https:\/\/www.em.com.br\/emfoco\/2026\/01\/21\/adeus-cachos-sem-graca-os-cortes-que-deixam-o-cabelo-cacheado-moderno-e-cheio-de-movimento\/","url":"https:\/\/www.em.com.br\/emfoco\/2026\/01\/21\/adeus-cachos-sem-graca-os-cortes-que-deixam-o-cabelo-cacheado-moderno-e-cheio-de-movimento\/","name":"Adeus cachos sem gra\u00e7a: os cortes que deixam o cabelo cacheado moderno e cheio de movimento - Estado de Minas - Em foco","isPartOf":{"@id":"https:\/\/www.em.com.br\/emfoco\/#website"},"primaryImageOfPage":{"@id":"https:\/\/www.em.com.br\/emfoco\/2026\/01\/21\/adeus-cachos-sem-graca-os-cortes-que-deixam-o-cabelo-cacheado-moderno-e-cheio-de-movimento\/#primaryimage"},"image":{"@id":"https:\/\/www.em.com.br\/emfoco\/2026\/01\/21\/adeus-cachos-sem-graca-os-cortes-que-deixam-o-cabelo-cacheado-moderno-e-cheio-de-movimento\/#primaryimage"},"thumbnailUrl":"https:\/\/www.em.com.br\/emfoco\/wp-content\/uploads\/2026\/01\/Gemini_Generated_Image_45p5xf45p5xf45p5-1.png","datePublished":"2026-01-21T15:55:30+00:00","dateModified":"2026-01-20T19:56:54+00:00","author":{"@id":"https:\/\/www.em.com.br\/emfoco\/#\/schema\/person\/0a8186d72f2c3a5c6276d90b41f271a0"},"description":"Cabelos cacheados 2026 pedem liberdade e volume Aposte em camadas e franjas para valorizar a textura real dos fios","breadcrumb":{"@id":"https:\/\/www.em.com.br\/emfoco\/2026\/01\/21\/adeus-cachos-sem-graca-os-cortes-que-deixam-o-cabelo-cacheado-moderno-e-cheio-de-movimento\/#breadcrumb"},"inLanguage":"pt-BR","potentialAction":[{"@type":"ReadAction","target":["https:\/\/www.em.com.br\/emfoco\/2026\/01\/21\/adeus-cachos-sem-graca-os-cortes-que-deixam-o-cabelo-cacheado-moderno-e-cheio-de-movimento\/"]}]},{"@type":"ImageObject","inLanguage":"pt-BR","@id":"https:\/\/www.em.com.br\/emfoco\/2026\/01\/21\/adeus-cachos-sem-graca-os-cortes-que-deixam-o-cabelo-cacheado-moderno-e-cheio-de-movimento\/#primaryimage","url":"https:\/\/www.em.com.br\/emfoco\/wp-content\/uploads\/2026\/01\/Gemini_Generated_Image_45p5xf45p5xf45p5-1.png","contentUrl":"https:\/\/www.em.com.br\/emfoco\/wp-content\/uploads\/2026\/01\/Gemini_Generated_Image_45p5xf45p5xf45p5-1.png","width":1280,"height":720,"caption":"Na hora de decidir o corte, olhar para o formato do rosto ajuda bastante a evitar arrependimentos"},{"@type":"BreadcrumbList","@id":"https:\/\/www.em.com.br\/emfoco\/2026\/01\/21\/adeus-cachos-sem-graca-os-cortes-que-deixam-o-cabelo-cacheado-moderno-e-cheio-de-movimento\/#breadcrumb","itemListElement":[{"@type":"ListItem","position":1,"name":"In\u00edcio","item":"https:\/\/www.em.com.br\/emfoco\/"},{"@type":"ListItem","position":2,"name":"Adeus cachos sem gra\u00e7a: os cortes que deixam o cabelo cacheado moderno e cheio de movimento"}]},{"@type":"WebSite","@id":"https:\/\/www.em.com.br\/emfoco\/#website","url":"https:\/\/www.em.com.br\/emfoco\/","name":"Estado de Minas - Em foco","description":"Acompanhe as \u00faltimas not\u00edcias e fique bem informado sobre tudo o que acontece em Minas Gerais, Brasil e no mundo.","potentialAction":[{"@type":"SearchAction","target":{"@type":"EntryPoint","urlTemplate":"https:\/\/www.em.com.br\/emfoco\/?s={search_term_string}"},"query-input":{"@type":"PropertyValueSpecification","valueRequired":true,"valueName":"search_term_string"}}],"inLanguage":"pt-BR"},{"@type":"Person","@id":"https:\/\/www.em.com.br\/emfoco\/#\/schema\/person\/0a8186d72f2c3a5c6276d90b41f271a0","name":"Daniely Cardoso","image":{"@type":"ImageObject","inLanguage":"pt-BR","@id":"https:\/\/www.em.com.br\/emfoco\/#\/schema\/person\/image\/","url":"https:\/\/secure.gravatar.com\/avatar\/4b80ddbd124d1f071b626d52d62e5dff?s=96&d=mm&r=g","contentUrl":"https:\/\/secure.gravatar.com\/avatar\/4b80ddbd124d1f071b626d52d62e5dff?s=96&d=mm&r=g","caption":"Daniely Cardoso"},"url":"https:\/\/www.em.com.br\/emfoco\/author\/danielymyth\/"}]}},"_links":{"self":[{"href":"https:\/\/www.em.com.br\/emfoco\/wp-json\/wp\/v2\/posts\/157569","targetHints":{"allow":["GET"]}}],"collection":[{"href":"https:\/\/www.em.com.br\/emfoco\/wp-json\/wp\/v2\/posts"}],"about":[{"href":"https:\/\/www.em.com.br\/emfoco\/wp-json\/wp\/v2\/types\/post"}],"author":[{"embeddable":true,"href":"https:\/\/www.em.com.br\/emfoco\/wp-json\/wp\/v2\/users\/9"}],"replies":[{"embeddable":true,"href":"https:\/\/www.em.com.br\/emfoco\/wp-json\/wp\/v2\/comments?post=157569"}],"version-history":[{"count":3,"href":"https:\/\/www.em.com.br\/emfoco\/wp-json\/wp\/v2\/posts\/157569\/revisions"}],"predecessor-version":[{"id":157689,"href":"https:\/\/www.em.com.br\/emfoco\/wp-json\/wp\/v2\/posts\/157569\/revisions\/157689"}],"wp:featuredmedia":[{"embeddable":true,"href":"https:\/\/www.em.com.br\/emfoco\/wp-json\/wp\/v2\/media\/157685"}],"wp:attachment":[{"href":"https:\/\/www.em.com.br\/emfoco\/wp-json\/wp\/v2\/media?parent=157569"}],"wp:term":[{"taxonomy":"category","embeddable":true,"href":"https:\/\/www.em.com.br\/emfoco\/wp-json\/wp\/v2\/categories?post=157569"},{"taxonomy":"post_tag","embeddable":true,"href":"https:\/\/www.em.com.br\/emfoco\/wp-json\/wp\/v2\/tags?post=157569"}],"curies":[{"name":"wp","href":"https:\/\/api.w.org\/{rel}","templated":true}]}}