{"id":157567,"date":"2026-01-21T10:45:21","date_gmt":"2026-01-21T13:45:21","guid":{"rendered":"https:\/\/www.em.com.br\/emfoco\/?p=157567"},"modified":"2026-01-20T16:42:41","modified_gmt":"2026-01-20T19:42:41","slug":"cor-de-salao-em-casa-como-fazer-a-tintura-de-cabelo-durar-mais-e-manter-o-brilho-por-semanas","status":"publish","type":"post","link":"https:\/\/www.em.com.br\/emfoco\/2026\/01\/21\/cor-de-salao-em-casa-como-fazer-a-tintura-de-cabelo-durar-mais-e-manter-o-brilho-por-semanas\/","title":{"rendered":"Cor de sal\u00e3o em casa: como fazer a tintura de cabelo durar mais e manter o brilho por semanas"},"content":{"rendered":"\n<h2 class=\"wp-block-heading\">Para a tinta durar lave o cabelo em dias alternados com \u00e1gua morna e use produtos espec\u00edficos Protetor t\u00e9rmico e hidrata\u00e7\u00e3o semanal s\u00e3o essenciais para evitar o desbotamento e manter a sa\u00fade dos fios<\/h2>\n\n\n\n<p>Voc\u00ea pinta o cabelo, ama o resultado, mas em poucas semanas a cor j\u00e1 est\u00e1 <strong>desbotada<\/strong>? Isso acontece com muita gente, mas a boa not\u00edcia \u00e9 que pequenas mudan\u00e7as na <strong>rotina<\/strong> fazem a tinta do cabelo durar bem mais, mantendo o brilho, a intensidade da cor e a sa\u00fade dos fios por muito mais tempo.<\/p>\n\n\n\n<h2 class=\"wp-block-heading\">Como fazer a tinta do cabelo durar mais na rotina di\u00e1ria<\/h2>\n\n\n\n<p>Um dos segredos para a cor permanecer bonita \u00e9 pegar leve nas <strong>lavagens<\/strong>. Cada vez que voc\u00ea lava o cabelo, um pouco do <strong>pigmento<\/strong> vai embora, ent\u00e3o lavar todos os dias acelera o desbotamento. Na maior parte dos casos, vale tentar espa\u00e7ar para cada dois ou tr\u00eas dias, adaptando de acordo com a oleosidade do seu couro cabeludo.<\/p>\n\n\n\n<p>A escolha dos <strong>produtos<\/strong> tamb\u00e9m faz muita diferen\u00e7a. Shampoos e condicionadores pr\u00f3prios para cabelo tingido costumam ser mais <strong>suaves<\/strong>, limpam sem \u201carrancar\u201d tanta cor e ajudam a manter o brilho. Alguns ainda selam levemente as cut\u00edculas, deixando os fios mais alinhados e com apar\u00eancia de sal\u00e3o por mais tempo.<\/p>\n\n\n<div class=\"wp-block-image\">\n<figure class=\"aligncenter size-large\"><img loading=\"lazy\" decoding=\"async\" width=\"1024\" height=\"576\" src=\"https:\/\/www.em.com.br\/emfoco\/wp-content\/uploads\/2025\/12\/pintar-cabelo_1765485117601-1024x576.jpg\" alt=\"\" class=\"wp-image-139209\" srcset=\"https:\/\/www.em.com.br\/emfoco\/wp-content\/uploads\/2025\/12\/pintar-cabelo_1765485117601-1024x576.jpg 1024w, https:\/\/www.em.com.br\/emfoco\/wp-content\/uploads\/2025\/12\/pintar-cabelo_1765485117601-300x169.jpg 300w, https:\/\/www.em.com.br\/emfoco\/wp-content\/uploads\/2025\/12\/pintar-cabelo_1765485117601-768x432.jpg 768w, https:\/\/www.em.com.br\/emfoco\/wp-content\/uploads\/2025\/12\/pintar-cabelo_1765485117601-750x422.jpg 750w, https:\/\/www.em.com.br\/emfoco\/wp-content\/uploads\/2025\/12\/pintar-cabelo_1765485117601-1140x641.jpg 1140w, https:\/\/www.em.com.br\/emfoco\/wp-content\/uploads\/2025\/12\/pintar-cabelo_1765485117601.jpg 1280w\" sizes=\"auto, (max-width: 1024px) 100vw, 1024px\" \/><figcaption class=\"wp-element-caption\">Na hora de escolher a colora\u00e7\u00e3o, n\u00e3o \u00e9 s\u00f3 o n\u00famero da caixinha que importa &#8211; Cr\u00e9ditos: depositphotos.com \/ nenadovicphoto@gmail.com<\/figcaption><\/figure><\/div>\n\n\n<p>Leia tamb\u00e9m:&nbsp;<a href=\"https:\/\/www.em.com.br\/emfoco\/2026\/01\/20\/esqueca-o-cabelo-reto-e-o-long-bob-esse-vai-ser-o-corte-mais-leve-e-sofisticado-do-verao-de-2026\/\" target=\"_blank\" rel=\"noopener\">Esque\u00e7a o cabelo reto e o long bob, esse vai ser o corte mais leve e sofisticado do ver\u00e3o de 2026<\/a><\/p>\n\n\n\n<h2 class=\"wp-block-heading\">Quais h\u00e1bitos ajudam a fazer a cor do cabelo durar mais tempo<\/h2>\n\n\n\n<p>Al\u00e9m de reduzir o n\u00famero de lavagens, controlar a <strong>temperatura<\/strong> da \u00e1gua \u00e9 um cuidado simples que muda o resultado. \u00c1gua muito quente abre demais as cut\u00edculas do fio, facilitando a sa\u00edda do <strong>pigmento<\/strong> e deixando o cabelo mais opaco. Sempre que puder, prefira \u00e1gua morna e finalize o enx\u00e1gue com \u00e1gua fria para ajudar a \u201cfechar\u201d os fios.<\/p>\n\n\n\n<p>Outro ponto importante \u00e9 o uso de ferramentas de <strong>calor<\/strong>, como secador, chapinha e babyliss. Quando usados todos os dias e sem prote\u00e7\u00e3o t\u00e9rmica, eles ressecam e fragilizam o cabelo, fazendo a cor perder vida mais r\u00e1pido. Aplicar um bom <strong>protetor<\/strong> t\u00e9rmico antes de modelar cria uma camada de prote\u00e7\u00e3o que ameniza os danos do calor.<\/p>\n\n\n\n<figure class=\"wp-block-embed is-type-rich is-provider-pinterest wp-block-embed-pinterest\"><div class=\"wp-block-embed__wrapper\">\n<iframe loading=\"lazy\" title=\"Como pintar o cabelo em casa\" src=\"https:\/\/assets.pinterest.com\/ext\/embed.html?id=4644405861073555&#038;src=oembed\" height=\"899\" width=\"450\" frameborder=\"0\" scrolling=\"no\" ><\/iframe>\n<\/div><\/figure>\n\n\n\n<h2 class=\"wp-block-heading\">Quais h\u00e1bitos simples do dia a dia ajudam a preservar a cor do cabelo<\/h2>\n\n\n\n<p>Se voc\u00ea quer que a cor do cabelo dure mais, vale observar alguns detalhes do dia a dia que muitas vezes passam batido, mas somam no <strong>resultado<\/strong> final. S\u00e3o pequenos ajustes que protegem os fios sem exigir uma rotina complicada ou <strong>cara<\/strong>.<\/p>\n\n\n\n<p>A lista a seguir re\u00fane cuidados pr\u00e1ticos que podem ser adaptados \u00e0 sua rotina sem muita dificuldade, ajudando a manter a cor bonita entre um <strong>retoque<\/strong> e outro:<\/p>\n\n\n\n<ul class=\"wp-block-list\">\n<li><strong>Lavar<\/strong> o cabelo em dias alternados, quando poss\u00edvel.<\/li>\n\n\n\n<li>Usar shampoo e <strong>condicionador<\/strong> para cabelo tingido.<\/li>\n\n\n\n<li>Evitar produtos de <strong>limpeza<\/strong> profunda no dia a dia.<\/li>\n\n\n\n<li>Aplicar condicionador e <strong>m\u00e1scara<\/strong> apenas no comprimento e pontas.<\/li>\n<\/ul>\n\n\n\n<h2 class=\"wp-block-heading\">Como a hidrata\u00e7\u00e3o, o sol e a polui\u00e7\u00e3o influenciam na dura\u00e7\u00e3o da cor do cabelo<\/h2>\n\n\n\n<p>Depois de colorir, o cabelo tende a ficar mais sens\u00edvel e <strong>ressecado<\/strong>, principalmente se houve descolora\u00e7\u00e3o. Por isso, uma rotina de hidrata\u00e7\u00e3o \u00e9 essencial: m\u00e1scaras nutritivas uma ou duas vezes por semana ajudam a repor \u00e1gua e <strong>nutrientes<\/strong>, deixando os fios mais macios, brilhantes e com a cor visualmente mais intensa.<\/p>\n\n\n\n<p>Sol em excesso e polui\u00e7\u00e3o tamb\u00e9m s\u00e3o vil\u00f5es da <strong>cor<\/strong>. Os raios UV oxidam o pigmento e podem alterar o tom, principalmente em loiros, vermelhos e cores fantasia. J\u00e1 a polui\u00e7\u00e3o deixa o cabelo opaco. Sempre que der, use produtos com <strong>filtro<\/strong> UV, proteja com chap\u00e9u ou len\u00e7o e enx\u00e1gue bem os fios ap\u00f3s mar ou piscina.<\/p>\n\n\n\n<p>Para voc\u00ea que quer mais dicas, separamos um v\u00eddeo do canal <a class=\"yt-simple-endpoint style-scope yt-formatted-string\" spellcheck=\"false\" href=\"https:\/\/www.youtube.com\/@Dicamineira\">Dica Mineira<\/a> com dicas para a tinta durar mais tempo no cabelo:<\/p>\n\n\n\n<figure class=\"wp-block-embed is-type-video is-provider-youtube wp-block-embed-youtube wp-embed-aspect-16-9 wp-has-aspect-ratio\"><div class=\"wp-block-embed__wrapper\">\n<div class=\"jeg_video_container jeg_video_content\"><iframe loading=\"lazy\" title=\"O QUE FAZER PARA A TINTA DURAR MAIS TEMPO NO CABELO\" width=\"500\" height=\"281\" src=\"https:\/\/www.youtube.com\/embed\/qkp-gannKkI?feature=oembed\" frameborder=\"0\" allow=\"accelerometer; autoplay; clipboard-write; encrypted-media; gyroscope; picture-in-picture; web-share\" referrerpolicy=\"strict-origin-when-cross-origin\" allowfullscreen><\/iframe><\/div>\n<\/div><\/figure>\n\n\n\n<h2 class=\"wp-block-heading\">Quais cuidados extras mant\u00eam a cor do cabelo vibrante por mais tempo<\/h2>\n\n\n\n<p>Entre uma visita e outra ao sal\u00e3o, alguns truques ajudam a recuperar o <strong>brilho<\/strong> sem agredir o cabelo. M\u00e1scaras com efeito gloss ou banhos de brilho real\u00e7am a cor j\u00e1 existente, enquanto <strong>matizadores<\/strong> podem ajustar o tom de loiros, ruivos ou castanhos quando aparecem reflexos indesejados.<\/p>\n\n\n\n<p>Outra boa estrat\u00e9gia \u00e9 retocar apenas a <strong>raiz<\/strong> e, no comprimento, usar tonalizantes suaves ou m\u00e1scaras pigmentadas em vez de reaplicar a tinta do cabelo completa o tempo todo. Com isso, voc\u00ea mant\u00e9m a cor mais uniforme, evita excesso de <strong>qu\u00edmica<\/strong> nos fios e prolonga tanto a beleza do tom quanto a sa\u00fade da fibra capilar.<\/p>\n","protected":false},"excerpt":{"rendered":"<p>Para a tinta durar lave o cabelo em dias alternados com \u00e1gua morna e use produtos espec\u00edficos Protetor t\u00e9rmico e hidrata\u00e7\u00e3o semanal s\u00e3o essenciais para evitar o desbotamento e manter a sa\u00fade dos fios Voc\u00ea pinta o cabelo, ama o resultado, mas em poucas semanas a cor j\u00e1 est\u00e1 desbotada? Isso acontece com muita gente, [&hellip;]<\/p>\n","protected":false},"author":9,"featured_media":132743,"comment_status":"open","ping_status":"open","sticky":false,"template":"","format":"standard","meta":{"jnews-multi-image_gallery":[],"jnews_single_post":{"format":"standard"},"jnews_primary_category":[],"jnews_social_meta":[],"jnews_override_counter":[],"footnotes":""},"categories":[8691,8819,1],"tags":[23040,9915,14622],"class_list":["post-157567","post","type-post","status-publish","format-standard","has-post-thumbnail","hentry","category-bem-estar","category-curiosidades","category-noticias","tag-auto-cuidao","tag-cor-de-cabelo","tag-pintura"],"yoast_head":"<!-- This site is optimized with the Yoast SEO plugin v23.8 - https:\/\/yoast.com\/wordpress\/plugins\/seo\/ -->\n<title>Cor de sal\u00e3o em casa: como fazer a tintura de cabelo durar mais e manter o brilho por semanas - Estado de Minas - Em foco<\/title>\n<meta name=\"description\" content=\"Cor desbotada? Evite \u00e1gua quente e use protetor t\u00e9rmico Lave menos e hidrate para manter o brilho intenso\" \/>\n<meta name=\"robots\" content=\"index, follow, max-snippet:-1, max-image-preview:large, max-video-preview:-1\" \/>\n<link rel=\"canonical\" href=\"https:\/\/www.em.com.br\/emfoco\/2026\/01\/21\/cor-de-salao-em-casa-como-fazer-a-tintura-de-cabelo-durar-mais-e-manter-o-brilho-por-semanas\/\" \/>\n<meta property=\"og:locale\" content=\"pt_BR\" \/>\n<meta property=\"og:type\" content=\"article\" \/>\n<meta property=\"og:title\" content=\"Cor de sal\u00e3o em casa: como fazer a tintura de cabelo durar mais e manter o brilho por semanas - Estado de Minas - Em foco\" \/>\n<meta property=\"og:description\" content=\"Cor desbotada? Evite \u00e1gua quente e use protetor t\u00e9rmico Lave menos e hidrate para manter o brilho intenso\" \/>\n<meta property=\"og:url\" content=\"https:\/\/www.em.com.br\/emfoco\/2026\/01\/21\/cor-de-salao-em-casa-como-fazer-a-tintura-de-cabelo-durar-mais-e-manter-o-brilho-por-semanas\/\" \/>\n<meta property=\"og:site_name\" content=\"Estado de Minas - Em foco\" \/>\n<meta property=\"article:published_time\" content=\"2026-01-21T13:45:21+00:00\" \/>\n<meta property=\"article:modified_time\" content=\"2026-01-20T19:42:41+00:00\" \/>\n<meta property=\"og:image\" content=\"https:\/\/www.em.com.br\/emfoco\/wp-content\/uploads\/2025\/11\/unnamed-5-1.jpg\" \/>\n\t<meta property=\"og:image:width\" content=\"1280\" \/>\n\t<meta property=\"og:image:height\" content=\"720\" \/>\n\t<meta property=\"og:image:type\" content=\"image\/jpeg\" \/>\n<meta name=\"author\" content=\"Daniely Cardoso\" \/>\n<meta name=\"twitter:card\" content=\"summary_large_image\" \/>\n<meta name=\"twitter:label1\" content=\"Escrito por\" \/>\n\t<meta name=\"twitter:data1\" content=\"Daniely Cardoso\" \/>\n\t<meta name=\"twitter:label2\" content=\"Est. tempo de leitura\" \/>\n\t<meta name=\"twitter:data2\" content=\"5 minutos\" \/>\n<!-- \/ Yoast SEO plugin. -->","yoast_head_json":{"title":"Cor de sal\u00e3o em casa: como fazer a tintura de cabelo durar mais e manter o brilho por semanas - Estado de Minas - Em foco","description":"Cor desbotada? Evite \u00e1gua quente e use protetor t\u00e9rmico Lave menos e hidrate para manter o brilho intenso","robots":{"index":"index","follow":"follow","max-snippet":"max-snippet:-1","max-image-preview":"max-image-preview:large","max-video-preview":"max-video-preview:-1"},"canonical":"https:\/\/www.em.com.br\/emfoco\/2026\/01\/21\/cor-de-salao-em-casa-como-fazer-a-tintura-de-cabelo-durar-mais-e-manter-o-brilho-por-semanas\/","og_locale":"pt_BR","og_type":"article","og_title":"Cor de sal\u00e3o em casa: como fazer a tintura de cabelo durar mais e manter o brilho por semanas - Estado de Minas - Em foco","og_description":"Cor desbotada? Evite \u00e1gua quente e use protetor t\u00e9rmico Lave menos e hidrate para manter o brilho intenso","og_url":"https:\/\/www.em.com.br\/emfoco\/2026\/01\/21\/cor-de-salao-em-casa-como-fazer-a-tintura-de-cabelo-durar-mais-e-manter-o-brilho-por-semanas\/","og_site_name":"Estado de Minas - Em foco","article_published_time":"2026-01-21T13:45:21+00:00","article_modified_time":"2026-01-20T19:42:41+00:00","og_image":[{"width":1280,"height":720,"url":"https:\/\/www.em.com.br\/emfoco\/wp-content\/uploads\/2025\/11\/unnamed-5-1.jpg","type":"image\/jpeg"}],"author":"Daniely Cardoso","twitter_card":"summary_large_image","twitter_misc":{"Escrito por":"Daniely Cardoso","Est. tempo de leitura":"5 minutos"},"schema":{"@context":"https:\/\/schema.org","@graph":[{"@type":"WebPage","@id":"https:\/\/www.em.com.br\/emfoco\/2026\/01\/21\/cor-de-salao-em-casa-como-fazer-a-tintura-de-cabelo-durar-mais-e-manter-o-brilho-por-semanas\/","url":"https:\/\/www.em.com.br\/emfoco\/2026\/01\/21\/cor-de-salao-em-casa-como-fazer-a-tintura-de-cabelo-durar-mais-e-manter-o-brilho-por-semanas\/","name":"Cor de sal\u00e3o em casa: como fazer a tintura de cabelo durar mais e manter o brilho por semanas - Estado de Minas - Em foco","isPartOf":{"@id":"https:\/\/www.em.com.br\/emfoco\/#website"},"primaryImageOfPage":{"@id":"https:\/\/www.em.com.br\/emfoco\/2026\/01\/21\/cor-de-salao-em-casa-como-fazer-a-tintura-de-cabelo-durar-mais-e-manter-o-brilho-por-semanas\/#primaryimage"},"image":{"@id":"https:\/\/www.em.com.br\/emfoco\/2026\/01\/21\/cor-de-salao-em-casa-como-fazer-a-tintura-de-cabelo-durar-mais-e-manter-o-brilho-por-semanas\/#primaryimage"},"thumbnailUrl":"https:\/\/www.em.com.br\/emfoco\/wp-content\/uploads\/2025\/11\/unnamed-5-1.jpg","datePublished":"2026-01-21T13:45:21+00:00","dateModified":"2026-01-20T19:42:41+00:00","author":{"@id":"https:\/\/www.em.com.br\/emfoco\/#\/schema\/person\/0a8186d72f2c3a5c6276d90b41f271a0"},"description":"Cor desbotada? Evite \u00e1gua quente e use protetor t\u00e9rmico Lave menos e hidrate para manter o brilho intenso","breadcrumb":{"@id":"https:\/\/www.em.com.br\/emfoco\/2026\/01\/21\/cor-de-salao-em-casa-como-fazer-a-tintura-de-cabelo-durar-mais-e-manter-o-brilho-por-semanas\/#breadcrumb"},"inLanguage":"pt-BR","potentialAction":[{"@type":"ReadAction","target":["https:\/\/www.em.com.br\/emfoco\/2026\/01\/21\/cor-de-salao-em-casa-como-fazer-a-tintura-de-cabelo-durar-mais-e-manter-o-brilho-por-semanas\/"]}]},{"@type":"ImageObject","inLanguage":"pt-BR","@id":"https:\/\/www.em.com.br\/emfoco\/2026\/01\/21\/cor-de-salao-em-casa-como-fazer-a-tintura-de-cabelo-durar-mais-e-manter-o-brilho-por-semanas\/#primaryimage","url":"https:\/\/www.em.com.br\/emfoco\/wp-content\/uploads\/2025\/11\/unnamed-5-1.jpg","contentUrl":"https:\/\/www.em.com.br\/emfoco\/wp-content\/uploads\/2025\/11\/unnamed-5-1.jpg","width":1280,"height":720,"caption":"Para quem tem cabelo castanho, recomenda-se explorar tons quentes"},{"@type":"BreadcrumbList","@id":"https:\/\/www.em.com.br\/emfoco\/2026\/01\/21\/cor-de-salao-em-casa-como-fazer-a-tintura-de-cabelo-durar-mais-e-manter-o-brilho-por-semanas\/#breadcrumb","itemListElement":[{"@type":"ListItem","position":1,"name":"In\u00edcio","item":"https:\/\/www.em.com.br\/emfoco\/"},{"@type":"ListItem","position":2,"name":"Cor de sal\u00e3o em casa: como fazer a tintura de cabelo durar mais e manter o brilho por semanas"}]},{"@type":"WebSite","@id":"https:\/\/www.em.com.br\/emfoco\/#website","url":"https:\/\/www.em.com.br\/emfoco\/","name":"Estado de Minas - Em foco","description":"Acompanhe as \u00faltimas not\u00edcias e fique bem informado sobre tudo o que acontece em Minas Gerais, Brasil e no mundo.","potentialAction":[{"@type":"SearchAction","target":{"@type":"EntryPoint","urlTemplate":"https:\/\/www.em.com.br\/emfoco\/?s={search_term_string}"},"query-input":{"@type":"PropertyValueSpecification","valueRequired":true,"valueName":"search_term_string"}}],"inLanguage":"pt-BR"},{"@type":"Person","@id":"https:\/\/www.em.com.br\/emfoco\/#\/schema\/person\/0a8186d72f2c3a5c6276d90b41f271a0","name":"Daniely Cardoso","image":{"@type":"ImageObject","inLanguage":"pt-BR","@id":"https:\/\/www.em.com.br\/emfoco\/#\/schema\/person\/image\/","url":"https:\/\/secure.gravatar.com\/avatar\/4b80ddbd124d1f071b626d52d62e5dff?s=96&d=mm&r=g","contentUrl":"https:\/\/secure.gravatar.com\/avatar\/4b80ddbd124d1f071b626d52d62e5dff?s=96&d=mm&r=g","caption":"Daniely Cardoso"},"url":"https:\/\/www.em.com.br\/emfoco\/author\/danielymyth\/"}]}},"_links":{"self":[{"href":"https:\/\/www.em.com.br\/emfoco\/wp-json\/wp\/v2\/posts\/157567","targetHints":{"allow":["GET"]}}],"collection":[{"href":"https:\/\/www.em.com.br\/emfoco\/wp-json\/wp\/v2\/posts"}],"about":[{"href":"https:\/\/www.em.com.br\/emfoco\/wp-json\/wp\/v2\/types\/post"}],"author":[{"embeddable":true,"href":"https:\/\/www.em.com.br\/emfoco\/wp-json\/wp\/v2\/users\/9"}],"replies":[{"embeddable":true,"href":"https:\/\/www.em.com.br\/emfoco\/wp-json\/wp\/v2\/comments?post=157567"}],"version-history":[{"count":3,"href":"https:\/\/www.em.com.br\/emfoco\/wp-json\/wp\/v2\/posts\/157567\/revisions"}],"predecessor-version":[{"id":157668,"href":"https:\/\/www.em.com.br\/emfoco\/wp-json\/wp\/v2\/posts\/157567\/revisions\/157668"}],"wp:featuredmedia":[{"embeddable":true,"href":"https:\/\/www.em.com.br\/emfoco\/wp-json\/wp\/v2\/media\/132743"}],"wp:attachment":[{"href":"https:\/\/www.em.com.br\/emfoco\/wp-json\/wp\/v2\/media?parent=157567"}],"wp:term":[{"taxonomy":"category","embeddable":true,"href":"https:\/\/www.em.com.br\/emfoco\/wp-json\/wp\/v2\/categories?post=157567"},{"taxonomy":"post_tag","embeddable":true,"href":"https:\/\/www.em.com.br\/emfoco\/wp-json\/wp\/v2\/tags?post=157567"}],"curies":[{"name":"wp","href":"https:\/\/api.w.org\/{rel}","templated":true}]}}