{"id":157566,"date":"2026-01-21T09:55:18","date_gmt":"2026-01-21T12:55:18","guid":{"rendered":"https:\/\/www.em.com.br\/emfoco\/?p=157566"},"modified":"2026-01-20T16:38:30","modified_gmt":"2026-01-20T19:38:30","slug":"a-arvore-que-cresce-rapido-perfuma-o-jardim-e-encanta-com-flores-estreladas","status":"publish","type":"post","link":"https:\/\/www.em.com.br\/emfoco\/2026\/01\/21\/a-arvore-que-cresce-rapido-perfuma-o-jardim-e-encanta-com-flores-estreladas\/","title":{"rendered":"A \u00e1rvore que cresce r\u00e1pido, perfuma o jardim e encanta com flores estreladas"},"content":{"rendered":"\n<h2 class=\"wp-block-heading\">O ylang ylang \u00e9 famoso pelo perfume doce e flores que mudam de cor Exige sol pleno solo f\u00e9rtil e regas regulares sem encharcar A poda no inverno fortalece a copa e garante a sombra e a mat\u00e9ria prima de \u00f3leos essenciais<\/h2>\n\n\n\n<p>Imagine chegar em casa no fim do dia e ser recebido por um <b>perfume doce<\/b> e envolvente vindo do <b>jardim<\/b>. \u00c9 exatamente essa a sensa\u00e7\u00e3o que a <strong>\u00e1rvore de ylang-ylang<\/strong> proporciona. Origin\u00e1ria das <b>florestas \u00famidas<\/b> do sudeste asi\u00e1tico, ela conquistou jardins em v\u00e1rias partes do mundo, unindo beleza, aroma marcante e o charme de uma planta t\u00edpica de <b>clima tropical<\/b>. Em 2025, continua sendo uma das esp\u00e9cies arom\u00e1ticas mais ligadas \u00e0 perfumaria, especialmente para quem sonha em ter um <b>jardim bonito<\/b> e perfumado ao mesmo tempo.<\/p>\n\n\n\n<h2 class=\"wp-block-heading\">O que torna a \u00e1rvore de ylang-ylang especial no jardim<\/h2>\n\n\n\n<p>O grande destaque do <strong>ylang-ylang<\/strong> s\u00e3o suas <b>flores pendentes<\/b> e compridas, com formato de estrela irregular, que exalam um <b>perfume doce<\/b>, intenso e facilmente reconhec\u00edvel. As p\u00e9talas come\u00e7am em um <b>tom verde-lim\u00e3o<\/b> e, com o tempo, ficam amarelas e douradas, criando um contraste muito bonito com o verde da folhagem.<\/p>\n\n\n\n<p>Essas flores s\u00e3o usadas na extra\u00e7\u00e3o de um <b>\u00f3leo essencial<\/b> muito valorizado por perfumistas e na <b>aromaterapia<\/b>. Al\u00e9m do aroma, a \u00e1rvore cresce r\u00e1pido em condi\u00e7\u00f5es adequadas e pode formar uma <b>copa frondosa<\/b> em poucos anos, oferecendo sombra fresca para \u00e1reas de descanso, caminhos e p\u00e1tios amplos.<\/p>\n\n\n\n<figure class=\"wp-block-embed is-type-rich is-provider-pinterest wp-block-embed-pinterest\"><div class=\"wp-block-embed__wrapper\">\n<iframe loading=\"lazy\" title=\"O \u00f3leo essencial de Ylang-Ylang \u00e9 floral, quente e envolvente. Mas seu efeito vai al\u00e9m do cheiro: ele atua direto no campo emocional.  \u00c9 indicado para quem se sente dura, tensa, esgotada, desconectada do corpo e do prazer.  Ylang-Ylang amolece o que ficou r\u00edgido, ado\u00e7a o que ficou amargo, reconecta com o toque, o afeto e a sensualidade.  \u00c9 o \u00f3leo do reencontro com a leveza de existir. . . \ud83d\udcdaCURSO DE AROMATERAPIA ONLINE  \u00a0\ud83c\udf38 Quer aprender a usar \u00f3leos essenciais para melhorar sua sa\u00fade e bem-est...\" src=\"https:\/\/assets.pinterest.com\/ext\/embed.html?id=6614730699120289&#038;src=oembed\" height=\"663\" width=\"450\" frameborder=\"0\" scrolling=\"no\" ><\/iframe>\n<\/div><\/figure>\n\n\n\n<p>Leia tamb\u00e9m:&nbsp;<a href=\"https:\/\/www.em.com.br\/emfoco\/2026\/01\/20\/como-plantar-acai-em-casa-e-garantir-frutos-saudaveis-e-saborosos\/\" target=\"_blank\" rel=\"noopener\">Como plantar a\u00e7a\u00ed em casa e garantir frutos saud\u00e1veis e saborosos<\/a><\/p>\n\n\n\n<h2 class=\"wp-block-heading\">Como cuidar da \u00e1rvore de ylang-ylang no jardim<\/h2>\n\n\n\n<p>Para que a <strong>\u00e1rvore de ylang-ylang<\/strong> fique <b>bonita<\/b> e saud\u00e1vel, o ideal \u00e9 tentar imitar o ambiente de onde ela veio: <b>clima quente<\/b>, boa umidade e muita luz. O plantio costuma ser feito em \u00e1reas externas, com espa\u00e7o para crescer tanto em altura quanto em largura, j\u00e1 que a <b>copa adulta<\/b> pode ficar bem ampla.<\/p>\n\n\n\n<p>Na rega, o ideal \u00e9 manter o <b>solo levemente \u00famido<\/b>, mas nunca encharcado. Em regi\u00f5es quentes, costuma-se regar de duas a tr\u00eas vezes por semana na fase de crescimento mais ativo, ajustando conforme a chuva. A exposi\u00e7\u00e3o a <strong>pleno sol<\/strong> costuma favorecer a <b>flora\u00e7\u00e3o<\/b> e a densidade da copa, embora tamb\u00e9m tolere meia-sombra em jardins com outras <b>\u00e1rvores altas<\/b>.<\/p>\n\n\n\n<figure class=\"wp-block-embed is-type-rich is-provider-pinterest wp-block-embed-pinterest\"><div class=\"wp-block-embed__wrapper\">\n<iframe loading=\"lazy\" title=\"How to Grow Ylang-Ylang Tree Easily\" src=\"https:\/\/assets.pinterest.com\/ext\/embed.html?id=515451119872135582&#038;src=oembed\" height=\"591\" width=\"450\" frameborder=\"0\" scrolling=\"no\" ><\/iframe>\n<\/div><\/figure>\n\n\n\n<h2 class=\"wp-block-heading\">Como podar e manter o ylang-ylang sempre saud\u00e1vel<\/h2>\n\n\n\n<p>A <b>poda<\/b> da <strong>\u00e1rvore de ylang-ylang<\/strong> ajuda a manter a planta mais forte, bonita e segura. Ela costuma ser feita no in\u00edcio ou no fim do inverno, quando a \u00e1rvore est\u00e1 em fase de menor atividade, o que reduz o <b>estresse<\/b> e favorece uma brota\u00e7\u00e3o mais equilibrada na esta\u00e7\u00e3o seguinte.<\/p>\n\n\n\n<p>De forma simples, alguns cuidados de poda podem orientar quem est\u00e1 come\u00e7ando a cuidar dessa esp\u00e9cie:<\/p>\n\n\n\n<ul class=\"wp-block-list\">\n<li>Eliminar <b>ramos secos<\/b>, doentes ou quebrados para evitar <b>pragas<\/b> e doen\u00e7as.<\/li>\n\n\n\n<li>Encurtar galhos muito longos ou cruzados que impe\u00e7am a entrada de <b>luz na copa<\/b>.<\/li>\n\n\n\n<li>Manter a copa mais <b>aberta<\/b> para melhorar a <b>circula\u00e7\u00e3o de ar<\/b> entre os ramos.<\/li>\n\n\n\n<li>Controlar a <b>altura<\/b> caso se queira facilitar a colheita das <b>flores perfumadas<\/b>.<\/li>\n<\/ul>\n\n\n\n<h2 class=\"wp-block-heading\">Como o solo e o clima influenciam o desenvolvimento do ylang-ylang<\/h2>\n\n\n\n<p>Al\u00e9m da poda, o ylang-ylang se desenvolve melhor em solo <b>f\u00e9rtil<\/b>, leve e bem drenado. A adi\u00e7\u00e3o de <b>mat\u00e9ria org\u00e2nica<\/b>, como composto bem decomposto, ajuda a manter a umidade por mais tempo e fornece nutrientes importantes, especialmente em <b>jardins urbanos<\/b> ou solos mais pobres.<\/p>\n\n\n\n<p>Em regi\u00f5es fora do <b>clima tropical<\/b>, onde o frio pode ser mais intenso, algumas pessoas protegem a planta nos primeiros anos, usando coberturas no solo ou escolhendo locais mais abrigados de <b>ventos fortes<\/b>. Em alguns casos, o cultivo em <b>vasos grandes<\/b> tamb\u00e9m \u00e9 uma op\u00e7\u00e3o, desde que a planta receba bastante luz e regas regulares.<\/p>\n\n\n\n<p>Para voc\u00ea que gosta de plantar em casa, separamos um v\u00eddeo do canal <a href=\"https:\/\/www.youtube.com\/@plantaremcasa\" target=\"_blank\" rel=\"noreferrer noopener\">Plantar em Casa <\/a>com dicas para usar essa \u00e1rvore:<\/p>\n\n\n\n<figure class=\"wp-block-embed is-type-video is-provider-youtube wp-block-embed-youtube wp-embed-aspect-16-9 wp-has-aspect-ratio\"><div class=\"wp-block-embed__wrapper\">\n<div class=\"jeg_video_container jeg_video_content\"><iframe loading=\"lazy\" title=\"YLANG YLANG uso em \u00d3leo Essencial no S\u00edtio das Melaleucas\" width=\"500\" height=\"281\" src=\"https:\/\/www.youtube.com\/embed\/0PhV8YfOB3w?feature=oembed\" frameborder=\"0\" allow=\"accelerometer; autoplay; clipboard-write; encrypted-media; gyroscope; picture-in-picture; web-share\" referrerpolicy=\"strict-origin-when-cross-origin\" allowfullscreen><\/iframe><\/div>\n<\/div><\/figure>\n\n\n\n<h2 class=\"wp-block-heading\">Quais s\u00e3o os benef\u00edcios ambientais e usos da \u00e1rvore de ylang-ylang<\/h2>\n\n\n\n<p>Assim como outras \u00e1rvores ornamentais, o ylang-ylang ajuda a melhorar a <b>qualidade do ar<\/b>, absorvendo di\u00f3xido de carbono e liberando <b>oxig\u00eanio<\/b>. Sua copa oferece abrigo para aves e <b>insetos polinizadores<\/b>, atra\u00eddos pelas flores perfumadas, o que torna o jardim mais vivo e diverso. Em \u00e1reas urbanas, sua sombra tamb\u00e9m contribui para deixar o <b>ambiente mais fresco<\/b> e agrad\u00e1vel.<\/p>\n\n\n\n<p>No lado produtivo, as flores da <strong>\u00e1rvore de ylang-ylang<\/strong> s\u00e3o colhidas para a extra\u00e7\u00e3o de um <b>\u00f3leo essencial<\/b> de alto valor comercial, usado em perfumes, cosm\u00e9ticos e misturas arom\u00e1ticas. Em alguns projetos artesanais, a colheita \u00e9 feita manualmente nas primeiras horas da manh\u00e3, quando o <b>perfume est\u00e1 mais intenso<\/b>, mantendo tradi\u00e7\u00f5es que aproximam ainda mais as pessoas da planta e de seu <b>aroma marcante<\/b>.<\/p>\n","protected":false},"excerpt":{"rendered":"<p>O ylang ylang \u00e9 famoso pelo perfume doce e flores que mudam de cor Exige sol pleno solo f\u00e9rtil e regas regulares sem encharcar A poda no inverno fortalece a copa e garante a sombra e a mat\u00e9ria prima de \u00f3leos essenciais Imagine chegar em casa no fim do dia e ser recebido por um [&hellip;]<\/p>\n","protected":false},"author":9,"featured_media":157635,"comment_status":"open","ping_status":"open","sticky":false,"template":"","format":"standard","meta":{"jnews-multi-image_gallery":[],"jnews_single_post":{"format":"standard"},"jnews_primary_category":[],"jnews_social_meta":[],"jnews_override_counter":[],"footnotes":""},"categories":[8691,8819,1],"tags":[10426,3325,23039],"class_list":["post-157566","post","type-post","status-publish","format-standard","has-post-thumbnail","hentry","category-bem-estar","category-curiosidades","category-noticias","tag-arvore","tag-jardim","tag-ylang-ylang"],"yoast_head":"<!-- This site is optimized with the Yoast SEO plugin v23.8 - https:\/\/yoast.com\/wordpress\/plugins\/seo\/ -->\n<title>A \u00e1rvore que cresce r\u00e1pido, perfuma o jardim e encanta com flores estreladas - Estado de Minas - Em foco<\/title>\n<meta name=\"description\" content=\"O ylang ylang tem flores perfumadas e ama calor Saiba como plantar regar e podar para ter um jardim cheiroso\" \/>\n<meta name=\"robots\" content=\"index, follow, max-snippet:-1, max-image-preview:large, max-video-preview:-1\" \/>\n<link rel=\"canonical\" href=\"https:\/\/www.em.com.br\/emfoco\/2026\/01\/21\/a-arvore-que-cresce-rapido-perfuma-o-jardim-e-encanta-com-flores-estreladas\/\" \/>\n<meta property=\"og:locale\" content=\"pt_BR\" \/>\n<meta property=\"og:type\" content=\"article\" \/>\n<meta property=\"og:title\" content=\"A \u00e1rvore que cresce r\u00e1pido, perfuma o jardim e encanta com flores estreladas - Estado de Minas - Em foco\" \/>\n<meta property=\"og:description\" content=\"O ylang ylang tem flores perfumadas e ama calor Saiba como plantar regar e podar para ter um jardim cheiroso\" \/>\n<meta property=\"og:url\" content=\"https:\/\/www.em.com.br\/emfoco\/2026\/01\/21\/a-arvore-que-cresce-rapido-perfuma-o-jardim-e-encanta-com-flores-estreladas\/\" \/>\n<meta property=\"og:site_name\" content=\"Estado de Minas - Em foco\" \/>\n<meta property=\"article:published_time\" content=\"2026-01-21T12:55:18+00:00\" \/>\n<meta property=\"article:modified_time\" content=\"2026-01-20T19:38:30+00:00\" \/>\n<meta property=\"og:image\" content=\"https:\/\/www.em.com.br\/emfoco\/wp-content\/uploads\/2026\/01\/ylang-ylang_1768936366795.jpg\" \/>\n\t<meta property=\"og:image:width\" content=\"1280\" \/>\n\t<meta property=\"og:image:height\" content=\"720\" \/>\n\t<meta property=\"og:image:type\" content=\"image\/jpeg\" \/>\n<meta name=\"author\" content=\"Daniely Cardoso\" \/>\n<meta name=\"twitter:card\" content=\"summary_large_image\" \/>\n<meta name=\"twitter:label1\" content=\"Escrito por\" \/>\n\t<meta name=\"twitter:data1\" content=\"Daniely Cardoso\" \/>\n\t<meta name=\"twitter:label2\" content=\"Est. tempo de leitura\" \/>\n\t<meta name=\"twitter:data2\" content=\"5 minutos\" \/>\n<!-- \/ Yoast SEO plugin. -->","yoast_head_json":{"title":"A \u00e1rvore que cresce r\u00e1pido, perfuma o jardim e encanta com flores estreladas - Estado de Minas - Em foco","description":"O ylang ylang tem flores perfumadas e ama calor Saiba como plantar regar e podar para ter um jardim cheiroso","robots":{"index":"index","follow":"follow","max-snippet":"max-snippet:-1","max-image-preview":"max-image-preview:large","max-video-preview":"max-video-preview:-1"},"canonical":"https:\/\/www.em.com.br\/emfoco\/2026\/01\/21\/a-arvore-que-cresce-rapido-perfuma-o-jardim-e-encanta-com-flores-estreladas\/","og_locale":"pt_BR","og_type":"article","og_title":"A \u00e1rvore que cresce r\u00e1pido, perfuma o jardim e encanta com flores estreladas - Estado de Minas - Em foco","og_description":"O ylang ylang tem flores perfumadas e ama calor Saiba como plantar regar e podar para ter um jardim cheiroso","og_url":"https:\/\/www.em.com.br\/emfoco\/2026\/01\/21\/a-arvore-que-cresce-rapido-perfuma-o-jardim-e-encanta-com-flores-estreladas\/","og_site_name":"Estado de Minas - Em foco","article_published_time":"2026-01-21T12:55:18+00:00","article_modified_time":"2026-01-20T19:38:30+00:00","og_image":[{"width":1280,"height":720,"url":"https:\/\/www.em.com.br\/emfoco\/wp-content\/uploads\/2026\/01\/ylang-ylang_1768936366795.jpg","type":"image\/jpeg"}],"author":"Daniely Cardoso","twitter_card":"summary_large_image","twitter_misc":{"Escrito por":"Daniely Cardoso","Est. tempo de leitura":"5 minutos"},"schema":{"@context":"https:\/\/schema.org","@graph":[{"@type":"WebPage","@id":"https:\/\/www.em.com.br\/emfoco\/2026\/01\/21\/a-arvore-que-cresce-rapido-perfuma-o-jardim-e-encanta-com-flores-estreladas\/","url":"https:\/\/www.em.com.br\/emfoco\/2026\/01\/21\/a-arvore-que-cresce-rapido-perfuma-o-jardim-e-encanta-com-flores-estreladas\/","name":"A \u00e1rvore que cresce r\u00e1pido, perfuma o jardim e encanta com flores estreladas - Estado de Minas - Em foco","isPartOf":{"@id":"https:\/\/www.em.com.br\/emfoco\/#website"},"primaryImageOfPage":{"@id":"https:\/\/www.em.com.br\/emfoco\/2026\/01\/21\/a-arvore-que-cresce-rapido-perfuma-o-jardim-e-encanta-com-flores-estreladas\/#primaryimage"},"image":{"@id":"https:\/\/www.em.com.br\/emfoco\/2026\/01\/21\/a-arvore-que-cresce-rapido-perfuma-o-jardim-e-encanta-com-flores-estreladas\/#primaryimage"},"thumbnailUrl":"https:\/\/www.em.com.br\/emfoco\/wp-content\/uploads\/2026\/01\/ylang-ylang_1768936366795.jpg","datePublished":"2026-01-21T12:55:18+00:00","dateModified":"2026-01-20T19:38:30+00:00","author":{"@id":"https:\/\/www.em.com.br\/emfoco\/#\/schema\/person\/0a8186d72f2c3a5c6276d90b41f271a0"},"description":"O ylang ylang tem flores perfumadas e ama calor Saiba como plantar regar e podar para ter um jardim cheiroso","breadcrumb":{"@id":"https:\/\/www.em.com.br\/emfoco\/2026\/01\/21\/a-arvore-que-cresce-rapido-perfuma-o-jardim-e-encanta-com-flores-estreladas\/#breadcrumb"},"inLanguage":"pt-BR","potentialAction":[{"@type":"ReadAction","target":["https:\/\/www.em.com.br\/emfoco\/2026\/01\/21\/a-arvore-que-cresce-rapido-perfuma-o-jardim-e-encanta-com-flores-estreladas\/"]}]},{"@type":"ImageObject","inLanguage":"pt-BR","@id":"https:\/\/www.em.com.br\/emfoco\/2026\/01\/21\/a-arvore-que-cresce-rapido-perfuma-o-jardim-e-encanta-com-flores-estreladas\/#primaryimage","url":"https:\/\/www.em.com.br\/emfoco\/wp-content\/uploads\/2026\/01\/ylang-ylang_1768936366795.jpg","contentUrl":"https:\/\/www.em.com.br\/emfoco\/wp-content\/uploads\/2026\/01\/ylang-ylang_1768936366795.jpg","width":1280,"height":720,"caption":"O grande destaque do ylang-ylang s\u00e3o suas flores pendentes e compridas, com formato de estrela irregular - Cr\u00e9ditos: depositphotos.com \/ bigjom"},{"@type":"BreadcrumbList","@id":"https:\/\/www.em.com.br\/emfoco\/2026\/01\/21\/a-arvore-que-cresce-rapido-perfuma-o-jardim-e-encanta-com-flores-estreladas\/#breadcrumb","itemListElement":[{"@type":"ListItem","position":1,"name":"In\u00edcio","item":"https:\/\/www.em.com.br\/emfoco\/"},{"@type":"ListItem","position":2,"name":"A \u00e1rvore que cresce r\u00e1pido, perfuma o jardim e encanta com flores estreladas"}]},{"@type":"WebSite","@id":"https:\/\/www.em.com.br\/emfoco\/#website","url":"https:\/\/www.em.com.br\/emfoco\/","name":"Estado de Minas - Em foco","description":"Acompanhe as \u00faltimas not\u00edcias e fique bem informado sobre tudo o que acontece em Minas Gerais, Brasil e no mundo.","potentialAction":[{"@type":"SearchAction","target":{"@type":"EntryPoint","urlTemplate":"https:\/\/www.em.com.br\/emfoco\/?s={search_term_string}"},"query-input":{"@type":"PropertyValueSpecification","valueRequired":true,"valueName":"search_term_string"}}],"inLanguage":"pt-BR"},{"@type":"Person","@id":"https:\/\/www.em.com.br\/emfoco\/#\/schema\/person\/0a8186d72f2c3a5c6276d90b41f271a0","name":"Daniely Cardoso","image":{"@type":"ImageObject","inLanguage":"pt-BR","@id":"https:\/\/www.em.com.br\/emfoco\/#\/schema\/person\/image\/","url":"https:\/\/secure.gravatar.com\/avatar\/4b80ddbd124d1f071b626d52d62e5dff?s=96&d=mm&r=g","contentUrl":"https:\/\/secure.gravatar.com\/avatar\/4b80ddbd124d1f071b626d52d62e5dff?s=96&d=mm&r=g","caption":"Daniely Cardoso"},"url":"https:\/\/www.em.com.br\/emfoco\/author\/danielymyth\/"}]}},"_links":{"self":[{"href":"https:\/\/www.em.com.br\/emfoco\/wp-json\/wp\/v2\/posts\/157566","targetHints":{"allow":["GET"]}}],"collection":[{"href":"https:\/\/www.em.com.br\/emfoco\/wp-json\/wp\/v2\/posts"}],"about":[{"href":"https:\/\/www.em.com.br\/emfoco\/wp-json\/wp\/v2\/types\/post"}],"author":[{"embeddable":true,"href":"https:\/\/www.em.com.br\/emfoco\/wp-json\/wp\/v2\/users\/9"}],"replies":[{"embeddable":true,"href":"https:\/\/www.em.com.br\/emfoco\/wp-json\/wp\/v2\/comments?post=157566"}],"version-history":[{"count":3,"href":"https:\/\/www.em.com.br\/emfoco\/wp-json\/wp\/v2\/posts\/157566\/revisions"}],"predecessor-version":[{"id":157661,"href":"https:\/\/www.em.com.br\/emfoco\/wp-json\/wp\/v2\/posts\/157566\/revisions\/157661"}],"wp:featuredmedia":[{"embeddable":true,"href":"https:\/\/www.em.com.br\/emfoco\/wp-json\/wp\/v2\/media\/157635"}],"wp:attachment":[{"href":"https:\/\/www.em.com.br\/emfoco\/wp-json\/wp\/v2\/media?parent=157566"}],"wp:term":[{"taxonomy":"category","embeddable":true,"href":"https:\/\/www.em.com.br\/emfoco\/wp-json\/wp\/v2\/categories?post=157566"},{"taxonomy":"post_tag","embeddable":true,"href":"https:\/\/www.em.com.br\/emfoco\/wp-json\/wp\/v2\/tags?post=157566"}],"curies":[{"name":"wp","href":"https:\/\/api.w.org\/{rel}","templated":true}]}}