{"id":157564,"date":"2026-01-21T07:25:11","date_gmt":"2026-01-21T10:25:11","guid":{"rendered":"https:\/\/www.em.com.br\/emfoco\/?p=157564"},"modified":"2026-01-20T16:33:27","modified_gmt":"2026-01-20T19:33:27","slug":"nem-nivea-nem-neutrogena-o-hidratante-que-dermatologistas-apontam-como-o-novo-numero-um-da-pele","status":"publish","type":"post","link":"https:\/\/www.em.com.br\/emfoco\/2026\/01\/21\/nem-nivea-nem-neutrogena-o-hidratante-que-dermatologistas-apontam-como-o-novo-numero-um-da-pele\/","title":{"rendered":"Nem Nivea, nem Neutrogena: o hidratante que dermatologistas apontam como o novo n\u00famero um da pele"},"content":{"rendered":"\n<h2 class=\"wp-block-heading\">O CeraVe Cream restaura a barreira da pele com ceramidas e \u00e1cido hialur\u00f4nico ideal para aliviar coceira e repuxamento Sem perfume e n\u00e3o pegajoso ele hidrata por 24h sendo \u00fatil at\u00e9 em peles oleosas em tratamento<\/h2>\n\n\n\n<p>Voc\u00ea j\u00e1 saiu do banho com aquela sensa\u00e7\u00e3o de pele <strong>repuxando<\/strong>, co\u00e7ando ou at\u00e9 ardendo, mesmo depois de passar <strong>creme hidratante<\/strong>? Entre tantas op\u00e7\u00f5es nas prateleiras, muita gente tem esbarrado em um pote branco e azul que, aos poucos, foi ganhando fama discreta, mas constante: o <strong>CeraVe Moisturizing Cream<\/strong>, um hidratante simples no visual, mas muito comentado em consult\u00f3rios e redes sociais por quem busca <strong>al\u00edvio real para o ressecamento<\/strong> e a sensibilidade.<\/p>\n\n\n\n<h2 class=\"wp-block-heading\">Por que o CeraVe Moisturizing Cream ficou t\u00e3o famoso nos cuidados com a pele?<\/h2>\n\n\n\n<p>O grande foco desse creme \u00e9 a chamada <strong>barreira da pele<\/strong>, uma esp\u00e9cie de escudo natural que protege contra agress\u00f5es externas e perda excessiva de \u00e1gua. Quando ela est\u00e1 desequilibrada, aparecem sintomas como <strong>repuxamento e vermelhid\u00e3o<\/strong>, descama\u00e7\u00e3o e ardor depois do banho ou da limpeza do rosto.<\/p>\n\n\n\n<p>Em vez de apostar em cheiro forte ou embalagens chamativas, o <strong>CeraVe<\/strong> ficou conhecido por priorizar uma <strong>f\u00f3rmula simples e funcional<\/strong>. Ele se tornou queridinho de muitos dermatologistas e usu\u00e1rios exatamente por ajudar a acalmar a pele e deixar o dia a dia mais confort\u00e1vel, sem complicar a rotina.<\/p>\n\n\n\n<figure class=\"wp-block-embed is-type-rich is-provider-pinterest wp-block-embed-pinterest\"><div class=\"wp-block-embed__wrapper\">\n<iframe loading=\"lazy\" title=\"Cerave\" src=\"https:\/\/assets.pinterest.com\/ext\/embed.html?id=434808539038728485&#038;src=oembed\" height=\"573\" width=\"450\" frameborder=\"0\" scrolling=\"no\" ><\/iframe>\n<\/div><\/figure>\n\n\n\n<p>Leia tamb\u00e9m:&nbsp;<a href=\"https:\/\/www.em.com.br\/emfoco\/2026\/01\/02\/perfume-sumiu-saiba-como-usar-hidratante-para-fixar-a-fragrancia\/\" target=\"_blank\" rel=\"noopener\">Perfume sumiu? Saiba como usar hidratante para fixar a fragr\u00e2ncia na pele<\/a><\/p>\n\n\n\n<h2 class=\"wp-block-heading\">O que tem na f\u00f3rmula do CeraVe Moisturizing Cream e como ele funciona na pele<\/h2>\n\n\n\n<p>Um dos pontos centrais desse creme s\u00e3o os <strong>ceramidas<\/strong>, gordurinhas que o pr\u00f3prio corpo produz e que funcionam como um \u201ccimento\u201d entre as c\u00e9lulas da pele. Com o tempo, banhos quentes, sabonetes fortes e clima seco podem diminuir esses componentes, deixando tudo mais <strong>sens\u00edvel e ressecado<\/strong>.<\/p>\n\n\n\n<p>Al\u00e9m dos ceramidas, o produto traz <strong>\u00e1cido hialur\u00f4nico<\/strong>, que ajuda a segurar a \u00e1gua na pele, proporcionando <strong>toque mais macio<\/strong>. Ele tamb\u00e9m conta com uma tecnologia de libera\u00e7\u00e3o gradual, que vai soltando os ativos aos poucos, para manter a hidrata\u00e7\u00e3o por mais tempo ao longo do dia.<\/p>\n\n\n\n<h2 class=\"wp-block-heading\">Como o CeraVe Moisturizing Cream hidrata e ajuda a reparar a barreira cut\u00e2nea<\/h2>\n\n\n\n<p>A proposta do <strong>creme hidratante CeraVe<\/strong> \u00e9 ir al\u00e9m de uma camada superficial que some r\u00e1pido. A ideia \u00e9 repor o que a pele vem perdendo com banhos muito quentes, uso de produtos agressivos e exposi\u00e7\u00e3o constante a <strong>ar-condicionado ou clima seco<\/strong>.<\/p>\n\n\n\n<p>De forma simples, ele tenta equilibrar <strong>\u00e1gua e lip\u00eddios<\/strong>, preenchendo pequenas \u201cfissuras\u201d invis\u00edveis e reduzindo a perda de hidrata\u00e7\u00e3o. Com o uso cont\u00ednuo, muitas pessoas notam menos sensa\u00e7\u00e3o de repuxamento, menos descama\u00e7\u00e3o e uma pele mais <strong>calma no dia a dia<\/strong>.<\/p>\n\n\n\n<figure class=\"wp-block-embed is-type-rich is-provider-pinterest wp-block-embed-pinterest\"><div class=\"wp-block-embed__wrapper\">\n<iframe loading=\"lazy\" title=\"CeraVe Moisturizers for Smooth, Radiant Skin\" src=\"https:\/\/assets.pinterest.com\/ext\/embed.html?id=907193918698618129&#038;src=oembed\" height=\"899\" width=\"450\" frameborder=\"0\" scrolling=\"no\" ><\/iframe>\n<\/div><\/figure>\n\n\n\n<h2 class=\"wp-block-heading\">Quais s\u00e3o as principais a\u00e7\u00f5es do CeraVe Moisturizing Cream na rotina<\/h2>\n\n\n\n<p>Para entender melhor o que esse creme faz na pr\u00e1tica, vale olhar para alguns pontos que costumam ser ressaltados por usu\u00e1rios e <strong>dermatologistas<\/strong>:<\/p>\n\n\n\n<ul class=\"wp-block-list\">\n<li><strong>Reposi\u00e7\u00e3o de ceramidas:<\/strong> ajuda a restaurar o \u201ccimento\u201d entre as c\u00e9lulas, diminuindo a perda de \u00e1gua e o aspecto <strong>ressecado da pele<\/strong>.<\/li>\n\n\n\n<li><strong>Reten\u00e7\u00e3o de umidade:<\/strong> o \u00e1cido hialur\u00f4nico atrai e mant\u00e9m \u00e1gua pr\u00f3xima \u00e0 superf\u00edcie, deixando a pele mais <strong>macia e flex\u00edvel<\/strong> ao toque.<\/li>\n\n\n\n<li><strong>Libera\u00e7\u00e3o prolongada:<\/strong> a textura cremosa e a tecnologia de libera\u00e7\u00e3o lenta ajudam a manter o conforto por v\u00e1rias horas, sem necessidade de <strong>reaplica\u00e7\u00f5es constantes<\/strong>.<\/li>\n\n\n\n<li><strong>F\u00f3rmula mais gentil:<\/strong> sem fragr\u00e2ncia e sem sensa\u00e7\u00e3o pegajosa exagerada, costuma ser bem aceita at\u00e9 por <strong>peles mais sens\u00edveis<\/strong>.<\/li>\n<\/ul>\n\n\n\n<h2 class=\"wp-block-heading\">Como usar o CeraVe Moisturizing Cream no dia a dia para ter mais resultado<\/h2>\n\n\n\n<p>Mais do que \u201cpassar um creminho r\u00e1pido\u201d, alguns detalhes na forma de aplica\u00e7\u00e3o fazem diferen\u00e7a na sensa\u00e7\u00e3o de <strong>hidrata\u00e7\u00e3o prolongada<\/strong>. Ajustar o momento e a quantidade pode tornar o uso mais agrad\u00e1vel e eficiente, especialmente em \u00e9pocas de <strong>maior ressecamento<\/strong>.<\/p>\n\n\n\n<p>Aplicar o hidratante logo ap\u00f3s o banho, com a pele ainda <strong>levemente \u00famida<\/strong>, ajuda a segurar melhor a \u00e1gua. Em dias frios ou secos, vale refor\u00e7ar regi\u00f5es como bochechas, canelas e m\u00e3os, sempre espalhando com movimentos suaves para n\u00e3o irritar ainda mais uma pele j\u00e1 <strong>sens\u00edvel e fragilizada<\/strong>.<\/p>\n\n\n\n<figure class=\"wp-block-embed is-type-rich is-provider-pinterest wp-block-embed-pinterest\"><div class=\"wp-block-embed__wrapper\">\n<iframe loading=\"lazy\" title=\"Treating my irritated skin with @cerave PM Facial Moisturizing Lotion a great oil free moisturizer and @centellian24_us Madeca Cream Time Reverse for soothing sensitive skin! #irritatedskin #sensitiveskin #cerave #centellian24 #koreanskincare\" src=\"https:\/\/assets.pinterest.com\/ext\/embed.html?id=355221489379849424&#038;src=oembed\" height=\"898\" width=\"450\" frameborder=\"0\" scrolling=\"no\" ><\/iframe>\n<\/div><\/figure>\n\n\n\n<h2 class=\"wp-block-heading\">Como incluir o CeraVe Moisturizing Cream em uma rotina de cuidados mais completa<\/h2>\n\n\n\n<p>Muitos dermatologistas sugerem combinar o CeraVe com um <strong>limpador suave<\/strong>, evitando sabonetes muito espumantes ou cheios de perfume, que costumam ressecar ainda mais. Em fases de sensibilidade, tamb\u00e9m \u00e9 comum orientar a pausa ou a redu\u00e7\u00e3o do uso de <strong>esfoliantes f\u00edsicos<\/strong> e \u00e1cidos fortes.<\/p>\n\n\n\n<p>Essa abordagem mais gentil ajuda a quebrar o ciclo de <strong>irrita\u00e7\u00e3o constante<\/strong>. Aos poucos, a pele tende a ficar menos reativa, com textura mais uniforme e menos sensa\u00e7\u00e3o de desconforto ap\u00f3s <strong>lavar o rosto<\/strong> ou tomar banho.<\/p>\n\n\n\n<p>Para voc\u00ea que quer saber mais, separamos um v\u00eddeo do canal do <a class=\"yt-simple-endpoint style-scope yt-formatted-string\" spellcheck=\"false\" href=\"https:\/\/www.youtube.com\/@drgustavob\" target=\"_blank\" rel=\"noopener\">Borchardt Dermatologia<\/a> com dicas de uso e os benef\u00edcios desse creme para a pele:<\/p>\n\n\n\n<figure class=\"wp-block-embed is-type-video is-provider-youtube wp-block-embed-youtube wp-embed-aspect-16-9 wp-has-aspect-ratio\"><div class=\"wp-block-embed__wrapper\">\n<div class=\"jeg_video_container jeg_video_content\"><iframe loading=\"lazy\" title=\"CeraVe Creme Hidratante: Compensa Pagar Mais Caro?\" width=\"500\" height=\"281\" src=\"https:\/\/www.youtube.com\/embed\/PtCD5tyXzmc?feature=oembed\" frameborder=\"0\" allow=\"accelerometer; autoplay; clipboard-write; encrypted-media; gyroscope; picture-in-picture; web-share\" referrerpolicy=\"strict-origin-when-cross-origin\" allowfullscreen><\/iframe><\/div>\n<\/div><\/figure>\n\n\n\n<h2 class=\"wp-block-heading\">O CeraVe Moisturizing Cream pode ser usado em pele oleosa ou com acne?<\/h2>\n\n\n\n<p>Quem tem pele oleosa costuma ter medo de hidratante em creme, com receio de piorar a oleosidade ou a <strong>acne ativa<\/strong>. No caso do <strong>CeraVe Moisturizing Cream<\/strong>, a indica\u00e7\u00e3o depende muito da situa\u00e7\u00e3o e da orienta\u00e7\u00e3o profissional.<\/p>\n\n\n\n<p>Em peles oleosas em tratamento com produtos secativos, peelings ou <strong>retinoides<\/strong>, ele pode ser \u00fatil para controlar o ressecamento intenso e a descama\u00e7\u00e3o. J\u00e1 em quem tem oleosidade forte e acne ativa no rosto todo, muitas vezes s\u00e3o preferidas vers\u00f5es em gel ou lo\u00e7\u00e3o mais leve, deixando o creme em pote para \u00e1reas espec\u00edficas ou partes mais <strong>ressecadas do corpo<\/strong>.<\/p>\n","protected":false},"excerpt":{"rendered":"<p>O CeraVe Cream restaura a barreira da pele com ceramidas e \u00e1cido hialur\u00f4nico ideal para aliviar coceira e repuxamento Sem perfume e n\u00e3o pegajoso ele hidrata por 24h sendo \u00fatil at\u00e9 em peles oleosas em tratamento Voc\u00ea j\u00e1 saiu do banho com aquela sensa\u00e7\u00e3o de pele repuxando, co\u00e7ando ou at\u00e9 ardendo, mesmo depois de passar [&hellip;]<\/p>\n","protected":false},"author":9,"featured_media":157629,"comment_status":"open","ping_status":"open","sticky":false,"template":"","format":"standard","meta":{"jnews-multi-image_gallery":[],"jnews_single_post":{"format":"standard"},"jnews_primary_category":[],"jnews_social_meta":[],"jnews_override_counter":[],"footnotes":""},"categories":[8691,8819,1],"tags":[7618,5164,8821],"class_list":["post-157564","post","type-post","status-publish","format-standard","has-post-thumbnail","hentry","category-bem-estar","category-curiosidades","category-noticias","tag-creme","tag-dermatologista","tag-nivea"],"yoast_head":"<!-- This site is optimized with the Yoast SEO plugin v23.8 - https:\/\/yoast.com\/wordpress\/plugins\/seo\/ -->\n<title>Nem Nivea, nem Neutrogena: o hidratante que dermatologistas apontam como o novo n\u00famero um da pele - Estado de Minas - Em foco<\/title>\n<meta name=\"description\" content=\"Pele repuxando? O CeraVe rep\u00f5e ceramidas e hidrata sem cheiro Saiba como usar para recuperar a barreira natural\" \/>\n<meta name=\"robots\" content=\"index, follow, max-snippet:-1, max-image-preview:large, max-video-preview:-1\" \/>\n<link rel=\"canonical\" href=\"https:\/\/www.em.com.br\/emfoco\/2026\/01\/21\/nem-nivea-nem-neutrogena-o-hidratante-que-dermatologistas-apontam-como-o-novo-numero-um-da-pele\/\" \/>\n<meta property=\"og:locale\" content=\"pt_BR\" \/>\n<meta property=\"og:type\" content=\"article\" \/>\n<meta property=\"og:title\" content=\"Nem Nivea, nem Neutrogena: o hidratante que dermatologistas apontam como o novo n\u00famero um da pele - Estado de Minas - Em foco\" \/>\n<meta property=\"og:description\" content=\"Pele repuxando? O CeraVe rep\u00f5e ceramidas e hidrata sem cheiro Saiba como usar para recuperar a barreira natural\" \/>\n<meta property=\"og:url\" content=\"https:\/\/www.em.com.br\/emfoco\/2026\/01\/21\/nem-nivea-nem-neutrogena-o-hidratante-que-dermatologistas-apontam-como-o-novo-numero-um-da-pele\/\" \/>\n<meta property=\"og:site_name\" content=\"Estado de Minas - Em foco\" \/>\n<meta property=\"article:published_time\" content=\"2026-01-21T10:25:11+00:00\" \/>\n<meta property=\"article:modified_time\" content=\"2026-01-20T19:33:27+00:00\" \/>\n<meta property=\"og:image\" content=\"https:\/\/www.em.com.br\/emfoco\/wp-content\/uploads\/2026\/01\/CeraVe-creme_1768936043745.jpg\" \/>\n\t<meta property=\"og:image:width\" content=\"1280\" \/>\n\t<meta property=\"og:image:height\" content=\"720\" \/>\n\t<meta property=\"og:image:type\" content=\"image\/jpeg\" \/>\n<meta name=\"author\" content=\"Daniely Cardoso\" \/>\n<meta name=\"twitter:card\" content=\"summary_large_image\" \/>\n<meta name=\"twitter:label1\" content=\"Escrito por\" \/>\n\t<meta name=\"twitter:data1\" content=\"Daniely Cardoso\" \/>\n\t<meta name=\"twitter:label2\" content=\"Est. tempo de leitura\" \/>\n\t<meta name=\"twitter:data2\" content=\"6 minutos\" \/>\n<!-- \/ Yoast SEO plugin. -->","yoast_head_json":{"title":"Nem Nivea, nem Neutrogena: o hidratante que dermatologistas apontam como o novo n\u00famero um da pele - Estado de Minas - Em foco","description":"Pele repuxando? O CeraVe rep\u00f5e ceramidas e hidrata sem cheiro Saiba como usar para recuperar a barreira natural","robots":{"index":"index","follow":"follow","max-snippet":"max-snippet:-1","max-image-preview":"max-image-preview:large","max-video-preview":"max-video-preview:-1"},"canonical":"https:\/\/www.em.com.br\/emfoco\/2026\/01\/21\/nem-nivea-nem-neutrogena-o-hidratante-que-dermatologistas-apontam-como-o-novo-numero-um-da-pele\/","og_locale":"pt_BR","og_type":"article","og_title":"Nem Nivea, nem Neutrogena: o hidratante que dermatologistas apontam como o novo n\u00famero um da pele - Estado de Minas - Em foco","og_description":"Pele repuxando? O CeraVe rep\u00f5e ceramidas e hidrata sem cheiro Saiba como usar para recuperar a barreira natural","og_url":"https:\/\/www.em.com.br\/emfoco\/2026\/01\/21\/nem-nivea-nem-neutrogena-o-hidratante-que-dermatologistas-apontam-como-o-novo-numero-um-da-pele\/","og_site_name":"Estado de Minas - Em foco","article_published_time":"2026-01-21T10:25:11+00:00","article_modified_time":"2026-01-20T19:33:27+00:00","og_image":[{"width":1280,"height":720,"url":"https:\/\/www.em.com.br\/emfoco\/wp-content\/uploads\/2026\/01\/CeraVe-creme_1768936043745.jpg","type":"image\/jpeg"}],"author":"Daniely Cardoso","twitter_card":"summary_large_image","twitter_misc":{"Escrito por":"Daniely Cardoso","Est. tempo de leitura":"6 minutos"},"schema":{"@context":"https:\/\/schema.org","@graph":[{"@type":"WebPage","@id":"https:\/\/www.em.com.br\/emfoco\/2026\/01\/21\/nem-nivea-nem-neutrogena-o-hidratante-que-dermatologistas-apontam-como-o-novo-numero-um-da-pele\/","url":"https:\/\/www.em.com.br\/emfoco\/2026\/01\/21\/nem-nivea-nem-neutrogena-o-hidratante-que-dermatologistas-apontam-como-o-novo-numero-um-da-pele\/","name":"Nem Nivea, nem Neutrogena: o hidratante que dermatologistas apontam como o novo n\u00famero um da pele - Estado de Minas - Em foco","isPartOf":{"@id":"https:\/\/www.em.com.br\/emfoco\/#website"},"primaryImageOfPage":{"@id":"https:\/\/www.em.com.br\/emfoco\/2026\/01\/21\/nem-nivea-nem-neutrogena-o-hidratante-que-dermatologistas-apontam-como-o-novo-numero-um-da-pele\/#primaryimage"},"image":{"@id":"https:\/\/www.em.com.br\/emfoco\/2026\/01\/21\/nem-nivea-nem-neutrogena-o-hidratante-que-dermatologistas-apontam-como-o-novo-numero-um-da-pele\/#primaryimage"},"thumbnailUrl":"https:\/\/www.em.com.br\/emfoco\/wp-content\/uploads\/2026\/01\/CeraVe-creme_1768936043745.jpg","datePublished":"2026-01-21T10:25:11+00:00","dateModified":"2026-01-20T19:33:27+00:00","author":{"@id":"https:\/\/www.em.com.br\/emfoco\/#\/schema\/person\/0a8186d72f2c3a5c6276d90b41f271a0"},"description":"Pele repuxando? O CeraVe rep\u00f5e ceramidas e hidrata sem cheiro Saiba como usar para recuperar a barreira natural","breadcrumb":{"@id":"https:\/\/www.em.com.br\/emfoco\/2026\/01\/21\/nem-nivea-nem-neutrogena-o-hidratante-que-dermatologistas-apontam-como-o-novo-numero-um-da-pele\/#breadcrumb"},"inLanguage":"pt-BR","potentialAction":[{"@type":"ReadAction","target":["https:\/\/www.em.com.br\/emfoco\/2026\/01\/21\/nem-nivea-nem-neutrogena-o-hidratante-que-dermatologistas-apontam-como-o-novo-numero-um-da-pele\/"]}]},{"@type":"ImageObject","inLanguage":"pt-BR","@id":"https:\/\/www.em.com.br\/emfoco\/2026\/01\/21\/nem-nivea-nem-neutrogena-o-hidratante-que-dermatologistas-apontam-como-o-novo-numero-um-da-pele\/#primaryimage","url":"https:\/\/www.em.com.br\/emfoco\/wp-content\/uploads\/2026\/01\/CeraVe-creme_1768936043745.jpg","contentUrl":"https:\/\/www.em.com.br\/emfoco\/wp-content\/uploads\/2026\/01\/CeraVe-creme_1768936043745.jpg","width":1280,"height":720,"caption":"O grande foco desse creme \u00e9 a chamada barreira da pele, uma esp\u00e9cie de escudo natural que protege contra agress\u00f5es - Cr\u00e9ditos: depositphotos.com \/ ColleenMichaels"},{"@type":"BreadcrumbList","@id":"https:\/\/www.em.com.br\/emfoco\/2026\/01\/21\/nem-nivea-nem-neutrogena-o-hidratante-que-dermatologistas-apontam-como-o-novo-numero-um-da-pele\/#breadcrumb","itemListElement":[{"@type":"ListItem","position":1,"name":"In\u00edcio","item":"https:\/\/www.em.com.br\/emfoco\/"},{"@type":"ListItem","position":2,"name":"Nem Nivea, nem Neutrogena: o hidratante que dermatologistas apontam como o novo n\u00famero um da pele"}]},{"@type":"WebSite","@id":"https:\/\/www.em.com.br\/emfoco\/#website","url":"https:\/\/www.em.com.br\/emfoco\/","name":"Estado de Minas - Em foco","description":"Acompanhe as \u00faltimas not\u00edcias e fique bem informado sobre tudo o que acontece em Minas Gerais, Brasil e no mundo.","potentialAction":[{"@type":"SearchAction","target":{"@type":"EntryPoint","urlTemplate":"https:\/\/www.em.com.br\/emfoco\/?s={search_term_string}"},"query-input":{"@type":"PropertyValueSpecification","valueRequired":true,"valueName":"search_term_string"}}],"inLanguage":"pt-BR"},{"@type":"Person","@id":"https:\/\/www.em.com.br\/emfoco\/#\/schema\/person\/0a8186d72f2c3a5c6276d90b41f271a0","name":"Daniely Cardoso","image":{"@type":"ImageObject","inLanguage":"pt-BR","@id":"https:\/\/www.em.com.br\/emfoco\/#\/schema\/person\/image\/","url":"https:\/\/secure.gravatar.com\/avatar\/4b80ddbd124d1f071b626d52d62e5dff?s=96&d=mm&r=g","contentUrl":"https:\/\/secure.gravatar.com\/avatar\/4b80ddbd124d1f071b626d52d62e5dff?s=96&d=mm&r=g","caption":"Daniely Cardoso"},"url":"https:\/\/www.em.com.br\/emfoco\/author\/danielymyth\/"}]}},"_links":{"self":[{"href":"https:\/\/www.em.com.br\/emfoco\/wp-json\/wp\/v2\/posts\/157564","targetHints":{"allow":["GET"]}}],"collection":[{"href":"https:\/\/www.em.com.br\/emfoco\/wp-json\/wp\/v2\/posts"}],"about":[{"href":"https:\/\/www.em.com.br\/emfoco\/wp-json\/wp\/v2\/types\/post"}],"author":[{"embeddable":true,"href":"https:\/\/www.em.com.br\/emfoco\/wp-json\/wp\/v2\/users\/9"}],"replies":[{"embeddable":true,"href":"https:\/\/www.em.com.br\/emfoco\/wp-json\/wp\/v2\/comments?post=157564"}],"version-history":[{"count":3,"href":"https:\/\/www.em.com.br\/emfoco\/wp-json\/wp\/v2\/posts\/157564\/revisions"}],"predecessor-version":[{"id":157648,"href":"https:\/\/www.em.com.br\/emfoco\/wp-json\/wp\/v2\/posts\/157564\/revisions\/157648"}],"wp:featuredmedia":[{"embeddable":true,"href":"https:\/\/www.em.com.br\/emfoco\/wp-json\/wp\/v2\/media\/157629"}],"wp:attachment":[{"href":"https:\/\/www.em.com.br\/emfoco\/wp-json\/wp\/v2\/media?parent=157564"}],"wp:term":[{"taxonomy":"category","embeddable":true,"href":"https:\/\/www.em.com.br\/emfoco\/wp-json\/wp\/v2\/categories?post=157564"},{"taxonomy":"post_tag","embeddable":true,"href":"https:\/\/www.em.com.br\/emfoco\/wp-json\/wp\/v2\/tags?post=157564"}],"curies":[{"name":"wp","href":"https:\/\/api.w.org\/{rel}","templated":true}]}}