{"id":157559,"date":"2026-01-20T19:25:00","date_gmt":"2026-01-20T22:25:00","guid":{"rendered":"https:\/\/www.em.com.br\/emfoco\/?p=157559"},"modified":"2026-01-20T16:50:22","modified_gmt":"2026-01-20T19:50:22","slug":"comunicado-oficial-para-todos-que-informam-o-cpf-ao-comprar-em-farmacias-em-2026","status":"publish","type":"post","link":"https:\/\/www.em.com.br\/emfoco\/2026\/01\/20\/comunicado-oficial-para-todos-que-informam-o-cpf-ao-comprar-em-farmacias-em-2026\/","title":{"rendered":"Comunicado oficial para todos que informam o CPF ao comprar em farm\u00e1cias em 2026"},"content":{"rendered":"\n<h2 class=\"wp-block-heading\">Informar o CPF em farm\u00e1cias para conseguir descontos, participar de promo\u00e7\u00f5es e programas de pontos seguir\u00e1 comum em 2026, mas com regras mais claras, foco em transpar\u00eancia e mais controle sobre o uso dos dados pessoais, exigindo do consumidor aten\u00e7\u00e3o redobrada na hora de aceitar termos, autoriza\u00e7\u00f5es e comunica\u00e7\u00f5es de marketing.<\/h2>\n\n\n\n<h2 class=\"wp-block-heading\">O que muda ao informar o CPF em farm\u00e1cias em 2026<\/h2>\n\n\n\n<p>A partir de 2026, o uso do CPF em farm\u00e1cias ficar\u00e1 mais vinculado a termos de uso e pol\u00edticas de privacidade exibidos j\u00e1 no ato do cadastro, no balc\u00e3o, em aplicativos ou sites. O consumidor precisar\u00e1 consentir de forma objetiva com o uso dos dados para marketing, an\u00e1lise de consumo, campanhas personalizadas e compartilhamento com parceiros.<\/p>\n\n\n\n<p>Os descontos em rem\u00e9dios, higiene e beleza continuam, mas com regras mais previs\u00edveis sobre validade, resgate e limites de ac\u00famulo, alinhadas \u00e0 LGPD e a \u00f3rg\u00e3os de defesa do consumidor. Deve crescer o uso de autentica\u00e7\u00e3o por SMS, e-mail ou apps para evitar fraudes e enviar avisos autom\u00e1ticos sobre mudan\u00e7as nas campanhas e pol\u00edticas de privacidade. Abaixo, a tabela-resumo com o que muda em 2026:<\/p>\n\n\n\n<div style=\"overflow-x:auto;\">\n<table style=\"\n  width:100%;\n  border-collapse:collapse;\n  font-family:Arial, sans-serif;\n  background:#eef6fb;\n\">\n\n  <thead>\n    <tr style=\"background:#3fa9f5;\">\n      <th style=\"padding:16px; color:#ffffff; text-align:left;\">\n        Aspecto analisado\n      <\/th>\n      <th style=\"padding:16px; color:#ffffff; text-align:left;\">\n        Como era antes\n      <\/th>\n      <th style=\"padding:16px; color:#ffffff; text-align:left;\">\n        Como \u00e9 agora (2026)\n      <\/th>\n    <\/tr>\n  <\/thead>\n\n  <tbody>\n    <tr>\n      <td style=\"padding:14px; color:#355f7a; font-weight:bold;\">\n        Impostos exibidos na nota\n      <\/td>\n      <td style=\"padding:14px; color:#355f7a;\">\n        Nota fiscal mostrava apenas ICMS, IPI e PIS\/COFINS, sem detalhamento nacional.\n      <\/td>\n      <td style=\"padding:14px; color:#355f7a;\">\n        Passa a exibir IBS e CBS nos testes da Reforma Tribut\u00e1ria, mesmo com al\u00edquota inicial.\n      <\/td>\n    <\/tr>\n\n    <tr style=\"background:#e1f0fa;\">\n      <td style=\"padding:14px; color:#355f7a; font-weight:bold;\">\n        Devolu\u00e7\u00e3o de impostos\n      <\/td>\n      <td style=\"padding:14px; color:#355f7a;\">\n        N\u00e3o existia cashback federal; benef\u00edcios limitados a alguns estados.\n      <\/td>\n      <td style=\"padding:14px; color:#355f7a;\">\n        In\u00edcio do Cashback do Povo, com devolu\u00e7\u00e3o de tributos sobre itens essenciais.\n      <\/td>\n    <\/tr>\n\n    <tr>\n      <td style=\"padding:14px; color:#355f7a; font-weight:bold;\">\n        Fun\u00e7\u00e3o do CPF\n      <\/td>\n      <td style=\"padding:14px; color:#355f7a;\">\n        Usado basicamente para sorteios estaduais e cr\u00e9ditos em IPVA ou IPTU.\n      <\/td>\n      <td style=\"padding:14px; color:#355f7a;\">\n        Torna-se ferramenta fiscal nacional ligada \u00e0 devolu\u00e7\u00e3o de impostos federais.\n      <\/td>\n    <\/tr>\n\n    <tr style=\"background:#e1f0fa;\">\n      <td style=\"padding:14px; color:#355f7a; font-weight:bold;\">\n        Integra\u00e7\u00e3o digital\n      <\/td>\n      <td style=\"padding:14px; color:#355f7a;\">\n        Dados fragmentados entre programas estaduais, sem hist\u00f3rico unificado.\n      <\/td>\n      <td style=\"padding:14px; color:#355f7a;\">\n        Integra\u00e7\u00e3o com a Carteira de Identidade Nacional (CIN), centralizando informa\u00e7\u00f5es.\n      <\/td>\n    <\/tr>\n\n    <tr>\n      <td style=\"padding:14px; color:#355f7a; font-weight:bold;\">\n        Frequ\u00eancia recomendada\n      <\/td>\n      <td style=\"padding:14px; color:#355f7a;\">\n        Uso opcional, feito apenas em algumas compras.\n      <\/td>\n      <td style=\"padding:14px; color:#355f7a;\">\n        Recomendado informar o CPF em todas as compras para garantir benef\u00edcios.\n      <\/td>\n    <\/tr>\n  <\/tbody>\n\n<\/table>\n<\/div>\n\n\n\n\n<h2 class=\"wp-block-heading\">Como organizar um checklist r\u00e1pido antes de informar o CPF na farm\u00e1cia<\/h2>\n\n\n\n<p>Antes de digitar o CPF, vale seguir um passo a passo simples para entender objetivos, limites e riscos do uso dos seus dados. Esse checklist ajuda a equilibrar economia com privacidade, evitando surpresas futuras em rela\u00e7\u00e3o a marketing invasivo ou compartilhamento de informa\u00e7\u00f5es.<\/p>\n\n\n\n<ul class=\"wp-block-list\">\n<li><strong>1. Confirme o objetivo<\/strong>: o CPF ser\u00e1 usado apenas para\u00a0<em>desconto imediato<\/em>\u00a0e\/ou\u00a0<em>ac\u00famulo de pontos<\/em>?<\/li>\n\n\n\n<li><strong>2. Leia (nem que por alto) a pol\u00edtica de privacidade<\/strong>: verifique se h\u00e1 uso para marketing, compartilhamento com parceiros e perfil de consumo.<\/li>\n\n\n\n<li><strong>3. Verifique o tipo de consentimento<\/strong>: existe op\u00e7\u00e3o clara para\u00a0<em>aceitar<\/em>\u00a0ou\u00a0<em>recusar<\/em>\u00a0propaganda por SMS, e-mail ou WhatsApp?<\/li>\n\n\n\n<li><strong>4. Confira o ambiente<\/strong>: voc\u00ea est\u00e1 digitando o CPF no sistema da farm\u00e1cia (caixa, app oficial, site oficial) e n\u00e3o em links ou formul\u00e1rios suspeitos?<\/li>\n\n\n\n<li><strong>5. Pergunte sobre o programa<\/strong>: quais s\u00e3o as regras de desconto, validade de pontos e limites de ac\u00famulo?<\/li>\n\n\n\n<li><strong>6. Guarde comprovantes<\/strong>: pe\u00e7a o comprovante da compra e, se poss\u00edvel, tire print do saldo de pontos ou das condi\u00e7\u00f5es do programa.<\/li>\n\n\n\n<li><strong>7. Revise cadastros periodicamente<\/strong>: acesse o app ou site e atualize consentimentos e prefer\u00eancias de comunica\u00e7\u00e3o.<\/li>\n<\/ul>\n\n\n\n<h2 class=\"wp-block-heading\">Como funcionam as promo\u00e7\u00f5es ligadas ao CPF em farm\u00e1cias em 2026<\/h2>\n\n\n\n<p>As promo\u00e7\u00f5es vinculadas ao CPF seguem como uma das principais formas de reduzir o valor final das compras, sobretudo em medicamentos de uso cont\u00ednuo e itens recorrentes. Em muitos casos, o desconto s\u00f3 aparece no caixa ap\u00f3s a digita\u00e7\u00e3o do CPF, quando o sistema identifica o cadastro e aplica tabelas especiais, campanhas de laborat\u00f3rios ou ofertas exclusivas da rede.<\/p>\n\n\n\n<p>Em 2026, essas a\u00e7\u00f5es tendem a ser mais segmentadas conforme o hist\u00f3rico de compras associado ao CPF, gerando b\u00f4nus espec\u00edficos em produtos recorrentes. Algumas redes devem integrar promo\u00e7\u00f5es a clubes de assinatura, notifica\u00e7\u00f5es via app e programas de sa\u00fade, com \u201ccombos inteligentes\u201d que aplicam descontos progressivos apenas quando o CPF \u00e9 informado.<\/p>\n\n\n\n<p>Abaixo veja a principal diferen\u00e7a entre colocar ou n\u00e3o o CPF na nota:<\/p>\n\n\n\n<div style=\"overflow-x:auto;\">\n<table style=\"\n  width:100%;\n  border-collapse:separate;\n  border-spacing:0;\n  font-family:Arial, sans-serif;\n  background:#eef5ff;\n  border-radius:18px;\n  overflow:hidden;\n\">\n\n  <thead>\n    <tr style=\"background:#2f7dd1;\">\n      <th style=\"padding:18px; color:#f3f8ff; text-align:left;\">\n        Crit\u00e9rio\n      <\/th>\n      <th style=\"padding:18px; color:#f3f8ff; text-align:left;\">\n        Pedir CPF na nota\n      <\/th>\n      <th style=\"padding:18px; color:#f3f8ff; text-align:left;\">\n        N\u00e3o pedir CPF na nota\n      <\/th>\n    <\/tr>\n  <\/thead>\n\n  <tbody>\n    <tr style=\"background:#ffffff;\">\n      <td style=\"padding:14px; color:#4f6b88;\">\n        Benef\u00edcios financeiros\n      <\/td>\n      <td style=\"padding:14px; color:#4f6b88;\">\n        Gera cr\u00e9ditos e cashback de impostos estaduais\n      <\/td>\n      <td style=\"padding:14px; color:#4f6b88;\">\n        Nenhum retorno financeiro ao consumidor\n      <\/td>\n    <\/tr>\n\n    <tr style=\"background:#e6f0ff;\">\n      <td style=\"padding:14px; color:#4f6b88;\">\n        Sorteios e pr\u00eamios\n      <\/td>\n      <td style=\"padding:14px; color:#4f6b88;\">\n        Participa automaticamente de sorteios em dinheiro\n      <\/td>\n      <td style=\"padding:14px; color:#4f6b88;\">\n        N\u00e3o participa de programas estaduais\n      <\/td>\n    <\/tr>\n\n    <tr style=\"background:#ffffff;\">\n      <td style=\"padding:14px; color:#4f6b88;\">\n        Uso em impostos (IPVA\/IPTU)\n      <\/td>\n      <td style=\"padding:14px; color:#4f6b88;\">\n        Cr\u00e9ditos podem virar desconto em tributos\n      <\/td>\n      <td style=\"padding:14px; color:#4f6b88;\">\n        N\u00e3o gera abatimentos fiscais\n      <\/td>\n    <\/tr>\n\n    <tr style=\"background:#e6f0ff;\">\n      <td style=\"padding:14px; color:#4f6b88;\">\n        Organiza\u00e7\u00e3o financeira\n      <\/td>\n      <td style=\"padding:14px; color:#4f6b88;\">\n        Facilita comprova\u00e7\u00e3o de gastos, garantias e IR\n      <\/td>\n      <td style=\"padding:14px; color:#4f6b88;\">\n        Compras ficam sem v\u00ednculo pessoal\n      <\/td>\n    <\/tr>\n\n    <tr style=\"background:#ffffff;\">\n      <td style=\"padding:14px; color:#4f6b88;\">\n        Fiscaliza\u00e7\u00e3o tribut\u00e1ria\n      <\/td>\n      <td style=\"padding:14px; color:#4f6b88;\">\n        Ajuda a combater sonega\u00e7\u00e3o do com\u00e9rcio\n      <\/td>\n      <td style=\"padding:14px; color:#4f6b88;\">\n        Menor controle do repasse de impostos\n      <\/td>\n    <\/tr>\n\n    <tr style=\"background:#e6f0ff;\">\n      <td style=\"padding:14px; color:#4f6b88;\">\n        Privacidade\n      <\/td>\n      <td style=\"padding:14px; color:#4f6b88;\">\n        H\u00e1 registro de h\u00e1bitos de consumo (com prote\u00e7\u00e3o da LGPD)\n      <\/td>\n      <td style=\"padding:14px; color:#4f6b88;\">\n        Maior anonimato nas compras\n      <\/td>\n    <\/tr>\n\n    <tr style=\"background:#ffffff;\">\n      <td style=\"padding:14px; color:#4f6b88;\">\n        Rela\u00e7\u00e3o com score de cr\u00e9dito\n      <\/td>\n      <td style=\"padding:14px; color:#4f6b88;\">\n        N\u00e3o influencia score banc\u00e1rio\n      <\/td>\n      <td style=\"padding:14px; color:#4f6b88;\">\n        Tamb\u00e9m n\u00e3o influencia score\n      <\/td>\n    <\/tr>\n\n    <tr>\n      <td colspan=\"3\" style=\"\n        padding:18px;\n        background:#2f7dd1;\n        color:#f3f8ff;\n        font-size:14px;\n      \">\n        <strong>Importante em 2026:<\/strong><br>\n        Informar o CPF \u00e9 um direito do consumidor, n\u00e3o uma obriga\u00e7\u00e3o.  \n        Com a Reforma Tribut\u00e1ria, as notas passam a exibir novos impostos (CBS e IBS),\n        mas a escolha continua sendo individual.\n      <\/td>\n    <\/tr>\n\n  <\/tbody>\n<\/table>\n<\/div>\n\n\n\n\n<h2 class=\"wp-block-heading\">Quais s\u00e3o os pontos essenciais dos programas de fidelidade em farm\u00e1cias em 2026<\/h2>\n\n\n\n<p>Os programas de pontos baseados no CPF continuam crescendo para quem busca economizar a longo prazo em compras recorrentes. Cada opera\u00e7\u00e3o soma pontos que podem virar desconto em reais, produtos selecionados ou vantagens em parceiros, com consulta de saldo e extrato em tempo real por apps, carteiras digitais e integra\u00e7\u00e3o com bancos.<\/p>\n\n\n\n<p>Para realmente aproveitar esses programas, vale comparar condi\u00e7\u00f5es entre redes e entender a l\u00f3gica de pontua\u00e7\u00e3o, prazo de validade e formas de resgate. Em 2026, alguns programas tamb\u00e9m devem permitir o uso dos pontos em servi\u00e7os de sa\u00fade, como teleorienta\u00e7\u00e3o, descontos em exames e parcerias com academias e programas de bem-estar vinculados ao CPF. <\/p>\n\n\n\n<h2 class=\"wp-block-heading\">Como proteger seus dados e aproveitar melhor o CPF em 2026<\/h2>\n\n\n\n<p>Com o CPF no centro de promo\u00e7\u00f5es, cupons personalizados e campanhas dirigidas, cresce a necessidade de aten\u00e7\u00e3o \u00e0 seguran\u00e7a de dados e ao uso respons\u00e1vel das informa\u00e7\u00f5es. As farm\u00e1cias dever\u00e3o informar com mais clareza para quais finalidades o CPF ser\u00e1 usado, permitindo que voc\u00ea aceite ou recuse contatos por SMS, e-mail ou aplicativos de mensagem, al\u00e9m de possibilitar o cancelamento de marketing e at\u00e9 a exclus\u00e3o do cadastro.<\/p>\n\n\n\n<figure class=\"wp-block-image size-large\"><img loading=\"lazy\" decoding=\"async\" width=\"1024\" height=\"576\" src=\"https:\/\/www.em.com.br\/emfoco\/wp-content\/uploads\/2026\/01\/Gemini_Generated_Image_gv23q2gv23q2gv23-1-1024x576.png\" alt=\"Novas regras mudam o uso do CPF em farm\u00e1cias em 2026\" class=\"wp-image-157632\" srcset=\"https:\/\/www.em.com.br\/emfoco\/wp-content\/uploads\/2026\/01\/Gemini_Generated_Image_gv23q2gv23q2gv23-1-1024x576.png 1024w, https:\/\/www.em.com.br\/emfoco\/wp-content\/uploads\/2026\/01\/Gemini_Generated_Image_gv23q2gv23q2gv23-1-300x169.png 300w, https:\/\/www.em.com.br\/emfoco\/wp-content\/uploads\/2026\/01\/Gemini_Generated_Image_gv23q2gv23q2gv23-1-768x432.png 768w, https:\/\/www.em.com.br\/emfoco\/wp-content\/uploads\/2026\/01\/Gemini_Generated_Image_gv23q2gv23q2gv23-1-750x422.png 750w, https:\/\/www.em.com.br\/emfoco\/wp-content\/uploads\/2026\/01\/Gemini_Generated_Image_gv23q2gv23q2gv23-1-1140x641.png 1140w, https:\/\/www.em.com.br\/emfoco\/wp-content\/uploads\/2026\/01\/Gemini_Generated_Image_gv23q2gv23q2gv23-1.png 1280w\" sizes=\"auto, (max-width: 1024px) 100vw, 1024px\" \/><figcaption class=\"wp-element-caption\">Novas regras mudam o uso do CPF em farm\u00e1cias em 2026<\/figcaption><\/figure>\n\n\n\n<p>Use este momento para revisar hoje seus cadastros em farm\u00e1cias, ajustar prefer\u00eancias de privacidade, ativar autentica\u00e7\u00e3o em duas etapas e organizar seus pontos, em paralelo a outras obriga\u00e7\u00f5es do dia a dia, como a situa\u00e7\u00e3o da CNH e da Carteira Digital de Tr\u00e2nsito. N\u00e3o espere descobrir um vazamento de dados, perda de benef\u00edcios ou multas para agir: assuma agora o controle dos seus dados e documentos, garanta economia real nas compras e evite surpresas na hora de passar o CPF no caixa.<\/p>\n\n\n\n<h2 class=\"wp-block-heading\">Perguntas frequentes sobre informar CPF em farm\u00e1cias em 2026<\/h2>\n\n\n\n<h3 class=\"wp-block-heading\">1. Sou obrigado a informar meu CPF na farm\u00e1cia para comprar?<\/h3>\n\n\n\n<p>N\u00e3o. Informar o CPF \u00e9 opcional e, em geral, est\u00e1 ligado apenas a descontos, programas de pontos e emiss\u00e3o de nota fiscal com CPF. Voc\u00ea pode recusar sem impedir a compra, salvo em situa\u00e7\u00f5es espec\u00edficas de medicamentos controlados em que outros dados podem ser exigidos por lei.<\/p>\n\n\n\n<h3 class=\"wp-block-heading\">2. Quais s\u00e3o os principais riscos de informar o CPF para obter descontos?<\/h3>\n\n\n\n<p>Os principais riscos s\u00e3o uso excessivo para marketing, cria\u00e7\u00e3o de perfis detalhados de consumo, compartilhamento com parceiros sem clareza e, em casos extremos, vazamento de dados. Por isso \u00e9 importante ler os termos, ajustar consentimentos e acompanhar notifica\u00e7\u00f5es de seguran\u00e7a da farm\u00e1cia.<\/p>\n\n\n\n<h3 class=\"wp-block-heading\">3. Posso cancelar meu cadastro ou retirar consentimento de marketing?<\/h3>\n\n\n\n<p>Sim. A qualquer momento voc\u00ea pode pedir a revis\u00e3o dos consentimentos, cancelar recebimento de mensagens promocionais e, em muitos casos, solicitar a exclus\u00e3o do seu cadastro de marketing. Isso pode ser feito pelo app, site, SAC da farm\u00e1cia, Procon ou diretamente com base na LGPD, inclusive via ANPD em casos mais graves.<\/p>\n\n\n\n<h3 class=\"wp-block-heading\">4. Como saber se o desconto pelo CPF realmente vale a pena?<\/h3>\n\n\n\n<p>Compare sempre o pre\u00e7o com e sem CPF, e tamb\u00e9m com outras farm\u00e1cias (presenciais e online). Em medicamentos de uso cont\u00ednuo, fa\u00e7a uma conta mensal ou anual para ver quanto economiza. Se o desconto for pequeno e exigir muita exposi\u00e7\u00e3o de dados, pode ser mais vantajoso priorizar privacidade.<\/p>\n\n\n\n<h3 class=\"wp-block-heading\">5. O que fazer se eu desconfiar de uso indevido do meu CPF em farm\u00e1cias?<\/h3>\n\n\n\n<p>Registre tudo (prints, mensagens, liga\u00e7\u00f5es), procure o SAC da farm\u00e1cia e pe\u00e7a esclarecimentos sobre o tratamento dos dados. Se n\u00e3o houver solu\u00e7\u00e3o, acione o Procon, abra reclama\u00e7\u00e3o em plataformas de defesa do consumidor e, em casos de vazamento ou viola\u00e7\u00e3o de direitos de dados, fa\u00e7a den\u00fancia \u00e0 ANPD.<\/p>\n\n\n\n<p><\/p>\n","protected":false},"excerpt":{"rendered":"<p>Informar o CPF em farm\u00e1cias para conseguir descontos, participar de promo\u00e7\u00f5es e programas de pontos seguir\u00e1 comum em 2026, mas com regras mais claras, foco em transpar\u00eancia e mais controle sobre o uso dos dados pessoais, exigindo do consumidor aten\u00e7\u00e3o redobrada na hora de aceitar termos, autoriza\u00e7\u00f5es e comunica\u00e7\u00f5es de marketing. O que muda ao [&hellip;]<\/p>\n","protected":false},"author":11,"featured_media":157660,"comment_status":"open","ping_status":"open","sticky":false,"template":"","format":"standard","meta":{"jnews-multi-image_gallery":[],"jnews_single_post":{"format":"standard"},"jnews_primary_category":[],"jnews_social_meta":[],"jnews_override_counter":[],"footnotes":""},"categories":[28,1],"tags":[1333,848,625,9932,23051,8165],"class_list":["post-157559","post","type-post","status-publish","format-standard","has-post-thumbnail","hentry","category-economia","category-noticias","tag-consumidor","tag-cpf","tag-descontos","tag-farmacia","tag-informar-o-cpf","tag-novas-regras"],"yoast_head":"<!-- This site is optimized with the Yoast SEO plugin v23.8 - https:\/\/yoast.com\/wordpress\/plugins\/seo\/ -->\n<title>Comunicado oficial para todos que informam o CPF ao comprar em farm\u00e1cias em 2026 - Estado de Minas - Em foco<\/title>\n<meta name=\"description\" content=\"Informar o CPF na farm\u00e1cia continua comum em 2026, mas com novas regras. Veja benef\u00edcios, riscos e como proteger seus dados.\" \/>\n<meta name=\"robots\" content=\"index, follow, max-snippet:-1, max-image-preview:large, max-video-preview:-1\" \/>\n<link rel=\"canonical\" href=\"https:\/\/www.em.com.br\/emfoco\/2026\/01\/20\/comunicado-oficial-para-todos-que-informam-o-cpf-ao-comprar-em-farmacias-em-2026\/\" \/>\n<meta property=\"og:locale\" content=\"pt_BR\" \/>\n<meta property=\"og:type\" content=\"article\" \/>\n<meta property=\"og:title\" content=\"Comunicado oficial para todos que informam o CPF ao comprar em farm\u00e1cias em 2026 - Estado de Minas - Em foco\" \/>\n<meta property=\"og:description\" content=\"Informar o CPF na farm\u00e1cia continua comum em 2026, mas com novas regras. Veja benef\u00edcios, riscos e como proteger seus dados.\" \/>\n<meta property=\"og:url\" content=\"https:\/\/www.em.com.br\/emfoco\/2026\/01\/20\/comunicado-oficial-para-todos-que-informam-o-cpf-ao-comprar-em-farmacias-em-2026\/\" \/>\n<meta property=\"og:site_name\" content=\"Estado de Minas - Em foco\" \/>\n<meta property=\"article:published_time\" content=\"2026-01-20T22:25:00+00:00\" \/>\n<meta property=\"article:modified_time\" content=\"2026-01-20T19:50:22+00:00\" \/>\n<meta property=\"og:image\" content=\"https:\/\/www.em.com.br\/emfoco\/wp-content\/uploads\/2026\/01\/Gemini_Generated_Image_dyru8kdyru8kdyru-1.png\" \/>\n\t<meta property=\"og:image:width\" content=\"1280\" \/>\n\t<meta property=\"og:image:height\" content=\"720\" \/>\n\t<meta property=\"og:image:type\" content=\"image\/png\" \/>\n<meta name=\"author\" content=\"Andre\u0301 Rangel\u00a0\" \/>\n<meta name=\"twitter:card\" content=\"summary_large_image\" \/>\n<meta name=\"twitter:label1\" content=\"Escrito por\" \/>\n\t<meta name=\"twitter:data1\" content=\"Andre\u0301 Rangel\u00a0\" \/>\n\t<meta name=\"twitter:label2\" content=\"Est. tempo de leitura\" \/>\n\t<meta name=\"twitter:data2\" content=\"9 minutos\" \/>\n<!-- \/ Yoast SEO plugin. -->","yoast_head_json":{"title":"Comunicado oficial para todos que informam o CPF ao comprar em farm\u00e1cias em 2026 - Estado de Minas - Em foco","description":"Informar o CPF na farm\u00e1cia continua comum em 2026, mas com novas regras. Veja benef\u00edcios, riscos e como proteger seus dados.","robots":{"index":"index","follow":"follow","max-snippet":"max-snippet:-1","max-image-preview":"max-image-preview:large","max-video-preview":"max-video-preview:-1"},"canonical":"https:\/\/www.em.com.br\/emfoco\/2026\/01\/20\/comunicado-oficial-para-todos-que-informam-o-cpf-ao-comprar-em-farmacias-em-2026\/","og_locale":"pt_BR","og_type":"article","og_title":"Comunicado oficial para todos que informam o CPF ao comprar em farm\u00e1cias em 2026 - Estado de Minas - Em foco","og_description":"Informar o CPF na farm\u00e1cia continua comum em 2026, mas com novas regras. Veja benef\u00edcios, riscos e como proteger seus dados.","og_url":"https:\/\/www.em.com.br\/emfoco\/2026\/01\/20\/comunicado-oficial-para-todos-que-informam-o-cpf-ao-comprar-em-farmacias-em-2026\/","og_site_name":"Estado de Minas - Em foco","article_published_time":"2026-01-20T22:25:00+00:00","article_modified_time":"2026-01-20T19:50:22+00:00","og_image":[{"width":1280,"height":720,"url":"https:\/\/www.em.com.br\/emfoco\/wp-content\/uploads\/2026\/01\/Gemini_Generated_Image_dyru8kdyru8kdyru-1.png","type":"image\/png"}],"author":"Andre\u0301 Rangel\u00a0","twitter_card":"summary_large_image","twitter_misc":{"Escrito por":"Andre\u0301 Rangel\u00a0","Est. tempo de leitura":"9 minutos"},"schema":{"@context":"https:\/\/schema.org","@graph":[{"@type":"WebPage","@id":"https:\/\/www.em.com.br\/emfoco\/2026\/01\/20\/comunicado-oficial-para-todos-que-informam-o-cpf-ao-comprar-em-farmacias-em-2026\/","url":"https:\/\/www.em.com.br\/emfoco\/2026\/01\/20\/comunicado-oficial-para-todos-que-informam-o-cpf-ao-comprar-em-farmacias-em-2026\/","name":"Comunicado oficial para todos que informam o CPF ao comprar em farm\u00e1cias em 2026 - Estado de Minas - Em foco","isPartOf":{"@id":"https:\/\/www.em.com.br\/emfoco\/#website"},"primaryImageOfPage":{"@id":"https:\/\/www.em.com.br\/emfoco\/2026\/01\/20\/comunicado-oficial-para-todos-que-informam-o-cpf-ao-comprar-em-farmacias-em-2026\/#primaryimage"},"image":{"@id":"https:\/\/www.em.com.br\/emfoco\/2026\/01\/20\/comunicado-oficial-para-todos-que-informam-o-cpf-ao-comprar-em-farmacias-em-2026\/#primaryimage"},"thumbnailUrl":"https:\/\/www.em.com.br\/emfoco\/wp-content\/uploads\/2026\/01\/Gemini_Generated_Image_dyru8kdyru8kdyru-1.png","datePublished":"2026-01-20T22:25:00+00:00","dateModified":"2026-01-20T19:50:22+00:00","author":{"@id":"https:\/\/www.em.com.br\/emfoco\/#\/schema\/person\/60eda09c1fedf0d6891f4cef4b60b8b8"},"description":"Informar o CPF na farm\u00e1cia continua comum em 2026, mas com novas regras. Veja benef\u00edcios, riscos e como proteger seus dados.","breadcrumb":{"@id":"https:\/\/www.em.com.br\/emfoco\/2026\/01\/20\/comunicado-oficial-para-todos-que-informam-o-cpf-ao-comprar-em-farmacias-em-2026\/#breadcrumb"},"inLanguage":"pt-BR","potentialAction":[{"@type":"ReadAction","target":["https:\/\/www.em.com.br\/emfoco\/2026\/01\/20\/comunicado-oficial-para-todos-que-informam-o-cpf-ao-comprar-em-farmacias-em-2026\/"]}]},{"@type":"ImageObject","inLanguage":"pt-BR","@id":"https:\/\/www.em.com.br\/emfoco\/2026\/01\/20\/comunicado-oficial-para-todos-que-informam-o-cpf-ao-comprar-em-farmacias-em-2026\/#primaryimage","url":"https:\/\/www.em.com.br\/emfoco\/wp-content\/uploads\/2026\/01\/Gemini_Generated_Image_dyru8kdyru8kdyru-1.png","contentUrl":"https:\/\/www.em.com.br\/emfoco\/wp-content\/uploads\/2026\/01\/Gemini_Generated_Image_dyru8kdyru8kdyru-1.png","width":1280,"height":720,"caption":"Novas regras mudam o uso do CPF em farm\u00e1cias em 2026"},{"@type":"BreadcrumbList","@id":"https:\/\/www.em.com.br\/emfoco\/2026\/01\/20\/comunicado-oficial-para-todos-que-informam-o-cpf-ao-comprar-em-farmacias-em-2026\/#breadcrumb","itemListElement":[{"@type":"ListItem","position":1,"name":"In\u00edcio","item":"https:\/\/www.em.com.br\/emfoco\/"},{"@type":"ListItem","position":2,"name":"Comunicado oficial para todos que informam o CPF ao comprar em farm\u00e1cias em 2026"}]},{"@type":"WebSite","@id":"https:\/\/www.em.com.br\/emfoco\/#website","url":"https:\/\/www.em.com.br\/emfoco\/","name":"Estado de Minas - Em foco","description":"Acompanhe as \u00faltimas not\u00edcias e fique bem informado sobre tudo o que acontece em Minas Gerais, Brasil e no mundo.","potentialAction":[{"@type":"SearchAction","target":{"@type":"EntryPoint","urlTemplate":"https:\/\/www.em.com.br\/emfoco\/?s={search_term_string}"},"query-input":{"@type":"PropertyValueSpecification","valueRequired":true,"valueName":"search_term_string"}}],"inLanguage":"pt-BR"},{"@type":"Person","@id":"https:\/\/www.em.com.br\/emfoco\/#\/schema\/person\/60eda09c1fedf0d6891f4cef4b60b8b8","name":"Andre\u0301 Rangel\u00a0","image":{"@type":"ImageObject","inLanguage":"pt-BR","@id":"https:\/\/www.em.com.br\/emfoco\/#\/schema\/person\/image\/","url":"https:\/\/secure.gravatar.com\/avatar\/6234dc814c77c8ef6d8bba622c787efc?s=96&d=mm&r=g","contentUrl":"https:\/\/secure.gravatar.com\/avatar\/6234dc814c77c8ef6d8bba622c787efc?s=96&d=mm&r=g","caption":"Andre\u0301 Rangel\u00a0"},"url":"https:\/\/www.em.com.br\/emfoco\/author\/luizmyth\/"}]}},"_links":{"self":[{"href":"https:\/\/www.em.com.br\/emfoco\/wp-json\/wp\/v2\/posts\/157559","targetHints":{"allow":["GET"]}}],"collection":[{"href":"https:\/\/www.em.com.br\/emfoco\/wp-json\/wp\/v2\/posts"}],"about":[{"href":"https:\/\/www.em.com.br\/emfoco\/wp-json\/wp\/v2\/types\/post"}],"author":[{"embeddable":true,"href":"https:\/\/www.em.com.br\/emfoco\/wp-json\/wp\/v2\/users\/11"}],"replies":[{"embeddable":true,"href":"https:\/\/www.em.com.br\/emfoco\/wp-json\/wp\/v2\/comments?post=157559"}],"version-history":[{"count":4,"href":"https:\/\/www.em.com.br\/emfoco\/wp-json\/wp\/v2\/posts\/157559\/revisions"}],"predecessor-version":[{"id":157663,"href":"https:\/\/www.em.com.br\/emfoco\/wp-json\/wp\/v2\/posts\/157559\/revisions\/157663"}],"wp:featuredmedia":[{"embeddable":true,"href":"https:\/\/www.em.com.br\/emfoco\/wp-json\/wp\/v2\/media\/157660"}],"wp:attachment":[{"href":"https:\/\/www.em.com.br\/emfoco\/wp-json\/wp\/v2\/media?parent=157559"}],"wp:term":[{"taxonomy":"category","embeddable":true,"href":"https:\/\/www.em.com.br\/emfoco\/wp-json\/wp\/v2\/categories?post=157559"},{"taxonomy":"post_tag","embeddable":true,"href":"https:\/\/www.em.com.br\/emfoco\/wp-json\/wp\/v2\/tags?post=157559"}],"curies":[{"name":"wp","href":"https:\/\/api.w.org\/{rel}","templated":true}]}}