{"id":157536,"date":"2026-01-22T11:25:00","date_gmt":"2026-01-22T14:25:00","guid":{"rendered":"https:\/\/www.em.com.br\/emfoco\/?p=157536"},"modified":"2026-01-21T17:10:52","modified_gmt":"2026-01-21T20:10:52","slug":"essa-cidade-e-considerada-por-muitos-a-melhor-para-se-viver-no-brasil-em-2026","status":"publish","type":"post","link":"https:\/\/www.em.com.br\/emfoco\/2026\/01\/22\/essa-cidade-e-considerada-por-muitos-a-melhor-para-se-viver-no-brasil-em-2026\/","title":{"rendered":"Essa cidade \u00e9 considerada por muitos a melhor para se viver no Brasil em 2026"},"content":{"rendered":"\n<p><strong>Florian\u00f3polis<\/strong>, conhecida carinhosamente como a <strong>Ilha da Magia<\/strong>, \u00e9 a capital de <strong>Santa Catarina<\/strong>. O munic\u00edpio se destaca pela integra\u00e7\u00e3o entre natureza exuberante e um dos ecossistemas de inova\u00e7\u00e3o mais fortes do <strong>Brasil<\/strong> no litoral sul.<\/p>\n\n\n\n<h2 class=\"wp-block-heading\">A origem do t\u00edtulo de Ilha da Magia<\/h2>\n\n\n\n<p>O apelido surgiu devido \u00e0s lendas e ao rico folclore sobre bruxas e seres m\u00edsticos que habitavam a regi\u00e3o. Esses relatos foram preservados pelo pesquisador <strong>Franklin Cascaes<\/strong>, que registrou as tradi\u00e7\u00f5es das comunidades de pescadores de origem <strong>a\u00e7oriana<\/strong> na por\u00e7\u00e3o insular.<\/p>\n\n\n\n<p>Al\u00e9m das hist\u00f3rias fant\u00e1sticas, o t\u00edtulo reflete o encantamento dos visitantes com as belezas naturais encontradas em distritos hist\u00f3ricos. Localidades como o <strong>Ribeir\u00e3o da Ilha<\/strong> mant\u00eam a arquitetura colonial e a cultura de cultivo de ostras, refor\u00e7ando a identidade \u00fanica da capital catarinense.<\/p>\n\n\n<div class=\"wp-block-image\">\n<figure class=\"aligncenter size-large\"><img loading=\"lazy\" decoding=\"async\" width=\"1024\" height=\"576\" src=\"https:\/\/www.em.com.br\/emfoco\/wp-content\/uploads\/2025\/12\/Florianopolis_1732918187808-1024x576.jpg\" alt=\"Essa cidade virou um verdadeiro ref\u00fagio de quem busca qualidade de vida no Brasil\" class=\"wp-image-145329\" srcset=\"https:\/\/www.em.com.br\/emfoco\/wp-content\/uploads\/2025\/12\/Florianopolis_1732918187808-1024x576.jpg 1024w, https:\/\/www.em.com.br\/emfoco\/wp-content\/uploads\/2025\/12\/Florianopolis_1732918187808-300x169.jpg 300w, https:\/\/www.em.com.br\/emfoco\/wp-content\/uploads\/2025\/12\/Florianopolis_1732918187808-768x432.jpg 768w, https:\/\/www.em.com.br\/emfoco\/wp-content\/uploads\/2025\/12\/Florianopolis_1732918187808-750x422.jpg 750w, https:\/\/www.em.com.br\/emfoco\/wp-content\/uploads\/2025\/12\/Florianopolis_1732918187808-1140x641.jpg 1140w, https:\/\/www.em.com.br\/emfoco\/wp-content\/uploads\/2025\/12\/Florianopolis_1732918187808.jpg 1280w\" sizes=\"auto, (max-width: 1024px) 100vw, 1024px\" \/><figcaption class=\"wp-element-caption\">Florian\u00f3polis \u00e9 um dos melhores \u00edndices de bem-estar do pa\u00eds. \/\/ Cr\u00e9ditos: depositphotos.com \/ Keola<\/figcaption><\/figure><\/div>\n\n\n<h2 class=\"wp-block-heading\">Como funciona o estilo de vida na capital catarinense<\/h2>\n\n\n\n<p>O cotidiano em <strong>Florian\u00f3polis<\/strong> equilibra o ritmo acelerado de um polo tecnol\u00f3gico moderno com a calmaria das vilas de pescadores. Moradores costumam praticar esportes ao ar livre, como surf e trilhas, aproveitando a geografia privilegiada da ilha antes ou ap\u00f3s o hor\u00e1rio comercial.<\/p>\n\n\n\n<p>A gastronomia baseada em frutos do mar frescos \u00e9 um pilar central do conv\u00edvio social, atraindo fam\u00edlias para as orlas durante os fins de semana. O ambiente urbano se desenvolve de forma fragmentada, conectando o continente \u00e0 \u00e1rea insular por meio de tr\u00eas pontes fundamentais para a mobilidade regional.<\/p>\n\n\n\n<h2 class=\"wp-block-heading\">Dimens\u00e3o populacional e o destaque na educa\u00e7\u00e3o<\/h2>\n\n\n\n<p>O munic\u00edpio possui aproximadamente 590 mil habitantes conforme as estimativas mais recentes do <a href=\"https:\/\/cidades.ibge.gov.br\/brasil\/sc\/florianopolis\/panorama\" target=\"_blank\" rel=\"noreferrer noopener\"><strong>Instituto Brasileiro de Geografia e Estat\u00edstica<\/strong> <\/a>(<strong>IBGE<\/strong>). Este crescimento acelerado posiciona a cidade como uma das capitais que mais atraem novos residentes no pa\u00eds.<\/p>\n\n\n\n<p>No campo educacional, a sede da <strong>Universidade Federal de Santa Catarina<\/strong> (<strong>UFSC<\/strong>) \u00e9 refer\u00eancia nacional em ensino superior e pesquisa cient\u00edfica. A presen\u00e7a da institui\u00e7\u00e3o qualifica a m\u00e3o de obra local, sustentando o crescimento das empresas de tecnologia que operam nos parques de inova\u00e7\u00e3o.<\/p>\n\n\n<div class=\"wp-block-image\">\n<figure class=\"aligncenter size-large\"><img loading=\"lazy\" decoding=\"async\" width=\"1024\" height=\"576\" src=\"https:\/\/www.em.com.br\/emfoco\/wp-content\/uploads\/2025\/12\/Florianopolis_1756632639275-1024x576.jpg\" alt=\"Essa cidade virou um verdadeiro ref\u00fagio de quem busca qualidade de vida no Brasil\" class=\"wp-image-145331\" srcset=\"https:\/\/www.em.com.br\/emfoco\/wp-content\/uploads\/2025\/12\/Florianopolis_1756632639275-1024x576.jpg 1024w, https:\/\/www.em.com.br\/emfoco\/wp-content\/uploads\/2025\/12\/Florianopolis_1756632639275-300x169.jpg 300w, https:\/\/www.em.com.br\/emfoco\/wp-content\/uploads\/2025\/12\/Florianopolis_1756632639275-768x432.jpg 768w, https:\/\/www.em.com.br\/emfoco\/wp-content\/uploads\/2025\/12\/Florianopolis_1756632639275-750x422.jpg 750w, https:\/\/www.em.com.br\/emfoco\/wp-content\/uploads\/2025\/12\/Florianopolis_1756632639275-1140x641.jpg 1140w, https:\/\/www.em.com.br\/emfoco\/wp-content\/uploads\/2025\/12\/Florianopolis_1756632639275.jpg 1280w\" sizes=\"auto, (max-width: 1024px) 100vw, 1024px\" \/><figcaption class=\"wp-element-caption\">Florian\u00f3polis se destaca como capital com mar, charme e qualidade de vida \/\/ Cr\u00e9ditos: depositphotos.com \/ Hackman<\/figcaption><\/figure><\/div>\n\n\n<h2 class=\"wp-block-heading\">Quais s\u00e3o as atra\u00e7\u00f5es imperd\u00edveis na Ilha da Magia<\/h2>\n\n\n\n<p>O turismo local oferece op\u00e7\u00f5es que variam desde dunas famosas para a pr\u00e1tica de sandboard at\u00e9 vilas hist\u00f3ricas com gastronomia premiada. Dezenas de praias atendem todos os perfis, oferecendo desde \u00e1guas calmas para fam\u00edlias at\u00e9 ondas internacionais que recebem competi\u00e7\u00f5es mundiais de surf.<\/p>\n\n\n\n<p>Confira a lista abaixo com os pontos tur\u00edsticos fundamentais para incluir no seu itiner\u00e1rio de viagem:<\/p>\n\n\n\n<ul class=\"wp-block-list has-medium-font-size\">\n<li><strong>Ponte Herc\u00edlio Luz<\/strong>: Monumento hist\u00f3rico restaurado que oferece uma vista panor\u00e2mica deslumbrante, especialmente durante a ilumina\u00e7\u00e3o noturna.<\/li>\n\n\n\n<li><strong>Praia da Joaquina<\/strong>: Destino ic\u00f4nico famoso pelas dunas gigantescas e pelas ondas que atraem surfistas de diversas nacionalidades.<\/li>\n\n\n\n<li><strong>Santo Ant\u00f4nio de Lisboa<\/strong>: Bairro hist\u00f3rico ideal para apreciar o p\u00f4r do sol e conhecer a arquitetura t\u00edpica dos primeiros imigrantes <strong>a\u00e7orianos<\/strong>.<\/li>\n\n\n\n<li><strong>Ilha do Campeche<\/strong>: Local preservado com \u00e1guas cristalinas, s\u00edtios arqueol\u00f3gicos e trilhas guiadas em meio \u00e0 mata nativa.<\/li>\n\n\n\n<li><strong>Mercado P\u00fablico<\/strong>: Centro de conviv\u00eancia no cora\u00e7\u00e3o da cidade que re\u00fane o melhor da culin\u00e1ria regional e do artesanato local.<\/li>\n<\/ul>\n\n\n\n<p>Quem sonha em conhecer a &#8220;Ilha da Magia&#8221;, vai curtir esse v\u00eddeo especialmente selecionado do canal <strong>Partiu de F\u00e9rias<\/strong>, que conta com mais de 400 mil visualiza\u00e7\u00f5es, onde s\u00e3o mostradas detalhadamente as maravilhas de <strong>Florian\u00f3polis<\/strong>, com dicas de <strong>praias<\/strong>, trilhas e onde se hospedar:<\/p>\n\n\n\n<figure class=\"wp-block-embed is-type-video is-provider-youtube wp-block-embed-youtube wp-embed-aspect-16-9 wp-has-aspect-ratio\"><div class=\"wp-block-embed__wrapper\">\n<div class=\"jeg_video_container jeg_video_content\"><iframe loading=\"lazy\" title=\"O que fazer em FLORIAN\u00d3POLIS - Santa Catarina - Dicas de viagem\" width=\"500\" height=\"281\" src=\"https:\/\/www.youtube.com\/embed\/W0Rx9rpHqFE?feature=oembed\" frameborder=\"0\" allow=\"accelerometer; autoplay; clipboard-write; encrypted-media; gyroscope; picture-in-picture; web-share\" referrerpolicy=\"strict-origin-when-cross-origin\" allowfullscreen><\/iframe><\/div>\n<\/div><\/figure>\n\n\n\n<p><strong>Leia tamb\u00e9m: <a href=\"https:\/\/www.em.com.br\/emfoco\/2026\/01\/20\/a-montanha-de-neve-a-5-horas-de-belo-horizonte-que-esta-encantando-todos-os-brasileiros\/\" target=\"_blank\" rel=\"noreferrer noopener\">A montanha de neve a 5 horas de Belo Horizonte que est\u00e1 encantando todos os brasileiros<\/a><\/strong><a href=\"http:\/\/www.youtube.com\/watch?v=W0Rx9rpHqFE\" target=\"_blank\" rel=\"noreferrer noopener\"><\/a><\/p>\n\n\n\n<h2 class=\"wp-block-heading\">O comportamento do tempo na capital catarinense<\/h2>\n\n\n\n<p>O clima em <strong>Florian\u00f3polis<\/strong> \u00e9 subtropical \u00famido, apresentando esta\u00e7\u00f5es bem definidas e chuvas distribu\u00eddas de forma regular durante todos os meses. \u00c9 recomend\u00e1vel consultar as previs\u00f5es da <a href=\"https:\/\/www.climatempo.com.br\/previsao-do-tempo\/cidade\/377\/florianopolis-sc\" target=\"_blank\" rel=\"noreferrer noopener\"><strong>Climatempo<\/strong> <\/a>antes de planejar atividades de lazer ao ar livre, pois a umidade \u00e9 elevada.<\/p>\n\n\n\n<p>Abaixo, a tabela detalha as m\u00e9dias de temperatura e o que esperar em cada per\u00edodo para facilitar o planejamento da sua visita:<\/p>\n\n\n\n<figure class=\"wp-block-table\"><table class=\"has-fixed-layout\"><tbody><tr><th>Esta\u00e7\u00e3o \/ Meses<\/th><th>Temperatura<\/th><th>O que esperar<\/th><\/tr><tr><td>Ver\u00e3o (Dez-Mar)<\/td><td>22\u00b0C a 30\u00b0C<\/td><td>Calor intenso, praias movimentadas e chuvas r\u00e1pidas de fim de tarde.<\/td><\/tr><tr><td>Outono (Mar-Jun)<\/td><td>16\u00b0C a 25\u00b0C<\/td><td>Dias secos com temperaturas agrad\u00e1veis e visibilidade excelente para trilhas.<\/td><\/tr><tr><td>Inverno (Jun-Set)<\/td><td>10\u00b0C a 20\u00b0C<\/td><td>Frio moderado, umidade alta e vento sul caracter\u00edstico da regi\u00e3o.<\/td><\/tr><tr><td>Primavera (Set-Dez)<\/td><td>18\u00b0C a 26\u00b0C<\/td><td>Temperaturas em eleva\u00e7\u00e3o e maior incid\u00eancia de ventos no litoral.<\/td><\/tr><\/tbody><\/table><\/figure>\n\n\n\n<h2 class=\"wp-block-heading\">Motivos para estabelecer resid\u00eancia em Florian\u00f3polis<\/h2>\n\n\n\n<p>Viver na capital catarinense permite usufruir de uma infraestrutura urbana robusta integrada a paisagens naturais raras em grandes centros. A cidade oferece um ambiente prop\u00edcio para quem busca crescimento na carreira tecnol\u00f3gica sem abrir m\u00e3o de uma rotina saud\u00e1vel.<\/p>\n\n\n\n<p>Considere os pontos fortes reais para planejar sua mudan\u00e7a para o munic\u00edpio:<\/p>\n\n\n\n<ul class=\"wp-block-list has-medium-font-size\">\n<li>Mercado de trabalho din\u00e2mico e aquecido no setor de inova\u00e7\u00e3o digital e servi\u00e7os.<\/li>\n\n\n\n<li>Acesso direto a quase uma centena de praias e diversas \u00e1reas de preserva\u00e7\u00e3o permanente.<\/li>\n\n\n\n<li>Presen\u00e7a de institui\u00e7\u00f5es de ensino superior de elite, como a <strong>UFSC<\/strong> e a <strong>UDESC<\/strong> (<strong>Universidade do Estado de Santa Catarina<\/strong>).<\/li>\n<\/ul>\n\n\n\n<p>Voc\u00ea precisa conhecer o equil\u00edbrio perfeito entre natureza e urbanismo nesta capital catarinense. Venha visitar a <strong>Ilha da Magia<\/strong>.<\/p>\n","protected":false},"excerpt":{"rendered":"<p>Florian\u00f3polis, conhecida carinhosamente como a Ilha da Magia, \u00e9 a capital de Santa Catarina. O munic\u00edpio se destaca pela integra\u00e7\u00e3o entre natureza exuberante e um dos ecossistemas de inova\u00e7\u00e3o mais fortes do Brasil no litoral sul. A origem do t\u00edtulo de Ilha da Magia O apelido surgiu devido \u00e0s lendas e ao rico folclore sobre [&hellip;]<\/p>\n","protected":false},"author":6,"featured_media":145330,"comment_status":"open","ping_status":"open","sticky":false,"template":"","format":"standard","meta":{"jnews-multi-image_gallery":[],"jnews_single_post":{"format":"standard"},"jnews_primary_category":[],"jnews_social_meta":[],"jnews_override_counter":[],"footnotes":""},"categories":[26],"tags":[183,1183,734],"class_list":["post-157536","post","type-post","status-publish","format-standard","has-post-thumbnail","hentry","category-cidades","tag-cidades","tag-florianopolis","tag-santa-catarina"],"yoast_head":"<!-- This site is optimized with the Yoast SEO plugin v23.8 - https:\/\/yoast.com\/wordpress\/plugins\/seo\/ -->\n<title>Essa cidade \u00e9 considerada por muitos a melhor para se viver no Brasil em 2026 - Estado de Minas - Em foco<\/title>\n<meta name=\"description\" content=\"Essa cidade \u00e9 considerada por muitos a melhor para se viver no Brasil em 2026, chamando aten\u00e7\u00e3o pela qualidade de vida e equil\u00edbrio urbano.\" \/>\n<meta name=\"robots\" content=\"index, follow, max-snippet:-1, max-image-preview:large, max-video-preview:-1\" \/>\n<link rel=\"canonical\" href=\"https:\/\/www.em.com.br\/emfoco\/2026\/01\/22\/essa-cidade-e-considerada-por-muitos-a-melhor-para-se-viver-no-brasil-em-2026\/\" \/>\n<meta property=\"og:locale\" content=\"pt_BR\" \/>\n<meta property=\"og:type\" content=\"article\" \/>\n<meta property=\"og:title\" content=\"Essa cidade \u00e9 considerada por muitos a melhor para se viver no Brasil em 2026 - Estado de Minas - Em foco\" \/>\n<meta property=\"og:description\" content=\"Essa cidade \u00e9 considerada por muitos a melhor para se viver no Brasil em 2026, chamando aten\u00e7\u00e3o pela qualidade de vida e equil\u00edbrio urbano.\" \/>\n<meta property=\"og:url\" content=\"https:\/\/www.em.com.br\/emfoco\/2026\/01\/22\/essa-cidade-e-considerada-por-muitos-a-melhor-para-se-viver-no-brasil-em-2026\/\" \/>\n<meta property=\"og:site_name\" content=\"Estado de Minas - Em foco\" \/>\n<meta property=\"article:published_time\" content=\"2026-01-22T14:25:00+00:00\" \/>\n<meta property=\"article:modified_time\" content=\"2026-01-21T20:10:52+00:00\" \/>\n<meta property=\"og:image\" content=\"https:\/\/www.em.com.br\/emfoco\/wp-content\/uploads\/2025\/12\/Florianopolis_1756632558283.jpg\" \/>\n\t<meta property=\"og:image:width\" content=\"1280\" \/>\n\t<meta property=\"og:image:height\" content=\"720\" \/>\n\t<meta property=\"og:image:type\" content=\"image\/jpeg\" \/>\n<meta name=\"author\" content=\"Vitor Bruno\" \/>\n<meta name=\"twitter:card\" content=\"summary_large_image\" \/>\n<meta name=\"twitter:label1\" content=\"Escrito por\" \/>\n\t<meta name=\"twitter:data1\" content=\"Vitor Bruno\" \/>\n\t<meta name=\"twitter:label2\" content=\"Est. tempo de leitura\" \/>\n\t<meta name=\"twitter:data2\" content=\"6 minutos\" \/>\n<!-- \/ Yoast SEO plugin. -->","yoast_head_json":{"title":"Essa cidade \u00e9 considerada por muitos a melhor para se viver no Brasil em 2026 - Estado de Minas - Em foco","description":"Essa cidade \u00e9 considerada por muitos a melhor para se viver no Brasil em 2026, chamando aten\u00e7\u00e3o pela qualidade de vida e equil\u00edbrio urbano.","robots":{"index":"index","follow":"follow","max-snippet":"max-snippet:-1","max-image-preview":"max-image-preview:large","max-video-preview":"max-video-preview:-1"},"canonical":"https:\/\/www.em.com.br\/emfoco\/2026\/01\/22\/essa-cidade-e-considerada-por-muitos-a-melhor-para-se-viver-no-brasil-em-2026\/","og_locale":"pt_BR","og_type":"article","og_title":"Essa cidade \u00e9 considerada por muitos a melhor para se viver no Brasil em 2026 - Estado de Minas - Em foco","og_description":"Essa cidade \u00e9 considerada por muitos a melhor para se viver no Brasil em 2026, chamando aten\u00e7\u00e3o pela qualidade de vida e equil\u00edbrio urbano.","og_url":"https:\/\/www.em.com.br\/emfoco\/2026\/01\/22\/essa-cidade-e-considerada-por-muitos-a-melhor-para-se-viver-no-brasil-em-2026\/","og_site_name":"Estado de Minas - Em foco","article_published_time":"2026-01-22T14:25:00+00:00","article_modified_time":"2026-01-21T20:10:52+00:00","og_image":[{"width":1280,"height":720,"url":"https:\/\/www.em.com.br\/emfoco\/wp-content\/uploads\/2025\/12\/Florianopolis_1756632558283.jpg","type":"image\/jpeg"}],"author":"Vitor Bruno","twitter_card":"summary_large_image","twitter_misc":{"Escrito por":"Vitor Bruno","Est. tempo de leitura":"6 minutos"},"schema":{"@context":"https:\/\/schema.org","@graph":[{"@type":"WebPage","@id":"https:\/\/www.em.com.br\/emfoco\/2026\/01\/22\/essa-cidade-e-considerada-por-muitos-a-melhor-para-se-viver-no-brasil-em-2026\/","url":"https:\/\/www.em.com.br\/emfoco\/2026\/01\/22\/essa-cidade-e-considerada-por-muitos-a-melhor-para-se-viver-no-brasil-em-2026\/","name":"Essa cidade \u00e9 considerada por muitos a melhor para se viver no Brasil em 2026 - Estado de Minas - Em foco","isPartOf":{"@id":"https:\/\/www.em.com.br\/emfoco\/#website"},"primaryImageOfPage":{"@id":"https:\/\/www.em.com.br\/emfoco\/2026\/01\/22\/essa-cidade-e-considerada-por-muitos-a-melhor-para-se-viver-no-brasil-em-2026\/#primaryimage"},"image":{"@id":"https:\/\/www.em.com.br\/emfoco\/2026\/01\/22\/essa-cidade-e-considerada-por-muitos-a-melhor-para-se-viver-no-brasil-em-2026\/#primaryimage"},"thumbnailUrl":"https:\/\/www.em.com.br\/emfoco\/wp-content\/uploads\/2025\/12\/Florianopolis_1756632558283.jpg","datePublished":"2026-01-22T14:25:00+00:00","dateModified":"2026-01-21T20:10:52+00:00","author":{"@id":"https:\/\/www.em.com.br\/emfoco\/#\/schema\/person\/364ac1852fafd00f1be20f0b8b237569"},"description":"Essa cidade \u00e9 considerada por muitos a melhor para se viver no Brasil em 2026, chamando aten\u00e7\u00e3o pela qualidade de vida e equil\u00edbrio urbano.","breadcrumb":{"@id":"https:\/\/www.em.com.br\/emfoco\/2026\/01\/22\/essa-cidade-e-considerada-por-muitos-a-melhor-para-se-viver-no-brasil-em-2026\/#breadcrumb"},"inLanguage":"pt-BR","potentialAction":[{"@type":"ReadAction","target":["https:\/\/www.em.com.br\/emfoco\/2026\/01\/22\/essa-cidade-e-considerada-por-muitos-a-melhor-para-se-viver-no-brasil-em-2026\/"]}]},{"@type":"ImageObject","inLanguage":"pt-BR","@id":"https:\/\/www.em.com.br\/emfoco\/2026\/01\/22\/essa-cidade-e-considerada-por-muitos-a-melhor-para-se-viver-no-brasil-em-2026\/#primaryimage","url":"https:\/\/www.em.com.br\/emfoco\/wp-content\/uploads\/2025\/12\/Florianopolis_1756632558283.jpg","contentUrl":"https:\/\/www.em.com.br\/emfoco\/wp-content\/uploads\/2025\/12\/Florianopolis_1756632558283.jpg","width":1280,"height":720,"caption":"Florian\u00f3polis encanta por unir praias paradis\u00edacas e alta qualidade de vida \/\/ Cr\u00e9ditos: depositphotos.com \/ Keola"},{"@type":"BreadcrumbList","@id":"https:\/\/www.em.com.br\/emfoco\/2026\/01\/22\/essa-cidade-e-considerada-por-muitos-a-melhor-para-se-viver-no-brasil-em-2026\/#breadcrumb","itemListElement":[{"@type":"ListItem","position":1,"name":"In\u00edcio","item":"https:\/\/www.em.com.br\/emfoco\/"},{"@type":"ListItem","position":2,"name":"Essa cidade \u00e9 considerada por muitos a melhor para se viver no Brasil em 2026"}]},{"@type":"WebSite","@id":"https:\/\/www.em.com.br\/emfoco\/#website","url":"https:\/\/www.em.com.br\/emfoco\/","name":"Estado de Minas - Em foco","description":"Acompanhe as \u00faltimas not\u00edcias e fique bem informado sobre tudo o que acontece em Minas Gerais, Brasil e no mundo.","potentialAction":[{"@type":"SearchAction","target":{"@type":"EntryPoint","urlTemplate":"https:\/\/www.em.com.br\/emfoco\/?s={search_term_string}"},"query-input":{"@type":"PropertyValueSpecification","valueRequired":true,"valueName":"search_term_string"}}],"inLanguage":"pt-BR"},{"@type":"Person","@id":"https:\/\/www.em.com.br\/emfoco\/#\/schema\/person\/364ac1852fafd00f1be20f0b8b237569","name":"Vitor Bruno","image":{"@type":"ImageObject","inLanguage":"pt-BR","@id":"https:\/\/www.em.com.br\/emfoco\/#\/schema\/person\/image\/","url":"https:\/\/secure.gravatar.com\/avatar\/b719e5cdede09f942064960883b5524d?s=96&d=mm&r=g","contentUrl":"https:\/\/secure.gravatar.com\/avatar\/b719e5cdede09f942064960883b5524d?s=96&d=mm&r=g","caption":"Vitor Bruno"},"sameAs":["https:\/\/www.em.com.br\/emfoco\/"],"url":"https:\/\/www.em.com.br\/emfoco\/author\/vitormyth\/"}]}},"_links":{"self":[{"href":"https:\/\/www.em.com.br\/emfoco\/wp-json\/wp\/v2\/posts\/157536","targetHints":{"allow":["GET"]}}],"collection":[{"href":"https:\/\/www.em.com.br\/emfoco\/wp-json\/wp\/v2\/posts"}],"about":[{"href":"https:\/\/www.em.com.br\/emfoco\/wp-json\/wp\/v2\/types\/post"}],"author":[{"embeddable":true,"href":"https:\/\/www.em.com.br\/emfoco\/wp-json\/wp\/v2\/users\/6"}],"replies":[{"embeddable":true,"href":"https:\/\/www.em.com.br\/emfoco\/wp-json\/wp\/v2\/comments?post=157536"}],"version-history":[{"count":6,"href":"https:\/\/www.em.com.br\/emfoco\/wp-json\/wp\/v2\/posts\/157536\/revisions"}],"predecessor-version":[{"id":158333,"href":"https:\/\/www.em.com.br\/emfoco\/wp-json\/wp\/v2\/posts\/157536\/revisions\/158333"}],"wp:featuredmedia":[{"embeddable":true,"href":"https:\/\/www.em.com.br\/emfoco\/wp-json\/wp\/v2\/media\/145330"}],"wp:attachment":[{"href":"https:\/\/www.em.com.br\/emfoco\/wp-json\/wp\/v2\/media?parent=157536"}],"wp:term":[{"taxonomy":"category","embeddable":true,"href":"https:\/\/www.em.com.br\/emfoco\/wp-json\/wp\/v2\/categories?post=157536"},{"taxonomy":"post_tag","embeddable":true,"href":"https:\/\/www.em.com.br\/emfoco\/wp-json\/wp\/v2\/tags?post=157536"}],"curies":[{"name":"wp","href":"https:\/\/api.w.org\/{rel}","templated":true}]}}