{"id":157534,"date":"2026-01-21T19:55:00","date_gmt":"2026-01-21T22:55:00","guid":{"rendered":"https:\/\/www.em.com.br\/emfoco\/?p=157534"},"modified":"2026-01-20T18:02:29","modified_gmt":"2026-01-20T21:02:29","slug":"unica-capital-brasileira-fundada-por-franceses-onde-a-qualidade-de-vida-anda-de-maos-dadas-com-a-tranquilidade","status":"publish","type":"post","link":"https:\/\/www.em.com.br\/emfoco\/2026\/01\/21\/unica-capital-brasileira-fundada-por-franceses-onde-a-qualidade-de-vida-anda-de-maos-dadas-com-a-tranquilidade\/","title":{"rendered":"\u00danica capital brasileira fundada por franceses onde a qualidade de vida anda de m\u00e3os dadas com a tranquilidade"},"content":{"rendered":"\n<p>Conhecida como a <strong>Ilha do Amor<\/strong>, a cidade de <strong>S\u00e3o Lu\u00eds<\/strong> \u00e9 a \u00fanica capital brasileira fundada por franceses. O destino se destaca no cen\u00e1rio nacional por seu conjunto arquitet\u00f4nico colonial e pelas tradi\u00e7\u00f5es culturais \u00fanicas que resistem ao longo dos s\u00e9culos.<\/p>\n\n\n\n<h2 class=\"wp-block-heading\">Por que S\u00e3o Lu\u00eds possui a maior cole\u00e7\u00e3o de azulejos da Am\u00e9rica?<\/h2>\n\n\n\n<p><strong>S\u00e3o Lu\u00eds<\/strong> det\u00e9m o t\u00edtulo de <strong>Cidade dos Azulejos<\/strong> porque o uso desse material nas fachadas era a solu\u00e7\u00e3o arquitet\u00f4nica ideal para refletir o calor intenso. Essa tradi\u00e7\u00e3o, trazida principalmente de <strong>Portugal<\/strong> no s\u00e9culo 19, transformou o <strong>Centro Hist\u00f3rico<\/strong> em um<strong> Patrim\u00f4nio Mundial<\/strong> pela <strong><a href=\"https:\/\/translate.google.com\/translate?u=https:\/\/whc.unesco.org\/en\/list\/821\/&amp;hl=pt&amp;sl=en&amp;tl=pt&amp;client=srp\" target=\"_blank\" rel=\"noreferrer noopener\">Organiza\u00e7\u00e3o das Na\u00e7\u00f5es Unidas para a Educa\u00e7\u00e3o, a Ci\u00eancia e a Cultura<\/a> <\/strong>(<strong>UNESCO<\/strong>).<\/p>\n\n\n\n<p>A t\u00e9cnica n\u00e3o era apenas est\u00e9tica, mas funcional, ajudando a manter a temperatura interna dos casar\u00f5es mais amena durante os meses de sol forte. Hoje, o revestimento cer\u00e2mico \u00e9 o maior s\u00edmbolo visual da capital maranhense, atraindo pesquisadores e visitantes que buscam observar os padr\u00f5es geom\u00e9tricos originais preservados.<\/p>\n\n\n<div class=\"wp-block-image\">\n<figure class=\"aligncenter size-large\"><img loading=\"lazy\" decoding=\"async\" width=\"1024\" height=\"576\" src=\"https:\/\/www.em.com.br\/emfoco\/wp-content\/uploads\/2025\/12\/sao-luis_1766347803715-1024x576.jpg\" alt=\"\" class=\"wp-image-144122\" srcset=\"https:\/\/www.em.com.br\/emfoco\/wp-content\/uploads\/2025\/12\/sao-luis_1766347803715-1024x576.jpg 1024w, https:\/\/www.em.com.br\/emfoco\/wp-content\/uploads\/2025\/12\/sao-luis_1766347803715-300x169.jpg 300w, https:\/\/www.em.com.br\/emfoco\/wp-content\/uploads\/2025\/12\/sao-luis_1766347803715-768x432.jpg 768w, https:\/\/www.em.com.br\/emfoco\/wp-content\/uploads\/2025\/12\/sao-luis_1766347803715-750x422.jpg 750w, https:\/\/www.em.com.br\/emfoco\/wp-content\/uploads\/2025\/12\/sao-luis_1766347803715-1140x641.jpg 1140w, https:\/\/www.em.com.br\/emfoco\/wp-content\/uploads\/2025\/12\/sao-luis_1766347803715.jpg 1280w\" sizes=\"auto, (max-width: 1024px) 100vw, 1024px\" \/><figcaption class=\"wp-element-caption\">S\u00e3o Lu\u00eds, capital maranhense, conquista com bem-estar e beleza natural \/\/ Cr\u00e9ditos: depositphotos.com \/ xura<\/figcaption><\/figure><\/div>\n\n\n<h2 class=\"wp-block-heading\">O ritmo do reggae molda o cotidiano na ilha<\/h2>\n\n\n\n<p>O estilo de vida em <strong>S\u00e3o Lu\u00eds<\/strong> \u00e9 profundamente influenciado pelo reggae, ritmo que deu \u00e0 metr\u00f3pole o apelido de <strong>Jamaica Brasileira<\/strong>. A forma de dan\u00e7ar &#8220;coladinho&#8221; e a presen\u00e7a das radiolas, potentes sistemas de som, criam uma atmosfera social distinta de qualquer outra capital do <strong>Nordeste<\/strong>.<\/p>\n\n\n\n<p>Al\u00e9m da m\u00fasica, a rotina dos moradores \u00e9 marcada pela forte conex\u00e3o com a orla mar\u00edtima, onde o vento constante suaviza o clima equatorial. O cotidiano mistura a modernidade das zonas residenciais com a preserva\u00e7\u00e3o de ritos ancestrais, como o <strong>Bumba Meu Boi<\/strong>, que mobiliza a comunidade em festejos tradicionais.<\/p>\n\n\n\n<h2 class=\"wp-block-heading\">Qual o n\u00famero de habitantes e o desempenho escolar?<\/h2>\n\n\n\n<p>O munic\u00edpio conta com 1.037.775 habitantes, de acordo com os dados oficiais do Censo de 2022 do<strong><a href=\"https:\/\/cidades.ibge.gov.br\/brasil\/ma\/sao-luis\/panorama\" target=\"_blank\" rel=\"noreferrer noopener\"> Instituto Brasileiro de Geografia e Estat\u00edstica<\/a><\/strong> (<strong>IBGE<\/strong>). Este contingente populacional coloca a capital como o principal centro financeiro do estado, concentrando grande parte do <a href=\"https:\/\/www.ibge.gov.br\/cidades-e-estados\/ma\/sao-luis.html\" target=\"_blank\" rel=\"noreferrer noopener\"><strong>Produto Interno Bruto<\/strong><\/a> (<strong>PIB<\/strong>) regional.<\/p>\n\n\n\n<p>No setor educacional, a taxa de escolariza\u00e7\u00e3o de crian\u00e7as e adolescentes entre seis e 14 anos de idade atinge 98,5%. O \u00edndice reflete os esfor\u00e7os na rede b\u00e1sica de ensino para manter a presen\u00e7a escolar em uma metr\u00f3pole que enfrenta os desafios naturais de crescimento das grandes capitais brasileiras.<\/p>\n\n\n<div class=\"wp-block-image\">\n<figure class=\"aligncenter size-large\"><img loading=\"lazy\" decoding=\"async\" width=\"1024\" height=\"576\" src=\"https:\/\/www.em.com.br\/emfoco\/wp-content\/uploads\/2025\/12\/sao-luis_1754354487905-1024x576.jpg\" alt=\"\" class=\"wp-image-144121\" srcset=\"https:\/\/www.em.com.br\/emfoco\/wp-content\/uploads\/2025\/12\/sao-luis_1754354487905-1024x576.jpg 1024w, https:\/\/www.em.com.br\/emfoco\/wp-content\/uploads\/2025\/12\/sao-luis_1754354487905-300x169.jpg 300w, https:\/\/www.em.com.br\/emfoco\/wp-content\/uploads\/2025\/12\/sao-luis_1754354487905-768x432.jpg 768w, https:\/\/www.em.com.br\/emfoco\/wp-content\/uploads\/2025\/12\/sao-luis_1754354487905-750x422.jpg 750w, https:\/\/www.em.com.br\/emfoco\/wp-content\/uploads\/2025\/12\/sao-luis_1754354487905-1140x641.jpg 1140w, https:\/\/www.em.com.br\/emfoco\/wp-content\/uploads\/2025\/12\/sao-luis_1754354487905.jpg 1280w\" sizes=\"auto, (max-width: 1024px) 100vw, 1024px\" \/><figcaption class=\"wp-element-caption\">S\u00e3o Lu\u00eds \u00e9 um ambiente onde o mar, a cultura e a tradi\u00e7\u00e3o se combinam de forma natural \/\/ Cr\u00e9ditos: depositphotos.com \/ xura<\/figcaption><\/figure><\/div>\n\n\n<h2 class=\"wp-block-heading\">Roteiro pelos casar\u00f5es hist\u00f3ricos e praias da capital<\/h2>\n\n\n\n<p>A localidade oferece uma experi\u00eancia que une a contempla\u00e7\u00e3o de casar\u00f5es seculares com a beleza natural de praias extensas e de ventos favor\u00e1veis aos esportes. Confira a lista abaixo com as paradas obrigat\u00f3rias para entender a ess\u00eancia da <strong>Ilha do Maranh\u00e3o<\/strong>:<\/p>\n\n\n\n<ul class=\"wp-block-list has-medium-font-size\">\n<li><strong>Pal\u00e1cio dos Le\u00f5es<\/strong>: Sede do governo estadual com arquitetura neocl\u00e1ssica e vista privilegiada para a <strong>Ba\u00eda de S\u00e3o Marcos<\/strong>.<\/li>\n\n\n\n<li><strong>Teatro Arthur Azevedo<\/strong>: O segundo teatro mais antigo do <strong>Brasil<\/strong> ainda em atividade, preservando a eleg\u00e2ncia e a ac\u00fastica originais.<\/li>\n\n\n\n<li><strong>Praia do Calhau<\/strong>: Orla moderna com excelente estrutura de quiosques, ideal para caminhadas ao entardecer no cal\u00e7ad\u00e3o.<\/li>\n\n\n\n<li><strong>Mercado das Merc\u00eas<\/strong>: Espa\u00e7o tradicional onde \u00e9 poss\u00edvel encontrar o famoso <strong>Arroz de Cux\u00e1<\/strong> e o guaran\u00e1 local.<\/li>\n\n\n\n<li><strong>Espig\u00e3o Costeiro<\/strong>: Ponto de encontro na <strong>Ponta d&#8217;Areia<\/strong>, famoso por oferecer o p\u00f4r do sol mais disputado da regi\u00e3o.<\/li>\n<\/ul>\n\n\n\n<p>Quem deseja caminhar por um dos maiores conjuntos arquitet\u00f4nicos da Am\u00e9rica Latina, vai curtir esse v\u00eddeo do canal <strong>Mala de Aventuras<\/strong>, onde a apresentadora mostra detalhadamente um roteiro de 2 dias por <strong>S\u00e3o Lu\u00eds<\/strong>, do <strong>Centro Hist\u00f3rico<\/strong> \u00e0s <strong>Fronhas Maranhenses<\/strong>:<\/p>\n\n\n\n<figure class=\"wp-block-embed is-type-video is-provider-youtube wp-block-embed-youtube wp-embed-aspect-16-9 wp-has-aspect-ratio\"><div class=\"wp-block-embed__wrapper\">\n<div class=\"jeg_video_container jeg_video_content\"><iframe loading=\"lazy\" title=\"S\u00c3O LU\u00cdS DO MARANH\u00c3O: o que fazer em 2 dias na capital maranhense (COM PRE\u00c7OS!)\" width=\"500\" height=\"281\" src=\"https:\/\/www.youtube.com\/embed\/ze2-kk9LC04?feature=oembed\" frameborder=\"0\" allow=\"accelerometer; autoplay; clipboard-write; encrypted-media; gyroscope; picture-in-picture; web-share\" referrerpolicy=\"strict-origin-when-cross-origin\" allowfullscreen><\/iframe><\/div>\n<\/div><\/figure>\n\n\n\n<p><strong>Leia tamb\u00e9m: <a href=\"https:\/\/www.em.com.br\/emfoco\/2026\/01\/20\/a-montanha-de-neve-a-5-horas-de-belo-horizonte-que-esta-encantando-todos-os-brasileiros\/\" target=\"_blank\" rel=\"noreferrer noopener\">A montanha de neve a 5 horas de Belo Horizonte que est\u00e1 encantando todos os brasileiros<\/a><\/strong><\/p>\n\n\n\n<h2 class=\"wp-block-heading\">Como as mar\u00e9s influenciam o tempo na regi\u00e3o?<\/h2>\n\n\n\n<p>Localizada a apenas quatro metros acima do n\u00edvel do mar, a metr\u00f3pole possui um clima tropical quente e \u00famido com duas esta\u00e7\u00f5es bem definidas. Veja na tabela a seguir o que esperar de cada per\u00edodo conforme os dados meteorol\u00f3gicos do <strong><a href=\"https:\/\/www.climatempo.com.br\/previsao-do-tempo\/cidade\/94\/saoluis-ma\" target=\"_blank\" rel=\"noreferrer noopener\">Climatempo<\/a><\/strong>:<\/p>\n\n\n\n<figure class=\"wp-block-table\"><table class=\"has-fixed-layout\"><thead><tr><th>Esta\u00e7\u00e3o\/Meses<\/th><th>Temperatura<\/th><th>O que esperar<\/th><\/tr><\/thead><tbody><tr><td>Chuvosa (Jan-Jun)<\/td><td>24\u00b0C a 30\u00b0C<\/td><td>Chuvas frequentes e intensas, conhecidas como o inverno local.<\/td><\/tr><tr><td>Seca (Jul-Dez)<\/td><td>26\u00b0C a 32\u00b0C<\/td><td>Sol constante, ventos fortes e ideal para a pr\u00e1tica de kitesurf.<\/td><\/tr><\/tbody><\/table><\/figure>\n\n\n\n<h2 class=\"wp-block-heading\">Raz\u00f5es para escolher S\u00e3o Lu\u00eds como moradia ou destino<\/h2>\n\n\n\n<p>Optar por residir ou explorar a capital maranhense \u00e9 mergulhar em uma cultura que n\u00e3o se repete no restante do territ\u00f3rio nacional. Observe abaixo os pontos que refor\u00e7am a identidade \u00fanica desta metr\u00f3pole nordestina:<\/p>\n\n\n\n<ul class=\"wp-block-list has-medium-font-size\">\n<li>Patrim\u00f4nio hist\u00f3rico mundialmente reconhecido com milhares de im\u00f3veis que narram a hist\u00f3ria da coloniza\u00e7\u00e3o.<\/li>\n\n\n\n<li>Gastronomia rica em sabores locais e temperos \u00fanicos que utilizam a abund\u00e2ncia dos frutos do mar.<\/li>\n\n\n\n<li>Calend\u00e1rio cultural diversificado que tem seu \u00e1pice nas festas de <strong>S\u00e3o Jo\u00e3o<\/strong> com os tradicionais grupos de boi.<\/li>\n<\/ul>\n\n\n\n<p>Voc\u00ea precisa conhecer as ladeiras de <strong>S\u00e3o Lu\u00eds<\/strong> e sentir a energia da ilha pessoalmente.<\/p>\n","protected":false},"excerpt":{"rendered":"<p>Conhecida como a Ilha do Amor, a cidade de S\u00e3o Lu\u00eds \u00e9 a \u00fanica capital brasileira fundada por franceses. O destino se destaca no cen\u00e1rio nacional por seu conjunto arquitet\u00f4nico colonial e pelas tradi\u00e7\u00f5es culturais \u00fanicas que resistem ao longo dos s\u00e9culos. Por que S\u00e3o Lu\u00eds possui a maior cole\u00e7\u00e3o de azulejos da Am\u00e9rica? S\u00e3o [&hellip;]<\/p>\n","protected":false},"author":6,"featured_media":144119,"comment_status":"open","ping_status":"open","sticky":false,"template":"","format":"standard","meta":{"jnews-multi-image_gallery":[],"jnews_single_post":{"format":"standard"},"jnews_primary_category":[],"jnews_social_meta":[],"jnews_override_counter":[],"footnotes":""},"categories":[26],"tags":[183,2230,1188],"class_list":["post-157534","post","type-post","status-publish","format-standard","has-post-thumbnail","hentry","category-cidades","tag-cidades","tag-maranhao","tag-sao-luis"],"yoast_head":"<!-- This site is optimized with the Yoast SEO plugin v23.8 - https:\/\/yoast.com\/wordpress\/plugins\/seo\/ -->\n<title>\u00danica capital brasileira fundada por franceses onde a qualidade de vida anda de m\u00e3os dadas com a tranquilidade - Estado de Minas - Em foco<\/title>\n<meta name=\"description\" content=\"Fundada por franceses, essa \u00e9 a \u00fanica capital brasileira onde qualidade de vida e tranquilidade se unem em um cen\u00e1rio urbano acolhedor.\" \/>\n<meta name=\"robots\" content=\"index, follow, max-snippet:-1, max-image-preview:large, max-video-preview:-1\" \/>\n<link rel=\"canonical\" href=\"https:\/\/www.em.com.br\/emfoco\/2026\/01\/21\/unica-capital-brasileira-fundada-por-franceses-onde-a-qualidade-de-vida-anda-de-maos-dadas-com-a-tranquilidade\/\" \/>\n<meta property=\"og:locale\" content=\"pt_BR\" \/>\n<meta property=\"og:type\" content=\"article\" \/>\n<meta property=\"og:title\" content=\"\u00danica capital brasileira fundada por franceses onde a qualidade de vida anda de m\u00e3os dadas com a tranquilidade - Estado de Minas - Em foco\" \/>\n<meta property=\"og:description\" content=\"Fundada por franceses, essa \u00e9 a \u00fanica capital brasileira onde qualidade de vida e tranquilidade se unem em um cen\u00e1rio urbano acolhedor.\" \/>\n<meta property=\"og:url\" content=\"https:\/\/www.em.com.br\/emfoco\/2026\/01\/21\/unica-capital-brasileira-fundada-por-franceses-onde-a-qualidade-de-vida-anda-de-maos-dadas-com-a-tranquilidade\/\" \/>\n<meta property=\"og:site_name\" content=\"Estado de Minas - Em foco\" \/>\n<meta property=\"article:published_time\" content=\"2026-01-21T22:55:00+00:00\" \/>\n<meta property=\"article:modified_time\" content=\"2026-01-20T21:02:29+00:00\" \/>\n<meta property=\"og:image\" content=\"https:\/\/www.em.com.br\/emfoco\/wp-content\/uploads\/2025\/12\/Sao-Luis-Maranhao_1741727861808.jpg\" \/>\n\t<meta property=\"og:image:width\" content=\"1280\" \/>\n\t<meta property=\"og:image:height\" content=\"720\" \/>\n\t<meta property=\"og:image:type\" content=\"image\/jpeg\" \/>\n<meta name=\"author\" content=\"Vitor Bruno\" \/>\n<meta name=\"twitter:card\" content=\"summary_large_image\" \/>\n<meta name=\"twitter:label1\" content=\"Escrito por\" \/>\n\t<meta name=\"twitter:data1\" content=\"Vitor Bruno\" \/>\n\t<meta name=\"twitter:label2\" content=\"Est. tempo de leitura\" \/>\n\t<meta name=\"twitter:data2\" content=\"6 minutos\" \/>\n<!-- \/ Yoast SEO plugin. -->","yoast_head_json":{"title":"\u00danica capital brasileira fundada por franceses onde a qualidade de vida anda de m\u00e3os dadas com a tranquilidade - Estado de Minas - Em foco","description":"Fundada por franceses, essa \u00e9 a \u00fanica capital brasileira onde qualidade de vida e tranquilidade se unem em um cen\u00e1rio urbano acolhedor.","robots":{"index":"index","follow":"follow","max-snippet":"max-snippet:-1","max-image-preview":"max-image-preview:large","max-video-preview":"max-video-preview:-1"},"canonical":"https:\/\/www.em.com.br\/emfoco\/2026\/01\/21\/unica-capital-brasileira-fundada-por-franceses-onde-a-qualidade-de-vida-anda-de-maos-dadas-com-a-tranquilidade\/","og_locale":"pt_BR","og_type":"article","og_title":"\u00danica capital brasileira fundada por franceses onde a qualidade de vida anda de m\u00e3os dadas com a tranquilidade - Estado de Minas - Em foco","og_description":"Fundada por franceses, essa \u00e9 a \u00fanica capital brasileira onde qualidade de vida e tranquilidade se unem em um cen\u00e1rio urbano acolhedor.","og_url":"https:\/\/www.em.com.br\/emfoco\/2026\/01\/21\/unica-capital-brasileira-fundada-por-franceses-onde-a-qualidade-de-vida-anda-de-maos-dadas-com-a-tranquilidade\/","og_site_name":"Estado de Minas - Em foco","article_published_time":"2026-01-21T22:55:00+00:00","article_modified_time":"2026-01-20T21:02:29+00:00","og_image":[{"width":1280,"height":720,"url":"https:\/\/www.em.com.br\/emfoco\/wp-content\/uploads\/2025\/12\/Sao-Luis-Maranhao_1741727861808.jpg","type":"image\/jpeg"}],"author":"Vitor Bruno","twitter_card":"summary_large_image","twitter_misc":{"Escrito por":"Vitor Bruno","Est. tempo de leitura":"6 minutos"},"schema":{"@context":"https:\/\/schema.org","@graph":[{"@type":"WebPage","@id":"https:\/\/www.em.com.br\/emfoco\/2026\/01\/21\/unica-capital-brasileira-fundada-por-franceses-onde-a-qualidade-de-vida-anda-de-maos-dadas-com-a-tranquilidade\/","url":"https:\/\/www.em.com.br\/emfoco\/2026\/01\/21\/unica-capital-brasileira-fundada-por-franceses-onde-a-qualidade-de-vida-anda-de-maos-dadas-com-a-tranquilidade\/","name":"\u00danica capital brasileira fundada por franceses onde a qualidade de vida anda de m\u00e3os dadas com a tranquilidade - Estado de Minas - Em foco","isPartOf":{"@id":"https:\/\/www.em.com.br\/emfoco\/#website"},"primaryImageOfPage":{"@id":"https:\/\/www.em.com.br\/emfoco\/2026\/01\/21\/unica-capital-brasileira-fundada-por-franceses-onde-a-qualidade-de-vida-anda-de-maos-dadas-com-a-tranquilidade\/#primaryimage"},"image":{"@id":"https:\/\/www.em.com.br\/emfoco\/2026\/01\/21\/unica-capital-brasileira-fundada-por-franceses-onde-a-qualidade-de-vida-anda-de-maos-dadas-com-a-tranquilidade\/#primaryimage"},"thumbnailUrl":"https:\/\/www.em.com.br\/emfoco\/wp-content\/uploads\/2025\/12\/Sao-Luis-Maranhao_1741727861808.jpg","datePublished":"2026-01-21T22:55:00+00:00","dateModified":"2026-01-20T21:02:29+00:00","author":{"@id":"https:\/\/www.em.com.br\/emfoco\/#\/schema\/person\/364ac1852fafd00f1be20f0b8b237569"},"description":"Fundada por franceses, essa \u00e9 a \u00fanica capital brasileira onde qualidade de vida e tranquilidade se unem em um cen\u00e1rio urbano acolhedor.","breadcrumb":{"@id":"https:\/\/www.em.com.br\/emfoco\/2026\/01\/21\/unica-capital-brasileira-fundada-por-franceses-onde-a-qualidade-de-vida-anda-de-maos-dadas-com-a-tranquilidade\/#breadcrumb"},"inLanguage":"pt-BR","potentialAction":[{"@type":"ReadAction","target":["https:\/\/www.em.com.br\/emfoco\/2026\/01\/21\/unica-capital-brasileira-fundada-por-franceses-onde-a-qualidade-de-vida-anda-de-maos-dadas-com-a-tranquilidade\/"]}]},{"@type":"ImageObject","inLanguage":"pt-BR","@id":"https:\/\/www.em.com.br\/emfoco\/2026\/01\/21\/unica-capital-brasileira-fundada-por-franceses-onde-a-qualidade-de-vida-anda-de-maos-dadas-com-a-tranquilidade\/#primaryimage","url":"https:\/\/www.em.com.br\/emfoco\/wp-content\/uploads\/2025\/12\/Sao-Luis-Maranhao_1741727861808.jpg","contentUrl":"https:\/\/www.em.com.br\/emfoco\/wp-content\/uploads\/2025\/12\/Sao-Luis-Maranhao_1741727861808.jpg","width":1280,"height":720,"caption":"S\u00e3o Lu\u00eds, no Maranh\u00e3o, une cultura, qualidade de vida e paisagens incr\u00edveis \/\/ Cr\u00e9ditos: depositphotos.com \/ Fotoember"},{"@type":"BreadcrumbList","@id":"https:\/\/www.em.com.br\/emfoco\/2026\/01\/21\/unica-capital-brasileira-fundada-por-franceses-onde-a-qualidade-de-vida-anda-de-maos-dadas-com-a-tranquilidade\/#breadcrumb","itemListElement":[{"@type":"ListItem","position":1,"name":"In\u00edcio","item":"https:\/\/www.em.com.br\/emfoco\/"},{"@type":"ListItem","position":2,"name":"\u00danica capital brasileira fundada por franceses onde a qualidade de vida anda de m\u00e3os dadas com a tranquilidade"}]},{"@type":"WebSite","@id":"https:\/\/www.em.com.br\/emfoco\/#website","url":"https:\/\/www.em.com.br\/emfoco\/","name":"Estado de Minas - Em foco","description":"Acompanhe as \u00faltimas not\u00edcias e fique bem informado sobre tudo o que acontece em Minas Gerais, Brasil e no mundo.","potentialAction":[{"@type":"SearchAction","target":{"@type":"EntryPoint","urlTemplate":"https:\/\/www.em.com.br\/emfoco\/?s={search_term_string}"},"query-input":{"@type":"PropertyValueSpecification","valueRequired":true,"valueName":"search_term_string"}}],"inLanguage":"pt-BR"},{"@type":"Person","@id":"https:\/\/www.em.com.br\/emfoco\/#\/schema\/person\/364ac1852fafd00f1be20f0b8b237569","name":"Vitor Bruno","image":{"@type":"ImageObject","inLanguage":"pt-BR","@id":"https:\/\/www.em.com.br\/emfoco\/#\/schema\/person\/image\/","url":"https:\/\/secure.gravatar.com\/avatar\/b719e5cdede09f942064960883b5524d?s=96&d=mm&r=g","contentUrl":"https:\/\/secure.gravatar.com\/avatar\/b719e5cdede09f942064960883b5524d?s=96&d=mm&r=g","caption":"Vitor Bruno"},"sameAs":["https:\/\/www.em.com.br\/emfoco\/"],"url":"https:\/\/www.em.com.br\/emfoco\/author\/vitormyth\/"}]}},"_links":{"self":[{"href":"https:\/\/www.em.com.br\/emfoco\/wp-json\/wp\/v2\/posts\/157534","targetHints":{"allow":["GET"]}}],"collection":[{"href":"https:\/\/www.em.com.br\/emfoco\/wp-json\/wp\/v2\/posts"}],"about":[{"href":"https:\/\/www.em.com.br\/emfoco\/wp-json\/wp\/v2\/types\/post"}],"author":[{"embeddable":true,"href":"https:\/\/www.em.com.br\/emfoco\/wp-json\/wp\/v2\/users\/6"}],"replies":[{"embeddable":true,"href":"https:\/\/www.em.com.br\/emfoco\/wp-json\/wp\/v2\/comments?post=157534"}],"version-history":[{"count":6,"href":"https:\/\/www.em.com.br\/emfoco\/wp-json\/wp\/v2\/posts\/157534\/revisions"}],"predecessor-version":[{"id":157806,"href":"https:\/\/www.em.com.br\/emfoco\/wp-json\/wp\/v2\/posts\/157534\/revisions\/157806"}],"wp:featuredmedia":[{"embeddable":true,"href":"https:\/\/www.em.com.br\/emfoco\/wp-json\/wp\/v2\/media\/144119"}],"wp:attachment":[{"href":"https:\/\/www.em.com.br\/emfoco\/wp-json\/wp\/v2\/media?parent=157534"}],"wp:term":[{"taxonomy":"category","embeddable":true,"href":"https:\/\/www.em.com.br\/emfoco\/wp-json\/wp\/v2\/categories?post=157534"},{"taxonomy":"post_tag","embeddable":true,"href":"https:\/\/www.em.com.br\/emfoco\/wp-json\/wp\/v2\/tags?post=157534"}],"curies":[{"name":"wp","href":"https:\/\/api.w.org\/{rel}","templated":true}]}}