{"id":157512,"date":"2026-01-21T17:45:00","date_gmt":"2026-01-21T20:45:00","guid":{"rendered":"https:\/\/www.em.com.br\/emfoco\/?p=157512"},"modified":"2026-01-20T19:12:20","modified_gmt":"2026-01-20T22:12:20","slug":"nova-alteracao-nas-regras-de-acesso-a-garagem-das-residencias-afeta-os-motoristas","status":"publish","type":"post","link":"https:\/\/www.em.com.br\/emfoco\/2026\/01\/21\/nova-alteracao-nas-regras-de-acesso-a-garagem-das-residencias-afeta-os-motoristas\/","title":{"rendered":"Nova altera\u00e7\u00e3o nas regras de acesso \u00e0 garagem das resid\u00eancias afeta os motoristas"},"content":{"rendered":"\n<p>Motoristas brit\u00e2nicos agora contam com regras mais simples para instalar carregadores em garagens e entradas de ve\u00edculos, o que reduz burocracia, corta custos e torna o carro el\u00e9trico uma op\u00e7\u00e3o bem mais vi\u00e1vel no dia a dia. A medida, em vigor desde o ano passado, integra a estrat\u00e9gia do governo para ampliar rapidamente a infraestrutura de recarga, acelerar a transi\u00e7\u00e3o para ve\u00edculos menos poluentes e servir de refer\u00eancia para outros pa\u00edses que ainda enfrentam um cen\u00e1rio regulat\u00f3rio fragmentado.<\/p>\n\n\n\n<h2 class=\"wp-block-heading\">O que mudou na regra da garagem para carro el\u00e9trico no Reino Unido<\/h2>\n\n\n\n<p>A chamada \u201cnova regra da garagem\u201d permite que, em resid\u00eancias unifamiliares, a instala\u00e7\u00e3o de um \u00fanico carregador do tipo\u00a0<em><a href=\"https:\/\/www.youtube.com\/watch?v=sn-CTKWg3EE\" target=\"_blank\" rel=\"noreferrer noopener\">wallbox<\/a><\/em>\u00a0ou pedestal seja feita sem o tradicional pedido de permiss\u00e3o de obras, desde que alguns crit\u00e9rios sejam respeitados. O ponto de recarga precisa ter volume m\u00e1ximo de 0,2 metro c\u00fabico e manter dist\u00e2ncia m\u00ednima de dois metros em rela\u00e7\u00e3o \u00e0 via p\u00fablica, evitando avan\u00e7o sobre cal\u00e7adas e preju\u00edzos \u00e0 circula\u00e7\u00e3o.<\/p>\n\n\n\n<p>Antes da revis\u00e3o das normas, propriet\u00e1rios enfrentavam processos de planejamento urbano demorados, caros e burocr\u00e1ticos. Agora, em grande parte das situa\u00e7\u00f5es, o procedimento foi simplificado, tornando a instala\u00e7\u00e3o de carregadores dom\u00e9sticos mais acess\u00edvel e financeiramente atraente para quem decide migrar de modelos a gasolina e diesel, sem comprometer requisitos m\u00ednimos de seguran\u00e7a.<\/p>\n\n\n\n<figure class=\"wp-block-image size-large\"><img loading=\"lazy\" decoding=\"async\" width=\"1024\" height=\"576\" src=\"https:\/\/www.em.com.br\/emfoco\/wp-content\/uploads\/2026\/01\/Gemini_Generated_Image_jk7kofjk7kofjk7k-1-1024x576.png\" alt=\"O detalhe na lei que mudou a recarga de carros el\u00e9tricos\" class=\"wp-image-157542\" srcset=\"https:\/\/www.em.com.br\/emfoco\/wp-content\/uploads\/2026\/01\/Gemini_Generated_Image_jk7kofjk7kofjk7k-1-1024x576.png 1024w, https:\/\/www.em.com.br\/emfoco\/wp-content\/uploads\/2026\/01\/Gemini_Generated_Image_jk7kofjk7kofjk7k-1-300x169.png 300w, https:\/\/www.em.com.br\/emfoco\/wp-content\/uploads\/2026\/01\/Gemini_Generated_Image_jk7kofjk7kofjk7k-1-768x432.png 768w, https:\/\/www.em.com.br\/emfoco\/wp-content\/uploads\/2026\/01\/Gemini_Generated_Image_jk7kofjk7kofjk7k-1-750x422.png 750w, https:\/\/www.em.com.br\/emfoco\/wp-content\/uploads\/2026\/01\/Gemini_Generated_Image_jk7kofjk7kofjk7k-1-1140x641.png 1140w, https:\/\/www.em.com.br\/emfoco\/wp-content\/uploads\/2026\/01\/Gemini_Generated_Image_jk7kofjk7kofjk7k-1.png 1280w\" sizes=\"auto, (max-width: 1024px) 100vw, 1024px\" \/><figcaption class=\"wp-element-caption\">O detalhe na lei que mudou a recarga de carros el\u00e9tricos<\/figcaption><\/figure>\n\n\n\n<h2 class=\"wp-block-heading\">Como funciona a recarga dom\u00e9stica de ve\u00edculos el\u00e9tricos no Brasil em 2026<\/h2>\n\n\n\n<p>No <strong>Brasil<\/strong>, em 2026 ainda n\u00e3o existe uma \u201cnova regra da garagem\u201d nacional, autom\u00e1tica e simplificada como a do Reino Unido. O cen\u00e1rio \u00e9 fragmentado, combinando normas t\u00e9cnicas da <strong>ABNT<\/strong>, regula\u00e7\u00e3o da <strong><a href=\"https:\/\/www.em.com.br\/emfoco\/2025\/11\/04\/aneel-anuncia-que-conta-de-luz-vai-ficar-mais-cara-em-novembro-para-os-consumidores\/\" target=\"_blank\" rel=\"noreferrer noopener\">Aneel <\/a><\/strong>e leis estaduais ou municipais que tratam da recarga de ve\u00edculos el\u00e9tricos caso a caso, com avan\u00e7os pontuais em grandes centros urbanos.<\/p>\n\n\n\n<p>A <strong>Resolu\u00e7\u00e3o Normativa Aneel 819\/2018<\/strong> enquadra a atividade de recarga e exige comunica\u00e7\u00e3o \u00e0 distribuidora quando a instala\u00e7\u00e3o implicar novo ponto de fornecimento, aumento significativo de carga ou altera\u00e7\u00e3o de tens\u00e3o. A instala\u00e7\u00e3o f\u00edsica deve seguir normas da ABNT, como a NBR 5410, a NBR 17141 e a NBR 17019, al\u00e9m das orienta\u00e7\u00f5es da distribuidora e, em muitos casos, projeto assinado por profissional habilitado, especialmente em sistemas de maior pot\u00eancia.<\/p>\n\n\n\n<h2 class=\"wp-block-heading\">Quais s\u00e3o os desafios e direitos em resid\u00eancias e condom\u00ednios no Brasil<\/h2>\n\n\n\n<p>Em resid\u00eancias unifamiliares e garagens privativas, a l\u00f3gica predominante \u00e9 exigir projeto el\u00e9trico com ART ou RRT, respeito \u00e0s normas da ABNT e \u00e0s regras da distribuidora local. N\u00e3o h\u00e1, por\u00e9m, uma dispensa expressa e nacional de licen\u00e7as urban\u00edsticas an\u00e1loga \u00e0 regra brit\u00e2nica, e cada munic\u00edpio pode definir se adapta\u00e7\u00f5es exigem alvar\u00e1, comunica\u00e7\u00e3o pr\u00e9via ou apenas responsabilidade t\u00e9cnica do projetista.<\/p>\n\n\n\n<p>Nos condom\u00ednios, o tema \u00e9 tratado como um \u201cdireito de instalar\u201d em constru\u00e7\u00e3o. O <strong>Projeto de Lei 158\/25<\/strong> assegura ao cond\u00f4mino o direito de instalar infraestrutura individual na pr\u00f3pria vaga, e em S\u00e3o Paulo a <strong>Lei 425\/2025 <\/strong>j\u00e1 garante esse direito com incentivos fiscais e linhas de cr\u00e9dito, exigindo que eventuais negativas sejam fundamentadas em laudo t\u00e9cnico que comprove risco ou inviabilidade real.<\/p>\n\n\n\n<h2 class=\"wp-block-heading\">Quais s\u00e3o as principais exig\u00eancias de seguran\u00e7a e as vantagens da nova regra<\/h2>\n\n\n\n<p>A partir de fevereiro de 2026 entra em vigor a diretriz nacional SAVE, que cria requisitos m\u00ednimos obrigat\u00f3rios de seguran\u00e7a para pr\u00e9dios residenciais, comerciais e garagens p\u00fablicas com pontos de recarga. A norma pro\u00edbe o uso de tomadas comuns para recarga cont\u00ednua, exige carregadores modo 3 ou 4 certificados, ventila\u00e7\u00e3o adequada, prote\u00e7\u00e3o contra surtos, sistemas de detec\u00e7\u00e3o e combate a inc\u00eandio dimensionados para ve\u00edculos el\u00e9tricos e manuten\u00e7\u00e3o peri\u00f3dica qualificada.<\/p>\n\n\n\n<figure class=\"wp-block-image size-large\"><img loading=\"lazy\" decoding=\"async\" width=\"1024\" height=\"576\" src=\"https:\/\/www.em.com.br\/emfoco\/wp-content\/uploads\/2026\/01\/Gemini_Generated_Image_xvceuhxvceuhxvce-1-1024x576.png\" alt=\"O detalhe na lei que mudou a recarga de carros el\u00e9tricos\" class=\"wp-image-157543\" srcset=\"https:\/\/www.em.com.br\/emfoco\/wp-content\/uploads\/2026\/01\/Gemini_Generated_Image_xvceuhxvceuhxvce-1-1024x576.png 1024w, https:\/\/www.em.com.br\/emfoco\/wp-content\/uploads\/2026\/01\/Gemini_Generated_Image_xvceuhxvceuhxvce-1-300x169.png 300w, https:\/\/www.em.com.br\/emfoco\/wp-content\/uploads\/2026\/01\/Gemini_Generated_Image_xvceuhxvceuhxvce-1-768x432.png 768w, https:\/\/www.em.com.br\/emfoco\/wp-content\/uploads\/2026\/01\/Gemini_Generated_Image_xvceuhxvceuhxvce-1-750x422.png 750w, https:\/\/www.em.com.br\/emfoco\/wp-content\/uploads\/2026\/01\/Gemini_Generated_Image_xvceuhxvceuhxvce-1-1140x641.png 1140w, https:\/\/www.em.com.br\/emfoco\/wp-content\/uploads\/2026\/01\/Gemini_Generated_Image_xvceuhxvceuhxvce-1.png 1280w\" sizes=\"auto, (max-width: 1024px) 100vw, 1024px\" \/><figcaption class=\"wp-element-caption\">O detalhe na lei que mudou a recarga de carros el\u00e9tricos<\/figcaption><\/figure>\n\n\n\n<p>No Reino Unido, a flexibiliza\u00e7\u00e3o regulat\u00f3ria vem acompanhada de benef\u00edcios concretos para motoristas, empresas e poder p\u00fablico. Entre os efeitos pr\u00e1ticos mais citados pelos especialistas, destacam-se ganhos de economia, conforto e al\u00edvio sobre a infraestrutura de recarga p\u00fablica, especialmente em grandes centros e corredores rodovi\u00e1rios.<\/p>\n\n\n\n<ul class=\"wp-block-list\">\n<li><strong>Redu\u00e7\u00e3o de custos recorrentes<\/strong>: carregar em casa tende a ser bem mais barato que depender apenas de carregadores p\u00fablicos r\u00e1pidos.<\/li>\n\n\n\n<li><strong>Comodidade no dia a dia<\/strong>: o carro recarrega \u00e0 noite, enquanto permanece estacionado, sem deslocamentos extras.<\/li>\n\n\n\n<li><strong>Menor press\u00e3o sobre a rede p\u00fablica<\/strong>: mais carregadores residenciais significam menos sobrecarga em postos r\u00e1pidos em rodovias e centros urbanos.<\/li>\n\n\n\n<li><strong>Agilidade na instala\u00e7\u00e3o<\/strong>: sem o processo completo de planejamento, eletricistas concluem o servi\u00e7o em prazos menores e com menos taxas.<\/li>\n<\/ul>\n\n\n\n<h2 class=\"wp-block-heading\">Como a regra da garagem impulsiona a ado\u00e7\u00e3o de carros el\u00e9tricos e o que fazer agora<\/h2>\n\n\n\n<p>O afrouxamento das exig\u00eancias para instala\u00e7\u00e3o de carregadores dom\u00e9sticos chega em um momento de expans\u00e3o da frota el\u00e9trica no Reino Unido, que j\u00e1 soma cerca de 1,75 milh\u00e3o de ve\u00edculos totalmente el\u00e9tricos. Poder instalar um carregador em casa de forma simples e segura \u00e9 um divisor de \u00e1guas para quem depende de autonomia previs\u00edvel, refor\u00e7a a rede p\u00fablica e apoia metas ambientais de longo prazo.<\/p>\n\n\n\n<p>Se voc\u00ea tem garagem pr\u00f3pria ou possibilidade de adapta\u00e7\u00e3o, o momento de avaliar a instala\u00e7\u00e3o de um carregador \u00e9 agora, enquanto as regras est\u00e3o favor\u00e1veis e a infraestrutura ainda est\u00e1 em expans\u00e3o. N\u00e3o espere a demanda explodir e os custos subirem: consulte as normas locais, busque orienta\u00e7\u00e3o t\u00e9cnica qualificada e d\u00ea hoje mesmo o pr\u00f3ximo passo rumo \u00e0 mobilidade el\u00e9trica para n\u00e3o ficar parado enquanto o mercado avan\u00e7a.<\/p>\n","protected":false},"excerpt":{"rendered":"<p>Motoristas brit\u00e2nicos agora contam com regras mais simples para instalar carregadores em garagens e entradas de ve\u00edculos, o que reduz burocracia, corta custos e torna o carro el\u00e9trico uma op\u00e7\u00e3o bem mais vi\u00e1vel no dia a dia. A medida, em vigor desde o ano passado, integra a estrat\u00e9gia do governo para ampliar rapidamente a infraestrutura [&hellip;]<\/p>\n","protected":false},"author":11,"featured_media":157544,"comment_status":"open","ping_status":"open","sticky":false,"template":"","format":"standard","meta":{"jnews-multi-image_gallery":[],"jnews_single_post":{"format":"standard"},"jnews_primary_category":[],"jnews_social_meta":[],"jnews_override_counter":[],"footnotes":""},"categories":[28,1],"tags":[23034,1116,1159,2712],"class_list":["post-157512","post","type-post","status-publish","format-standard","has-post-thumbnail","hentry","category-economia","category-noticias","tag-carregador-de-carro","tag-carros","tag-carros-eletricos","tag-garagem"],"yoast_head":"<!-- This site is optimized with the Yoast SEO plugin v23.8 - https:\/\/yoast.com\/wordpress\/plugins\/seo\/ -->\n<title>Nova altera\u00e7\u00e3o nas regras de acesso \u00e0 garagem das resid\u00eancias afeta os motoristas - Estado de Minas - Em foco<\/title>\n<meta name=\"description\" content=\"Nova regra da garagem reduz burocracia e custo para recarga dom\u00e9stica de carros el\u00e9tricos no Reino Unido. Entenda os impactos pr\u00e1ticos.\" \/>\n<meta name=\"robots\" content=\"index, follow, max-snippet:-1, max-image-preview:large, max-video-preview:-1\" \/>\n<link rel=\"canonical\" href=\"https:\/\/www.em.com.br\/emfoco\/2026\/01\/21\/nova-alteracao-nas-regras-de-acesso-a-garagem-das-residencias-afeta-os-motoristas\/\" \/>\n<meta property=\"og:locale\" content=\"pt_BR\" \/>\n<meta property=\"og:type\" content=\"article\" \/>\n<meta property=\"og:title\" content=\"Nova altera\u00e7\u00e3o nas regras de acesso \u00e0 garagem das resid\u00eancias afeta os motoristas - Estado de Minas - Em foco\" \/>\n<meta property=\"og:description\" content=\"Nova regra da garagem reduz burocracia e custo para recarga dom\u00e9stica de carros el\u00e9tricos no Reino Unido. Entenda os impactos pr\u00e1ticos.\" \/>\n<meta property=\"og:url\" content=\"https:\/\/www.em.com.br\/emfoco\/2026\/01\/21\/nova-alteracao-nas-regras-de-acesso-a-garagem-das-residencias-afeta-os-motoristas\/\" \/>\n<meta property=\"og:site_name\" content=\"Estado de Minas - Em foco\" \/>\n<meta property=\"article:published_time\" content=\"2026-01-21T20:45:00+00:00\" \/>\n<meta property=\"article:modified_time\" content=\"2026-01-20T22:12:20+00:00\" \/>\n<meta property=\"og:image\" content=\"https:\/\/www.em.com.br\/emfoco\/wp-content\/uploads\/2026\/01\/Gemini_Generated_Image_e2vio2e2vio2e2vi-1.png\" \/>\n\t<meta property=\"og:image:width\" content=\"1280\" \/>\n\t<meta property=\"og:image:height\" content=\"720\" \/>\n\t<meta property=\"og:image:type\" content=\"image\/png\" \/>\n<meta name=\"author\" content=\"Andre\u0301 Rangel\u00a0\" \/>\n<meta name=\"twitter:card\" content=\"summary_large_image\" \/>\n<meta name=\"twitter:label1\" content=\"Escrito por\" \/>\n\t<meta name=\"twitter:data1\" content=\"Andre\u0301 Rangel\u00a0\" \/>\n\t<meta name=\"twitter:label2\" content=\"Est. tempo de leitura\" \/>\n\t<meta name=\"twitter:data2\" content=\"6 minutos\" \/>\n<!-- \/ Yoast SEO plugin. -->","yoast_head_json":{"title":"Nova altera\u00e7\u00e3o nas regras de acesso \u00e0 garagem das resid\u00eancias afeta os motoristas - Estado de Minas - Em foco","description":"Nova regra da garagem reduz burocracia e custo para recarga dom\u00e9stica de carros el\u00e9tricos no Reino Unido. Entenda os impactos pr\u00e1ticos.","robots":{"index":"index","follow":"follow","max-snippet":"max-snippet:-1","max-image-preview":"max-image-preview:large","max-video-preview":"max-video-preview:-1"},"canonical":"https:\/\/www.em.com.br\/emfoco\/2026\/01\/21\/nova-alteracao-nas-regras-de-acesso-a-garagem-das-residencias-afeta-os-motoristas\/","og_locale":"pt_BR","og_type":"article","og_title":"Nova altera\u00e7\u00e3o nas regras de acesso \u00e0 garagem das resid\u00eancias afeta os motoristas - Estado de Minas - Em foco","og_description":"Nova regra da garagem reduz burocracia e custo para recarga dom\u00e9stica de carros el\u00e9tricos no Reino Unido. Entenda os impactos pr\u00e1ticos.","og_url":"https:\/\/www.em.com.br\/emfoco\/2026\/01\/21\/nova-alteracao-nas-regras-de-acesso-a-garagem-das-residencias-afeta-os-motoristas\/","og_site_name":"Estado de Minas - Em foco","article_published_time":"2026-01-21T20:45:00+00:00","article_modified_time":"2026-01-20T22:12:20+00:00","og_image":[{"width":1280,"height":720,"url":"https:\/\/www.em.com.br\/emfoco\/wp-content\/uploads\/2026\/01\/Gemini_Generated_Image_e2vio2e2vio2e2vi-1.png","type":"image\/png"}],"author":"Andre\u0301 Rangel\u00a0","twitter_card":"summary_large_image","twitter_misc":{"Escrito por":"Andre\u0301 Rangel\u00a0","Est. tempo de leitura":"6 minutos"},"schema":{"@context":"https:\/\/schema.org","@graph":[{"@type":"WebPage","@id":"https:\/\/www.em.com.br\/emfoco\/2026\/01\/21\/nova-alteracao-nas-regras-de-acesso-a-garagem-das-residencias-afeta-os-motoristas\/","url":"https:\/\/www.em.com.br\/emfoco\/2026\/01\/21\/nova-alteracao-nas-regras-de-acesso-a-garagem-das-residencias-afeta-os-motoristas\/","name":"Nova altera\u00e7\u00e3o nas regras de acesso \u00e0 garagem das resid\u00eancias afeta os motoristas - Estado de Minas - Em foco","isPartOf":{"@id":"https:\/\/www.em.com.br\/emfoco\/#website"},"primaryImageOfPage":{"@id":"https:\/\/www.em.com.br\/emfoco\/2026\/01\/21\/nova-alteracao-nas-regras-de-acesso-a-garagem-das-residencias-afeta-os-motoristas\/#primaryimage"},"image":{"@id":"https:\/\/www.em.com.br\/emfoco\/2026\/01\/21\/nova-alteracao-nas-regras-de-acesso-a-garagem-das-residencias-afeta-os-motoristas\/#primaryimage"},"thumbnailUrl":"https:\/\/www.em.com.br\/emfoco\/wp-content\/uploads\/2026\/01\/Gemini_Generated_Image_e2vio2e2vio2e2vi-1.png","datePublished":"2026-01-21T20:45:00+00:00","dateModified":"2026-01-20T22:12:20+00:00","author":{"@id":"https:\/\/www.em.com.br\/emfoco\/#\/schema\/person\/60eda09c1fedf0d6891f4cef4b60b8b8"},"description":"Nova regra da garagem reduz burocracia e custo para recarga dom\u00e9stica de carros el\u00e9tricos no Reino Unido. Entenda os impactos pr\u00e1ticos.","breadcrumb":{"@id":"https:\/\/www.em.com.br\/emfoco\/2026\/01\/21\/nova-alteracao-nas-regras-de-acesso-a-garagem-das-residencias-afeta-os-motoristas\/#breadcrumb"},"inLanguage":"pt-BR","potentialAction":[{"@type":"ReadAction","target":["https:\/\/www.em.com.br\/emfoco\/2026\/01\/21\/nova-alteracao-nas-regras-de-acesso-a-garagem-das-residencias-afeta-os-motoristas\/"]}]},{"@type":"ImageObject","inLanguage":"pt-BR","@id":"https:\/\/www.em.com.br\/emfoco\/2026\/01\/21\/nova-alteracao-nas-regras-de-acesso-a-garagem-das-residencias-afeta-os-motoristas\/#primaryimage","url":"https:\/\/www.em.com.br\/emfoco\/wp-content\/uploads\/2026\/01\/Gemini_Generated_Image_e2vio2e2vio2e2vi-1.png","contentUrl":"https:\/\/www.em.com.br\/emfoco\/wp-content\/uploads\/2026\/01\/Gemini_Generated_Image_e2vio2e2vio2e2vi-1.png","width":1280,"height":720,"caption":"O detalhe na lei que mudou a recarga de carros el\u00e9tricos"},{"@type":"BreadcrumbList","@id":"https:\/\/www.em.com.br\/emfoco\/2026\/01\/21\/nova-alteracao-nas-regras-de-acesso-a-garagem-das-residencias-afeta-os-motoristas\/#breadcrumb","itemListElement":[{"@type":"ListItem","position":1,"name":"In\u00edcio","item":"https:\/\/www.em.com.br\/emfoco\/"},{"@type":"ListItem","position":2,"name":"Nova altera\u00e7\u00e3o nas regras de acesso \u00e0 garagem das resid\u00eancias afeta os motoristas"}]},{"@type":"WebSite","@id":"https:\/\/www.em.com.br\/emfoco\/#website","url":"https:\/\/www.em.com.br\/emfoco\/","name":"Estado de Minas - Em foco","description":"Acompanhe as \u00faltimas not\u00edcias e fique bem informado sobre tudo o que acontece em Minas Gerais, Brasil e no mundo.","potentialAction":[{"@type":"SearchAction","target":{"@type":"EntryPoint","urlTemplate":"https:\/\/www.em.com.br\/emfoco\/?s={search_term_string}"},"query-input":{"@type":"PropertyValueSpecification","valueRequired":true,"valueName":"search_term_string"}}],"inLanguage":"pt-BR"},{"@type":"Person","@id":"https:\/\/www.em.com.br\/emfoco\/#\/schema\/person\/60eda09c1fedf0d6891f4cef4b60b8b8","name":"Andre\u0301 Rangel\u00a0","image":{"@type":"ImageObject","inLanguage":"pt-BR","@id":"https:\/\/www.em.com.br\/emfoco\/#\/schema\/person\/image\/","url":"https:\/\/secure.gravatar.com\/avatar\/6234dc814c77c8ef6d8bba622c787efc?s=96&d=mm&r=g","contentUrl":"https:\/\/secure.gravatar.com\/avatar\/6234dc814c77c8ef6d8bba622c787efc?s=96&d=mm&r=g","caption":"Andre\u0301 Rangel\u00a0"},"url":"https:\/\/www.em.com.br\/emfoco\/author\/luizmyth\/"}]}},"_links":{"self":[{"href":"https:\/\/www.em.com.br\/emfoco\/wp-json\/wp\/v2\/posts\/157512","targetHints":{"allow":["GET"]}}],"collection":[{"href":"https:\/\/www.em.com.br\/emfoco\/wp-json\/wp\/v2\/posts"}],"about":[{"href":"https:\/\/www.em.com.br\/emfoco\/wp-json\/wp\/v2\/types\/post"}],"author":[{"embeddable":true,"href":"https:\/\/www.em.com.br\/emfoco\/wp-json\/wp\/v2\/users\/11"}],"replies":[{"embeddable":true,"href":"https:\/\/www.em.com.br\/emfoco\/wp-json\/wp\/v2\/comments?post=157512"}],"version-history":[{"count":3,"href":"https:\/\/www.em.com.br\/emfoco\/wp-json\/wp\/v2\/posts\/157512\/revisions"}],"predecessor-version":[{"id":157554,"href":"https:\/\/www.em.com.br\/emfoco\/wp-json\/wp\/v2\/posts\/157512\/revisions\/157554"}],"wp:featuredmedia":[{"embeddable":true,"href":"https:\/\/www.em.com.br\/emfoco\/wp-json\/wp\/v2\/media\/157544"}],"wp:attachment":[{"href":"https:\/\/www.em.com.br\/emfoco\/wp-json\/wp\/v2\/media?parent=157512"}],"wp:term":[{"taxonomy":"category","embeddable":true,"href":"https:\/\/www.em.com.br\/emfoco\/wp-json\/wp\/v2\/categories?post=157512"},{"taxonomy":"post_tag","embeddable":true,"href":"https:\/\/www.em.com.br\/emfoco\/wp-json\/wp\/v2\/tags?post=157512"}],"curies":[{"name":"wp","href":"https:\/\/api.w.org\/{rel}","templated":true}]}}