{"id":157510,"date":"2026-01-21T16:05:00","date_gmt":"2026-01-21T19:05:00","guid":{"rendered":"https:\/\/www.em.com.br\/emfoco\/?p=157510"},"modified":"2026-01-20T19:11:30","modified_gmt":"2026-01-20T22:11:30","slug":"cores-escolhidas-no-dia-a-dia-podem-sinalizar-baixa-autoestima-psicologia-destaca-tres-tons-mais-comuns","status":"publish","type":"post","link":"https:\/\/www.em.com.br\/emfoco\/2026\/01\/21\/cores-escolhidas-no-dia-a-dia-podem-sinalizar-baixa-autoestima-psicologia-destaca-tres-tons-mais-comuns\/","title":{"rendered":"Cores escolhidas no dia a dia podem sinalizar baixa autoestima: psicologia destaca tr\u00eas tons mais comuns"},"content":{"rendered":"\n<p>A psicologia das cores tem se tornado uma ferramenta cada vez mais usada para entender como, de forma sutil, expressamos o que sentimos e pensamos sobre n\u00f3s mesmos. Em vez de rotular pessoas, esse campo de estudo ajuda a observar tend\u00eancias de escolha de cores ligadas \u00e0 autoestima, especialmente em quem lida com inseguran\u00e7a, medo de exposi\u00e7\u00e3o ou necessidade intensa de prote\u00e7\u00e3o emocional.<\/p>\n\n\n\n<h2 class=\"wp-block-heading\">O que \u00e9 psicologia das cores aplicada \u00e0 autoestima<\/h2>\n\n\n\n<p>A <a href=\"https:\/\/www.em.com.br\/emfoco\/2025\/07\/07\/o-que-significa-usar-preto-com-frequencia-segundo-a-psicologia-das-cores\/\" target=\"_blank\" rel=\"noreferrer noopener\">psicologia das cores<\/a> analisa como diferentes tonalidades influenciam percep\u00e7\u00f5es, decis\u00f5es e estados emocionais no dia a dia. Quando o foco \u00e9 autoestima, o interesse est\u00e1 em como escolhemos cores para roupas, objetos pessoais e ambientes, e o que esses padr\u00f5es revelam sobre a forma como nos vemos.<\/p>\n\n\n\n<p>Nesse contexto, a express\u00e3o&nbsp;<strong>cores de baixa autoestima<\/strong>&nbsp;se refere, sobretudo, a tons que comunicam reserva, controle e distanciamento emocional. Cinza claro, marrom opaco e preto predominante surgem com frequ\u00eancia em pesquisas como op\u00e7\u00f5es de quem deseja reduzir a exposi\u00e7\u00e3o social e suavizar o impacto de sua presen\u00e7a.<\/p>\n\n\n\n<figure class=\"wp-block-image size-large\"><img loading=\"lazy\" decoding=\"async\" width=\"1024\" height=\"576\" src=\"https:\/\/www.em.com.br\/emfoco\/wp-content\/uploads\/2026\/01\/Gemini_Generated_Image_f1ypvqf1ypvqf1yp-1-1024x576.png\" alt=\"Essas cores podem indicar baixa autoestima sem voc\u00ea notar\" class=\"wp-image-157538\" srcset=\"https:\/\/www.em.com.br\/emfoco\/wp-content\/uploads\/2026\/01\/Gemini_Generated_Image_f1ypvqf1ypvqf1yp-1-1024x576.png 1024w, https:\/\/www.em.com.br\/emfoco\/wp-content\/uploads\/2026\/01\/Gemini_Generated_Image_f1ypvqf1ypvqf1yp-1-300x169.png 300w, https:\/\/www.em.com.br\/emfoco\/wp-content\/uploads\/2026\/01\/Gemini_Generated_Image_f1ypvqf1ypvqf1yp-1-768x432.png 768w, https:\/\/www.em.com.br\/emfoco\/wp-content\/uploads\/2026\/01\/Gemini_Generated_Image_f1ypvqf1ypvqf1yp-1-750x422.png 750w, https:\/\/www.em.com.br\/emfoco\/wp-content\/uploads\/2026\/01\/Gemini_Generated_Image_f1ypvqf1ypvqf1yp-1-1140x641.png 1140w, https:\/\/www.em.com.br\/emfoco\/wp-content\/uploads\/2026\/01\/Gemini_Generated_Image_f1ypvqf1ypvqf1yp-1.png 1280w\" sizes=\"auto, (max-width: 1024px) 100vw, 1024px\" \/><figcaption class=\"wp-element-caption\">Essas cores podem indicar baixa autoestima sem voc\u00ea notar<\/figcaption><\/figure>\n\n\n\n<h2 class=\"wp-block-heading\">Quais cores mais se relacionam com baixa autoestima<\/h2>\n\n\n\n<p>Estudos em psicologia social indicam tr\u00eas tonalidades frequentemente ligadas \u00e0 autopercep\u00e7\u00e3o fr\u00e1gil e \u00e0 necessidade de prote\u00e7\u00e3o interna. Essas\u00a0<strong>cores ligadas \u00e0 <a href=\"https:\/\/www.psicologasvilaolimpia.com.br\/blog\/complexo-de-inferioridade-e-autoestima\/\" target=\"_blank\" rel=\"noreferrer noopener\">baixa autoestima<\/a><\/strong>\u00a0n\u00e3o definem ningu\u00e9m, mas aparecem com const\u00e2ncia em relatos de pessoas que evitam se destacar ou se sentem inseguras em intera\u00e7\u00f5es sociais.<\/p>\n\n\n\n<p>Cada uma dessas cores se conecta a um tipo de postura emocional, funcionando como um c\u00f3digo silencioso que organiza a forma como a pessoa se apresenta ao mundo:<\/p>\n\n\n\n<ul class=\"wp-block-list\">\n<li><strong>Cinza claro:<\/strong>\u00a0associado a perfis que preferem passar despercebidos, reduzindo qualquer sinal de destaque visual.<\/li>\n\n\n\n<li><strong>Marrom opaco:<\/strong>\u00a0ligado \u00e0 busca por estabilidade, seguran\u00e7a e sensa\u00e7\u00e3o de \u201cp\u00e9 no ch\u00e3o\u201d em fases vulner\u00e1veis.<\/li>\n\n\n\n<li><strong>Preto total:<\/strong>\u00a0quando dominante, pode representar barreira emocional e tentativa de esconder fragilidades.<\/li>\n<\/ul>\n\n\n\n<h2 class=\"wp-block-heading\">Como cada cor reflete a rela\u00e7\u00e3o com a autoimagem<\/h2>\n\n\n\n<p>O cinza claro \u00e9 frequentemente associado \u00e0 ideia de neutralidade e apagamento de contornos pessoais. Em pessoas com baixa confian\u00e7a, essa cor pode expressar a tentativa de n\u00e3o chamar aten\u00e7\u00e3o, criando uma sensa\u00e7\u00e3o de invisibilidade social vista como prote\u00e7\u00e3o contra cr\u00edticas e olhares avaliativos.<\/p>\n\n\n\n<p>J\u00e1 o marrom opaco, ligado \u00e0 terra e \u00e0 solidez, costuma surgir em momentos de autocr\u00edtica intensa ou exaust\u00e3o emocional. O preto total, embora tamb\u00e9m simbolize poder e sofistica\u00e7\u00e3o, quando quase exclusivo no guarda-roupa tende a indicar uma barreira emocional r\u00edgida, usada para esconder vulnerabilidades e controlar o quanto da personalidade ser\u00e1 percebido.<\/p>\n\n\n\n<figure class=\"wp-block-image size-large\"><img loading=\"lazy\" decoding=\"async\" width=\"1024\" height=\"576\" src=\"https:\/\/www.em.com.br\/emfoco\/wp-content\/uploads\/2026\/01\/Gemini_Generated_Image_rk31tgrk31tgrk31-1-1024x576.png\" alt=\"Essas cores podem indicar baixa autoestima sem voc\u00ea notar\" class=\"wp-image-157541\" srcset=\"https:\/\/www.em.com.br\/emfoco\/wp-content\/uploads\/2026\/01\/Gemini_Generated_Image_rk31tgrk31tgrk31-1-1024x576.png 1024w, https:\/\/www.em.com.br\/emfoco\/wp-content\/uploads\/2026\/01\/Gemini_Generated_Image_rk31tgrk31tgrk31-1-300x169.png 300w, https:\/\/www.em.com.br\/emfoco\/wp-content\/uploads\/2026\/01\/Gemini_Generated_Image_rk31tgrk31tgrk31-1-768x432.png 768w, https:\/\/www.em.com.br\/emfoco\/wp-content\/uploads\/2026\/01\/Gemini_Generated_Image_rk31tgrk31tgrk31-1-750x422.png 750w, https:\/\/www.em.com.br\/emfoco\/wp-content\/uploads\/2026\/01\/Gemini_Generated_Image_rk31tgrk31tgrk31-1-1140x641.png 1140w, https:\/\/www.em.com.br\/emfoco\/wp-content\/uploads\/2026\/01\/Gemini_Generated_Image_rk31tgrk31tgrk31-1.png 1280w\" sizes=\"auto, (max-width: 1024px) 100vw, 1024px\" \/><figcaption class=\"wp-element-caption\">Essas cores podem indicar baixa autoestima sem voc\u00ea notar<\/figcaption><\/figure>\n\n\n\n<h2 class=\"wp-block-heading\">As cores conseguem definir a autoestima de algu\u00e9m<\/h2>\n\n\n\n<p>Especialistas refor\u00e7am que as cores n\u00e3o definem car\u00e1ter, personalidade nem valor pessoal; elas s\u00e3o pistas contextuais. A express\u00e3o \u201ccores de baixa autoestima\u201d aponta tend\u00eancias observadas, mas n\u00e3o substitui avalia\u00e7\u00e3o profissional e n\u00e3o explica sozinha a complexidade da autoimagem de uma pessoa.<\/p>\n\n\n\n<p>Por outro lado, notar um padr\u00e3o muito r\u00edgido de tons apagados ou sombrios pode ser um ponto de partida para reflex\u00e3o. Perceber se voc\u00ea est\u00e1 apenas seguindo um estilo ou se vem usando a cor como esconderijo emocional ajuda a abrir espa\u00e7o para mudan\u00e7as internas mais profundas, inclusive com apoio terap\u00eautico.<\/p>\n\n\n\n<h2 class=\"wp-block-heading\">Como usar a psicologia das cores para fortalecer a autoestima<\/h2>\n\n\n\n<p>Em vez de mudar todo o guarda-roupa de uma vez, o caminho mais saud\u00e1vel \u00e9 usar a psicologia das cores como ferramenta de autoconhecimento. Pequenas escolhas conscientes podem sinalizar, para voc\u00ea mesmo, abertura a novas experi\u00eancias, mais presen\u00e7a e menos medo de ser visto como realmente \u00e9.<\/p>\n\n\n\n<p>Observe com aten\u00e7\u00e3o o que suas escolhas podem estar dizendo e tome uma atitude agora, n\u00e3o depois. Se voc\u00ea sente que se esconde nas cores, comece hoje a experimentar novos tons, buscar ajuda profissional e construir uma rela\u00e7\u00e3o mais respeitosa com sua imagem. A forma como voc\u00ea se v\u00ea n\u00e3o precisa esperar mais um dia para mudar.<\/p>\n","protected":false},"excerpt":{"rendered":"<p>A psicologia das cores tem se tornado uma ferramenta cada vez mais usada para entender como, de forma sutil, expressamos o que sentimos e pensamos sobre n\u00f3s mesmos. Em vez de rotular pessoas, esse campo de estudo ajuda a observar tend\u00eancias de escolha de cores ligadas \u00e0 autoestima, especialmente em quem lida com inseguran\u00e7a, medo [&hellip;]<\/p>\n","protected":false},"author":11,"featured_media":157540,"comment_status":"open","ping_status":"open","sticky":false,"template":"","format":"standard","meta":{"jnews-multi-image_gallery":[],"jnews_single_post":{"format":"standard"},"jnews_primary_category":[],"jnews_social_meta":[],"jnews_override_counter":[],"footnotes":""},"categories":[8819,1],"tags":[4889,1110,5155,8879,3096],"class_list":["post-157510","post","type-post","status-publish","format-standard","has-post-thumbnail","hentry","category-curiosidades","category-noticias","tag-autoestima","tag-cores","tag-psicologia","tag-psicologia-das-cores","tag-tendencias"],"yoast_head":"<!-- This site is optimized with the Yoast SEO plugin v23.8 - https:\/\/yoast.com\/wordpress\/plugins\/seo\/ -->\n<title>Cores escolhidas no dia a dia podem sinalizar baixa autoestima: psicologia destaca tr\u00eas tons mais comuns - Estado de Minas - Em foco<\/title>\n<meta name=\"description\" content=\"As cores n\u00e3o rotulam, mas revelam tend\u00eancias emocionais. Veja como a psicologia das cores ajuda a entender a autoestima.\" \/>\n<meta name=\"robots\" content=\"index, follow, max-snippet:-1, max-image-preview:large, max-video-preview:-1\" \/>\n<link rel=\"canonical\" href=\"https:\/\/www.em.com.br\/emfoco\/2026\/01\/21\/cores-escolhidas-no-dia-a-dia-podem-sinalizar-baixa-autoestima-psicologia-destaca-tres-tons-mais-comuns\/\" \/>\n<meta property=\"og:locale\" content=\"pt_BR\" \/>\n<meta property=\"og:type\" content=\"article\" \/>\n<meta property=\"og:title\" content=\"Cores escolhidas no dia a dia podem sinalizar baixa autoestima: psicologia destaca tr\u00eas tons mais comuns - Estado de Minas - Em foco\" \/>\n<meta property=\"og:description\" content=\"As cores n\u00e3o rotulam, mas revelam tend\u00eancias emocionais. Veja como a psicologia das cores ajuda a entender a autoestima.\" \/>\n<meta property=\"og:url\" content=\"https:\/\/www.em.com.br\/emfoco\/2026\/01\/21\/cores-escolhidas-no-dia-a-dia-podem-sinalizar-baixa-autoestima-psicologia-destaca-tres-tons-mais-comuns\/\" \/>\n<meta property=\"og:site_name\" content=\"Estado de Minas - Em foco\" \/>\n<meta property=\"article:published_time\" content=\"2026-01-21T19:05:00+00:00\" \/>\n<meta property=\"article:modified_time\" content=\"2026-01-20T22:11:30+00:00\" \/>\n<meta property=\"og:image\" content=\"https:\/\/www.em.com.br\/emfoco\/wp-content\/uploads\/2026\/01\/Gemini_Generated_Image_n8yavrn8yavrn8ya-1.png\" \/>\n\t<meta property=\"og:image:width\" content=\"1280\" \/>\n\t<meta property=\"og:image:height\" content=\"720\" \/>\n\t<meta property=\"og:image:type\" content=\"image\/png\" \/>\n<meta name=\"author\" content=\"Andre\u0301 Rangel\u00a0\" \/>\n<meta name=\"twitter:card\" content=\"summary_large_image\" \/>\n<meta name=\"twitter:label1\" content=\"Escrito por\" \/>\n\t<meta name=\"twitter:data1\" content=\"Andre\u0301 Rangel\u00a0\" \/>\n\t<meta name=\"twitter:label2\" content=\"Est. tempo de leitura\" \/>\n\t<meta name=\"twitter:data2\" content=\"5 minutos\" \/>\n<!-- \/ Yoast SEO plugin. -->","yoast_head_json":{"title":"Cores escolhidas no dia a dia podem sinalizar baixa autoestima: psicologia destaca tr\u00eas tons mais comuns - Estado de Minas - Em foco","description":"As cores n\u00e3o rotulam, mas revelam tend\u00eancias emocionais. Veja como a psicologia das cores ajuda a entender a autoestima.","robots":{"index":"index","follow":"follow","max-snippet":"max-snippet:-1","max-image-preview":"max-image-preview:large","max-video-preview":"max-video-preview:-1"},"canonical":"https:\/\/www.em.com.br\/emfoco\/2026\/01\/21\/cores-escolhidas-no-dia-a-dia-podem-sinalizar-baixa-autoestima-psicologia-destaca-tres-tons-mais-comuns\/","og_locale":"pt_BR","og_type":"article","og_title":"Cores escolhidas no dia a dia podem sinalizar baixa autoestima: psicologia destaca tr\u00eas tons mais comuns - Estado de Minas - Em foco","og_description":"As cores n\u00e3o rotulam, mas revelam tend\u00eancias emocionais. Veja como a psicologia das cores ajuda a entender a autoestima.","og_url":"https:\/\/www.em.com.br\/emfoco\/2026\/01\/21\/cores-escolhidas-no-dia-a-dia-podem-sinalizar-baixa-autoestima-psicologia-destaca-tres-tons-mais-comuns\/","og_site_name":"Estado de Minas - Em foco","article_published_time":"2026-01-21T19:05:00+00:00","article_modified_time":"2026-01-20T22:11:30+00:00","og_image":[{"width":1280,"height":720,"url":"https:\/\/www.em.com.br\/emfoco\/wp-content\/uploads\/2026\/01\/Gemini_Generated_Image_n8yavrn8yavrn8ya-1.png","type":"image\/png"}],"author":"Andre\u0301 Rangel\u00a0","twitter_card":"summary_large_image","twitter_misc":{"Escrito por":"Andre\u0301 Rangel\u00a0","Est. tempo de leitura":"5 minutos"},"schema":{"@context":"https:\/\/schema.org","@graph":[{"@type":"WebPage","@id":"https:\/\/www.em.com.br\/emfoco\/2026\/01\/21\/cores-escolhidas-no-dia-a-dia-podem-sinalizar-baixa-autoestima-psicologia-destaca-tres-tons-mais-comuns\/","url":"https:\/\/www.em.com.br\/emfoco\/2026\/01\/21\/cores-escolhidas-no-dia-a-dia-podem-sinalizar-baixa-autoestima-psicologia-destaca-tres-tons-mais-comuns\/","name":"Cores escolhidas no dia a dia podem sinalizar baixa autoestima: psicologia destaca tr\u00eas tons mais comuns - Estado de Minas - Em foco","isPartOf":{"@id":"https:\/\/www.em.com.br\/emfoco\/#website"},"primaryImageOfPage":{"@id":"https:\/\/www.em.com.br\/emfoco\/2026\/01\/21\/cores-escolhidas-no-dia-a-dia-podem-sinalizar-baixa-autoestima-psicologia-destaca-tres-tons-mais-comuns\/#primaryimage"},"image":{"@id":"https:\/\/www.em.com.br\/emfoco\/2026\/01\/21\/cores-escolhidas-no-dia-a-dia-podem-sinalizar-baixa-autoestima-psicologia-destaca-tres-tons-mais-comuns\/#primaryimage"},"thumbnailUrl":"https:\/\/www.em.com.br\/emfoco\/wp-content\/uploads\/2026\/01\/Gemini_Generated_Image_n8yavrn8yavrn8ya-1.png","datePublished":"2026-01-21T19:05:00+00:00","dateModified":"2026-01-20T22:11:30+00:00","author":{"@id":"https:\/\/www.em.com.br\/emfoco\/#\/schema\/person\/60eda09c1fedf0d6891f4cef4b60b8b8"},"description":"As cores n\u00e3o rotulam, mas revelam tend\u00eancias emocionais. Veja como a psicologia das cores ajuda a entender a autoestima.","breadcrumb":{"@id":"https:\/\/www.em.com.br\/emfoco\/2026\/01\/21\/cores-escolhidas-no-dia-a-dia-podem-sinalizar-baixa-autoestima-psicologia-destaca-tres-tons-mais-comuns\/#breadcrumb"},"inLanguage":"pt-BR","potentialAction":[{"@type":"ReadAction","target":["https:\/\/www.em.com.br\/emfoco\/2026\/01\/21\/cores-escolhidas-no-dia-a-dia-podem-sinalizar-baixa-autoestima-psicologia-destaca-tres-tons-mais-comuns\/"]}]},{"@type":"ImageObject","inLanguage":"pt-BR","@id":"https:\/\/www.em.com.br\/emfoco\/2026\/01\/21\/cores-escolhidas-no-dia-a-dia-podem-sinalizar-baixa-autoestima-psicologia-destaca-tres-tons-mais-comuns\/#primaryimage","url":"https:\/\/www.em.com.br\/emfoco\/wp-content\/uploads\/2026\/01\/Gemini_Generated_Image_n8yavrn8yavrn8ya-1.png","contentUrl":"https:\/\/www.em.com.br\/emfoco\/wp-content\/uploads\/2026\/01\/Gemini_Generated_Image_n8yavrn8yavrn8ya-1.png","width":1280,"height":720,"caption":"Essas cores podem indicar baixa autoestima sem voc\u00ea notar"},{"@type":"BreadcrumbList","@id":"https:\/\/www.em.com.br\/emfoco\/2026\/01\/21\/cores-escolhidas-no-dia-a-dia-podem-sinalizar-baixa-autoestima-psicologia-destaca-tres-tons-mais-comuns\/#breadcrumb","itemListElement":[{"@type":"ListItem","position":1,"name":"In\u00edcio","item":"https:\/\/www.em.com.br\/emfoco\/"},{"@type":"ListItem","position":2,"name":"Cores escolhidas no dia a dia podem sinalizar baixa autoestima: psicologia destaca tr\u00eas tons mais comuns"}]},{"@type":"WebSite","@id":"https:\/\/www.em.com.br\/emfoco\/#website","url":"https:\/\/www.em.com.br\/emfoco\/","name":"Estado de Minas - Em foco","description":"Acompanhe as \u00faltimas not\u00edcias e fique bem informado sobre tudo o que acontece em Minas Gerais, Brasil e no mundo.","potentialAction":[{"@type":"SearchAction","target":{"@type":"EntryPoint","urlTemplate":"https:\/\/www.em.com.br\/emfoco\/?s={search_term_string}"},"query-input":{"@type":"PropertyValueSpecification","valueRequired":true,"valueName":"search_term_string"}}],"inLanguage":"pt-BR"},{"@type":"Person","@id":"https:\/\/www.em.com.br\/emfoco\/#\/schema\/person\/60eda09c1fedf0d6891f4cef4b60b8b8","name":"Andre\u0301 Rangel\u00a0","image":{"@type":"ImageObject","inLanguage":"pt-BR","@id":"https:\/\/www.em.com.br\/emfoco\/#\/schema\/person\/image\/","url":"https:\/\/secure.gravatar.com\/avatar\/6234dc814c77c8ef6d8bba622c787efc?s=96&d=mm&r=g","contentUrl":"https:\/\/secure.gravatar.com\/avatar\/6234dc814c77c8ef6d8bba622c787efc?s=96&d=mm&r=g","caption":"Andre\u0301 Rangel\u00a0"},"url":"https:\/\/www.em.com.br\/emfoco\/author\/luizmyth\/"}]}},"_links":{"self":[{"href":"https:\/\/www.em.com.br\/emfoco\/wp-json\/wp\/v2\/posts\/157510","targetHints":{"allow":["GET"]}}],"collection":[{"href":"https:\/\/www.em.com.br\/emfoco\/wp-json\/wp\/v2\/posts"}],"about":[{"href":"https:\/\/www.em.com.br\/emfoco\/wp-json\/wp\/v2\/types\/post"}],"author":[{"embeddable":true,"href":"https:\/\/www.em.com.br\/emfoco\/wp-json\/wp\/v2\/users\/11"}],"replies":[{"embeddable":true,"href":"https:\/\/www.em.com.br\/emfoco\/wp-json\/wp\/v2\/comments?post=157510"}],"version-history":[{"count":3,"href":"https:\/\/www.em.com.br\/emfoco\/wp-json\/wp\/v2\/posts\/157510\/revisions"}],"predecessor-version":[{"id":157553,"href":"https:\/\/www.em.com.br\/emfoco\/wp-json\/wp\/v2\/posts\/157510\/revisions\/157553"}],"wp:featuredmedia":[{"embeddable":true,"href":"https:\/\/www.em.com.br\/emfoco\/wp-json\/wp\/v2\/media\/157540"}],"wp:attachment":[{"href":"https:\/\/www.em.com.br\/emfoco\/wp-json\/wp\/v2\/media?parent=157510"}],"wp:term":[{"taxonomy":"category","embeddable":true,"href":"https:\/\/www.em.com.br\/emfoco\/wp-json\/wp\/v2\/categories?post=157510"},{"taxonomy":"post_tag","embeddable":true,"href":"https:\/\/www.em.com.br\/emfoco\/wp-json\/wp\/v2\/tags?post=157510"}],"curies":[{"name":"wp","href":"https:\/\/api.w.org\/{rel}","templated":true}]}}