{"id":157452,"date":"2026-01-20T17:00:00","date_gmt":"2026-01-20T20:00:00","guid":{"rendered":"https:\/\/www.em.com.br\/emfoco\/?p=157452"},"modified":"2026-01-20T12:33:55","modified_gmt":"2026-01-20T15:33:55","slug":"adeus-aos-pisos-de-madeira-a-tendencia-escandinava-que-vai-dominar-as-casas-em-2026","status":"publish","type":"post","link":"https:\/\/www.em.com.br\/emfoco\/2026\/01\/20\/adeus-aos-pisos-de-madeira-a-tendencia-escandinava-que-vai-dominar-as-casas-em-2026\/","title":{"rendered":"Adeus aos pisos de madeira: a tend\u00eancia escandinava que vai dominar as casas em 2026"},"content":{"rendered":"\n<p>A sensa\u00e7\u00e3o de acolhimento sempre foi um dos grandes trunfos dos pisos de madeira, mas o design de interiores vive um momento de virada. Em 2026, uma nova est\u00e9tica de inspira\u00e7\u00e3o escandinava come\u00e7a a ganhar espa\u00e7o nas casas brasileiras, trazendo superf\u00edcies mais claras, cont\u00ednuas e pr\u00e1ticas, que dialogam com rotinas modernas, luz natural abundante e uma rela\u00e7\u00e3o mais consciente com o uso dos materiais.<\/p>\n\n\n\n<h2 class=\"wp-block-heading\">Por que os pisos de madeira est\u00e3o perdendo protagonismo?<\/h2>\n\n\n\n<p>Durante d\u00e9cadas, a madeira foi sin\u00f4nimo de conforto visual e sofistica\u00e7\u00e3o, por\u00e9m o cen\u00e1rio atual valoriza solu\u00e7\u00f5es mais funcionais e f\u00e1ceis de manter. A busca por ambientes claros, integrados e vers\u00e1teis tem levado arquitetos e moradores a repensar escolhas tradicionais.<\/p>\n\n\n\n<p>Al\u00e9m da est\u00e9tica, fatores como manuten\u00e7\u00e3o constante, sensibilidade \u00e0 umidade e custo elevado contribu\u00edram para que novas alternativas ganhassem espa\u00e7o nos projetos residenciais. O foco agora est\u00e1 em materiais que unam beleza, resist\u00eancia e praticidade no dia a dia.<\/p>\n\n\n\n<figure class=\"wp-block-image size-large\"><img loading=\"lazy\" decoding=\"async\" width=\"1024\" height=\"576\" src=\"https:\/\/www.em.com.br\/emfoco\/wp-content\/uploads\/2026\/01\/Gemini_Generated_Image_tmzmfxtmzmfxtmzm-1-1024x576.png\" alt=\"Nova tend\u00eancia de pisos deixa a madeira em segundo plano\" class=\"wp-image-157455\" srcset=\"https:\/\/www.em.com.br\/emfoco\/wp-content\/uploads\/2026\/01\/Gemini_Generated_Image_tmzmfxtmzmfxtmzm-1-1024x576.png 1024w, https:\/\/www.em.com.br\/emfoco\/wp-content\/uploads\/2026\/01\/Gemini_Generated_Image_tmzmfxtmzmfxtmzm-1-300x169.png 300w, https:\/\/www.em.com.br\/emfoco\/wp-content\/uploads\/2026\/01\/Gemini_Generated_Image_tmzmfxtmzmfxtmzm-1-768x432.png 768w, https:\/\/www.em.com.br\/emfoco\/wp-content\/uploads\/2026\/01\/Gemini_Generated_Image_tmzmfxtmzmfxtmzm-1-750x422.png 750w, https:\/\/www.em.com.br\/emfoco\/wp-content\/uploads\/2026\/01\/Gemini_Generated_Image_tmzmfxtmzmfxtmzm-1-1140x641.png 1140w, https:\/\/www.em.com.br\/emfoco\/wp-content\/uploads\/2026\/01\/Gemini_Generated_Image_tmzmfxtmzmfxtmzm-1.png 1280w\" sizes=\"auto, (max-width: 1024px) 100vw, 1024px\" \/><figcaption class=\"wp-element-caption\">Nova tend\u00eancia de pisos deixa a madeira em segundo plano<\/figcaption><\/figure>\n\n\n\n<h2 class=\"wp-block-heading\">Quais materiais escandinavos est\u00e3o substituindo a madeira?<\/h2>\n\n\n\n<p>O estilo n\u00f3rdico aposta em superf\u00edcies neutras, texturas suaves e apar\u00eancia natural, sem excessos visuais. Antes de escolher o revestimento ideal, vale entender quais op\u00e7\u00f5es est\u00e3o liderando essa mudan\u00e7a silenciosa nos interiores contempor\u00e2neos.<\/p>\n\n\n\n<ul class=\"wp-block-list\">\n<li>Pisos vin\u00edlicos claros com acabamento fosco, que imitam pedra ou cimento suave.<\/li>\n\n\n\n<li>Porcelanatos acetinados em tons de areia, off-white e cinza quente.<\/li>\n\n\n\n<li><a href=\"https:\/\/br.pinterest.com\/mmrepresent\/micro-cimento-queimado\/\" target=\"_blank\" rel=\"noreferrer noopener\">Microcimento <\/a>cont\u00ednuo, criando sensa\u00e7\u00e3o de amplitude e unidade visual.<\/li>\n<\/ul>\n\n\n\n<p>Esses materiais oferecem maior resist\u00eancia \u00e0 \u00e1gua, limpeza simplificada e uma est\u00e9tica alinhada ao minimalismo funcional, caracter\u00edstica central do design escandinavo.<\/p>\n\n\n\n<h2 class=\"wp-block-heading\">Como a tend\u00eancia escandinava transforma os ambientes da casa?<\/h2>\n\n\n\n<p>A substitui\u00e7\u00e3o da madeira n\u00e3o significa perda de aconchego, pelo contr\u00e1rio. O visual escandinavo trabalha a harmonia entre piso, paredes e mobili\u00e1rio, criando ambientes leves, iluminados e visualmente organizados.<\/p>\n\n\n\n<p>Salas, cozinhas e quartos passam a dialogar melhor entre si quando o piso \u00e9 cont\u00ednuo e discreto. Essa uniformidade valoriza a arquitetura, destaca a entrada de luz natural e amplia a sensa\u00e7\u00e3o de espa\u00e7o, mesmo em im\u00f3veis menores.<\/p>\n\n\n\n<h2 class=\"wp-block-heading\">Quais vantagens pr\u00e1ticas esses novos pisos oferecem?<\/h2>\n\n\n\n<p>Mais do que est\u00e9tica, a escolha do piso influencia diretamente a rotina da casa. Antes de decidir pela mudan\u00e7a, \u00e9 importante considerar os benef\u00edcios funcionais que explicam a popularidade crescente dessas solu\u00e7\u00f5es.<\/p>\n\n\n\n<div style=\"overflow-x:auto;\">\n<table style=\"width:100%; border-collapse:separate; border-spacing:0 12px; font-family:Arial, sans-serif;\">\n  \n  <thead>\n    <tr>\n      <th colspan=\"2\" style=\"\n        background:#7a9f7d;\n        color:#f4f7f5;\n        padding:14px;\n        font-size:16px;\n        text-align:left;\n        border-radius:8px;\n      \">\n        Por que esses pisos ganharam espa\u00e7o nas casas modernas\n      <\/th>\n    <\/tr>\n  <\/thead>\n\n  <tbody>\n    <tr style=\"background:#e7efe9;\">\n      <td style=\"\n        padding:14px;\n        width:35%;\n        font-weight:bold;\n        color:#3f4a45;\n        border-radius:8px 0 0 8px;\n      \">\n        Manuten\u00e7\u00e3o reduzida\n      <\/td>\n      <td style=\"\n        padding:14px;\n        color:#3f4a45;\n        border-radius:0 8px 8px 0;\n      \">\n        Exigem menos cuidados no dia a dia, dispensam tratamentos frequentes e mant\u00eam boa apar\u00eancia por anos.\n      <\/td>\n    <\/tr>\n\n    <tr style=\"background:#e7efe9;\">\n      <td style=\"\n        padding:14px;\n        font-weight:bold;\n        color:#3f4a45;\n        border-radius:8px 0 0 8px;\n      \">\n        Alta durabilidade\n      <\/td>\n      <td style=\"\n        padding:14px;\n        color:#3f4a45;\n        border-radius:0 8px 8px 0;\n      \">\n        Resistentes ao desgaste, suportam bem \u00e1reas de grande circula\u00e7\u00e3o sem perder desempenho ou est\u00e9tica.\n      <\/td>\n    <\/tr>\n\n    <tr style=\"background:#e7efe9;\">\n      <td style=\"\n        padding:14px;\n        font-weight:bold;\n        color:#3f4a45;\n        border-radius:8px 0 0 8px;\n      \">\n        Conforto t\u00e9rmico\n      <\/td>\n      <td style=\"\n        padding:14px;\n        color:#3f4a45;\n        border-radius:0 8px 8px 0;\n      \">\n        Compat\u00edveis com sistemas de aquecimento ou resfriamento, ajudam a manter a casa mais agrad\u00e1vel em todas as esta\u00e7\u00f5es.\n      <\/td>\n    <\/tr>\n\n  <\/tbody>\n<\/table>\n<\/div>\n\n\n\n\n<p>Essas caracter\u00edsticas tornam os pisos de inspira\u00e7\u00e3o escandinava especialmente atraentes para fam\u00edlias, pets e casas com uso intenso dos ambientes.<\/p>\n\n\n\n<h2 class=\"wp-block-heading\">Essa tend\u00eancia combina com casas brasileiras?<\/h2>\n\n\n\n<p>Embora tenha origem no norte da Europa, o conceito escandinavo se adapta com facilidade ao contexto brasileiro. Climas quentes e \u00famidos se beneficiam de pisos mais frescos ao toque e menos sens\u00edveis \u00e0s varia\u00e7\u00f5es de temperatura.<\/p>\n\n\n\n<p>Combinados a elementos naturais, como tecidos leves, plantas e ilumina\u00e7\u00e3o bem planejada, esses revestimentos criam casas equilibradas, funcionais e visualmente acolhedoras, apontando um novo caminho para o morar contempor\u00e2neo em 2026.<\/p>\n","protected":false},"excerpt":{"rendered":"<p>A sensa\u00e7\u00e3o de acolhimento sempre foi um dos grandes trunfos dos pisos de madeira, mas o design de interiores vive um momento de virada. Em 2026, uma nova est\u00e9tica de inspira\u00e7\u00e3o escandinava come\u00e7a a ganhar espa\u00e7o nas casas brasileiras, trazendo superf\u00edcies mais claras, cont\u00ednuas e pr\u00e1ticas, que dialogam com rotinas modernas, luz natural abundante e [&hellip;]<\/p>\n","protected":false},"author":11,"featured_media":157457,"comment_status":"open","ping_status":"open","sticky":false,"template":"","format":"standard","meta":{"jnews-multi-image_gallery":[],"jnews_single_post":{"format":"standard"},"jnews_primary_category":[],"jnews_social_meta":[],"jnews_override_counter":[],"footnotes":""},"categories":[8819,1],"tags":[2911,10699,4687,17223,804,23025,1920],"class_list":["post-157452","post","type-post","status-publish","format-standard","has-post-thumbnail","hentry","category-curiosidades","category-noticias","tag-casa","tag-casas-brasileiras","tag-decoracao","tag-madeira","tag-piso","tag-pisos-claros","tag-tendencia"],"yoast_head":"<!-- This site is optimized with the Yoast SEO plugin v23.8 - https:\/\/yoast.com\/wordpress\/plugins\/seo\/ -->\n<title>Adeus aos pisos de madeira: a tend\u00eancia escandinava que vai dominar as casas em 2026 - Estado de Minas - Em foco<\/title>\n<meta name=\"description\" content=\"A nova tend\u00eancia de pisos aposta em tons claros, praticidade e menos manuten\u00e7\u00e3o. Entenda por que a madeira perdeu espa\u00e7o.\" \/>\n<meta name=\"robots\" content=\"index, follow, max-snippet:-1, max-image-preview:large, max-video-preview:-1\" \/>\n<link rel=\"canonical\" href=\"https:\/\/www.em.com.br\/emfoco\/2026\/01\/20\/adeus-aos-pisos-de-madeira-a-tendencia-escandinava-que-vai-dominar-as-casas-em-2026\/\" \/>\n<meta property=\"og:locale\" content=\"pt_BR\" \/>\n<meta property=\"og:type\" content=\"article\" \/>\n<meta property=\"og:title\" content=\"Adeus aos pisos de madeira: a tend\u00eancia escandinava que vai dominar as casas em 2026 - Estado de Minas - Em foco\" \/>\n<meta property=\"og:description\" content=\"A nova tend\u00eancia de pisos aposta em tons claros, praticidade e menos manuten\u00e7\u00e3o. Entenda por que a madeira perdeu espa\u00e7o.\" \/>\n<meta property=\"og:url\" content=\"https:\/\/www.em.com.br\/emfoco\/2026\/01\/20\/adeus-aos-pisos-de-madeira-a-tendencia-escandinava-que-vai-dominar-as-casas-em-2026\/\" \/>\n<meta property=\"og:site_name\" content=\"Estado de Minas - Em foco\" \/>\n<meta property=\"article:published_time\" content=\"2026-01-20T20:00:00+00:00\" \/>\n<meta property=\"article:modified_time\" content=\"2026-01-20T15:33:55+00:00\" \/>\n<meta property=\"og:image\" content=\"https:\/\/www.em.com.br\/emfoco\/wp-content\/uploads\/2026\/01\/Gemini_Generated_Image_chdk7zchdk7zchdk-1.png\" \/>\n\t<meta property=\"og:image:width\" content=\"1280\" \/>\n\t<meta property=\"og:image:height\" content=\"720\" \/>\n\t<meta property=\"og:image:type\" content=\"image\/png\" \/>\n<meta name=\"author\" content=\"Andre\u0301 Rangel\u00a0\" \/>\n<meta name=\"twitter:card\" content=\"summary_large_image\" \/>\n<meta name=\"twitter:label1\" content=\"Escrito por\" \/>\n\t<meta name=\"twitter:data1\" content=\"Andre\u0301 Rangel\u00a0\" \/>\n\t<meta name=\"twitter:label2\" content=\"Est. tempo de leitura\" \/>\n\t<meta name=\"twitter:data2\" content=\"4 minutos\" \/>\n<!-- \/ Yoast SEO plugin. -->","yoast_head_json":{"title":"Adeus aos pisos de madeira: a tend\u00eancia escandinava que vai dominar as casas em 2026 - Estado de Minas - Em foco","description":"A nova tend\u00eancia de pisos aposta em tons claros, praticidade e menos manuten\u00e7\u00e3o. Entenda por que a madeira perdeu espa\u00e7o.","robots":{"index":"index","follow":"follow","max-snippet":"max-snippet:-1","max-image-preview":"max-image-preview:large","max-video-preview":"max-video-preview:-1"},"canonical":"https:\/\/www.em.com.br\/emfoco\/2026\/01\/20\/adeus-aos-pisos-de-madeira-a-tendencia-escandinava-que-vai-dominar-as-casas-em-2026\/","og_locale":"pt_BR","og_type":"article","og_title":"Adeus aos pisos de madeira: a tend\u00eancia escandinava que vai dominar as casas em 2026 - Estado de Minas - Em foco","og_description":"A nova tend\u00eancia de pisos aposta em tons claros, praticidade e menos manuten\u00e7\u00e3o. Entenda por que a madeira perdeu espa\u00e7o.","og_url":"https:\/\/www.em.com.br\/emfoco\/2026\/01\/20\/adeus-aos-pisos-de-madeira-a-tendencia-escandinava-que-vai-dominar-as-casas-em-2026\/","og_site_name":"Estado de Minas - Em foco","article_published_time":"2026-01-20T20:00:00+00:00","article_modified_time":"2026-01-20T15:33:55+00:00","og_image":[{"width":1280,"height":720,"url":"https:\/\/www.em.com.br\/emfoco\/wp-content\/uploads\/2026\/01\/Gemini_Generated_Image_chdk7zchdk7zchdk-1.png","type":"image\/png"}],"author":"Andre\u0301 Rangel\u00a0","twitter_card":"summary_large_image","twitter_misc":{"Escrito por":"Andre\u0301 Rangel\u00a0","Est. tempo de leitura":"4 minutos"},"schema":{"@context":"https:\/\/schema.org","@graph":[{"@type":"WebPage","@id":"https:\/\/www.em.com.br\/emfoco\/2026\/01\/20\/adeus-aos-pisos-de-madeira-a-tendencia-escandinava-que-vai-dominar-as-casas-em-2026\/","url":"https:\/\/www.em.com.br\/emfoco\/2026\/01\/20\/adeus-aos-pisos-de-madeira-a-tendencia-escandinava-que-vai-dominar-as-casas-em-2026\/","name":"Adeus aos pisos de madeira: a tend\u00eancia escandinava que vai dominar as casas em 2026 - Estado de Minas - Em foco","isPartOf":{"@id":"https:\/\/www.em.com.br\/emfoco\/#website"},"primaryImageOfPage":{"@id":"https:\/\/www.em.com.br\/emfoco\/2026\/01\/20\/adeus-aos-pisos-de-madeira-a-tendencia-escandinava-que-vai-dominar-as-casas-em-2026\/#primaryimage"},"image":{"@id":"https:\/\/www.em.com.br\/emfoco\/2026\/01\/20\/adeus-aos-pisos-de-madeira-a-tendencia-escandinava-que-vai-dominar-as-casas-em-2026\/#primaryimage"},"thumbnailUrl":"https:\/\/www.em.com.br\/emfoco\/wp-content\/uploads\/2026\/01\/Gemini_Generated_Image_chdk7zchdk7zchdk-1.png","datePublished":"2026-01-20T20:00:00+00:00","dateModified":"2026-01-20T15:33:55+00:00","author":{"@id":"https:\/\/www.em.com.br\/emfoco\/#\/schema\/person\/60eda09c1fedf0d6891f4cef4b60b8b8"},"description":"A nova tend\u00eancia de pisos aposta em tons claros, praticidade e menos manuten\u00e7\u00e3o. Entenda por que a madeira perdeu espa\u00e7o.","breadcrumb":{"@id":"https:\/\/www.em.com.br\/emfoco\/2026\/01\/20\/adeus-aos-pisos-de-madeira-a-tendencia-escandinava-que-vai-dominar-as-casas-em-2026\/#breadcrumb"},"inLanguage":"pt-BR","potentialAction":[{"@type":"ReadAction","target":["https:\/\/www.em.com.br\/emfoco\/2026\/01\/20\/adeus-aos-pisos-de-madeira-a-tendencia-escandinava-que-vai-dominar-as-casas-em-2026\/"]}]},{"@type":"ImageObject","inLanguage":"pt-BR","@id":"https:\/\/www.em.com.br\/emfoco\/2026\/01\/20\/adeus-aos-pisos-de-madeira-a-tendencia-escandinava-que-vai-dominar-as-casas-em-2026\/#primaryimage","url":"https:\/\/www.em.com.br\/emfoco\/wp-content\/uploads\/2026\/01\/Gemini_Generated_Image_chdk7zchdk7zchdk-1.png","contentUrl":"https:\/\/www.em.com.br\/emfoco\/wp-content\/uploads\/2026\/01\/Gemini_Generated_Image_chdk7zchdk7zchdk-1.png","width":1280,"height":720,"caption":"Pisos inspirados no design escandinavo ganham espa\u00e7o"},{"@type":"BreadcrumbList","@id":"https:\/\/www.em.com.br\/emfoco\/2026\/01\/20\/adeus-aos-pisos-de-madeira-a-tendencia-escandinava-que-vai-dominar-as-casas-em-2026\/#breadcrumb","itemListElement":[{"@type":"ListItem","position":1,"name":"In\u00edcio","item":"https:\/\/www.em.com.br\/emfoco\/"},{"@type":"ListItem","position":2,"name":"Adeus aos pisos de madeira: a tend\u00eancia escandinava que vai dominar as casas em 2026"}]},{"@type":"WebSite","@id":"https:\/\/www.em.com.br\/emfoco\/#website","url":"https:\/\/www.em.com.br\/emfoco\/","name":"Estado de Minas - Em foco","description":"Acompanhe as \u00faltimas not\u00edcias e fique bem informado sobre tudo o que acontece em Minas Gerais, Brasil e no mundo.","potentialAction":[{"@type":"SearchAction","target":{"@type":"EntryPoint","urlTemplate":"https:\/\/www.em.com.br\/emfoco\/?s={search_term_string}"},"query-input":{"@type":"PropertyValueSpecification","valueRequired":true,"valueName":"search_term_string"}}],"inLanguage":"pt-BR"},{"@type":"Person","@id":"https:\/\/www.em.com.br\/emfoco\/#\/schema\/person\/60eda09c1fedf0d6891f4cef4b60b8b8","name":"Andre\u0301 Rangel\u00a0","image":{"@type":"ImageObject","inLanguage":"pt-BR","@id":"https:\/\/www.em.com.br\/emfoco\/#\/schema\/person\/image\/","url":"https:\/\/secure.gravatar.com\/avatar\/6234dc814c77c8ef6d8bba622c787efc?s=96&d=mm&r=g","contentUrl":"https:\/\/secure.gravatar.com\/avatar\/6234dc814c77c8ef6d8bba622c787efc?s=96&d=mm&r=g","caption":"Andre\u0301 Rangel\u00a0"},"url":"https:\/\/www.em.com.br\/emfoco\/author\/luizmyth\/"}]}},"_links":{"self":[{"href":"https:\/\/www.em.com.br\/emfoco\/wp-json\/wp\/v2\/posts\/157452","targetHints":{"allow":["GET"]}}],"collection":[{"href":"https:\/\/www.em.com.br\/emfoco\/wp-json\/wp\/v2\/posts"}],"about":[{"href":"https:\/\/www.em.com.br\/emfoco\/wp-json\/wp\/v2\/types\/post"}],"author":[{"embeddable":true,"href":"https:\/\/www.em.com.br\/emfoco\/wp-json\/wp\/v2\/users\/11"}],"replies":[{"embeddable":true,"href":"https:\/\/www.em.com.br\/emfoco\/wp-json\/wp\/v2\/comments?post=157452"}],"version-history":[{"count":2,"href":"https:\/\/www.em.com.br\/emfoco\/wp-json\/wp\/v2\/posts\/157452\/revisions"}],"predecessor-version":[{"id":157459,"href":"https:\/\/www.em.com.br\/emfoco\/wp-json\/wp\/v2\/posts\/157452\/revisions\/157459"}],"wp:featuredmedia":[{"embeddable":true,"href":"https:\/\/www.em.com.br\/emfoco\/wp-json\/wp\/v2\/media\/157457"}],"wp:attachment":[{"href":"https:\/\/www.em.com.br\/emfoco\/wp-json\/wp\/v2\/media?parent=157452"}],"wp:term":[{"taxonomy":"category","embeddable":true,"href":"https:\/\/www.em.com.br\/emfoco\/wp-json\/wp\/v2\/categories?post=157452"},{"taxonomy":"post_tag","embeddable":true,"href":"https:\/\/www.em.com.br\/emfoco\/wp-json\/wp\/v2\/tags?post=157452"}],"curies":[{"name":"wp","href":"https:\/\/api.w.org\/{rel}","templated":true}]}}