{"id":157443,"date":"2026-01-21T08:05:00","date_gmt":"2026-01-21T11:05:00","guid":{"rendered":"https:\/\/www.em.com.br\/emfoco\/?p=157443"},"modified":"2026-01-20T11:45:46","modified_gmt":"2026-01-20T14:45:46","slug":"treinar-todo-dia-pode-estar-prejudicando-seu-cabelo","status":"publish","type":"post","link":"https:\/\/www.em.com.br\/emfoco\/2026\/01\/21\/treinar-todo-dia-pode-estar-prejudicando-seu-cabelo\/","title":{"rendered":"Treinar todo dia pode estar prejudicando seu cabelo"},"content":{"rendered":"\n<p>Manter a sa\u00fade capilar pode ser um desafio para aqueles que seguem uma rotina de exerc\u00edcios intensa. O suor, natural durante a pr\u00e1tica esportiva, pode se tornar um inimigo dos cabelos ao contribuir para o ressecamento dos fios e aumento da oleosidade do couro cabeludo. Para evitar lavar o cabelo diariamente, o que pode ser prejudicial, \u00e9 importante adotar estrat\u00e9gias eficazes que preservem o visual e a sa\u00fade capilar.<\/p>\n\n\n\n<p>O suor \u00e9 composto majoritariamente por \u00e1gua e sais minerais, o que pode causar o ressecamento dos fios e um aspecto oleoso na raiz. No entanto, lavar o cabelo diariamente pode remover a oleosidade natural, essencial para proteger a fibra capilar, podendo levar ao chamado &#8220;efeito rebote&#8221; ou ao ressecamento excessivo. Portanto, adotar uma abordagem equilibrada \u00e9 fundamental.<\/p>\n\n\n\n<h2 class=\"wp-block-heading\">Prepara\u00e7\u00e3o Pr\u00e9-Treino: Por Que \u00c9 Importante?<\/h2>\n\n\n\n<p>Antes de iniciar a pr\u00e1tica de exerc\u00edcios, alguns cuidados podem facilitar a manuten\u00e7\u00e3o dos cabelos. Escolher o penteado certo, como um coque alto ou uma tran\u00e7a bem ajustada, pode minimizar o atrito dos fios com a pele suada. O uso de el\u00e1sticos revestidos com tecido pode ajudar a evitar a quebra dos fios, garantindo que eles fiquem firmes durante o exerc\u00edcio.<\/p>\n\n\n<div class=\"wp-block-image\">\n<figure class=\"aligncenter size-large\"><img loading=\"lazy\" decoding=\"async\" width=\"1024\" height=\"576\" src=\"https:\/\/www.em.com.br\/emfoco\/wp-content\/uploads\/2026\/01\/Treino_1768421891352-1024x576.jpg\" alt=\"\" class=\"wp-image-155240\" srcset=\"https:\/\/www.em.com.br\/emfoco\/wp-content\/uploads\/2026\/01\/Treino_1768421891352-1024x576.jpg 1024w, https:\/\/www.em.com.br\/emfoco\/wp-content\/uploads\/2026\/01\/Treino_1768421891352-300x169.jpg 300w, https:\/\/www.em.com.br\/emfoco\/wp-content\/uploads\/2026\/01\/Treino_1768421891352-768x432.jpg 768w, https:\/\/www.em.com.br\/emfoco\/wp-content\/uploads\/2026\/01\/Treino_1768421891352-750x422.jpg 750w, https:\/\/www.em.com.br\/emfoco\/wp-content\/uploads\/2026\/01\/Treino_1768421891352-1140x641.jpg 1140w, https:\/\/www.em.com.br\/emfoco\/wp-content\/uploads\/2026\/01\/Treino_1768421891352.jpg 1280w\" sizes=\"auto, (max-width: 1024px) 100vw, 1024px\" \/><figcaption class=\"wp-element-caption\">treino &#8211; Cr\u00e9ditos: depositphotos.com \/ VitalikRadko<\/figcaption><\/figure><\/div>\n\n\n<p>Al\u00e9m disso, aplicar um pouco de \u00f3leo capilar ou leave-in nas pontas antes do treino cria uma pel\u00edcula protetora. Esta barreira impede que o suor penetre na fibra capilar, protegendo os fios contra o ressecamento. Preparar o cabelo adequadamente pode fazer uma grande diferen\u00e7a na hora de restaurar o visual ap\u00f3s o exerc\u00edcio.<\/p>\n\n\n\n<h2 class=\"wp-block-heading\">O Que Fazer Imediatamente Ap\u00f3s o Treino?<\/h2>\n\n\n\n<p>Ap\u00f3s a atividade f\u00edsica, secar o suor com um secador de cabelo, utilizando ar frio ou morno, ajuda a evitar que a umidade se transforme em oleosidade excessiva na raiz. Esta t\u00e9cnica impede que o sal do suor &#8220;cozinhe&#8221; no couro cabeludo, mantendo-o mais saud\u00e1vel.<\/p>\n\n\n\n<p>O uso do shampoo a seco \u00e9 outra estrat\u00e9gia eficaz. Ele absorve a oleosidade e proporciona volume \u00e0 raiz. \u00c9 importante aplicar este produto a uma dist\u00e2ncia adequada e permitir que ele atue antes de massagear a raiz, garantindo um visual fresco e revitalizado sem a necessidade de uma lavagem completa.<\/p>\n\n\n\n<h2 class=\"wp-block-heading\">Como Lidar com Odor e Frizz?<\/h2>\n\n\n\n<p>Uma das preocupa\u00e7\u00f5es comuns \u00e9 o odor de suor no cabelo. Perfumes capilares ou hair mists s\u00e3o formulados especificamente para neutralizar odores e podem ser uma excelente solu\u00e7\u00e3o. Eles n\u00e3o ressecam o cabelo, ao contr\u00e1rio dos perfumes comuns, e garantem um aroma agrad\u00e1vel ap\u00f3s o treino.<\/p>\n\n\n\n<p>Controlar o frizz \u00e9 poss\u00edvel usando uma escova de cerdas naturais para redistribuir a oleosidade natural dos fios. Finalizar com um jato de ar frio do secador ajuda a fechar as cut\u00edculas do cabelo, reduzindo o frizz e mantendo um visual polido.<\/p>\n\n\n\n<h2 class=\"wp-block-heading\">Alternativas de Limpeza: Quando Lavar Completamente?<\/h2>\n\n\n\n<p>Se o treino foi especialmente intenso e as solu\u00e7\u00f5es tradicionais n\u00e3o s\u00e3o suficientes, \u00e9 poss\u00edvel enxaguar o cabelo apenas com \u00e1gua morna ou fria, eliminando o excesso de sal presente no suor. O uso de condicionadores de limpeza, conhecidos como co-wash, pode ser uma boa alternativa para quem precisa de uma limpeza mais suave sem o uso de shampoos fortes.<\/p>\n\n\n\n<p>Para os atletas, intercalar lavagens completas com o uso de m\u00e9todos alternativos como o shampoo a seco pode ajudar a manter o equil\u00edbrio do couro cabeludo e a sa\u00fade dos fios. Essa rotina adaptada n\u00e3o apenas preserva a apar\u00eancia dos cabelos, mas tamb\u00e9m contribui para a sua vitalidade a longo prazo, permitindo que acompanhem o ritmo de um estilo de vida ativo.<\/p>\n\n\n<a href=\"https:\/\/www.instagram.com\/dra.annaluisabf\/\" target=\"_blank\" style=\"text-decoration: none; color: inherit;\">\n  <span style=\"display:inline-block; border:1px solid #ccc; border-radius:10px; padding:15px; max-width:550px; font-family:sans-serif; box-shadow:0 2px 5px rgba(0,0,0,0.1);\">\n    <span style=\"margin:0 0 15px 0; font-weight:bold; color:#2c3e50; text-align: center;\">Entre em contato:<\/span>\n\n    <span style=\"display:flex; align-items:center;\">\n      <img decoding=\"async\" src=\"https:\/\/www.correiobraziliense.com.br\/cbradar\/wp-content\/uploads\/2025\/08\/dra_anna_luisa.jpeg\" alt=\"Dra Anna Lu\u00edsa\" style=\"border-radius:50%; width:80px; height:80px; margin-right:15px;\">\n      <span style=\"flex:1;\">\n        <h3 style=\"margin:0 0 5px 0;\">Dra. Anna Lu\u00edsa Barbosa Fernandes<\/h3>\n        <p style=\"margin:0 0 10px 0;\">CRM-GO 33.271<\/p>\n        <span style=\"display:flex; gap:10px;\">\n          <img decoding=\"async\" src=\"https:\/\/cdn-icons-png.flaticon.com\/24\/1384\/1384063.png\" alt=\"Instagram\">\n        <\/span>\n      <\/span>\n    <\/span>\n  <\/span>\n<\/a>","protected":false},"excerpt":{"rendered":"<p>Manter a sa\u00fade capilar pode ser um desafio para aqueles que seguem uma rotina de exerc\u00edcios intensa. O suor, natural durante a pr\u00e1tica esportiva, pode se tornar um inimigo dos cabelos ao contribuir para o ressecamento dos fios e aumento da oleosidade do couro cabeludo. Para evitar lavar o cabelo diariamente, o que pode ser [&hellip;]<\/p>\n","protected":false},"author":25,"featured_media":114533,"comment_status":"open","ping_status":"open","sticky":false,"template":"","format":"standard","meta":{"jnews-multi-image_gallery":[],"jnews_single_post":{"format":"standard"},"jnews_primary_category":[],"jnews_social_meta":[],"jnews_override_counter":[],"footnotes":""},"categories":[9053],"tags":[711,327,415],"class_list":["post-157443","post","type-post","status-publish","format-standard","has-post-thumbnail","hentry","category-saude","tag-bem-estar","tag-qualidade-de-vida","tag-saude"],"yoast_head":"<!-- This site is optimized with the Yoast SEO plugin v23.8 - https:\/\/yoast.com\/wordpress\/plugins\/seo\/ -->\n<title>Treinar todo dia pode estar prejudicando seu cabelo - Estado de Minas - Em foco<\/title>\n<meta name=\"description\" content=\"Manter a sa\u00fade capilar durante treinos intensos exige cuidados simples que evitam oleosidade e ressecamento.\" \/>\n<meta name=\"robots\" content=\"index, follow, max-snippet:-1, max-image-preview:large, max-video-preview:-1\" \/>\n<link rel=\"canonical\" href=\"https:\/\/www.em.com.br\/emfoco\/2026\/01\/21\/treinar-todo-dia-pode-estar-prejudicando-seu-cabelo\/\" \/>\n<meta property=\"og:locale\" content=\"pt_BR\" \/>\n<meta property=\"og:type\" content=\"article\" \/>\n<meta property=\"og:title\" content=\"Treinar todo dia pode estar prejudicando seu cabelo - Estado de Minas - Em foco\" \/>\n<meta property=\"og:description\" content=\"Manter a sa\u00fade capilar durante treinos intensos exige cuidados simples que evitam oleosidade e ressecamento.\" \/>\n<meta property=\"og:url\" content=\"https:\/\/www.em.com.br\/emfoco\/2026\/01\/21\/treinar-todo-dia-pode-estar-prejudicando-seu-cabelo\/\" \/>\n<meta property=\"og:site_name\" content=\"Estado de Minas - Em foco\" \/>\n<meta property=\"article:published_time\" content=\"2026-01-21T11:05:00+00:00\" \/>\n<meta property=\"article:modified_time\" content=\"2026-01-20T14:45:46+00:00\" \/>\n<meta property=\"og:image\" content=\"https:\/\/www.em.com.br\/emfoco\/wp-content\/uploads\/2025\/10\/Crescimento-do-Cabelo_1760310795532.jpg\" \/>\n\t<meta property=\"og:image:width\" content=\"1280\" \/>\n\t<meta property=\"og:image:height\" content=\"720\" \/>\n\t<meta property=\"og:image:type\" content=\"image\/jpeg\" \/>\n<meta name=\"author\" content=\"Guilherme Lopes\" \/>\n<meta name=\"twitter:card\" content=\"summary_large_image\" \/>\n<meta name=\"twitter:label1\" content=\"Escrito por\" \/>\n\t<meta name=\"twitter:data1\" content=\"Guilherme Lopes\" \/>\n\t<meta name=\"twitter:label2\" content=\"Est. tempo de leitura\" \/>\n\t<meta name=\"twitter:data2\" content=\"5 minutos\" \/>\n<!-- \/ Yoast SEO plugin. -->","yoast_head_json":{"title":"Treinar todo dia pode estar prejudicando seu cabelo - Estado de Minas - Em foco","description":"Manter a sa\u00fade capilar durante treinos intensos exige cuidados simples que evitam oleosidade e ressecamento.","robots":{"index":"index","follow":"follow","max-snippet":"max-snippet:-1","max-image-preview":"max-image-preview:large","max-video-preview":"max-video-preview:-1"},"canonical":"https:\/\/www.em.com.br\/emfoco\/2026\/01\/21\/treinar-todo-dia-pode-estar-prejudicando-seu-cabelo\/","og_locale":"pt_BR","og_type":"article","og_title":"Treinar todo dia pode estar prejudicando seu cabelo - Estado de Minas - Em foco","og_description":"Manter a sa\u00fade capilar durante treinos intensos exige cuidados simples que evitam oleosidade e ressecamento.","og_url":"https:\/\/www.em.com.br\/emfoco\/2026\/01\/21\/treinar-todo-dia-pode-estar-prejudicando-seu-cabelo\/","og_site_name":"Estado de Minas - Em foco","article_published_time":"2026-01-21T11:05:00+00:00","article_modified_time":"2026-01-20T14:45:46+00:00","og_image":[{"width":1280,"height":720,"url":"https:\/\/www.em.com.br\/emfoco\/wp-content\/uploads\/2025\/10\/Crescimento-do-Cabelo_1760310795532.jpg","type":"image\/jpeg"}],"author":"Guilherme Lopes","twitter_card":"summary_large_image","twitter_misc":{"Escrito por":"Guilherme Lopes","Est. tempo de leitura":"5 minutos"},"schema":{"@context":"https:\/\/schema.org","@graph":[{"@type":"WebPage","@id":"https:\/\/www.em.com.br\/emfoco\/2026\/01\/21\/treinar-todo-dia-pode-estar-prejudicando-seu-cabelo\/","url":"https:\/\/www.em.com.br\/emfoco\/2026\/01\/21\/treinar-todo-dia-pode-estar-prejudicando-seu-cabelo\/","name":"Treinar todo dia pode estar prejudicando seu cabelo - Estado de Minas - Em foco","isPartOf":{"@id":"https:\/\/www.em.com.br\/emfoco\/#website"},"primaryImageOfPage":{"@id":"https:\/\/www.em.com.br\/emfoco\/2026\/01\/21\/treinar-todo-dia-pode-estar-prejudicando-seu-cabelo\/#primaryimage"},"image":{"@id":"https:\/\/www.em.com.br\/emfoco\/2026\/01\/21\/treinar-todo-dia-pode-estar-prejudicando-seu-cabelo\/#primaryimage"},"thumbnailUrl":"https:\/\/www.em.com.br\/emfoco\/wp-content\/uploads\/2025\/10\/Crescimento-do-Cabelo_1760310795532.jpg","datePublished":"2026-01-21T11:05:00+00:00","dateModified":"2026-01-20T14:45:46+00:00","author":{"@id":"https:\/\/www.em.com.br\/emfoco\/#\/schema\/person\/f6eade2e287023da170a1b2b329f68e5"},"description":"Manter a sa\u00fade capilar durante treinos intensos exige cuidados simples que evitam oleosidade e ressecamento.","breadcrumb":{"@id":"https:\/\/www.em.com.br\/emfoco\/2026\/01\/21\/treinar-todo-dia-pode-estar-prejudicando-seu-cabelo\/#breadcrumb"},"inLanguage":"pt-BR","potentialAction":[{"@type":"ReadAction","target":["https:\/\/www.em.com.br\/emfoco\/2026\/01\/21\/treinar-todo-dia-pode-estar-prejudicando-seu-cabelo\/"]}]},{"@type":"ImageObject","inLanguage":"pt-BR","@id":"https:\/\/www.em.com.br\/emfoco\/2026\/01\/21\/treinar-todo-dia-pode-estar-prejudicando-seu-cabelo\/#primaryimage","url":"https:\/\/www.em.com.br\/emfoco\/wp-content\/uploads\/2025\/10\/Crescimento-do-Cabelo_1760310795532.jpg","contentUrl":"https:\/\/www.em.com.br\/emfoco\/wp-content\/uploads\/2025\/10\/Crescimento-do-Cabelo_1760310795532.jpg","width":1280,"height":720,"caption":"Crescimento do Cabelo - Cr\u00e9ditos: depositphotos.com \/ TanyaLovus"},{"@type":"BreadcrumbList","@id":"https:\/\/www.em.com.br\/emfoco\/2026\/01\/21\/treinar-todo-dia-pode-estar-prejudicando-seu-cabelo\/#breadcrumb","itemListElement":[{"@type":"ListItem","position":1,"name":"In\u00edcio","item":"https:\/\/www.em.com.br\/emfoco\/"},{"@type":"ListItem","position":2,"name":"Treinar todo dia pode estar prejudicando seu cabelo"}]},{"@type":"WebSite","@id":"https:\/\/www.em.com.br\/emfoco\/#website","url":"https:\/\/www.em.com.br\/emfoco\/","name":"Estado de Minas - Em foco","description":"Acompanhe as \u00faltimas not\u00edcias e fique bem informado sobre tudo o que acontece em Minas Gerais, Brasil e no mundo.","potentialAction":[{"@type":"SearchAction","target":{"@type":"EntryPoint","urlTemplate":"https:\/\/www.em.com.br\/emfoco\/?s={search_term_string}"},"query-input":{"@type":"PropertyValueSpecification","valueRequired":true,"valueName":"search_term_string"}}],"inLanguage":"pt-BR"},{"@type":"Person","@id":"https:\/\/www.em.com.br\/emfoco\/#\/schema\/person\/f6eade2e287023da170a1b2b329f68e5","name":"Guilherme Lopes","image":{"@type":"ImageObject","inLanguage":"pt-BR","@id":"https:\/\/www.em.com.br\/emfoco\/#\/schema\/person\/image\/","url":"https:\/\/secure.gravatar.com\/avatar\/df9adfb835d344bc0af109d41756253f?s=96&d=mm&r=g","contentUrl":"https:\/\/secure.gravatar.com\/avatar\/df9adfb835d344bc0af109d41756253f?s=96&d=mm&r=g","caption":"Guilherme Lopes"},"url":"https:\/\/www.em.com.br\/emfoco\/author\/guilherme_saude\/"}]}},"_links":{"self":[{"href":"https:\/\/www.em.com.br\/emfoco\/wp-json\/wp\/v2\/posts\/157443","targetHints":{"allow":["GET"]}}],"collection":[{"href":"https:\/\/www.em.com.br\/emfoco\/wp-json\/wp\/v2\/posts"}],"about":[{"href":"https:\/\/www.em.com.br\/emfoco\/wp-json\/wp\/v2\/types\/post"}],"author":[{"embeddable":true,"href":"https:\/\/www.em.com.br\/emfoco\/wp-json\/wp\/v2\/users\/25"}],"replies":[{"embeddable":true,"href":"https:\/\/www.em.com.br\/emfoco\/wp-json\/wp\/v2\/comments?post=157443"}],"version-history":[{"count":1,"href":"https:\/\/www.em.com.br\/emfoco\/wp-json\/wp\/v2\/posts\/157443\/revisions"}],"predecessor-version":[{"id":157444,"href":"https:\/\/www.em.com.br\/emfoco\/wp-json\/wp\/v2\/posts\/157443\/revisions\/157444"}],"wp:featuredmedia":[{"embeddable":true,"href":"https:\/\/www.em.com.br\/emfoco\/wp-json\/wp\/v2\/media\/114533"}],"wp:attachment":[{"href":"https:\/\/www.em.com.br\/emfoco\/wp-json\/wp\/v2\/media?parent=157443"}],"wp:term":[{"taxonomy":"category","embeddable":true,"href":"https:\/\/www.em.com.br\/emfoco\/wp-json\/wp\/v2\/categories?post=157443"},{"taxonomy":"post_tag","embeddable":true,"href":"https:\/\/www.em.com.br\/emfoco\/wp-json\/wp\/v2\/tags?post=157443"}],"curies":[{"name":"wp","href":"https:\/\/api.w.org\/{rel}","templated":true}]}}