{"id":157435,"date":"2026-01-22T12:35:00","date_gmt":"2026-01-22T15:35:00","guid":{"rendered":"https:\/\/www.em.com.br\/emfoco\/?p=157435"},"modified":"2026-01-20T12:44:44","modified_gmt":"2026-01-20T15:44:44","slug":"inss-suspende-beneficio-de-idoso-de-97-anos-pela-quarta-vez-apos-declara-lo-morto-por-engano","status":"publish","type":"post","link":"https:\/\/www.em.com.br\/emfoco\/2026\/01\/22\/inss-suspende-beneficio-de-idoso-de-97-anos-pela-quarta-vez-apos-declara-lo-morto-por-engano\/","title":{"rendered":"INSS suspende benef\u00edcio de idoso de 97 anos pela quarta vez ap\u00f3s declar\u00e1-lo morto por engano"},"content":{"rendered":"\n<h2 class=\"wp-block-heading\">Erro no cruzamento autom\u00e1tico do INSS suspendeu pela quarta vez o benef\u00edcio de idoso de 97 anos, confundido com irm\u00e3o g\u00eameo falecido. A falha exp\u00f5e limites da automa\u00e7\u00e3o, gera cortes indevidos e pode resultar em indeniza\u00e7\u00e3o.<\/h2>\n\n\n\n<p>Um erro recorrente do <strong>INSS<\/strong> gerou indigna\u00e7\u00e3o nacional em 2026 ao suspender, pela quarta vez, o benef\u00edcio de um idoso de 97 anos dado como morto. O caso exp\u00f5e falhas na <strong>automa\u00e7\u00e3o previdenci\u00e1ria<\/strong> e riscos reais para segurados vulner\u00e1veis.<\/p>\n\n\n\n<h2 class=\"wp-block-heading\">Por que o INSS declarou vivo como morto novamente?<\/h2>\n\n\n\n<p>O problema surgiu do cruzamento autom\u00e1tico de dados feito pelo <strong>sistema digital do INSS<\/strong> com registros de \u00f3bito. Ao identificar informa\u00e7\u00f5es semelhantes, o algoritmo vinculou o falecimento ao CPF errado, mesmo existindo <strong>documentos distintos<\/strong> e situa\u00e7\u00e3o ativa comprovada.<\/p>\n\n\n\n<p>No caso espec\u00edfico, o segurado possui um <strong>irm\u00e3o g\u00eameo falecido<\/strong>. Como nomes parentais e datas de nascimento coincidem, a tecnologia n\u00e3o conseguiu diferenciar corretamente as identidades, revelando limites claros da biometria quando aplicada sem valida\u00e7\u00e3o humana.<\/p>\n\n\n\n<figure class=\"wp-block-image size-large\"><img loading=\"lazy\" decoding=\"async\" width=\"1024\" height=\"576\" src=\"https:\/\/www.em.com.br\/emfoco\/wp-content\/uploads\/2026\/01\/AIAI-3-46-1024x576.jpg\" alt=\"INSS suspende benef\u00edcio de idoso de 97 anos pela quarta vez ap\u00f3s declar\u00e1-lo morto por engano\" class=\"wp-image-157464\" srcset=\"https:\/\/www.em.com.br\/emfoco\/wp-content\/uploads\/2026\/01\/AIAI-3-46-1024x576.jpg 1024w, https:\/\/www.em.com.br\/emfoco\/wp-content\/uploads\/2026\/01\/AIAI-3-46-300x169.jpg 300w, https:\/\/www.em.com.br\/emfoco\/wp-content\/uploads\/2026\/01\/AIAI-3-46-768x432.jpg 768w, https:\/\/www.em.com.br\/emfoco\/wp-content\/uploads\/2026\/01\/AIAI-3-46-750x422.jpg 750w, https:\/\/www.em.com.br\/emfoco\/wp-content\/uploads\/2026\/01\/AIAI-3-46-1140x641.jpg 1140w, https:\/\/www.em.com.br\/emfoco\/wp-content\/uploads\/2026\/01\/AIAI-3-46.jpg 1280w\" sizes=\"auto, (max-width: 1024px) 100vw, 1024px\" \/><figcaption class=\"wp-element-caption\">Cruzamento autom\u00e1tico confundiu CPF devido a dados semelhantes de irm\u00e3o g\u00eameo<\/figcaption><\/figure>\n\n\n\n<h2 class=\"wp-block-heading\">Quais fatores levam o sistema a cometer esse erro?<\/h2>\n\n\n\n<p>Especialistas apontam que o erro decorre da chamada <strong>conflu\u00eancia de dados sens\u00edveis<\/strong>, comum em casos de irm\u00e3os g\u00eameos. Quando v\u00e1rias informa\u00e7\u00f5es coincidem, o algoritmo tende a assumir um v\u00ednculo incorreto, como mostram os fatores listados a seguir.<\/p>\n\n\n\n<ul class=\"wp-block-list\">\n<li>Filia\u00e7\u00e3o id\u00eantica: nomes de pai e m\u00e3e exatamente iguais nos registros civis.<\/li>\n\n\n\n<li>Data de nascimento igual: nascimento no mesmo dia e ano confunde o cruzamento autom\u00e1tico.<\/li>\n\n\n\n<li>Nome semelhante: pequenas varia\u00e7\u00f5es n\u00e3o s\u00e3o suficientes para o sistema diferenciar CPFs.<\/li>\n<\/ul>\n\n\n\n<h2 class=\"wp-block-heading\">Como isso afeta a fam\u00edlia e a sa\u00fade do segurado?<\/h2>\n\n\n\n<p>A cada bloqueio, a fam\u00edlia precisa levar o idoso presencialmente a uma ag\u00eancia para provar que ele est\u00e1 vivo. Aos 97 anos, o deslocamento frequente agrava riscos \u00e0 <strong>sa\u00fade f\u00edsica e emocional<\/strong>, transformando um erro t\u00e9cnico em sofrimento humano.<\/p>\n\n\n\n<p>Al\u00e9m do desgaste, a suspens\u00e3o do benef\u00edcio compromete a compra de <strong>medicamentos e itens b\u00e1sicos<\/strong>. A reincid\u00eancia mostra que o sistema n\u00e3o aprende com corre\u00e7\u00f5es manuais, repetindo o erro a cada nova varredura autom\u00e1tica de dados.<\/p>\n\n\n\n<figure class=\"wp-block-image size-large\"><img loading=\"lazy\" decoding=\"async\" width=\"1024\" height=\"576\" src=\"https:\/\/www.em.com.br\/emfoco\/wp-content\/uploads\/2026\/01\/AIAI-4-43-1024x576.jpg\" alt=\"INSS suspende benef\u00edcio de idoso de 97 anos pela quarta vez ap\u00f3s declar\u00e1-lo morto por engano\" class=\"wp-image-157465\" srcset=\"https:\/\/www.em.com.br\/emfoco\/wp-content\/uploads\/2026\/01\/AIAI-4-43-1024x576.jpg 1024w, https:\/\/www.em.com.br\/emfoco\/wp-content\/uploads\/2026\/01\/AIAI-4-43-300x169.jpg 300w, https:\/\/www.em.com.br\/emfoco\/wp-content\/uploads\/2026\/01\/AIAI-4-43-768x432.jpg 768w, https:\/\/www.em.com.br\/emfoco\/wp-content\/uploads\/2026\/01\/AIAI-4-43-750x422.jpg 750w, https:\/\/www.em.com.br\/emfoco\/wp-content\/uploads\/2026\/01\/AIAI-4-43-1140x641.jpg 1140w, https:\/\/www.em.com.br\/emfoco\/wp-content\/uploads\/2026\/01\/AIAI-4-43.jpg 1280w\" sizes=\"auto, (max-width: 1024px) 100vw, 1024px\" \/><figcaption class=\"wp-element-caption\">Bloqueios sucessivos causam danos \u00e0 sa\u00fade e ao sustento familiar<\/figcaption><\/figure>\n\n\n\n<p><em>Leia mais: <strong><a href=\"https:\/\/www.em.com.br\/emfoco\/2026\/01\/20\/inss-usa-redes-sociais-em-revisoes-de-beneficios-por-incapacidade-publicacoes-incoerentes-podem-resultar-em-suspensao-de-pagamentos\/\" target=\"_blank\" rel=\"noreferrer noopener\">INSS usa redes sociais em revis\u00f5es de benef\u00edcios por incapacidade: publica\u00e7\u00f5es incoerentes podem resultar em suspens\u00e3o de pagamentos<\/a><\/strong><\/em><\/p>\n\n\n\n<h2 class=\"wp-block-heading\">O que fazer se o INSS cortar benef\u00edcio por erro de \u00f3bito?<\/h2>\n\n\n\n<p>Quando ocorre a suspens\u00e3o indevida por suposto falecimento, o segurado deve agir rapidamente em v\u00e1rias frentes para reverter o erro e garantir seus direitos, conforme as medidas pr\u00e1ticas listadas a seguir.<\/p>\n\n\n\n<ul class=\"wp-block-list\">\n<li>Recurso administrativo: solicitar reativa\u00e7\u00e3o do benef\u00edcio por erro de \u00f3bito no Meu INSS ou pelo 135.<\/li>\n\n\n\n<li>Prova de vida presencial: comparecer ao banco ou ag\u00eancia do INSS para confirma\u00e7\u00e3o f\u00edsica.<\/li>\n\n\n\n<li>A\u00e7\u00e3o judicial: ingressar no Juizado Especial Federal por danos morais e valores atrasados.<\/li>\n<\/ul>\n\n\n\n<h2 class=\"wp-block-heading\">O Estado pode ser responsabilizado por esse tipo de falha?<\/h2>\n\n\n\n<p>Juridicamente, o <strong>INSS responde de forma objetiva<\/strong> pelos danos causados por falhas sist\u00eamicas. A Justi\u00e7a entende que o cidad\u00e3o n\u00e3o pode arcar com consequ\u00eancias de um erro tecnol\u00f3gico criado pelo pr\u00f3prio Estado.<\/p>\n\n\n\n<p>Em casos de reincid\u00eancia, tribunais t\u00eam fixado <strong><a href=\"https:\/\/www.jusbrasil.com.br\/artigos\/indenizacao-por-dano-moral-como-funciona-o-processo\/1828170835\" target=\"_blank\" rel=\"noreferrer noopener\">indeniza\u00e7\u00f5es por danos morais<\/a><\/strong> entre R$ 10 mil e R$ 30 mil, al\u00e9m do pagamento imediato dos valores atrasados. A decis\u00e3o refor\u00e7a que tecnologia deve servir ao cidad\u00e3o, n\u00e3o coloc\u00e1-lo em risco.<\/p>\n","protected":false},"excerpt":{"rendered":"<p>Erro no cruzamento autom\u00e1tico do INSS suspendeu pela quarta vez o benef\u00edcio de idoso de 97 anos, confundido com irm\u00e3o g\u00eameo falecido. A falha exp\u00f5e limites da automa\u00e7\u00e3o, gera cortes indevidos e pode resultar em indeniza\u00e7\u00e3o. Um erro recorrente do INSS gerou indigna\u00e7\u00e3o nacional em 2026 ao suspender, pela quarta vez, o benef\u00edcio de um [&hellip;]<\/p>\n","protected":false},"author":13,"featured_media":157463,"comment_status":"open","ping_status":"open","sticky":false,"template":"","format":"standard","meta":{"jnews-multi-image_gallery":[],"jnews_single_post":{"format":"standard"},"jnews_primary_category":[],"jnews_social_meta":[],"jnews_override_counter":[],"footnotes":""},"categories":[28],"tags":[259,18530,174],"class_list":["post-157435","post","type-post","status-publish","format-standard","has-post-thumbnail","hentry","category-economia","tag-beneficio","tag-corte-de-beneficio","tag-inss"],"yoast_head":"<!-- This site is optimized with the Yoast SEO plugin v23.8 - https:\/\/yoast.com\/wordpress\/plugins\/seo\/ -->\n<title>INSS suspende benef\u00edcio de idoso de 97 anos pela quarta vez ap\u00f3s declar\u00e1-lo morto por engano - Estado de Minas - Em foco<\/title>\n<meta name=\"description\" content=\"INSS suspende benef\u00edcio de idoso vivo pela 4\u00aa vez ap\u00f3s declar\u00e1-lo morto. Fam\u00edlia denuncia falha grave no sistema automatizado do governo.\" \/>\n<meta name=\"robots\" content=\"index, follow, max-snippet:-1, max-image-preview:large, max-video-preview:-1\" \/>\n<link rel=\"canonical\" href=\"https:\/\/www.em.com.br\/emfoco\/2026\/01\/22\/inss-suspende-beneficio-de-idoso-de-97-anos-pela-quarta-vez-apos-declara-lo-morto-por-engano\/\" \/>\n<meta property=\"og:locale\" content=\"pt_BR\" \/>\n<meta property=\"og:type\" content=\"article\" \/>\n<meta property=\"og:title\" content=\"INSS suspende benef\u00edcio de idoso de 97 anos pela quarta vez ap\u00f3s declar\u00e1-lo morto por engano - Estado de Minas - Em foco\" \/>\n<meta property=\"og:description\" content=\"INSS suspende benef\u00edcio de idoso vivo pela 4\u00aa vez ap\u00f3s declar\u00e1-lo morto. Fam\u00edlia denuncia falha grave no sistema automatizado do governo.\" \/>\n<meta property=\"og:url\" content=\"https:\/\/www.em.com.br\/emfoco\/2026\/01\/22\/inss-suspende-beneficio-de-idoso-de-97-anos-pela-quarta-vez-apos-declara-lo-morto-por-engano\/\" \/>\n<meta property=\"og:site_name\" content=\"Estado de Minas - Em foco\" \/>\n<meta property=\"article:published_time\" content=\"2026-01-22T15:35:00+00:00\" \/>\n<meta property=\"article:modified_time\" content=\"2026-01-20T15:44:44+00:00\" \/>\n<meta property=\"og:image\" content=\"https:\/\/www.em.com.br\/emfoco\/wp-content\/uploads\/2026\/01\/AIAI-2-47.jpg\" \/>\n\t<meta property=\"og:image:width\" content=\"1280\" \/>\n\t<meta property=\"og:image:height\" content=\"720\" \/>\n\t<meta property=\"og:image:type\" content=\"image\/jpeg\" \/>\n<meta name=\"author\" content=\"Gabriel Martins\" \/>\n<meta name=\"twitter:card\" content=\"summary_large_image\" \/>\n<meta name=\"twitter:label1\" content=\"Escrito por\" \/>\n\t<meta name=\"twitter:data1\" content=\"Gabriel Martins\" \/>\n\t<meta name=\"twitter:label2\" content=\"Est. tempo de leitura\" \/>\n\t<meta name=\"twitter:data2\" content=\"4 minutos\" \/>\n<!-- \/ Yoast SEO plugin. -->","yoast_head_json":{"title":"INSS suspende benef\u00edcio de idoso de 97 anos pela quarta vez ap\u00f3s declar\u00e1-lo morto por engano - Estado de Minas - Em foco","description":"INSS suspende benef\u00edcio de idoso vivo pela 4\u00aa vez ap\u00f3s declar\u00e1-lo morto. Fam\u00edlia denuncia falha grave no sistema automatizado do governo.","robots":{"index":"index","follow":"follow","max-snippet":"max-snippet:-1","max-image-preview":"max-image-preview:large","max-video-preview":"max-video-preview:-1"},"canonical":"https:\/\/www.em.com.br\/emfoco\/2026\/01\/22\/inss-suspende-beneficio-de-idoso-de-97-anos-pela-quarta-vez-apos-declara-lo-morto-por-engano\/","og_locale":"pt_BR","og_type":"article","og_title":"INSS suspende benef\u00edcio de idoso de 97 anos pela quarta vez ap\u00f3s declar\u00e1-lo morto por engano - Estado de Minas - Em foco","og_description":"INSS suspende benef\u00edcio de idoso vivo pela 4\u00aa vez ap\u00f3s declar\u00e1-lo morto. Fam\u00edlia denuncia falha grave no sistema automatizado do governo.","og_url":"https:\/\/www.em.com.br\/emfoco\/2026\/01\/22\/inss-suspende-beneficio-de-idoso-de-97-anos-pela-quarta-vez-apos-declara-lo-morto-por-engano\/","og_site_name":"Estado de Minas - Em foco","article_published_time":"2026-01-22T15:35:00+00:00","article_modified_time":"2026-01-20T15:44:44+00:00","og_image":[{"width":1280,"height":720,"url":"https:\/\/www.em.com.br\/emfoco\/wp-content\/uploads\/2026\/01\/AIAI-2-47.jpg","type":"image\/jpeg"}],"author":"Gabriel Martins","twitter_card":"summary_large_image","twitter_misc":{"Escrito por":"Gabriel Martins","Est. tempo de leitura":"4 minutos"},"schema":{"@context":"https:\/\/schema.org","@graph":[{"@type":"WebPage","@id":"https:\/\/www.em.com.br\/emfoco\/2026\/01\/22\/inss-suspende-beneficio-de-idoso-de-97-anos-pela-quarta-vez-apos-declara-lo-morto-por-engano\/","url":"https:\/\/www.em.com.br\/emfoco\/2026\/01\/22\/inss-suspende-beneficio-de-idoso-de-97-anos-pela-quarta-vez-apos-declara-lo-morto-por-engano\/","name":"INSS suspende benef\u00edcio de idoso de 97 anos pela quarta vez ap\u00f3s declar\u00e1-lo morto por engano - Estado de Minas - Em foco","isPartOf":{"@id":"https:\/\/www.em.com.br\/emfoco\/#website"},"primaryImageOfPage":{"@id":"https:\/\/www.em.com.br\/emfoco\/2026\/01\/22\/inss-suspende-beneficio-de-idoso-de-97-anos-pela-quarta-vez-apos-declara-lo-morto-por-engano\/#primaryimage"},"image":{"@id":"https:\/\/www.em.com.br\/emfoco\/2026\/01\/22\/inss-suspende-beneficio-de-idoso-de-97-anos-pela-quarta-vez-apos-declara-lo-morto-por-engano\/#primaryimage"},"thumbnailUrl":"https:\/\/www.em.com.br\/emfoco\/wp-content\/uploads\/2026\/01\/AIAI-2-47.jpg","datePublished":"2026-01-22T15:35:00+00:00","dateModified":"2026-01-20T15:44:44+00:00","author":{"@id":"https:\/\/www.em.com.br\/emfoco\/#\/schema\/person\/1c9ddeab18b98abeffef834667bcf08a"},"description":"INSS suspende benef\u00edcio de idoso vivo pela 4\u00aa vez ap\u00f3s declar\u00e1-lo morto. Fam\u00edlia denuncia falha grave no sistema automatizado do governo.","breadcrumb":{"@id":"https:\/\/www.em.com.br\/emfoco\/2026\/01\/22\/inss-suspende-beneficio-de-idoso-de-97-anos-pela-quarta-vez-apos-declara-lo-morto-por-engano\/#breadcrumb"},"inLanguage":"pt-BR","potentialAction":[{"@type":"ReadAction","target":["https:\/\/www.em.com.br\/emfoco\/2026\/01\/22\/inss-suspende-beneficio-de-idoso-de-97-anos-pela-quarta-vez-apos-declara-lo-morto-por-engano\/"]}]},{"@type":"ImageObject","inLanguage":"pt-BR","@id":"https:\/\/www.em.com.br\/emfoco\/2026\/01\/22\/inss-suspende-beneficio-de-idoso-de-97-anos-pela-quarta-vez-apos-declara-lo-morto-por-engano\/#primaryimage","url":"https:\/\/www.em.com.br\/emfoco\/wp-content\/uploads\/2026\/01\/AIAI-2-47.jpg","contentUrl":"https:\/\/www.em.com.br\/emfoco\/wp-content\/uploads\/2026\/01\/AIAI-2-47.jpg","width":1280,"height":720,"caption":"Erro sist\u00eamico do INSS suspende benef\u00edcio e exp\u00f5e riscos a idosos vulner\u00e1veis"},{"@type":"BreadcrumbList","@id":"https:\/\/www.em.com.br\/emfoco\/2026\/01\/22\/inss-suspende-beneficio-de-idoso-de-97-anos-pela-quarta-vez-apos-declara-lo-morto-por-engano\/#breadcrumb","itemListElement":[{"@type":"ListItem","position":1,"name":"In\u00edcio","item":"https:\/\/www.em.com.br\/emfoco\/"},{"@type":"ListItem","position":2,"name":"INSS suspende benef\u00edcio de idoso de 97 anos pela quarta vez ap\u00f3s declar\u00e1-lo morto por engano"}]},{"@type":"WebSite","@id":"https:\/\/www.em.com.br\/emfoco\/#website","url":"https:\/\/www.em.com.br\/emfoco\/","name":"Estado de Minas - Em foco","description":"Acompanhe as \u00faltimas not\u00edcias e fique bem informado sobre tudo o que acontece em Minas Gerais, Brasil e no mundo.","potentialAction":[{"@type":"SearchAction","target":{"@type":"EntryPoint","urlTemplate":"https:\/\/www.em.com.br\/emfoco\/?s={search_term_string}"},"query-input":{"@type":"PropertyValueSpecification","valueRequired":true,"valueName":"search_term_string"}}],"inLanguage":"pt-BR"},{"@type":"Person","@id":"https:\/\/www.em.com.br\/emfoco\/#\/schema\/person\/1c9ddeab18b98abeffef834667bcf08a","name":"Gabriel Martins","image":{"@type":"ImageObject","inLanguage":"pt-BR","@id":"https:\/\/www.em.com.br\/emfoco\/#\/schema\/person\/image\/","url":"https:\/\/secure.gravatar.com\/avatar\/f0f1e2efdfd88f1ad2cb08c5c2731e50?s=96&d=mm&r=g","contentUrl":"https:\/\/secure.gravatar.com\/avatar\/f0f1e2efdfd88f1ad2cb08c5c2731e50?s=96&d=mm&r=g","caption":"Gabriel Martins"},"sameAs":["https:\/\/www.em.com.br\/emfoco\/"],"url":"https:\/\/www.em.com.br\/emfoco\/author\/gabrielmartinsmyth\/"}]}},"_links":{"self":[{"href":"https:\/\/www.em.com.br\/emfoco\/wp-json\/wp\/v2\/posts\/157435","targetHints":{"allow":["GET"]}}],"collection":[{"href":"https:\/\/www.em.com.br\/emfoco\/wp-json\/wp\/v2\/posts"}],"about":[{"href":"https:\/\/www.em.com.br\/emfoco\/wp-json\/wp\/v2\/types\/post"}],"author":[{"embeddable":true,"href":"https:\/\/www.em.com.br\/emfoco\/wp-json\/wp\/v2\/users\/13"}],"replies":[{"embeddable":true,"href":"https:\/\/www.em.com.br\/emfoco\/wp-json\/wp\/v2\/comments?post=157435"}],"version-history":[{"count":1,"href":"https:\/\/www.em.com.br\/emfoco\/wp-json\/wp\/v2\/posts\/157435\/revisions"}],"predecessor-version":[{"id":157466,"href":"https:\/\/www.em.com.br\/emfoco\/wp-json\/wp\/v2\/posts\/157435\/revisions\/157466"}],"wp:featuredmedia":[{"embeddable":true,"href":"https:\/\/www.em.com.br\/emfoco\/wp-json\/wp\/v2\/media\/157463"}],"wp:attachment":[{"href":"https:\/\/www.em.com.br\/emfoco\/wp-json\/wp\/v2\/media?parent=157435"}],"wp:term":[{"taxonomy":"category","embeddable":true,"href":"https:\/\/www.em.com.br\/emfoco\/wp-json\/wp\/v2\/categories?post=157435"},{"taxonomy":"post_tag","embeddable":true,"href":"https:\/\/www.em.com.br\/emfoco\/wp-json\/wp\/v2\/tags?post=157435"}],"curies":[{"name":"wp","href":"https:\/\/api.w.org\/{rel}","templated":true}]}}