{"id":157434,"date":"2026-01-22T21:15:00","date_gmt":"2026-01-23T00:15:00","guid":{"rendered":"https:\/\/www.em.com.br\/emfoco\/?p=157434"},"modified":"2026-01-20T13:21:29","modified_gmt":"2026-01-20T16:21:29","slug":"erva-que-protege-o-figado-e-cicatriza-o-estomago-ganha-destaque-na-fitoterapia-e-reforca-tradicao-indigena","status":"publish","type":"post","link":"https:\/\/www.em.com.br\/emfoco\/2026\/01\/22\/erva-que-protege-o-figado-e-cicatriza-o-estomago-ganha-destaque-na-fitoterapia-e-reforca-tradicao-indigena\/","title":{"rendered":"Erva que protege o f\u00edgado e cicatriza o est\u00f4mago ganha destaque na fitoterapia e refor\u00e7a tradi\u00e7\u00e3o ind\u00edgena"},"content":{"rendered":"\n<h2 class=\"wp-block-heading\">A erva-de-bugre (gua\u00e7atonga) cont\u00e9m compostos com a\u00e7\u00e3o gastroprotetora, anti-inflamat\u00f3ria e hepatoprotetora. Usada em ch\u00e1 por infus\u00e3o, auxilia mucosas digestivas, f\u00edgado e cicatriza\u00e7\u00e3o, com uso moderado e cautelas espec\u00edficas.<\/h2>\n\n\n\n<p>A <strong>erva-de-bugre<\/strong>, tamb\u00e9m chamada de gua\u00e7atonga, ganhou destaque por unir detox hep\u00e1tico, prote\u00e7\u00e3o g\u00e1strica e efeito anti-inflamat\u00f3rio. Tradicional no uso ind\u00edgena e estudada pela fitoterapia moderna, a planta apoia digest\u00e3o, mucosas e processos de cicatriza\u00e7\u00e3o.<\/p>\n\n\n\n<h2 class=\"wp-block-heading\">O que torna a erva-de-bugre t\u00e3o valorizada na fitoterapia?<\/h2>\n\n\n\n<p>A planta re\u00fane compostos bioativos como <strong>diterpenos<\/strong> e \u00f3leos essenciais, associados \u00e0 modula\u00e7\u00e3o inflamat\u00f3ria e \u00e0 defesa das mucosas. Essa combina\u00e7\u00e3o explica seu uso hist\u00f3rico para est\u00f4mago sens\u00edvel, f\u00edgado sobrecarregado e desconfortos recorrentes.<\/p>\n\n\n\n<p>Pesquisas acad\u00eamicas em farmacognosia descrevem a <strong>Casearia sylvestris<\/strong> como fonte de subst\u00e2ncias com a\u00e7\u00e3o gastroprotetora e cicatrizante, refor\u00e7ando a tradi\u00e7\u00e3o popular ao indicar suporte natural para tecidos expostos \u00e0 acidez e inflama\u00e7\u00e3o.<\/p>\n\n\n\n<figure class=\"wp-block-image size-large\"><img loading=\"lazy\" decoding=\"async\" width=\"1024\" height=\"576\" src=\"https:\/\/www.em.com.br\/emfoco\/wp-content\/uploads\/2026\/01\/AIAI-25-4-1024x576.jpg\" alt=\"Erva que protege o f\u00edgado e cicatriza o est\u00f4mago ganha destaque na fitoterapia e refor\u00e7a tradi\u00e7\u00e3o ind\u00edgena\" class=\"wp-image-157500\" srcset=\"https:\/\/www.em.com.br\/emfoco\/wp-content\/uploads\/2026\/01\/AIAI-25-4-1024x576.jpg 1024w, https:\/\/www.em.com.br\/emfoco\/wp-content\/uploads\/2026\/01\/AIAI-25-4-300x169.jpg 300w, https:\/\/www.em.com.br\/emfoco\/wp-content\/uploads\/2026\/01\/AIAI-25-4-768x432.jpg 768w, https:\/\/www.em.com.br\/emfoco\/wp-content\/uploads\/2026\/01\/AIAI-25-4-750x422.jpg 750w, https:\/\/www.em.com.br\/emfoco\/wp-content\/uploads\/2026\/01\/AIAI-25-4-1140x641.jpg 1140w, https:\/\/www.em.com.br\/emfoco\/wp-content\/uploads\/2026\/01\/AIAI-25-4.jpg 1280w\" sizes=\"auto, (max-width: 1024px) 100vw, 1024px\" \/><figcaption class=\"wp-element-caption\">Compostos bioativos explicam uso tradicional e valor cient\u00edfico da gua\u00e7atonga<\/figcaption><\/figure>\n\n\n\n<h2 class=\"wp-block-heading\">Quais s\u00e3o os principais benef\u00edcios terap\u00eauticos da planta?<\/h2>\n\n\n\n<p>Os efeitos mais citados envolvem prote\u00e7\u00e3o digestiva, aux\u00edlio ao f\u00edgado e controle inflamat\u00f3rio, desde que usados de forma correta. Entre os benef\u00edcios reconhecidos por estudos e pr\u00e1tica cl\u00ednica, destacam-se os pontos a seguir.<\/p>\n\n\n\n<ul class=\"wp-block-list\">\n<li><strong>Prote\u00e7\u00e3o g\u00e1strica<\/strong>: ajuda a reduzir agress\u00f5es \u00e1cidas e a preservar a mucosa do est\u00f4mago.<\/li>\n\n\n\n<li><strong>A\u00e7\u00e3o hepatoprotetora<\/strong>: favorece a metaboliza\u00e7\u00e3o de gorduras e a elimina\u00e7\u00e3o de toxinas.<\/li>\n\n\n\n<li><strong>Anti-inflamat\u00f3rio natural<\/strong>: contribui para aliviar dores e acelerar a cicatriza\u00e7\u00e3o.<\/li>\n<\/ul>\n\n\n\n<h2 class=\"wp-block-heading\">Como a erva-de-bugre atua no f\u00edgado e no est\u00f4mago?<\/h2>\n\n\n\n<p>No f\u00edgado, a a\u00e7\u00e3o <strong>depurativa<\/strong> auxilia enzimas respons\u00e1veis pelo processamento de res\u00edduos metab\u00f3licos, o que se reflete em menor incha\u00e7o e melhor disposi\u00e7\u00e3o. Esse suporte \u00e9 citado em revis\u00f5es de fitoterapia integrativa.<\/p>\n\n\n\n<p>No est\u00f4mago, a gua\u00e7atonga atua como <strong><a href=\"https:\/\/www.buscopan.com.br\/blog\/dor-na-barriga\/o-que-e-mucosa-do-estomago-saiba-tudo\" target=\"_blank\" rel=\"noreferrer noopener\">escudo mucoso<\/a><\/strong>, reduzindo irrita\u00e7\u00f5es e favorecendo o reparo tecidual. Estudos experimentais apontam potencial antiulcerog\u00eanico, inclusive contra agress\u00f5es bacterianas comuns no trato digestivo.<\/p>\n\n\n\n<figure class=\"wp-block-image size-large\"><img loading=\"lazy\" decoding=\"async\" width=\"1024\" height=\"576\" src=\"https:\/\/www.em.com.br\/emfoco\/wp-content\/uploads\/2026\/01\/AIAI-26-3-1024x576.jpg\" alt=\"Erva que protege o f\u00edgado e cicatriza o est\u00f4mago ganha destaque na fitoterapia e refor\u00e7a tradi\u00e7\u00e3o ind\u00edgena\" class=\"wp-image-157501\" srcset=\"https:\/\/www.em.com.br\/emfoco\/wp-content\/uploads\/2026\/01\/AIAI-26-3-1024x576.jpg 1024w, https:\/\/www.em.com.br\/emfoco\/wp-content\/uploads\/2026\/01\/AIAI-26-3-300x169.jpg 300w, https:\/\/www.em.com.br\/emfoco\/wp-content\/uploads\/2026\/01\/AIAI-26-3-768x432.jpg 768w, https:\/\/www.em.com.br\/emfoco\/wp-content\/uploads\/2026\/01\/AIAI-26-3-750x422.jpg 750w, https:\/\/www.em.com.br\/emfoco\/wp-content\/uploads\/2026\/01\/AIAI-26-3-1140x641.jpg 1140w, https:\/\/www.em.com.br\/emfoco\/wp-content\/uploads\/2026\/01\/AIAI-26-3.jpg 1280w\" sizes=\"auto, (max-width: 1024px) 100vw, 1024px\" \/><figcaption class=\"wp-element-caption\">A\u00e7\u00e3o depurativa hep\u00e1tica e gastroprotetora melhora digest\u00e3o e mucosas<\/figcaption><\/figure>\n\n\n\n<p><em>Leia mais: <em><strong><a href=\"https:\/\/www.em.com.br\/emfoco\/2026\/01\/20\/cardiologista-recomenda-essas-3-plantas-para-proteger-seu-coracao-e-se-manter-saudavel\/\" target=\"_blank\" rel=\"noreferrer noopener\">Cardiologista recomenda essas 3 plantas para proteger seu cora\u00e7\u00e3o e se manter saud\u00e1vel<\/a><\/strong><\/em><\/em><\/p>\n\n\n\n<h2 class=\"wp-block-heading\">Como preparar e consumir a erva-de-bugre com seguran\u00e7a?<\/h2>\n\n\n\n<p>A forma mais indicada \u00e9 o ch\u00e1 por infus\u00e3o, preservando os compostos sens\u00edveis ao calor. Para obter efeito terap\u00eautico sem excessos, siga pr\u00e1ticas consagradas pela fitoterapia cl\u00ednica, conforme as orienta\u00e7\u00f5es abaixo.<\/p>\n\n\n\n<ul class=\"wp-block-list\">\n<li><strong>Propor\u00e7\u00e3o correta<\/strong>: use 1 colher de sopa de folhas secas para 500 ml de \u00e1gua quente.<\/li>\n\n\n\n<li><strong>M\u00e9todo adequado<\/strong>: desligue o fogo ao ferver, adicione as folhas e infunda por 10 minutos.<\/li>\n\n\n\n<li><strong>Consumo orientado<\/strong>: beba 2 a 3 x\u00edcaras ao dia, entre refei\u00e7\u00f5es ou antes delas.<\/li>\n<\/ul>\n\n\n\n<h2 class=\"wp-block-heading\">Quais cuidados e contraindica\u00e7\u00f5es devem ser observados?<\/h2>\n\n\n\n<p>Apesar de natural, o uso requer cautela. Especialistas em fitoterapia recomendam pausas ap\u00f3s ciclos de consumo para evitar sobrecarga renal e ajustar a resposta individual do organismo.<\/p>\n\n\n\n<p><strong>Gestantes e lactantes<\/strong> devem evitar a planta por falta de estudos conclusivos de seguran\u00e7a, e pessoas com uso cont\u00ednuo de medicamentos precisam de orienta\u00e7\u00e3o profissional para prevenir intera\u00e7\u00f5es indesejadas.<\/p>\n","protected":false},"excerpt":{"rendered":"<p>A erva-de-bugre (gua\u00e7atonga) cont\u00e9m compostos com a\u00e7\u00e3o gastroprotetora, anti-inflamat\u00f3ria e hepatoprotetora. Usada em ch\u00e1 por infus\u00e3o, auxilia mucosas digestivas, f\u00edgado e cicatriza\u00e7\u00e3o, com uso moderado e cautelas espec\u00edficas. A erva-de-bugre, tamb\u00e9m chamada de gua\u00e7atonga, ganhou destaque por unir detox hep\u00e1tico, prote\u00e7\u00e3o g\u00e1strica e efeito anti-inflamat\u00f3rio. Tradicional no uso ind\u00edgena e estudada pela fitoterapia moderna, a [&hellip;]<\/p>\n","protected":false},"author":13,"featured_media":157499,"comment_status":"open","ping_status":"open","sticky":false,"template":"","format":"standard","meta":{"jnews-multi-image_gallery":[],"jnews_single_post":{"format":"standard"},"jnews_primary_category":[],"jnews_social_meta":[],"jnews_override_counter":[],"footnotes":""},"categories":[9053],"tags":[3358,8026],"class_list":["post-157434","post","type-post","status-publish","format-standard","has-post-thumbnail","hentry","category-saude","tag-jardinagem","tag-planta-medicinal"],"yoast_head":"<!-- This site is optimized with the Yoast SEO plugin v23.8 - https:\/\/yoast.com\/wordpress\/plugins\/seo\/ -->\n<title>Erva que protege o f\u00edgado e cicatriza o est\u00f4mago ganha destaque na fitoterapia e refor\u00e7a tradi\u00e7\u00e3o ind\u00edgena - Estado de Minas - Em foco<\/title>\n<meta name=\"description\" content=\"Planta nativa usada por ind\u00edgenas ajuda a proteger o f\u00edgado, cicatrizar o est\u00f4mago e reduzir inflama\u00e7\u00f5es digestivas de forma natural.\" \/>\n<meta name=\"robots\" content=\"index, follow, max-snippet:-1, max-image-preview:large, max-video-preview:-1\" \/>\n<link rel=\"canonical\" href=\"https:\/\/www.em.com.br\/emfoco\/2026\/01\/22\/erva-que-protege-o-figado-e-cicatriza-o-estomago-ganha-destaque-na-fitoterapia-e-reforca-tradicao-indigena\/\" \/>\n<meta property=\"og:locale\" content=\"pt_BR\" \/>\n<meta property=\"og:type\" content=\"article\" \/>\n<meta property=\"og:title\" content=\"Erva que protege o f\u00edgado e cicatriza o est\u00f4mago ganha destaque na fitoterapia e refor\u00e7a tradi\u00e7\u00e3o ind\u00edgena - Estado de Minas - Em foco\" \/>\n<meta property=\"og:description\" content=\"Planta nativa usada por ind\u00edgenas ajuda a proteger o f\u00edgado, cicatrizar o est\u00f4mago e reduzir inflama\u00e7\u00f5es digestivas de forma natural.\" \/>\n<meta property=\"og:url\" content=\"https:\/\/www.em.com.br\/emfoco\/2026\/01\/22\/erva-que-protege-o-figado-e-cicatriza-o-estomago-ganha-destaque-na-fitoterapia-e-reforca-tradicao-indigena\/\" \/>\n<meta property=\"og:site_name\" content=\"Estado de Minas - Em foco\" \/>\n<meta property=\"article:published_time\" content=\"2026-01-23T00:15:00+00:00\" \/>\n<meta property=\"article:modified_time\" content=\"2026-01-20T16:21:29+00:00\" \/>\n<meta property=\"og:image\" content=\"https:\/\/www.em.com.br\/emfoco\/wp-content\/uploads\/2026\/01\/AIAI-24-5.jpg\" \/>\n\t<meta property=\"og:image:width\" content=\"1280\" \/>\n\t<meta property=\"og:image:height\" content=\"720\" \/>\n\t<meta property=\"og:image:type\" content=\"image\/jpeg\" \/>\n<meta name=\"author\" content=\"Gabriel Martins\" \/>\n<meta name=\"twitter:card\" content=\"summary_large_image\" \/>\n<meta name=\"twitter:label1\" content=\"Escrito por\" \/>\n\t<meta name=\"twitter:data1\" content=\"Gabriel Martins\" \/>\n\t<meta name=\"twitter:label2\" content=\"Est. tempo de leitura\" \/>\n\t<meta name=\"twitter:data2\" content=\"4 minutos\" \/>\n<!-- \/ Yoast SEO plugin. -->","yoast_head_json":{"title":"Erva que protege o f\u00edgado e cicatriza o est\u00f4mago ganha destaque na fitoterapia e refor\u00e7a tradi\u00e7\u00e3o ind\u00edgena - Estado de Minas - Em foco","description":"Planta nativa usada por ind\u00edgenas ajuda a proteger o f\u00edgado, cicatrizar o est\u00f4mago e reduzir inflama\u00e7\u00f5es digestivas de forma natural.","robots":{"index":"index","follow":"follow","max-snippet":"max-snippet:-1","max-image-preview":"max-image-preview:large","max-video-preview":"max-video-preview:-1"},"canonical":"https:\/\/www.em.com.br\/emfoco\/2026\/01\/22\/erva-que-protege-o-figado-e-cicatriza-o-estomago-ganha-destaque-na-fitoterapia-e-reforca-tradicao-indigena\/","og_locale":"pt_BR","og_type":"article","og_title":"Erva que protege o f\u00edgado e cicatriza o est\u00f4mago ganha destaque na fitoterapia e refor\u00e7a tradi\u00e7\u00e3o ind\u00edgena - Estado de Minas - Em foco","og_description":"Planta nativa usada por ind\u00edgenas ajuda a proteger o f\u00edgado, cicatrizar o est\u00f4mago e reduzir inflama\u00e7\u00f5es digestivas de forma natural.","og_url":"https:\/\/www.em.com.br\/emfoco\/2026\/01\/22\/erva-que-protege-o-figado-e-cicatriza-o-estomago-ganha-destaque-na-fitoterapia-e-reforca-tradicao-indigena\/","og_site_name":"Estado de Minas - Em foco","article_published_time":"2026-01-23T00:15:00+00:00","article_modified_time":"2026-01-20T16:21:29+00:00","og_image":[{"width":1280,"height":720,"url":"https:\/\/www.em.com.br\/emfoco\/wp-content\/uploads\/2026\/01\/AIAI-24-5.jpg","type":"image\/jpeg"}],"author":"Gabriel Martins","twitter_card":"summary_large_image","twitter_misc":{"Escrito por":"Gabriel Martins","Est. tempo de leitura":"4 minutos"},"schema":{"@context":"https:\/\/schema.org","@graph":[{"@type":"WebPage","@id":"https:\/\/www.em.com.br\/emfoco\/2026\/01\/22\/erva-que-protege-o-figado-e-cicatriza-o-estomago-ganha-destaque-na-fitoterapia-e-reforca-tradicao-indigena\/","url":"https:\/\/www.em.com.br\/emfoco\/2026\/01\/22\/erva-que-protege-o-figado-e-cicatriza-o-estomago-ganha-destaque-na-fitoterapia-e-reforca-tradicao-indigena\/","name":"Erva que protege o f\u00edgado e cicatriza o est\u00f4mago ganha destaque na fitoterapia e refor\u00e7a tradi\u00e7\u00e3o ind\u00edgena - Estado de Minas - Em foco","isPartOf":{"@id":"https:\/\/www.em.com.br\/emfoco\/#website"},"primaryImageOfPage":{"@id":"https:\/\/www.em.com.br\/emfoco\/2026\/01\/22\/erva-que-protege-o-figado-e-cicatriza-o-estomago-ganha-destaque-na-fitoterapia-e-reforca-tradicao-indigena\/#primaryimage"},"image":{"@id":"https:\/\/www.em.com.br\/emfoco\/2026\/01\/22\/erva-que-protege-o-figado-e-cicatriza-o-estomago-ganha-destaque-na-fitoterapia-e-reforca-tradicao-indigena\/#primaryimage"},"thumbnailUrl":"https:\/\/www.em.com.br\/emfoco\/wp-content\/uploads\/2026\/01\/AIAI-24-5.jpg","datePublished":"2026-01-23T00:15:00+00:00","dateModified":"2026-01-20T16:21:29+00:00","author":{"@id":"https:\/\/www.em.com.br\/emfoco\/#\/schema\/person\/1c9ddeab18b98abeffef834667bcf08a"},"description":"Planta nativa usada por ind\u00edgenas ajuda a proteger o f\u00edgado, cicatrizar o est\u00f4mago e reduzir inflama\u00e7\u00f5es digestivas de forma natural.","breadcrumb":{"@id":"https:\/\/www.em.com.br\/emfoco\/2026\/01\/22\/erva-que-protege-o-figado-e-cicatriza-o-estomago-ganha-destaque-na-fitoterapia-e-reforca-tradicao-indigena\/#breadcrumb"},"inLanguage":"pt-BR","potentialAction":[{"@type":"ReadAction","target":["https:\/\/www.em.com.br\/emfoco\/2026\/01\/22\/erva-que-protege-o-figado-e-cicatriza-o-estomago-ganha-destaque-na-fitoterapia-e-reforca-tradicao-indigena\/"]}]},{"@type":"ImageObject","inLanguage":"pt-BR","@id":"https:\/\/www.em.com.br\/emfoco\/2026\/01\/22\/erva-que-protege-o-figado-e-cicatriza-o-estomago-ganha-destaque-na-fitoterapia-e-reforca-tradicao-indigena\/#primaryimage","url":"https:\/\/www.em.com.br\/emfoco\/wp-content\/uploads\/2026\/01\/AIAI-24-5.jpg","contentUrl":"https:\/\/www.em.com.br\/emfoco\/wp-content\/uploads\/2026\/01\/AIAI-24-5.jpg","width":1280,"height":720,"caption":"Erva-de-bugre combina prote\u00e7\u00e3o digestiva, suporte hep\u00e1tico e a\u00e7\u00e3o anti-inflamat\u00f3ria natural"},{"@type":"BreadcrumbList","@id":"https:\/\/www.em.com.br\/emfoco\/2026\/01\/22\/erva-que-protege-o-figado-e-cicatriza-o-estomago-ganha-destaque-na-fitoterapia-e-reforca-tradicao-indigena\/#breadcrumb","itemListElement":[{"@type":"ListItem","position":1,"name":"In\u00edcio","item":"https:\/\/www.em.com.br\/emfoco\/"},{"@type":"ListItem","position":2,"name":"Erva que protege o f\u00edgado e cicatriza o est\u00f4mago ganha destaque na fitoterapia e refor\u00e7a tradi\u00e7\u00e3o ind\u00edgena"}]},{"@type":"WebSite","@id":"https:\/\/www.em.com.br\/emfoco\/#website","url":"https:\/\/www.em.com.br\/emfoco\/","name":"Estado de Minas - Em foco","description":"Acompanhe as \u00faltimas not\u00edcias e fique bem informado sobre tudo o que acontece em Minas Gerais, Brasil e no mundo.","potentialAction":[{"@type":"SearchAction","target":{"@type":"EntryPoint","urlTemplate":"https:\/\/www.em.com.br\/emfoco\/?s={search_term_string}"},"query-input":{"@type":"PropertyValueSpecification","valueRequired":true,"valueName":"search_term_string"}}],"inLanguage":"pt-BR"},{"@type":"Person","@id":"https:\/\/www.em.com.br\/emfoco\/#\/schema\/person\/1c9ddeab18b98abeffef834667bcf08a","name":"Gabriel Martins","image":{"@type":"ImageObject","inLanguage":"pt-BR","@id":"https:\/\/www.em.com.br\/emfoco\/#\/schema\/person\/image\/","url":"https:\/\/secure.gravatar.com\/avatar\/f0f1e2efdfd88f1ad2cb08c5c2731e50?s=96&d=mm&r=g","contentUrl":"https:\/\/secure.gravatar.com\/avatar\/f0f1e2efdfd88f1ad2cb08c5c2731e50?s=96&d=mm&r=g","caption":"Gabriel Martins"},"sameAs":["https:\/\/www.em.com.br\/emfoco\/"],"url":"https:\/\/www.em.com.br\/emfoco\/author\/gabrielmartinsmyth\/"}]}},"_links":{"self":[{"href":"https:\/\/www.em.com.br\/emfoco\/wp-json\/wp\/v2\/posts\/157434","targetHints":{"allow":["GET"]}}],"collection":[{"href":"https:\/\/www.em.com.br\/emfoco\/wp-json\/wp\/v2\/posts"}],"about":[{"href":"https:\/\/www.em.com.br\/emfoco\/wp-json\/wp\/v2\/types\/post"}],"author":[{"embeddable":true,"href":"https:\/\/www.em.com.br\/emfoco\/wp-json\/wp\/v2\/users\/13"}],"replies":[{"embeddable":true,"href":"https:\/\/www.em.com.br\/emfoco\/wp-json\/wp\/v2\/comments?post=157434"}],"version-history":[{"count":1,"href":"https:\/\/www.em.com.br\/emfoco\/wp-json\/wp\/v2\/posts\/157434\/revisions"}],"predecessor-version":[{"id":157502,"href":"https:\/\/www.em.com.br\/emfoco\/wp-json\/wp\/v2\/posts\/157434\/revisions\/157502"}],"wp:featuredmedia":[{"embeddable":true,"href":"https:\/\/www.em.com.br\/emfoco\/wp-json\/wp\/v2\/media\/157499"}],"wp:attachment":[{"href":"https:\/\/www.em.com.br\/emfoco\/wp-json\/wp\/v2\/media?parent=157434"}],"wp:term":[{"taxonomy":"category","embeddable":true,"href":"https:\/\/www.em.com.br\/emfoco\/wp-json\/wp\/v2\/categories?post=157434"},{"taxonomy":"post_tag","embeddable":true,"href":"https:\/\/www.em.com.br\/emfoco\/wp-json\/wp\/v2\/tags?post=157434"}],"curies":[{"name":"wp","href":"https:\/\/api.w.org\/{rel}","templated":true}]}}