{"id":157433,"date":"2026-01-22T19:45:00","date_gmt":"2026-01-22T22:45:00","guid":{"rendered":"https:\/\/www.em.com.br\/emfoco\/?p=157433"},"modified":"2026-01-20T13:13:37","modified_gmt":"2026-01-20T16:13:37","slug":"agua-com-laranja-antes-das-refeicoes-entenda-como-esse-habito-ajuda-na-saciedade-na-digestao-e-ainda-fortalece-sua-pele","status":"publish","type":"post","link":"https:\/\/www.em.com.br\/emfoco\/2026\/01\/22\/agua-com-laranja-antes-das-refeicoes-entenda-como-esse-habito-ajuda-na-saciedade-na-digestao-e-ainda-fortalece-sua-pele\/","title":{"rendered":"\u00c1gua com laranja antes das refei\u00e7\u00f5es? Entenda como esse h\u00e1bito ajuda na saciedade, na digest\u00e3o e ainda fortalece sua pele"},"content":{"rendered":"\n<h2 class=\"wp-block-heading\">\u00c1gua com laranja promove hidrata\u00e7\u00e3o inteligente ao liberar vitamina C, flavonoides e \u00f3leos essenciais sem concentrar a\u00e7\u00facar. A infus\u00e3o estimula digest\u00e3o, imunidade e consumo adequado de l\u00edquidos com baixo impacto cal\u00f3rico.<\/h2>\n\n\n\n<p>Beber <strong>\u00e1gua com fatias de laranja<\/strong> \u00e9 mais do que variar o sabor da hidrata\u00e7\u00e3o di\u00e1ria. A infus\u00e3o a frio libera nutrientes hidrossol\u00faveis e compostos bioativos que o corpo absorve gradualmente, ajudando digest\u00e3o, imunidade e envelhecimento saud\u00e1vel.<\/p>\n\n\n\n<h2 class=\"wp-block-heading\">Por que a \u00e1gua com laranja \u00e9 considerada uma hidrata\u00e7\u00e3o inteligente?<\/h2>\n\n\n\n<p>A infus\u00e3o de laranja na \u00e1gua cria uma extra\u00e7\u00e3o leve de vitaminas e antioxidantes sem concentrar a\u00e7\u00facares, diferente de sucos. Isso favorece a <a href=\"https:\/\/www.msdmanuals.com\/pt\/profissional\/farmacologia-cl%C3%ADnica\/farmacocin%C3%A9tica\/biodisponibilidade\" target=\"_blank\" rel=\"noreferrer noopener\"><strong>biodisponibilidade<\/strong> <\/a>dos nutrientes e mant\u00e9m a hidrata\u00e7\u00e3o constante ao longo do dia.<\/p>\n\n\n\n<p>O sabor suave tamb\u00e9m estimula o consumo de maiores volumes de l\u00edquido, um benef\u00edcio importante para quem tem dificuldade em atingir a ingest\u00e3o di\u00e1ria recomendada, tornando a hidrata\u00e7\u00e3o mais prazerosa e sustent\u00e1vel.<\/p>\n\n\n\n<figure class=\"wp-block-image size-large\"><img loading=\"lazy\" decoding=\"async\" width=\"1024\" height=\"576\" src=\"https:\/\/www.em.com.br\/emfoco\/wp-content\/uploads\/2026\/01\/AIAI-22-7-1024x576.jpg\" alt=\"\u00c1gua com laranja antes das refei\u00e7\u00f5es? Entenda como esse h\u00e1bito ajuda na saciedade, na digest\u00e3o e ainda fortalece sua pele\" class=\"wp-image-157495\" srcset=\"https:\/\/www.em.com.br\/emfoco\/wp-content\/uploads\/2026\/01\/AIAI-22-7-1024x576.jpg 1024w, https:\/\/www.em.com.br\/emfoco\/wp-content\/uploads\/2026\/01\/AIAI-22-7-300x169.jpg 300w, https:\/\/www.em.com.br\/emfoco\/wp-content\/uploads\/2026\/01\/AIAI-22-7-768x432.jpg 768w, https:\/\/www.em.com.br\/emfoco\/wp-content\/uploads\/2026\/01\/AIAI-22-7-750x422.jpg 750w, https:\/\/www.em.com.br\/emfoco\/wp-content\/uploads\/2026\/01\/AIAI-22-7-1140x641.jpg 1140w, https:\/\/www.em.com.br\/emfoco\/wp-content\/uploads\/2026\/01\/AIAI-22-7.jpg 1280w\" sizes=\"auto, (max-width: 1024px) 100vw, 1024px\" \/><figcaption class=\"wp-element-caption\">Infus\u00e3o leve melhora biodisponibilidade e incentiva maior consumo di\u00e1rio de \u00e1gua<\/figcaption><\/figure>\n\n\n\n<h2 class=\"wp-block-heading\">Quais nutrientes s\u00e3o liberados na infus\u00e3o de laranja?<\/h2>\n\n\n\n<p>O diferencial est\u00e1 na combina\u00e7\u00e3o da polpa com a casca, que libera micronutrientes e antioxidantes importantes durante o descanso da fruta na \u00e1gua. Entre os compostos mais relevantes, est\u00e3o os seguintes.<\/p>\n\n\n\n<ul class=\"wp-block-list\">\n<li><strong>Vitamina C<\/strong>: essencial para imunidade e s\u00edntese natural de col\u00e1geno.<\/li>\n\n\n\n<li><strong>Flavonoides<\/strong>: como a hesperidina, com a\u00e7\u00e3o antioxidante e anti-inflamat\u00f3ria.<\/li>\n\n\n\n<li><strong>\u00d3leos essenciais<\/strong>: presentes na casca, auxiliam circula\u00e7\u00e3o e digest\u00e3o.<\/li>\n<\/ul>\n\n\n\n<h2 class=\"wp-block-heading\">Como a \u00e1gua com laranja beneficia diferentes sistemas do corpo?<\/h2>\n\n\n\n<p>No sistema imunol\u00f3gico, a presen\u00e7a cont\u00ednua de <strong>vitamina C<\/strong> estimula a produ\u00e7\u00e3o de c\u00e9lulas de defesa e ajuda a reduzir a frequ\u00eancia de infec\u00e7\u00f5es respirat\u00f3rias leves.<\/p>\n\n\n\n<p>J\u00e1 no metabolismo e na digest\u00e3o, o leve \u00e1cido c\u00edtrico estimula enzimas digestivas, enquanto os antioxidantes contribuem para a sa\u00fade vascular e o equil\u00edbrio do apetite ao longo do dia.<\/p>\n\n\n\n<figure class=\"wp-block-image size-large\"><img loading=\"lazy\" decoding=\"async\" width=\"1024\" height=\"576\" src=\"https:\/\/www.em.com.br\/emfoco\/wp-content\/uploads\/2026\/01\/AIAI-23-6-1024x576.jpg\" alt=\"\u00c1gua com laranja antes das refei\u00e7\u00f5es? Entenda como esse h\u00e1bito ajuda na saciedade, na digest\u00e3o e ainda fortalece sua pele\" class=\"wp-image-157496\" srcset=\"https:\/\/www.em.com.br\/emfoco\/wp-content\/uploads\/2026\/01\/AIAI-23-6-1024x576.jpg 1024w, https:\/\/www.em.com.br\/emfoco\/wp-content\/uploads\/2026\/01\/AIAI-23-6-300x169.jpg 300w, https:\/\/www.em.com.br\/emfoco\/wp-content\/uploads\/2026\/01\/AIAI-23-6-768x432.jpg 768w, https:\/\/www.em.com.br\/emfoco\/wp-content\/uploads\/2026\/01\/AIAI-23-6-750x422.jpg 750w, https:\/\/www.em.com.br\/emfoco\/wp-content\/uploads\/2026\/01\/AIAI-23-6-1140x641.jpg 1140w, https:\/\/www.em.com.br\/emfoco\/wp-content\/uploads\/2026\/01\/AIAI-23-6.jpg 1280w\" sizes=\"auto, (max-width: 1024px) 100vw, 1024px\" \/><figcaption class=\"wp-element-caption\">Compostos bioativos auxiliam imunidade, digest\u00e3o e sa\u00fade metab\u00f3lica cont\u00ednua<\/figcaption><\/figure>\n\n\n\n<p><em>Leia mais: <strong><a href=\"https:\/\/www.em.com.br\/emfoco\/2026\/01\/20\/cardiologista-recomenda-essas-3-plantas-para-proteger-seu-coracao-e-se-manter-saudavel\/\" target=\"_blank\" rel=\"noreferrer noopener\">Cardiologista recomenda essas 3 plantas para proteger seu cora\u00e7\u00e3o e se manter saud\u00e1vel<\/a><\/strong><\/em><\/p>\n\n\n\n<h2 class=\"wp-block-heading\">\u00c1gua com laranja ou suco de laranja qual \u00e9 melhor?<\/h2>\n\n\n\n<p>Embora ambos venham da mesma fruta, os efeitos no organismo s\u00e3o distintos. A \u00e1gua aromatizada entrega micronutrientes com impacto cal\u00f3rico m\u00ednimo, enquanto o suco concentra frutose e pode elevar rapidamente a glicemia.<\/p>\n\n\n\n<p>Para quem busca <strong>hidrata\u00e7\u00e3o prolongada<\/strong>, controle do consumo de a\u00e7\u00facar e manuten\u00e7\u00e3o do peso, a infus\u00e3o a frio se mostra mais adequada para o uso di\u00e1rio.<\/p>\n\n\n\n<h2 class=\"wp-block-heading\">Como preparar \u00e1gua com laranja para extrair mais benef\u00edcios?<\/h2>\n\n\n\n<p>O preparo influencia diretamente a quantidade de compostos liberados pela fruta. Para obter o m\u00e1ximo valor funcional da infus\u00e3o, siga as orienta\u00e7\u00f5es pr\u00e1ticas a seguir.<\/p>\n\n\n\n<ul class=\"wp-block-list\">\n<li><strong>Higieniza\u00e7\u00e3o da casca<\/strong>: escove a fruta com \u00e1gua e bicarbonato para remover res\u00edduos.<\/li>\n\n\n\n<li><strong>Corte em fatias finas<\/strong>: aumenta a \u00e1rea de contato da \u00e1gua com polpa e albedo.<\/li>\n\n\n\n<li><strong>Tempo de infus\u00e3o<\/strong>: deixe descansar ao menos 30 minutos e troque as fatias em at\u00e9 12 horas.<\/li>\n<\/ul>\n\n\n\n<p>Quando preparada corretamente, a \u00e1gua com laranja se torna um h\u00e1bito simples, refrescante e funcional, capaz de melhorar a hidrata\u00e7\u00e3o di\u00e1ria e contribuir para a sa\u00fade de forma natural e cont\u00ednua.<\/p>\n","protected":false},"excerpt":{"rendered":"<p>\u00c1gua com laranja promove hidrata\u00e7\u00e3o inteligente ao liberar vitamina C, flavonoides e \u00f3leos essenciais sem concentrar a\u00e7\u00facar. A infus\u00e3o estimula digest\u00e3o, imunidade e consumo adequado de l\u00edquidos com baixo impacto cal\u00f3rico. Beber \u00e1gua com fatias de laranja \u00e9 mais do que variar o sabor da hidrata\u00e7\u00e3o di\u00e1ria. A infus\u00e3o a frio libera nutrientes hidrossol\u00faveis e [&hellip;]<\/p>\n","protected":false},"author":13,"featured_media":157493,"comment_status":"open","ping_status":"open","sticky":false,"template":"","format":"standard","meta":{"jnews-multi-image_gallery":[],"jnews_single_post":{"format":"standard"},"jnews_primary_category":[],"jnews_social_meta":[],"jnews_override_counter":[],"footnotes":""},"categories":[9053],"tags":[23024,13169,4941],"class_list":["post-157433","post","type-post","status-publish","format-standard","has-post-thumbnail","hentry","category-saude","tag-agua-com-laranja","tag-fortalecer-imunidade","tag-hidratacao"],"yoast_head":"<!-- This site is optimized with the Yoast SEO plugin v23.8 - https:\/\/yoast.com\/wordpress\/plugins\/seo\/ -->\n<title>\u00c1gua com laranja antes das refei\u00e7\u00f5es? Entenda como esse h\u00e1bito ajuda na saciedade, na digest\u00e3o e ainda fortalece sua pele - Estado de Minas - Em foco<\/title>\n<meta name=\"description\" content=\"Troque o suco pela \u00e1gua com laranja e ganhe imunidade, saciedade e menos a\u00e7\u00facar na rotina. Veja por que essa infus\u00e3o virou tend\u00eancia.\" \/>\n<meta name=\"robots\" content=\"index, follow, max-snippet:-1, max-image-preview:large, max-video-preview:-1\" \/>\n<link rel=\"canonical\" href=\"https:\/\/www.em.com.br\/emfoco\/2026\/01\/22\/agua-com-laranja-antes-das-refeicoes-entenda-como-esse-habito-ajuda-na-saciedade-na-digestao-e-ainda-fortalece-sua-pele\/\" \/>\n<meta property=\"og:locale\" content=\"pt_BR\" \/>\n<meta property=\"og:type\" content=\"article\" \/>\n<meta property=\"og:title\" content=\"\u00c1gua com laranja antes das refei\u00e7\u00f5es? Entenda como esse h\u00e1bito ajuda na saciedade, na digest\u00e3o e ainda fortalece sua pele - Estado de Minas - Em foco\" \/>\n<meta property=\"og:description\" content=\"Troque o suco pela \u00e1gua com laranja e ganhe imunidade, saciedade e menos a\u00e7\u00facar na rotina. Veja por que essa infus\u00e3o virou tend\u00eancia.\" \/>\n<meta property=\"og:url\" content=\"https:\/\/www.em.com.br\/emfoco\/2026\/01\/22\/agua-com-laranja-antes-das-refeicoes-entenda-como-esse-habito-ajuda-na-saciedade-na-digestao-e-ainda-fortalece-sua-pele\/\" \/>\n<meta property=\"og:site_name\" content=\"Estado de Minas - Em foco\" \/>\n<meta property=\"article:published_time\" content=\"2026-01-22T22:45:00+00:00\" \/>\n<meta property=\"article:modified_time\" content=\"2026-01-20T16:13:37+00:00\" \/>\n<meta property=\"og:image\" content=\"https:\/\/www.em.com.br\/emfoco\/wp-content\/uploads\/2026\/01\/AIAI-21-7.jpg\" \/>\n\t<meta property=\"og:image:width\" content=\"1280\" \/>\n\t<meta property=\"og:image:height\" content=\"720\" \/>\n\t<meta property=\"og:image:type\" content=\"image\/jpeg\" \/>\n<meta name=\"author\" content=\"Gabriel Martins\" \/>\n<meta name=\"twitter:card\" content=\"summary_large_image\" \/>\n<meta name=\"twitter:label1\" content=\"Escrito por\" \/>\n\t<meta name=\"twitter:data1\" content=\"Gabriel Martins\" \/>\n\t<meta name=\"twitter:label2\" content=\"Est. tempo de leitura\" \/>\n\t<meta name=\"twitter:data2\" content=\"4 minutos\" \/>\n<!-- \/ Yoast SEO plugin. -->","yoast_head_json":{"title":"\u00c1gua com laranja antes das refei\u00e7\u00f5es? Entenda como esse h\u00e1bito ajuda na saciedade, na digest\u00e3o e ainda fortalece sua pele - Estado de Minas - Em foco","description":"Troque o suco pela \u00e1gua com laranja e ganhe imunidade, saciedade e menos a\u00e7\u00facar na rotina. Veja por que essa infus\u00e3o virou tend\u00eancia.","robots":{"index":"index","follow":"follow","max-snippet":"max-snippet:-1","max-image-preview":"max-image-preview:large","max-video-preview":"max-video-preview:-1"},"canonical":"https:\/\/www.em.com.br\/emfoco\/2026\/01\/22\/agua-com-laranja-antes-das-refeicoes-entenda-como-esse-habito-ajuda-na-saciedade-na-digestao-e-ainda-fortalece-sua-pele\/","og_locale":"pt_BR","og_type":"article","og_title":"\u00c1gua com laranja antes das refei\u00e7\u00f5es? Entenda como esse h\u00e1bito ajuda na saciedade, na digest\u00e3o e ainda fortalece sua pele - Estado de Minas - Em foco","og_description":"Troque o suco pela \u00e1gua com laranja e ganhe imunidade, saciedade e menos a\u00e7\u00facar na rotina. Veja por que essa infus\u00e3o virou tend\u00eancia.","og_url":"https:\/\/www.em.com.br\/emfoco\/2026\/01\/22\/agua-com-laranja-antes-das-refeicoes-entenda-como-esse-habito-ajuda-na-saciedade-na-digestao-e-ainda-fortalece-sua-pele\/","og_site_name":"Estado de Minas - Em foco","article_published_time":"2026-01-22T22:45:00+00:00","article_modified_time":"2026-01-20T16:13:37+00:00","og_image":[{"width":1280,"height":720,"url":"https:\/\/www.em.com.br\/emfoco\/wp-content\/uploads\/2026\/01\/AIAI-21-7.jpg","type":"image\/jpeg"}],"author":"Gabriel Martins","twitter_card":"summary_large_image","twitter_misc":{"Escrito por":"Gabriel Martins","Est. tempo de leitura":"4 minutos"},"schema":{"@context":"https:\/\/schema.org","@graph":[{"@type":"WebPage","@id":"https:\/\/www.em.com.br\/emfoco\/2026\/01\/22\/agua-com-laranja-antes-das-refeicoes-entenda-como-esse-habito-ajuda-na-saciedade-na-digestao-e-ainda-fortalece-sua-pele\/","url":"https:\/\/www.em.com.br\/emfoco\/2026\/01\/22\/agua-com-laranja-antes-das-refeicoes-entenda-como-esse-habito-ajuda-na-saciedade-na-digestao-e-ainda-fortalece-sua-pele\/","name":"\u00c1gua com laranja antes das refei\u00e7\u00f5es? Entenda como esse h\u00e1bito ajuda na saciedade, na digest\u00e3o e ainda fortalece sua pele - Estado de Minas - Em foco","isPartOf":{"@id":"https:\/\/www.em.com.br\/emfoco\/#website"},"primaryImageOfPage":{"@id":"https:\/\/www.em.com.br\/emfoco\/2026\/01\/22\/agua-com-laranja-antes-das-refeicoes-entenda-como-esse-habito-ajuda-na-saciedade-na-digestao-e-ainda-fortalece-sua-pele\/#primaryimage"},"image":{"@id":"https:\/\/www.em.com.br\/emfoco\/2026\/01\/22\/agua-com-laranja-antes-das-refeicoes-entenda-como-esse-habito-ajuda-na-saciedade-na-digestao-e-ainda-fortalece-sua-pele\/#primaryimage"},"thumbnailUrl":"https:\/\/www.em.com.br\/emfoco\/wp-content\/uploads\/2026\/01\/AIAI-21-7.jpg","datePublished":"2026-01-22T22:45:00+00:00","dateModified":"2026-01-20T16:13:37+00:00","author":{"@id":"https:\/\/www.em.com.br\/emfoco\/#\/schema\/person\/1c9ddeab18b98abeffef834667bcf08a"},"description":"Troque o suco pela \u00e1gua com laranja e ganhe imunidade, saciedade e menos a\u00e7\u00facar na rotina. Veja por que essa infus\u00e3o virou tend\u00eancia.","breadcrumb":{"@id":"https:\/\/www.em.com.br\/emfoco\/2026\/01\/22\/agua-com-laranja-antes-das-refeicoes-entenda-como-esse-habito-ajuda-na-saciedade-na-digestao-e-ainda-fortalece-sua-pele\/#breadcrumb"},"inLanguage":"pt-BR","potentialAction":[{"@type":"ReadAction","target":["https:\/\/www.em.com.br\/emfoco\/2026\/01\/22\/agua-com-laranja-antes-das-refeicoes-entenda-como-esse-habito-ajuda-na-saciedade-na-digestao-e-ainda-fortalece-sua-pele\/"]}]},{"@type":"ImageObject","inLanguage":"pt-BR","@id":"https:\/\/www.em.com.br\/emfoco\/2026\/01\/22\/agua-com-laranja-antes-das-refeicoes-entenda-como-esse-habito-ajuda-na-saciedade-na-digestao-e-ainda-fortalece-sua-pele\/#primaryimage","url":"https:\/\/www.em.com.br\/emfoco\/wp-content\/uploads\/2026\/01\/AIAI-21-7.jpg","contentUrl":"https:\/\/www.em.com.br\/emfoco\/wp-content\/uploads\/2026\/01\/AIAI-21-7.jpg","width":1280,"height":720,"caption":"\u00c1gua com laranja hidrata melhor e libera nutrientes com baixo impacto cal\u00f3rico"},{"@type":"BreadcrumbList","@id":"https:\/\/www.em.com.br\/emfoco\/2026\/01\/22\/agua-com-laranja-antes-das-refeicoes-entenda-como-esse-habito-ajuda-na-saciedade-na-digestao-e-ainda-fortalece-sua-pele\/#breadcrumb","itemListElement":[{"@type":"ListItem","position":1,"name":"In\u00edcio","item":"https:\/\/www.em.com.br\/emfoco\/"},{"@type":"ListItem","position":2,"name":"\u00c1gua com laranja antes das refei\u00e7\u00f5es? Entenda como esse h\u00e1bito ajuda na saciedade, na digest\u00e3o e ainda fortalece sua pele"}]},{"@type":"WebSite","@id":"https:\/\/www.em.com.br\/emfoco\/#website","url":"https:\/\/www.em.com.br\/emfoco\/","name":"Estado de Minas - Em foco","description":"Acompanhe as \u00faltimas not\u00edcias e fique bem informado sobre tudo o que acontece em Minas Gerais, Brasil e no mundo.","potentialAction":[{"@type":"SearchAction","target":{"@type":"EntryPoint","urlTemplate":"https:\/\/www.em.com.br\/emfoco\/?s={search_term_string}"},"query-input":{"@type":"PropertyValueSpecification","valueRequired":true,"valueName":"search_term_string"}}],"inLanguage":"pt-BR"},{"@type":"Person","@id":"https:\/\/www.em.com.br\/emfoco\/#\/schema\/person\/1c9ddeab18b98abeffef834667bcf08a","name":"Gabriel Martins","image":{"@type":"ImageObject","inLanguage":"pt-BR","@id":"https:\/\/www.em.com.br\/emfoco\/#\/schema\/person\/image\/","url":"https:\/\/secure.gravatar.com\/avatar\/f0f1e2efdfd88f1ad2cb08c5c2731e50?s=96&d=mm&r=g","contentUrl":"https:\/\/secure.gravatar.com\/avatar\/f0f1e2efdfd88f1ad2cb08c5c2731e50?s=96&d=mm&r=g","caption":"Gabriel Martins"},"sameAs":["https:\/\/www.em.com.br\/emfoco\/"],"url":"https:\/\/www.em.com.br\/emfoco\/author\/gabrielmartinsmyth\/"}]}},"_links":{"self":[{"href":"https:\/\/www.em.com.br\/emfoco\/wp-json\/wp\/v2\/posts\/157433","targetHints":{"allow":["GET"]}}],"collection":[{"href":"https:\/\/www.em.com.br\/emfoco\/wp-json\/wp\/v2\/posts"}],"about":[{"href":"https:\/\/www.em.com.br\/emfoco\/wp-json\/wp\/v2\/types\/post"}],"author":[{"embeddable":true,"href":"https:\/\/www.em.com.br\/emfoco\/wp-json\/wp\/v2\/users\/13"}],"replies":[{"embeddable":true,"href":"https:\/\/www.em.com.br\/emfoco\/wp-json\/wp\/v2\/comments?post=157433"}],"version-history":[{"count":1,"href":"https:\/\/www.em.com.br\/emfoco\/wp-json\/wp\/v2\/posts\/157433\/revisions"}],"predecessor-version":[{"id":157498,"href":"https:\/\/www.em.com.br\/emfoco\/wp-json\/wp\/v2\/posts\/157433\/revisions\/157498"}],"wp:featuredmedia":[{"embeddable":true,"href":"https:\/\/www.em.com.br\/emfoco\/wp-json\/wp\/v2\/media\/157493"}],"wp:attachment":[{"href":"https:\/\/www.em.com.br\/emfoco\/wp-json\/wp\/v2\/media?parent=157433"}],"wp:term":[{"taxonomy":"category","embeddable":true,"href":"https:\/\/www.em.com.br\/emfoco\/wp-json\/wp\/v2\/categories?post=157433"},{"taxonomy":"post_tag","embeddable":true,"href":"https:\/\/www.em.com.br\/emfoco\/wp-json\/wp\/v2\/tags?post=157433"}],"curies":[{"name":"wp","href":"https:\/\/api.w.org\/{rel}","templated":true}]}}