{"id":157384,"date":"2026-01-22T21:45:00","date_gmt":"2026-01-23T00:45:00","guid":{"rendered":"https:\/\/www.em.com.br\/emfoco\/?p=157384"},"modified":"2026-01-20T11:25:54","modified_gmt":"2026-01-20T14:25:54","slug":"atencao-aposentados-inss-ja-comecou-a-cruzar-dados-e-exige-novo-rg-com-cpf-para-liberar-pagamentos","status":"publish","type":"post","link":"https:\/\/www.em.com.br\/emfoco\/2026\/01\/22\/atencao-aposentados-inss-ja-comecou-a-cruzar-dados-e-exige-novo-rg-com-cpf-para-liberar-pagamentos\/","title":{"rendered":"Aten\u00e7\u00e3o aposentados: INSS j\u00e1 come\u00e7ou a cruzar dados e exige novo RG com CPF para liberar pagamentos"},"content":{"rendered":"\n<h2 class=\"wp-block-heading\">A CIN substitui o RG, usa o CPF como n\u00famero \u00fanico e integra biometria aos sistemas do INSS. O documento refor\u00e7a a prova de vida autom\u00e1tica, combate fraudes e passa a ser exigido gradualmente at\u00e9 2028 para manter benef\u00edcios ativos.<\/h2>\n\n\n\n<p>A <strong>Carteira de Identidade Nacional CIN<\/strong> entra em uma fase decisiva em 2026 e passa a impactar diretamente aposentados e pensionistas do INSS. O novo documento refor\u00e7a a seguran\u00e7a, unifica dados e se torna pe\u00e7a-chave para manter benef\u00edcios previdenci\u00e1rios ativos.<\/p>\n\n\n\n<h2 class=\"wp-block-heading\">O que \u00e9 a CIN e por que ela virou prioridade do INSS?<\/h2>\n\n\n\n<p>A <strong>Carteira de Identidade Nacional<\/strong> substitui o antigo RG e utiliza o <strong>CPF como n\u00famero \u00fanico<\/strong> em todo o pa\u00eds. Criada pela <strong><a href=\"https:\/\/www.planalto.gov.br\/ccivil_03\/_ato2023-2026\/2023\/lei\/l14534.htm\" target=\"_blank\" rel=\"noreferrer noopener\">Lei n\u00ba 14.534\/2023<\/a><\/strong>, ela padroniza a identifica\u00e7\u00e3o civil e reduz falhas cadastrais hist\u00f3ricas nos sistemas p\u00fablicos.<\/p>\n\n\n\n<p>Para o <strong>INSS<\/strong>, a CIN \u00e9 estrat\u00e9gica no combate a fraudes e na moderniza\u00e7\u00e3o da prova de vida. Com dados biom\u00e9tricos integrados a bases federais, o \u00f3rg\u00e3o consegue validar a identidade do segurado com mais rapidez e menos exig\u00eancias presenciais.<\/p>\n\n\n\n<figure class=\"wp-block-image size-large\"><img loading=\"lazy\" decoding=\"async\" width=\"1024\" height=\"576\" src=\"https:\/\/www.em.com.br\/emfoco\/wp-content\/uploads\/2026\/01\/AIAI-63-1024x576.jpg\" alt=\"Aten\u00e7\u00e3o aposentados: INSS j\u00e1 come\u00e7ou a cruzar dados e exige novo RG com CPF para liberar pagamentos\" class=\"wp-image-157423\" srcset=\"https:\/\/www.em.com.br\/emfoco\/wp-content\/uploads\/2026\/01\/AIAI-63-1024x576.jpg 1024w, https:\/\/www.em.com.br\/emfoco\/wp-content\/uploads\/2026\/01\/AIAI-63-300x169.jpg 300w, https:\/\/www.em.com.br\/emfoco\/wp-content\/uploads\/2026\/01\/AIAI-63-768x432.jpg 768w, https:\/\/www.em.com.br\/emfoco\/wp-content\/uploads\/2026\/01\/AIAI-63-750x422.jpg 750w, https:\/\/www.em.com.br\/emfoco\/wp-content\/uploads\/2026\/01\/AIAI-63-1140x641.jpg 1140w, https:\/\/www.em.com.br\/emfoco\/wp-content\/uploads\/2026\/01\/AIAI-63.jpg 1280w\" sizes=\"auto, (max-width: 1024px) 100vw, 1024px\" \/><figcaption class=\"wp-element-caption\">CIN unifica identifica\u00e7\u00e3o civil e reduz falhas cadastrais nos sistemas p\u00fablicos<\/figcaption><\/figure>\n\n\n\n<h2 class=\"wp-block-heading\">Quais mudan\u00e7as pr\u00e1ticas a CIN traz para aposentados?<\/h2>\n\n\n\n<p>A ado\u00e7\u00e3o da <strong>CIN<\/strong> pelo INSS est\u00e1 ligada a benef\u00edcios operacionais claros, que afetam diretamente a rotina de quem recebe aposentadoria ou pens\u00e3o. Entre os principais impactos pr\u00e1ticos, est\u00e3o os pontos listados a seguir.<\/p>\n\n\n\n<ul class=\"wp-block-list\">\n<li>Seguran\u00e7a biom\u00e9trica: coleta de digitais integrada ao CPF, Receita Federal e bases do INSS.<\/li>\n\n\n\n<li>Documento \u00fanico nacional: fim da emiss\u00e3o de RG diferente em cada estado brasileiro.<\/li>\n\n\n\n<li>Prova de vida digital: cruzamento autom\u00e1tico de dados, reduzindo a ida a bancos.<\/li>\n<\/ul>\n\n\n\n<h2 class=\"wp-block-heading\">Qual \u00e9 o cronograma oficial de exig\u00eancia at\u00e9 2028?<\/h2>\n\n\n\n<p>A transi\u00e7\u00e3o para a <strong>CIN obrigat\u00f3ria<\/strong> ocorre de forma escalonada, mas 2026 marca um ponto cr\u00edtico. A partir de maio, quem solicitar novo benef\u00edcio sem qualquer biometria v\u00e1lida poder\u00e1 ser obrigado a emitir o novo documento.<\/p>\n\n\n\n<p>Desde novembro de 2025, o INSS j\u00e1 exige algum dado biom\u00e9trico, como <strong>CIN, CNH ou t\u00edtulo de eleitor<\/strong>. Em janeiro de 2028, a CIN passa a ser o \u00fanico documento biom\u00e9trico aceito em qualquer procedimento previdenci\u00e1rio.<\/p>\n\n\n\n<figure class=\"wp-block-image size-large\"><img loading=\"lazy\" decoding=\"async\" width=\"1024\" height=\"576\" src=\"https:\/\/www.em.com.br\/emfoco\/wp-content\/uploads\/2026\/01\/AIAI-1-49-1024x576.jpg\" alt=\"Aten\u00e7\u00e3o aposentados: INSS j\u00e1 come\u00e7ou a cruzar dados e exige novo RG com CPF para liberar pagamentos\" class=\"wp-image-157424\" srcset=\"https:\/\/www.em.com.br\/emfoco\/wp-content\/uploads\/2026\/01\/AIAI-1-49-1024x576.jpg 1024w, https:\/\/www.em.com.br\/emfoco\/wp-content\/uploads\/2026\/01\/AIAI-1-49-300x169.jpg 300w, https:\/\/www.em.com.br\/emfoco\/wp-content\/uploads\/2026\/01\/AIAI-1-49-768x432.jpg 768w, https:\/\/www.em.com.br\/emfoco\/wp-content\/uploads\/2026\/01\/AIAI-1-49-750x422.jpg 750w, https:\/\/www.em.com.br\/emfoco\/wp-content\/uploads\/2026\/01\/AIAI-1-49-1140x641.jpg 1140w, https:\/\/www.em.com.br\/emfoco\/wp-content\/uploads\/2026\/01\/AIAI-1-49.jpg 1280w\" sizes=\"auto, (max-width: 1024px) 100vw, 1024px\" \/><figcaption class=\"wp-element-caption\">Cronograma prev\u00ea exig\u00eancia gradual da CIN at\u00e9 ado\u00e7\u00e3o exclusiva em 2028<\/figcaption><\/figure>\n\n\n\n<p><em>Leia mais: <em><strong><a href=\"https:\/\/www.em.com.br\/emfoco\/2026\/01\/19\/sem-esse-exame-voce-nao-pode-mais-tirar-a-cnh-nova-exigencia-virou-barreira-para-milhares-de-brasileiros\/\" target=\"_blank\" rel=\"noreferrer noopener\">Sem esse exame voc\u00ea n\u00e3o pode mais tirar a CNH! Nova exig\u00eancia virou barreira para milhares de brasileiros<\/a><\/strong><\/em><\/em><\/p>\n\n\n\n<h2 class=\"wp-block-heading\">Quem est\u00e1 dispensado da biometria ou da CIN em 2026?<\/h2>\n\n\n\n<p>Para evitar transtornos a grupos vulner\u00e1veis, o governo definiu exce\u00e7\u00f5es tempor\u00e1rias \u00e0 exig\u00eancia imediata da <strong>biometria via CIN<\/strong>. Todas as dispensas v\u00e1lidas em 2026 est\u00e3o consolidadas nos pontos abaixo.<\/p>\n\n\n\n<ul class=\"wp-block-list\">\n<li>Idosos e limita\u00e7\u00f5es: pessoas com mais de 80 anos ou com dificuldade de locomo\u00e7\u00e3o comprovada por laudo.<\/li>\n\n\n\n<li>Localiza\u00e7\u00e3o especial: moradores de \u00e1reas remotas atendidas por programas como o PrevBarco.<\/li>\n\n\n\n<li>Situa\u00e7\u00f5es espec\u00edficas: brasileiros no exterior com declara\u00e7\u00e3o consular e pedidos de sal\u00e1rio-maternidade, aux\u00edlio-doen\u00e7a e pens\u00e3o por morte at\u00e9 30\/04\/2026.<\/li>\n<\/ul>\n\n\n\n<h2 class=\"wp-block-heading\">O que o aposentado ou pensionista deve fazer agora?<\/h2>\n\n\n\n<p>Quem j\u00e1 recebe benef\u00edcio n\u00e3o ter\u00e1 pagamento bloqueado automaticamente em janeiro de 2026. Ainda assim, \u00e9 essencial verificar se j\u00e1 existe <strong>biometria ativa<\/strong> vinculada ao CPF, como no t\u00edtulo de eleitor ou CNH.<\/p>\n\n\n\n<p>Caso o RG seja antigo, a orienta\u00e7\u00e3o \u00e9 agendar a emiss\u00e3o da <strong>CIN<\/strong> no \u00f3rg\u00e3o estadual competente. A primeira via \u00e9 gratuita e garante tranquilidade futura, evitando exig\u00eancias emergenciais e assegurando o acesso cont\u00ednuo aos benef\u00edcios do INSS.<\/p>\n","protected":false},"excerpt":{"rendered":"<p>A CIN substitui o RG, usa o CPF como n\u00famero \u00fanico e integra biometria aos sistemas do INSS. O documento refor\u00e7a a prova de vida autom\u00e1tica, combate fraudes e passa a ser exigido gradualmente at\u00e9 2028 para manter benef\u00edcios ativos. A Carteira de Identidade Nacional CIN entra em uma fase decisiva em 2026 e passa [&hellip;]<\/p>\n","protected":false},"author":13,"featured_media":157422,"comment_status":"open","ping_status":"open","sticky":false,"template":"","format":"standard","meta":{"jnews-multi-image_gallery":[],"jnews_single_post":{"format":"standard"},"jnews_primary_category":[],"jnews_social_meta":[],"jnews_override_counter":[],"footnotes":""},"categories":[28],"tags":[12929,174,23015],"class_list":["post-157384","post","type-post","status-publish","format-standard","has-post-thumbnail","hentry","category-economia","tag-cin","tag-inss","tag-nova-carteira-de-identidade"],"yoast_head":"<!-- This site is optimized with the Yoast SEO plugin v23.8 - https:\/\/yoast.com\/wordpress\/plugins\/seo\/ -->\n<title>Aten\u00e7\u00e3o aposentados: INSS j\u00e1 come\u00e7ou a cruzar dados e exige novo RG com CPF para liberar pagamentos - Estado de Minas - Em foco<\/title>\n<meta name=\"description\" content=\"INSS come\u00e7a a exigir o novo RG com CPF para manter benef\u00edcios. Veja prazos, quem precisa atualizar e como emitir a CIN sem custo.\" \/>\n<meta name=\"robots\" content=\"index, follow, max-snippet:-1, max-image-preview:large, max-video-preview:-1\" \/>\n<link rel=\"canonical\" href=\"https:\/\/www.em.com.br\/emfoco\/2026\/01\/22\/atencao-aposentados-inss-ja-comecou-a-cruzar-dados-e-exige-novo-rg-com-cpf-para-liberar-pagamentos\/\" \/>\n<meta property=\"og:locale\" content=\"pt_BR\" \/>\n<meta property=\"og:type\" content=\"article\" \/>\n<meta property=\"og:title\" content=\"Aten\u00e7\u00e3o aposentados: INSS j\u00e1 come\u00e7ou a cruzar dados e exige novo RG com CPF para liberar pagamentos - Estado de Minas - Em foco\" \/>\n<meta property=\"og:description\" content=\"INSS come\u00e7a a exigir o novo RG com CPF para manter benef\u00edcios. Veja prazos, quem precisa atualizar e como emitir a CIN sem custo.\" \/>\n<meta property=\"og:url\" content=\"https:\/\/www.em.com.br\/emfoco\/2026\/01\/22\/atencao-aposentados-inss-ja-comecou-a-cruzar-dados-e-exige-novo-rg-com-cpf-para-liberar-pagamentos\/\" \/>\n<meta property=\"og:site_name\" content=\"Estado de Minas - Em foco\" \/>\n<meta property=\"article:published_time\" content=\"2026-01-23T00:45:00+00:00\" \/>\n<meta property=\"article:modified_time\" content=\"2026-01-20T14:25:54+00:00\" \/>\n<meta property=\"og:image\" content=\"https:\/\/www.em.com.br\/emfoco\/wp-content\/uploads\/2026\/01\/AIAI-20-7.jpg\" \/>\n\t<meta property=\"og:image:width\" content=\"1280\" \/>\n\t<meta property=\"og:image:height\" content=\"720\" \/>\n\t<meta property=\"og:image:type\" content=\"image\/jpeg\" \/>\n<meta name=\"author\" content=\"Gabriel Martins\" \/>\n<meta name=\"twitter:card\" content=\"summary_large_image\" \/>\n<meta name=\"twitter:label1\" content=\"Escrito por\" \/>\n\t<meta name=\"twitter:data1\" content=\"Gabriel Martins\" \/>\n\t<meta name=\"twitter:label2\" content=\"Est. tempo de leitura\" \/>\n\t<meta name=\"twitter:data2\" content=\"4 minutos\" \/>\n<!-- \/ Yoast SEO plugin. -->","yoast_head_json":{"title":"Aten\u00e7\u00e3o aposentados: INSS j\u00e1 come\u00e7ou a cruzar dados e exige novo RG com CPF para liberar pagamentos - Estado de Minas - Em foco","description":"INSS come\u00e7a a exigir o novo RG com CPF para manter benef\u00edcios. Veja prazos, quem precisa atualizar e como emitir a CIN sem custo.","robots":{"index":"index","follow":"follow","max-snippet":"max-snippet:-1","max-image-preview":"max-image-preview:large","max-video-preview":"max-video-preview:-1"},"canonical":"https:\/\/www.em.com.br\/emfoco\/2026\/01\/22\/atencao-aposentados-inss-ja-comecou-a-cruzar-dados-e-exige-novo-rg-com-cpf-para-liberar-pagamentos\/","og_locale":"pt_BR","og_type":"article","og_title":"Aten\u00e7\u00e3o aposentados: INSS j\u00e1 come\u00e7ou a cruzar dados e exige novo RG com CPF para liberar pagamentos - Estado de Minas - Em foco","og_description":"INSS come\u00e7a a exigir o novo RG com CPF para manter benef\u00edcios. Veja prazos, quem precisa atualizar e como emitir a CIN sem custo.","og_url":"https:\/\/www.em.com.br\/emfoco\/2026\/01\/22\/atencao-aposentados-inss-ja-comecou-a-cruzar-dados-e-exige-novo-rg-com-cpf-para-liberar-pagamentos\/","og_site_name":"Estado de Minas - Em foco","article_published_time":"2026-01-23T00:45:00+00:00","article_modified_time":"2026-01-20T14:25:54+00:00","og_image":[{"width":1280,"height":720,"url":"https:\/\/www.em.com.br\/emfoco\/wp-content\/uploads\/2026\/01\/AIAI-20-7.jpg","type":"image\/jpeg"}],"author":"Gabriel Martins","twitter_card":"summary_large_image","twitter_misc":{"Escrito por":"Gabriel Martins","Est. tempo de leitura":"4 minutos"},"schema":{"@context":"https:\/\/schema.org","@graph":[{"@type":"WebPage","@id":"https:\/\/www.em.com.br\/emfoco\/2026\/01\/22\/atencao-aposentados-inss-ja-comecou-a-cruzar-dados-e-exige-novo-rg-com-cpf-para-liberar-pagamentos\/","url":"https:\/\/www.em.com.br\/emfoco\/2026\/01\/22\/atencao-aposentados-inss-ja-comecou-a-cruzar-dados-e-exige-novo-rg-com-cpf-para-liberar-pagamentos\/","name":"Aten\u00e7\u00e3o aposentados: INSS j\u00e1 come\u00e7ou a cruzar dados e exige novo RG com CPF para liberar pagamentos - Estado de Minas - Em foco","isPartOf":{"@id":"https:\/\/www.em.com.br\/emfoco\/#website"},"primaryImageOfPage":{"@id":"https:\/\/www.em.com.br\/emfoco\/2026\/01\/22\/atencao-aposentados-inss-ja-comecou-a-cruzar-dados-e-exige-novo-rg-com-cpf-para-liberar-pagamentos\/#primaryimage"},"image":{"@id":"https:\/\/www.em.com.br\/emfoco\/2026\/01\/22\/atencao-aposentados-inss-ja-comecou-a-cruzar-dados-e-exige-novo-rg-com-cpf-para-liberar-pagamentos\/#primaryimage"},"thumbnailUrl":"https:\/\/www.em.com.br\/emfoco\/wp-content\/uploads\/2026\/01\/AIAI-20-7.jpg","datePublished":"2026-01-23T00:45:00+00:00","dateModified":"2026-01-20T14:25:54+00:00","author":{"@id":"https:\/\/www.em.com.br\/emfoco\/#\/schema\/person\/1c9ddeab18b98abeffef834667bcf08a"},"description":"INSS come\u00e7a a exigir o novo RG com CPF para manter benef\u00edcios. Veja prazos, quem precisa atualizar e como emitir a CIN sem custo.","breadcrumb":{"@id":"https:\/\/www.em.com.br\/emfoco\/2026\/01\/22\/atencao-aposentados-inss-ja-comecou-a-cruzar-dados-e-exige-novo-rg-com-cpf-para-liberar-pagamentos\/#breadcrumb"},"inLanguage":"pt-BR","potentialAction":[{"@type":"ReadAction","target":["https:\/\/www.em.com.br\/emfoco\/2026\/01\/22\/atencao-aposentados-inss-ja-comecou-a-cruzar-dados-e-exige-novo-rg-com-cpf-para-liberar-pagamentos\/"]}]},{"@type":"ImageObject","inLanguage":"pt-BR","@id":"https:\/\/www.em.com.br\/emfoco\/2026\/01\/22\/atencao-aposentados-inss-ja-comecou-a-cruzar-dados-e-exige-novo-rg-com-cpf-para-liberar-pagamentos\/#primaryimage","url":"https:\/\/www.em.com.br\/emfoco\/wp-content\/uploads\/2026\/01\/AIAI-20-7.jpg","contentUrl":"https:\/\/www.em.com.br\/emfoco\/wp-content\/uploads\/2026\/01\/AIAI-20-7.jpg","width":1280,"height":720,"caption":"CIN torna-se documento central para seguran\u00e7a e manuten\u00e7\u00e3o de benef\u00edcios do INSS"},{"@type":"BreadcrumbList","@id":"https:\/\/www.em.com.br\/emfoco\/2026\/01\/22\/atencao-aposentados-inss-ja-comecou-a-cruzar-dados-e-exige-novo-rg-com-cpf-para-liberar-pagamentos\/#breadcrumb","itemListElement":[{"@type":"ListItem","position":1,"name":"In\u00edcio","item":"https:\/\/www.em.com.br\/emfoco\/"},{"@type":"ListItem","position":2,"name":"Aten\u00e7\u00e3o aposentados: INSS j\u00e1 come\u00e7ou a cruzar dados e exige novo RG com CPF para liberar pagamentos"}]},{"@type":"WebSite","@id":"https:\/\/www.em.com.br\/emfoco\/#website","url":"https:\/\/www.em.com.br\/emfoco\/","name":"Estado de Minas - Em foco","description":"Acompanhe as \u00faltimas not\u00edcias e fique bem informado sobre tudo o que acontece em Minas Gerais, Brasil e no mundo.","potentialAction":[{"@type":"SearchAction","target":{"@type":"EntryPoint","urlTemplate":"https:\/\/www.em.com.br\/emfoco\/?s={search_term_string}"},"query-input":{"@type":"PropertyValueSpecification","valueRequired":true,"valueName":"search_term_string"}}],"inLanguage":"pt-BR"},{"@type":"Person","@id":"https:\/\/www.em.com.br\/emfoco\/#\/schema\/person\/1c9ddeab18b98abeffef834667bcf08a","name":"Gabriel Martins","image":{"@type":"ImageObject","inLanguage":"pt-BR","@id":"https:\/\/www.em.com.br\/emfoco\/#\/schema\/person\/image\/","url":"https:\/\/secure.gravatar.com\/avatar\/f0f1e2efdfd88f1ad2cb08c5c2731e50?s=96&d=mm&r=g","contentUrl":"https:\/\/secure.gravatar.com\/avatar\/f0f1e2efdfd88f1ad2cb08c5c2731e50?s=96&d=mm&r=g","caption":"Gabriel Martins"},"sameAs":["https:\/\/www.em.com.br\/emfoco\/"],"url":"https:\/\/www.em.com.br\/emfoco\/author\/gabrielmartinsmyth\/"}]}},"_links":{"self":[{"href":"https:\/\/www.em.com.br\/emfoco\/wp-json\/wp\/v2\/posts\/157384","targetHints":{"allow":["GET"]}}],"collection":[{"href":"https:\/\/www.em.com.br\/emfoco\/wp-json\/wp\/v2\/posts"}],"about":[{"href":"https:\/\/www.em.com.br\/emfoco\/wp-json\/wp\/v2\/types\/post"}],"author":[{"embeddable":true,"href":"https:\/\/www.em.com.br\/emfoco\/wp-json\/wp\/v2\/users\/13"}],"replies":[{"embeddable":true,"href":"https:\/\/www.em.com.br\/emfoco\/wp-json\/wp\/v2\/comments?post=157384"}],"version-history":[{"count":1,"href":"https:\/\/www.em.com.br\/emfoco\/wp-json\/wp\/v2\/posts\/157384\/revisions"}],"predecessor-version":[{"id":157425,"href":"https:\/\/www.em.com.br\/emfoco\/wp-json\/wp\/v2\/posts\/157384\/revisions\/157425"}],"wp:featuredmedia":[{"embeddable":true,"href":"https:\/\/www.em.com.br\/emfoco\/wp-json\/wp\/v2\/media\/157422"}],"wp:attachment":[{"href":"https:\/\/www.em.com.br\/emfoco\/wp-json\/wp\/v2\/media?parent=157384"}],"wp:term":[{"taxonomy":"category","embeddable":true,"href":"https:\/\/www.em.com.br\/emfoco\/wp-json\/wp\/v2\/categories?post=157384"},{"taxonomy":"post_tag","embeddable":true,"href":"https:\/\/www.em.com.br\/emfoco\/wp-json\/wp\/v2\/tags?post=157384"}],"curies":[{"name":"wp","href":"https:\/\/api.w.org\/{rel}","templated":true}]}}