{"id":157383,"date":"2026-01-22T21:05:00","date_gmt":"2026-01-23T00:05:00","guid":{"rendered":"https:\/\/www.em.com.br\/emfoco\/?p=157383"},"modified":"2026-01-20T11:19:49","modified_gmt":"2026-01-20T14:19:49","slug":"bancos-estao-bloqueando-contas-preventivamente-e-justica-ja-condena-pratica-por-abuso","status":"publish","type":"post","link":"https:\/\/www.em.com.br\/emfoco\/2026\/01\/22\/bancos-estao-bloqueando-contas-preventivamente-e-justica-ja-condena-pratica-por-abuso\/","title":{"rendered":"Bancos est\u00e3o bloqueando contas preventivamente e Justi\u00e7a j\u00e1 condena pr\u00e1tica por abuso"},"content":{"rendered":"\n<p>O <strong>bloqueio preventivo de conta<\/strong> virou um dos maiores conflitos banc\u00e1rios recentes. Com travas autom\u00e1ticas ligadas ao Pix, muitos correntistas ficaram sem acesso ao pr\u00f3prio dinheiro. A Justi\u00e7a tem entendido que falta de aviso e demora geram indeniza\u00e7\u00e3o.<\/p>\n\n\n\n<h2 class=\"wp-block-heading\">Por que os bancos passaram a travar contas de forma autom\u00e1tica?<\/h2>\n\n\n\n<p>Boa parte dos bloqueios nasce de alertas de fraude ligados ao <strong>Pix<\/strong>, quando o sistema detecta movimenta\u00e7\u00e3o at\u00edpica ou recebe den\u00fancia. Nesses casos, a institui\u00e7\u00e3o pode aplicar travas tempor\u00e1rias para an\u00e1lise e preven\u00e7\u00e3o de golpes.<\/p>\n\n\n\n<p>O ponto cr\u00edtico \u00e9 o \u201cpreventivo\u201d virar puni\u00e7\u00e3o: o cliente fica sem explica\u00e7\u00e3o, sem prazo e sem acesso a valores essenciais. Os tribunais refor\u00e7am que <strong>seguran\u00e7a<\/strong> n\u00e3o autoriza restringir o uso do dinheiro por tempo indefinido.<\/p>\n\n\n\n<figure class=\"wp-block-image size-large\"><img loading=\"lazy\" decoding=\"async\" width=\"1024\" height=\"576\" src=\"https:\/\/www.em.com.br\/emfoco\/wp-content\/uploads\/2026\/01\/AIAI-18-8-1024x576.jpg\" alt=\"Bancos est\u00e3o bloqueando contas preventivamente e Justi\u00e7a j\u00e1 condena pr\u00e1tica por abuso\" class=\"wp-image-157419\" srcset=\"https:\/\/www.em.com.br\/emfoco\/wp-content\/uploads\/2026\/01\/AIAI-18-8-1024x576.jpg 1024w, https:\/\/www.em.com.br\/emfoco\/wp-content\/uploads\/2026\/01\/AIAI-18-8-300x169.jpg 300w, https:\/\/www.em.com.br\/emfoco\/wp-content\/uploads\/2026\/01\/AIAI-18-8-768x432.jpg 768w, https:\/\/www.em.com.br\/emfoco\/wp-content\/uploads\/2026\/01\/AIAI-18-8-750x422.jpg 750w, https:\/\/www.em.com.br\/emfoco\/wp-content\/uploads\/2026\/01\/AIAI-18-8-1140x641.jpg 1140w, https:\/\/www.em.com.br\/emfoco\/wp-content\/uploads\/2026\/01\/AIAI-18-8.jpg 1280w\" sizes=\"auto, (max-width: 1024px) 100vw, 1024px\" \/><figcaption class=\"wp-element-caption\">Bancos travam contas por alertas de fraude sem informar prazo claro<\/figcaption><\/figure>\n\n\n\n<h2 class=\"wp-block-heading\">Quais mecanismos do Pix est\u00e3o por tr\u00e1s da maioria dos casos?<\/h2>\n\n\n\n<p>As a\u00e7\u00f5es citam com frequ\u00eancia o <strong><a href=\"https:\/\/www.bcb.gov.br\/meubc\/faqs\/p\/o-que-e-e-como-funciona-o-mecanismo-especial-de-devolucao-med\" target=\"_blank\" rel=\"noreferrer noopener\">Mecanismo Especial de Devolu\u00e7\u00e3o<\/a><\/strong> e o bloqueio cautelar, que pode travar valores por at\u00e9 72 horas para checagem. O problema come\u00e7a quando o banco extrapola o procedimento ou n\u00e3o esclarece o motivo, como nos pontos abaixo.<\/p>\n\n\n\n<ul class=\"wp-block-list\">\n<li><strong>Bloqueio cautelar do Pix<\/strong>: trava por at\u00e9 72 horas e exige an\u00e1lise objetiva.<\/li>\n\n\n\n<li><strong>MED<\/strong>: aciona devolu\u00e7\u00e3o quando h\u00e1 contesta\u00e7\u00e3o de fraude no fluxo.<\/li>\n\n\n\n<li><strong>Erro operacional<\/strong>: mant\u00e9m restri\u00e7\u00e3o ap\u00f3s o prazo ou sem justificativa formal.<\/li>\n<\/ul>\n\n\n\n<h2 class=\"wp-block-heading\">O que os tribunais t\u00eam considerado abuso nesses bloqueios?<\/h2>\n\n\n\n<p>Senten\u00e7as recentes destacam que o abuso aparece quando h\u00e1 <strong>falta de informa\u00e7\u00e3o<\/strong> e manuten\u00e7\u00e3o prolongada do bloqueio. Encerrar conta unilateralmente ap\u00f3s a trava tamb\u00e9m pesa, sobretudo quando o cliente n\u00e3o recebe aviso e n\u00e3o consegue sacar ou transferir.<\/p>\n\n\n\n<p>H\u00e1 casos com indeniza\u00e7\u00f5es de <strong>R$ 3 mil a R$ 8 mil<\/strong> em diferentes tribunais estaduais, em situa\u00e7\u00f5es como reten\u00e7\u00e3o por meses sem fraude provada, bloqueio ap\u00f3s d\u00edvida quitada e restri\u00e7\u00e3o de conta e cart\u00e3o sem comunica\u00e7\u00e3o pr\u00e9via ao correntista.<\/p>\n\n\n\n<figure class=\"wp-block-image size-large\"><img loading=\"lazy\" decoding=\"async\" width=\"1024\" height=\"576\" src=\"https:\/\/www.em.com.br\/emfoco\/wp-content\/uploads\/2026\/01\/AIAI-19-7-1024x576.jpg\" alt=\"Bancos est\u00e3o bloqueando contas preventivamente e Justi\u00e7a j\u00e1 condena pr\u00e1tica por abuso\" class=\"wp-image-157420\" srcset=\"https:\/\/www.em.com.br\/emfoco\/wp-content\/uploads\/2026\/01\/AIAI-19-7-1024x576.jpg 1024w, https:\/\/www.em.com.br\/emfoco\/wp-content\/uploads\/2026\/01\/AIAI-19-7-300x169.jpg 300w, https:\/\/www.em.com.br\/emfoco\/wp-content\/uploads\/2026\/01\/AIAI-19-7-768x432.jpg 768w, https:\/\/www.em.com.br\/emfoco\/wp-content\/uploads\/2026\/01\/AIAI-19-7-750x422.jpg 750w, https:\/\/www.em.com.br\/emfoco\/wp-content\/uploads\/2026\/01\/AIAI-19-7-1140x641.jpg 1140w, https:\/\/www.em.com.br\/emfoco\/wp-content\/uploads\/2026\/01\/AIAI-19-7.jpg 1280w\" sizes=\"auto, (max-width: 1024px) 100vw, 1024px\" \/><figcaption class=\"wp-element-caption\">Tribunais consideram abuso manter restri\u00e7\u00e3o prolongada sem comunica\u00e7\u00e3o ao cliente<\/figcaption><\/figure>\n\n\n\n<p><em>Leia mais: <em><strong><a href=\"https:\/\/www.em.com.br\/emfoco\/2026\/01\/19\/sem-esse-exame-voce-nao-pode-mais-tirar-a-cnh-nova-exigencia-virou-barreira-para-milhares-de-brasileiros\/\" target=\"_blank\" rel=\"noreferrer noopener\">Sem esse exame voc\u00ea n\u00e3o pode mais tirar a CNH! Nova exig\u00eancia virou barreira para milhares de brasileiros<\/a><\/strong><\/em><\/em><\/p>\n\n\n\n<h2 class=\"wp-block-heading\">O que mudou no STJ sobre valores protegidos em bloqueios?<\/h2>\n\n\n\n<p>Uma mudan\u00e7a relevante envolve o entendimento do <strong>STJ no Tema 1.235<\/strong>, que afetou a ideia de \u201clibera\u00e7\u00e3o autom\u00e1tica\u201d de valores. Agora, o titular precisa agir e demonstrar a natureza do dinheiro para pedir desbloqueio, como nos pontos pr\u00e1ticos a seguir.<\/p>\n\n\n\n<ul class=\"wp-block-list\">\n<li><strong>Prote\u00e7\u00e3o at\u00e9 40 sal\u00e1rios m\u00ednimos<\/strong>: n\u00e3o \u00e9 liberada automaticamente em toda situa\u00e7\u00e3o.<\/li>\n\n\n\n<li><strong>\u00d4nus de comprovar<\/strong>: o titular deve provar subsist\u00eancia ou natureza alimentar.<\/li>\n\n\n\n<li><strong>Prova documental<\/strong>: extratos, holerites e benef\u00edcios fortalecem o pedido.<\/li>\n<\/ul>\n\n\n\n<h2 class=\"wp-block-heading\">O que fazer se sua conta for bloqueada sem ordem judicial?<\/h2>\n\n\n\n<p>O primeiro passo \u00e9 exigir registro formal: pe\u00e7a <strong>protocolo<\/strong>, motivo e prazo de solu\u00e7\u00e3o no SAC ou chat. Se a resposta vier vaga, isso vira prova \u00fatil, principalmente quando o bloqueio impede pagamento de aluguel, contas ou compras b\u00e1sicas.<\/p>\n\n\n\n<p>Em seguida, formalize reclama\u00e7\u00e3o em canais oficiais como <strong>Consumidor.gov.br<\/strong> e Banco Central, e guarde evid\u00eancias do preju\u00edzo. Contas com juros, mensagens de cobran\u00e7a e tentativas de contato ajudam a sustentar pedidos de desbloqueio e indeniza\u00e7\u00e3o.<\/p>\n","protected":false},"excerpt":{"rendered":"<p>O bloqueio preventivo de conta virou um dos maiores conflitos banc\u00e1rios recentes. Com travas autom\u00e1ticas ligadas ao Pix, muitos correntistas ficaram sem acesso ao pr\u00f3prio dinheiro. A Justi\u00e7a tem entendido que falta de aviso e demora geram indeniza\u00e7\u00e3o. Por que os bancos passaram a travar contas de forma autom\u00e1tica? Boa parte dos bloqueios nasce de [&hellip;]<\/p>\n","protected":false},"author":13,"featured_media":157418,"comment_status":"open","ping_status":"open","sticky":false,"template":"","format":"standard","meta":{"jnews-multi-image_gallery":[],"jnews_single_post":{"format":"standard"},"jnews_primary_category":[],"jnews_social_meta":[],"jnews_override_counter":[],"footnotes":""},"categories":[28],"tags":[2291,20741,1332],"class_list":["post-157383","post","type-post","status-publish","format-standard","has-post-thumbnail","hentry","category-economia","tag-bancos","tag-bloqueio-de-conta","tag-indenizacao"],"yoast_head":"<!-- This site is optimized with the Yoast SEO plugin v23.8 - https:\/\/yoast.com\/wordpress\/plugins\/seo\/ -->\n<title>Bancos est\u00e3o bloqueando contas preventivamente e Justi\u00e7a j\u00e1 condena pr\u00e1tica por abuso - Estado de Minas - Em foco<\/title>\n<meta name=\"description\" content=\"Bancos que bloqueiam contas por Pix sem aviso podem ser obrigados a indenizar. Veja decis\u00f5es e como agir se isso acontecer com voc\u00ea.\" \/>\n<meta name=\"robots\" content=\"index, follow, max-snippet:-1, max-image-preview:large, max-video-preview:-1\" \/>\n<link rel=\"canonical\" href=\"https:\/\/www.em.com.br\/emfoco\/2026\/01\/22\/bancos-estao-bloqueando-contas-preventivamente-e-justica-ja-condena-pratica-por-abuso\/\" \/>\n<meta property=\"og:locale\" content=\"pt_BR\" \/>\n<meta property=\"og:type\" content=\"article\" \/>\n<meta property=\"og:title\" content=\"Bancos est\u00e3o bloqueando contas preventivamente e Justi\u00e7a j\u00e1 condena pr\u00e1tica por abuso - Estado de Minas - Em foco\" \/>\n<meta property=\"og:description\" content=\"Bancos que bloqueiam contas por Pix sem aviso podem ser obrigados a indenizar. Veja decis\u00f5es e como agir se isso acontecer com voc\u00ea.\" \/>\n<meta property=\"og:url\" content=\"https:\/\/www.em.com.br\/emfoco\/2026\/01\/22\/bancos-estao-bloqueando-contas-preventivamente-e-justica-ja-condena-pratica-por-abuso\/\" \/>\n<meta property=\"og:site_name\" content=\"Estado de Minas - Em foco\" \/>\n<meta property=\"article:published_time\" content=\"2026-01-23T00:05:00+00:00\" \/>\n<meta property=\"article:modified_time\" content=\"2026-01-20T14:19:49+00:00\" \/>\n<meta property=\"og:image\" content=\"https:\/\/www.em.com.br\/emfoco\/wp-content\/uploads\/2026\/01\/AIAI-17-8.jpg\" \/>\n\t<meta property=\"og:image:width\" content=\"1280\" \/>\n\t<meta property=\"og:image:height\" content=\"720\" \/>\n\t<meta property=\"og:image:type\" content=\"image\/jpeg\" \/>\n<meta name=\"author\" content=\"Gabriel Martins\" \/>\n<meta name=\"twitter:card\" content=\"summary_large_image\" \/>\n<meta name=\"twitter:label1\" content=\"Escrito por\" \/>\n\t<meta name=\"twitter:data1\" content=\"Gabriel Martins\" \/>\n\t<meta name=\"twitter:label2\" content=\"Est. tempo de leitura\" \/>\n\t<meta name=\"twitter:data2\" content=\"4 minutos\" \/>\n<!-- \/ Yoast SEO plugin. -->","yoast_head_json":{"title":"Bancos est\u00e3o bloqueando contas preventivamente e Justi\u00e7a j\u00e1 condena pr\u00e1tica por abuso - Estado de Minas - Em foco","description":"Bancos que bloqueiam contas por Pix sem aviso podem ser obrigados a indenizar. Veja decis\u00f5es e como agir se isso acontecer com voc\u00ea.","robots":{"index":"index","follow":"follow","max-snippet":"max-snippet:-1","max-image-preview":"max-image-preview:large","max-video-preview":"max-video-preview:-1"},"canonical":"https:\/\/www.em.com.br\/emfoco\/2026\/01\/22\/bancos-estao-bloqueando-contas-preventivamente-e-justica-ja-condena-pratica-por-abuso\/","og_locale":"pt_BR","og_type":"article","og_title":"Bancos est\u00e3o bloqueando contas preventivamente e Justi\u00e7a j\u00e1 condena pr\u00e1tica por abuso - Estado de Minas - Em foco","og_description":"Bancos que bloqueiam contas por Pix sem aviso podem ser obrigados a indenizar. Veja decis\u00f5es e como agir se isso acontecer com voc\u00ea.","og_url":"https:\/\/www.em.com.br\/emfoco\/2026\/01\/22\/bancos-estao-bloqueando-contas-preventivamente-e-justica-ja-condena-pratica-por-abuso\/","og_site_name":"Estado de Minas - Em foco","article_published_time":"2026-01-23T00:05:00+00:00","article_modified_time":"2026-01-20T14:19:49+00:00","og_image":[{"width":1280,"height":720,"url":"https:\/\/www.em.com.br\/emfoco\/wp-content\/uploads\/2026\/01\/AIAI-17-8.jpg","type":"image\/jpeg"}],"author":"Gabriel Martins","twitter_card":"summary_large_image","twitter_misc":{"Escrito por":"Gabriel Martins","Est. tempo de leitura":"4 minutos"},"schema":{"@context":"https:\/\/schema.org","@graph":[{"@type":"WebPage","@id":"https:\/\/www.em.com.br\/emfoco\/2026\/01\/22\/bancos-estao-bloqueando-contas-preventivamente-e-justica-ja-condena-pratica-por-abuso\/","url":"https:\/\/www.em.com.br\/emfoco\/2026\/01\/22\/bancos-estao-bloqueando-contas-preventivamente-e-justica-ja-condena-pratica-por-abuso\/","name":"Bancos est\u00e3o bloqueando contas preventivamente e Justi\u00e7a j\u00e1 condena pr\u00e1tica por abuso - Estado de Minas - Em foco","isPartOf":{"@id":"https:\/\/www.em.com.br\/emfoco\/#website"},"primaryImageOfPage":{"@id":"https:\/\/www.em.com.br\/emfoco\/2026\/01\/22\/bancos-estao-bloqueando-contas-preventivamente-e-justica-ja-condena-pratica-por-abuso\/#primaryimage"},"image":{"@id":"https:\/\/www.em.com.br\/emfoco\/2026\/01\/22\/bancos-estao-bloqueando-contas-preventivamente-e-justica-ja-condena-pratica-por-abuso\/#primaryimage"},"thumbnailUrl":"https:\/\/www.em.com.br\/emfoco\/wp-content\/uploads\/2026\/01\/AIAI-17-8.jpg","datePublished":"2026-01-23T00:05:00+00:00","dateModified":"2026-01-20T14:19:49+00:00","author":{"@id":"https:\/\/www.em.com.br\/emfoco\/#\/schema\/person\/1c9ddeab18b98abeffef834667bcf08a"},"description":"Bancos que bloqueiam contas por Pix sem aviso podem ser obrigados a indenizar. Veja decis\u00f5es e como agir se isso acontecer com voc\u00ea.","breadcrumb":{"@id":"https:\/\/www.em.com.br\/emfoco\/2026\/01\/22\/bancos-estao-bloqueando-contas-preventivamente-e-justica-ja-condena-pratica-por-abuso\/#breadcrumb"},"inLanguage":"pt-BR","potentialAction":[{"@type":"ReadAction","target":["https:\/\/www.em.com.br\/emfoco\/2026\/01\/22\/bancos-estao-bloqueando-contas-preventivamente-e-justica-ja-condena-pratica-por-abuso\/"]}]},{"@type":"ImageObject","inLanguage":"pt-BR","@id":"https:\/\/www.em.com.br\/emfoco\/2026\/01\/22\/bancos-estao-bloqueando-contas-preventivamente-e-justica-ja-condena-pratica-por-abuso\/#primaryimage","url":"https:\/\/www.em.com.br\/emfoco\/wp-content\/uploads\/2026\/01\/AIAI-17-8.jpg","contentUrl":"https:\/\/www.em.com.br\/emfoco\/wp-content\/uploads\/2026\/01\/AIAI-17-8.jpg","width":1280,"height":720,"caption":"Bloqueios preventivos de contas geram disputas judiciais por falta de aviso"},{"@type":"BreadcrumbList","@id":"https:\/\/www.em.com.br\/emfoco\/2026\/01\/22\/bancos-estao-bloqueando-contas-preventivamente-e-justica-ja-condena-pratica-por-abuso\/#breadcrumb","itemListElement":[{"@type":"ListItem","position":1,"name":"In\u00edcio","item":"https:\/\/www.em.com.br\/emfoco\/"},{"@type":"ListItem","position":2,"name":"Bancos est\u00e3o bloqueando contas preventivamente e Justi\u00e7a j\u00e1 condena pr\u00e1tica por abuso"}]},{"@type":"WebSite","@id":"https:\/\/www.em.com.br\/emfoco\/#website","url":"https:\/\/www.em.com.br\/emfoco\/","name":"Estado de Minas - Em foco","description":"Acompanhe as \u00faltimas not\u00edcias e fique bem informado sobre tudo o que acontece em Minas Gerais, Brasil e no mundo.","potentialAction":[{"@type":"SearchAction","target":{"@type":"EntryPoint","urlTemplate":"https:\/\/www.em.com.br\/emfoco\/?s={search_term_string}"},"query-input":{"@type":"PropertyValueSpecification","valueRequired":true,"valueName":"search_term_string"}}],"inLanguage":"pt-BR"},{"@type":"Person","@id":"https:\/\/www.em.com.br\/emfoco\/#\/schema\/person\/1c9ddeab18b98abeffef834667bcf08a","name":"Gabriel Martins","image":{"@type":"ImageObject","inLanguage":"pt-BR","@id":"https:\/\/www.em.com.br\/emfoco\/#\/schema\/person\/image\/","url":"https:\/\/secure.gravatar.com\/avatar\/f0f1e2efdfd88f1ad2cb08c5c2731e50?s=96&d=mm&r=g","contentUrl":"https:\/\/secure.gravatar.com\/avatar\/f0f1e2efdfd88f1ad2cb08c5c2731e50?s=96&d=mm&r=g","caption":"Gabriel Martins"},"sameAs":["https:\/\/www.em.com.br\/emfoco\/"],"url":"https:\/\/www.em.com.br\/emfoco\/author\/gabrielmartinsmyth\/"}]}},"_links":{"self":[{"href":"https:\/\/www.em.com.br\/emfoco\/wp-json\/wp\/v2\/posts\/157383","targetHints":{"allow":["GET"]}}],"collection":[{"href":"https:\/\/www.em.com.br\/emfoco\/wp-json\/wp\/v2\/posts"}],"about":[{"href":"https:\/\/www.em.com.br\/emfoco\/wp-json\/wp\/v2\/types\/post"}],"author":[{"embeddable":true,"href":"https:\/\/www.em.com.br\/emfoco\/wp-json\/wp\/v2\/users\/13"}],"replies":[{"embeddable":true,"href":"https:\/\/www.em.com.br\/emfoco\/wp-json\/wp\/v2\/comments?post=157383"}],"version-history":[{"count":1,"href":"https:\/\/www.em.com.br\/emfoco\/wp-json\/wp\/v2\/posts\/157383\/revisions"}],"predecessor-version":[{"id":157421,"href":"https:\/\/www.em.com.br\/emfoco\/wp-json\/wp\/v2\/posts\/157383\/revisions\/157421"}],"wp:featuredmedia":[{"embeddable":true,"href":"https:\/\/www.em.com.br\/emfoco\/wp-json\/wp\/v2\/media\/157418"}],"wp:attachment":[{"href":"https:\/\/www.em.com.br\/emfoco\/wp-json\/wp\/v2\/media?parent=157383"}],"wp:term":[{"taxonomy":"category","embeddable":true,"href":"https:\/\/www.em.com.br\/emfoco\/wp-json\/wp\/v2\/categories?post=157383"},{"taxonomy":"post_tag","embeddable":true,"href":"https:\/\/www.em.com.br\/emfoco\/wp-json\/wp\/v2\/tags?post=157383"}],"curies":[{"name":"wp","href":"https:\/\/api.w.org\/{rel}","templated":true}]}}