{"id":157381,"date":"2026-01-22T18:45:00","date_gmt":"2026-01-22T21:45:00","guid":{"rendered":"https:\/\/www.em.com.br\/emfoco\/?p=157381"},"modified":"2026-01-20T11:08:48","modified_gmt":"2026-01-20T14:08:48","slug":"alivio-financeiro-inss-permite-pagamento-de-dois-bpcs-na-mesma-casa-e-exclui-valor-do-primeiro-beneficio-do-calculo-de-renda","status":"publish","type":"post","link":"https:\/\/www.em.com.br\/emfoco\/2026\/01\/22\/alivio-financeiro-inss-permite-pagamento-de-dois-bpcs-na-mesma-casa-e-exclui-valor-do-primeiro-beneficio-do-calculo-de-renda\/","title":{"rendered":"Al\u00edvio financeiro: INSS permite pagamento de dois BPCs na mesma casa e exclui valor do primeiro benef\u00edcio do c\u00e1lculo de renda"},"content":{"rendered":"\n<h2 class=\"wp-block-heading\">A nova regra permite dois BPC no mesmo domic\u00edlio ao excluir at\u00e9 um sal\u00e1rio m\u00ednimo do c\u00e1lculo da renda familiar. O direito vale para idosos ou PcDs que cumpram crit\u00e9rios individuais, com per\u00edcia inclusive por v\u00eddeo.<\/h2>\n\n\n\n<p>A possibilidade de <strong>dois BPC na mesma casa<\/strong> trouxe al\u00edvio financeiro para fam\u00edlias com mais de um idoso ou pessoa com defici\u00eancia. A nova regra impede que um benef\u00edcio anule o outro no c\u00e1lculo da renda, corrigindo uma distor\u00e7\u00e3o hist\u00f3rica da assist\u00eancia social.<\/p>\n\n\n\n<h2 class=\"wp-block-heading\">\u00c9 poss\u00edvel ter dois BPCs no mesmo n\u00facleo familiar?<\/h2>\n\n\n\n<p>Sim, a legisla\u00e7\u00e3o consolidou o entendimento de que dois idosos ou PcDs podem receber o <a href=\"https:\/\/www.gov.br\/mds\/pt-br\/acoes-e-programas\/suas\/beneficios-assistenciais\/beneficio-assistencial-ao-idoso-e-a-pessoa-com-deficiencia-bpc\" target=\"_blank\" rel=\"noreferrer noopener\"><strong>Benef\u00edcio de Presta\u00e7\u00e3o Continuada<\/strong> <\/a>vivendo sob o mesmo teto, desde que cada um cumpra individualmente os crit\u00e9rios exigidos.<\/p>\n\n\n\n<p>A mudan\u00e7a reconhece que os gastos s\u00e3o duplicados em lares com m\u00faltiplos benefici\u00e1rios, sobretudo com sa\u00fade e alimenta\u00e7\u00e3o, garantindo que o amparo a um membro n\u00e3o inviabilize o <strong>direito social<\/strong> do outro.<\/p>\n\n\n\n<figure class=\"wp-block-image size-large\"><img loading=\"lazy\" decoding=\"async\" width=\"1024\" height=\"576\" src=\"https:\/\/www.em.com.br\/emfoco\/wp-content\/uploads\/2026\/01\/AIAI-12-17-1024x576.jpg\" alt=\"Al\u00edvio financeiro: INSS permite pagamento de dois BPCs na mesma casa e exclui valor do primeiro benef\u00edcio do c\u00e1lculo de renda\" class=\"wp-image-157411\" srcset=\"https:\/\/www.em.com.br\/emfoco\/wp-content\/uploads\/2026\/01\/AIAI-12-17-1024x576.jpg 1024w, https:\/\/www.em.com.br\/emfoco\/wp-content\/uploads\/2026\/01\/AIAI-12-17-300x169.jpg 300w, https:\/\/www.em.com.br\/emfoco\/wp-content\/uploads\/2026\/01\/AIAI-12-17-768x432.jpg 768w, https:\/\/www.em.com.br\/emfoco\/wp-content\/uploads\/2026\/01\/AIAI-12-17-750x422.jpg 750w, https:\/\/www.em.com.br\/emfoco\/wp-content\/uploads\/2026\/01\/AIAI-12-17-1140x641.jpg 1140w, https:\/\/www.em.com.br\/emfoco\/wp-content\/uploads\/2026\/01\/AIAI-12-17.jpg 1280w\" sizes=\"auto, (max-width: 1024px) 100vw, 1024px\" \/><figcaption class=\"wp-element-caption\">Legisla\u00e7\u00e3o reconhece direito individual de idosos e PcDs no mesmo domic\u00edlio<\/figcaption><\/figure>\n\n\n\n<h2 class=\"wp-block-heading\">Como funciona a nova regra de exclus\u00e3o de renda?<\/h2>\n\n\n\n<p>O c\u00e1lculo da renda familiar deixou de considerar automaticamente um sal\u00e1rio m\u00ednimo recebido por outro idoso da casa, evitando indeferimentos por \u201cexcesso de renda\u201d. Para entender o que entra ou n\u00e3o na conta, observe os pontos abaixo.<\/p>\n\n\n\n<ul class=\"wp-block-list\">\n<li><strong>BPC existente<\/strong>: valor de at\u00e9 um sal\u00e1rio m\u00ednimo recebido por idoso ou PcD n\u00e3o entra no c\u00e1lculo.<\/li>\n\n\n\n<li><strong>Aposentadoria m\u00ednima<\/strong>: benef\u00edcio previdenci\u00e1rio de valor m\u00ednimo tamb\u00e9m pode ser desconsiderado.<\/li>\n\n\n\n<li><strong>Renda per capita<\/strong>: passa a refletir melhor a situa\u00e7\u00e3o real da fam\u00edlia.<\/li>\n<\/ul>\n\n\n\n<h2 class=\"wp-block-heading\">Quem tem direito ao segundo BPC ap\u00f3s a mudan\u00e7a?<\/h2>\n\n\n\n<p>O segundo benef\u00edcio pode ser concedido a idosos com 65 anos ou mais ou a pessoas com defici\u00eancia que comprovem impedimentos de longo prazo, desde que a renda per capita familiar permane\u00e7a dentro do limite legal.<\/p>\n\n\n\n<p>Cada pedido \u00e9 analisado de forma individual, refor\u00e7ando o car\u00e1ter <strong>assistencial e pessoal<\/strong> do BPC, que n\u00e3o se confunde com aposentadoria nem gera pens\u00e3o para dependentes.<\/p>\n\n\n\n<figure class=\"wp-block-image size-large\"><img loading=\"lazy\" decoding=\"async\" width=\"1024\" height=\"576\" src=\"https:\/\/www.em.com.br\/emfoco\/wp-content\/uploads\/2026\/01\/AIAI-13-17-1024x576.jpg\" alt=\"Al\u00edvio financeiro: INSS permite pagamento de dois BPCs na mesma casa e exclui valor do primeiro benef\u00edcio do c\u00e1lculo de renda\" class=\"wp-image-157412\" srcset=\"https:\/\/www.em.com.br\/emfoco\/wp-content\/uploads\/2026\/01\/AIAI-13-17-1024x576.jpg 1024w, https:\/\/www.em.com.br\/emfoco\/wp-content\/uploads\/2026\/01\/AIAI-13-17-300x169.jpg 300w, https:\/\/www.em.com.br\/emfoco\/wp-content\/uploads\/2026\/01\/AIAI-13-17-768x432.jpg 768w, https:\/\/www.em.com.br\/emfoco\/wp-content\/uploads\/2026\/01\/AIAI-13-17-750x422.jpg 750w, https:\/\/www.em.com.br\/emfoco\/wp-content\/uploads\/2026\/01\/AIAI-13-17-1140x641.jpg 1140w, https:\/\/www.em.com.br\/emfoco\/wp-content\/uploads\/2026\/01\/AIAI-13-17.jpg 1280w\" sizes=\"auto, (max-width: 1024px) 100vw, 1024px\" \/><figcaption class=\"wp-element-caption\">Segundo BPC exige crit\u00e9rios individuais de idade ou defici\u00eancia comprovada<\/figcaption><\/figure>\n\n\n\n<p><em>Leia mais: <em><strong><a href=\"https:\/\/www.em.com.br\/emfoco\/2026\/01\/19\/sem-esse-exame-voce-nao-pode-mais-tirar-a-cnh-nova-exigencia-virou-barreira-para-milhares-de-brasileiros\/\" target=\"_blank\" rel=\"noreferrer noopener\">Sem esse exame voc\u00ea n\u00e3o pode mais tirar a CNH! Nova exig\u00eancia virou barreira para milhares de brasileiros<\/a><\/strong><\/em><\/em><\/p>\n\n\n\n<h2 class=\"wp-block-heading\">Como funcionam as per\u00edcias por v\u00eddeo nesse novo cen\u00e1rio?<\/h2>\n\n\n\n<p>A avalia\u00e7\u00e3o m\u00e9dica e social por videochamada simplificou o acesso ao benef\u00edcio, especialmente para idosos acamados ou moradores de regi\u00f5es distantes. Para que o processo seja v\u00e1lido, alguns cuidados s\u00e3o essenciais.<\/p>\n\n\n\n<ul class=\"wp-block-list\">\n<li><strong>Agendamento digital<\/strong>: a per\u00edcia ocorre em data marcada pelo sistema oficial.<\/li>\n\n\n\n<li><strong>Envio de documentos<\/strong>: laudos e exames s\u00e3o anexados antes da avalia\u00e7\u00e3o.<\/li>\n\n\n\n<li><strong>Identifica\u00e7\u00e3o segura<\/strong>: confer\u00eancia da identidade garante a validade da an\u00e1lise.<\/li>\n<\/ul>\n\n\n\n<h2 class=\"wp-block-heading\">O que as fam\u00edlias precisam fazer para garantir o benef\u00edcio?<\/h2>\n\n\n\n<p>Manter o <strong>Cadastro \u00danico atualizado<\/strong> \u00e9 indispens\u00e1vel, com todos os moradores corretamente declarados e documentos em dia, especialmente CPF e dados de renda.<\/p>\n\n\n\n<p>Com essas informa\u00e7\u00f5es corretas, o processo se torna mais \u00e1gil e transparente, permitindo que fam\u00edlias vulner\u00e1veis acessem dois benef\u00edcios sem bloqueios indevidos, fortalecendo a prote\u00e7\u00e3o social e a dignidade no cotidiano.<\/p>\n","protected":false},"excerpt":{"rendered":"<p>A nova regra permite dois BPC no mesmo domic\u00edlio ao excluir at\u00e9 um sal\u00e1rio m\u00ednimo do c\u00e1lculo da renda familiar. O direito vale para idosos ou PcDs que cumpram crit\u00e9rios individuais, com per\u00edcia inclusive por v\u00eddeo. A possibilidade de dois BPC na mesma casa trouxe al\u00edvio financeiro para fam\u00edlias com mais de um idoso ou [&hellip;]<\/p>\n","protected":false},"author":13,"featured_media":157410,"comment_status":"open","ping_status":"open","sticky":false,"template":"","format":"standard","meta":{"jnews-multi-image_gallery":[],"jnews_single_post":{"format":"standard"},"jnews_primary_category":[],"jnews_social_meta":[],"jnews_override_counter":[],"footnotes":""},"categories":[28],"tags":[23012,257,23013,23011],"class_list":["post-157381","post","type-post","status-publish","format-standard","has-post-thumbnail","hentry","category-economia","tag-beneficio-da-prestacao-continuada","tag-bpc","tag-direito-social","tag-dois-bpc"],"yoast_head":"<!-- This site is optimized with the Yoast SEO plugin v23.8 - https:\/\/yoast.com\/wordpress\/plugins\/seo\/ -->\n<title>Al\u00edvio financeiro: INSS permite pagamento de dois BPCs na mesma casa e exclui valor do primeiro benef\u00edcio do c\u00e1lculo de renda - Estado de Minas - Em foco<\/title>\n<meta name=\"description\" content=\"Nova regra do BPC libera dois pagamentos por fam\u00edlia. Veja como o c\u00e1lculo mudou e o que fazer para garantir o benef\u00edcio sem bloqueio.\" \/>\n<meta name=\"robots\" content=\"index, follow, max-snippet:-1, max-image-preview:large, max-video-preview:-1\" \/>\n<link rel=\"canonical\" href=\"https:\/\/www.em.com.br\/emfoco\/2026\/01\/22\/alivio-financeiro-inss-permite-pagamento-de-dois-bpcs-na-mesma-casa-e-exclui-valor-do-primeiro-beneficio-do-calculo-de-renda\/\" \/>\n<meta property=\"og:locale\" content=\"pt_BR\" \/>\n<meta property=\"og:type\" content=\"article\" \/>\n<meta property=\"og:title\" content=\"Al\u00edvio financeiro: INSS permite pagamento de dois BPCs na mesma casa e exclui valor do primeiro benef\u00edcio do c\u00e1lculo de renda - Estado de Minas - Em foco\" \/>\n<meta property=\"og:description\" content=\"Nova regra do BPC libera dois pagamentos por fam\u00edlia. Veja como o c\u00e1lculo mudou e o que fazer para garantir o benef\u00edcio sem bloqueio.\" \/>\n<meta property=\"og:url\" content=\"https:\/\/www.em.com.br\/emfoco\/2026\/01\/22\/alivio-financeiro-inss-permite-pagamento-de-dois-bpcs-na-mesma-casa-e-exclui-valor-do-primeiro-beneficio-do-calculo-de-renda\/\" \/>\n<meta property=\"og:site_name\" content=\"Estado de Minas - Em foco\" \/>\n<meta property=\"article:published_time\" content=\"2026-01-22T21:45:00+00:00\" \/>\n<meta property=\"article:modified_time\" content=\"2026-01-20T14:08:48+00:00\" \/>\n<meta property=\"og:image\" content=\"https:\/\/www.em.com.br\/emfoco\/wp-content\/uploads\/2026\/01\/AIAI-11-22.jpg\" \/>\n\t<meta property=\"og:image:width\" content=\"1280\" \/>\n\t<meta property=\"og:image:height\" content=\"720\" \/>\n\t<meta property=\"og:image:type\" content=\"image\/jpeg\" \/>\n<meta name=\"author\" content=\"Gabriel Martins\" \/>\n<meta name=\"twitter:card\" content=\"summary_large_image\" \/>\n<meta name=\"twitter:label1\" content=\"Escrito por\" \/>\n\t<meta name=\"twitter:data1\" content=\"Gabriel Martins\" \/>\n\t<meta name=\"twitter:label2\" content=\"Est. tempo de leitura\" \/>\n\t<meta name=\"twitter:data2\" content=\"4 minutos\" \/>\n<!-- \/ Yoast SEO plugin. -->","yoast_head_json":{"title":"Al\u00edvio financeiro: INSS permite pagamento de dois BPCs na mesma casa e exclui valor do primeiro benef\u00edcio do c\u00e1lculo de renda - Estado de Minas - Em foco","description":"Nova regra do BPC libera dois pagamentos por fam\u00edlia. Veja como o c\u00e1lculo mudou e o que fazer para garantir o benef\u00edcio sem bloqueio.","robots":{"index":"index","follow":"follow","max-snippet":"max-snippet:-1","max-image-preview":"max-image-preview:large","max-video-preview":"max-video-preview:-1"},"canonical":"https:\/\/www.em.com.br\/emfoco\/2026\/01\/22\/alivio-financeiro-inss-permite-pagamento-de-dois-bpcs-na-mesma-casa-e-exclui-valor-do-primeiro-beneficio-do-calculo-de-renda\/","og_locale":"pt_BR","og_type":"article","og_title":"Al\u00edvio financeiro: INSS permite pagamento de dois BPCs na mesma casa e exclui valor do primeiro benef\u00edcio do c\u00e1lculo de renda - Estado de Minas - Em foco","og_description":"Nova regra do BPC libera dois pagamentos por fam\u00edlia. Veja como o c\u00e1lculo mudou e o que fazer para garantir o benef\u00edcio sem bloqueio.","og_url":"https:\/\/www.em.com.br\/emfoco\/2026\/01\/22\/alivio-financeiro-inss-permite-pagamento-de-dois-bpcs-na-mesma-casa-e-exclui-valor-do-primeiro-beneficio-do-calculo-de-renda\/","og_site_name":"Estado de Minas - Em foco","article_published_time":"2026-01-22T21:45:00+00:00","article_modified_time":"2026-01-20T14:08:48+00:00","og_image":[{"width":1280,"height":720,"url":"https:\/\/www.em.com.br\/emfoco\/wp-content\/uploads\/2026\/01\/AIAI-11-22.jpg","type":"image\/jpeg"}],"author":"Gabriel Martins","twitter_card":"summary_large_image","twitter_misc":{"Escrito por":"Gabriel Martins","Est. tempo de leitura":"4 minutos"},"schema":{"@context":"https:\/\/schema.org","@graph":[{"@type":"WebPage","@id":"https:\/\/www.em.com.br\/emfoco\/2026\/01\/22\/alivio-financeiro-inss-permite-pagamento-de-dois-bpcs-na-mesma-casa-e-exclui-valor-do-primeiro-beneficio-do-calculo-de-renda\/","url":"https:\/\/www.em.com.br\/emfoco\/2026\/01\/22\/alivio-financeiro-inss-permite-pagamento-de-dois-bpcs-na-mesma-casa-e-exclui-valor-do-primeiro-beneficio-do-calculo-de-renda\/","name":"Al\u00edvio financeiro: INSS permite pagamento de dois BPCs na mesma casa e exclui valor do primeiro benef\u00edcio do c\u00e1lculo de renda - Estado de Minas - Em foco","isPartOf":{"@id":"https:\/\/www.em.com.br\/emfoco\/#website"},"primaryImageOfPage":{"@id":"https:\/\/www.em.com.br\/emfoco\/2026\/01\/22\/alivio-financeiro-inss-permite-pagamento-de-dois-bpcs-na-mesma-casa-e-exclui-valor-do-primeiro-beneficio-do-calculo-de-renda\/#primaryimage"},"image":{"@id":"https:\/\/www.em.com.br\/emfoco\/2026\/01\/22\/alivio-financeiro-inss-permite-pagamento-de-dois-bpcs-na-mesma-casa-e-exclui-valor-do-primeiro-beneficio-do-calculo-de-renda\/#primaryimage"},"thumbnailUrl":"https:\/\/www.em.com.br\/emfoco\/wp-content\/uploads\/2026\/01\/AIAI-11-22.jpg","datePublished":"2026-01-22T21:45:00+00:00","dateModified":"2026-01-20T14:08:48+00:00","author":{"@id":"https:\/\/www.em.com.br\/emfoco\/#\/schema\/person\/1c9ddeab18b98abeffef834667bcf08a"},"description":"Nova regra do BPC libera dois pagamentos por fam\u00edlia. Veja como o c\u00e1lculo mudou e o que fazer para garantir o benef\u00edcio sem bloqueio.","breadcrumb":{"@id":"https:\/\/www.em.com.br\/emfoco\/2026\/01\/22\/alivio-financeiro-inss-permite-pagamento-de-dois-bpcs-na-mesma-casa-e-exclui-valor-do-primeiro-beneficio-do-calculo-de-renda\/#breadcrumb"},"inLanguage":"pt-BR","potentialAction":[{"@type":"ReadAction","target":["https:\/\/www.em.com.br\/emfoco\/2026\/01\/22\/alivio-financeiro-inss-permite-pagamento-de-dois-bpcs-na-mesma-casa-e-exclui-valor-do-primeiro-beneficio-do-calculo-de-renda\/"]}]},{"@type":"ImageObject","inLanguage":"pt-BR","@id":"https:\/\/www.em.com.br\/emfoco\/2026\/01\/22\/alivio-financeiro-inss-permite-pagamento-de-dois-bpcs-na-mesma-casa-e-exclui-valor-do-primeiro-beneficio-do-calculo-de-renda\/#primaryimage","url":"https:\/\/www.em.com.br\/emfoco\/wp-content\/uploads\/2026\/01\/AIAI-11-22.jpg","contentUrl":"https:\/\/www.em.com.br\/emfoco\/wp-content\/uploads\/2026\/01\/AIAI-11-22.jpg","width":1280,"height":720,"caption":"Nova regra permite dois BPCs no mesmo lar sem bloqueio indevido"},{"@type":"BreadcrumbList","@id":"https:\/\/www.em.com.br\/emfoco\/2026\/01\/22\/alivio-financeiro-inss-permite-pagamento-de-dois-bpcs-na-mesma-casa-e-exclui-valor-do-primeiro-beneficio-do-calculo-de-renda\/#breadcrumb","itemListElement":[{"@type":"ListItem","position":1,"name":"In\u00edcio","item":"https:\/\/www.em.com.br\/emfoco\/"},{"@type":"ListItem","position":2,"name":"Al\u00edvio financeiro: INSS permite pagamento de dois BPCs na mesma casa e exclui valor do primeiro benef\u00edcio do c\u00e1lculo de renda"}]},{"@type":"WebSite","@id":"https:\/\/www.em.com.br\/emfoco\/#website","url":"https:\/\/www.em.com.br\/emfoco\/","name":"Estado de Minas - Em foco","description":"Acompanhe as \u00faltimas not\u00edcias e fique bem informado sobre tudo o que acontece em Minas Gerais, Brasil e no mundo.","potentialAction":[{"@type":"SearchAction","target":{"@type":"EntryPoint","urlTemplate":"https:\/\/www.em.com.br\/emfoco\/?s={search_term_string}"},"query-input":{"@type":"PropertyValueSpecification","valueRequired":true,"valueName":"search_term_string"}}],"inLanguage":"pt-BR"},{"@type":"Person","@id":"https:\/\/www.em.com.br\/emfoco\/#\/schema\/person\/1c9ddeab18b98abeffef834667bcf08a","name":"Gabriel Martins","image":{"@type":"ImageObject","inLanguage":"pt-BR","@id":"https:\/\/www.em.com.br\/emfoco\/#\/schema\/person\/image\/","url":"https:\/\/secure.gravatar.com\/avatar\/f0f1e2efdfd88f1ad2cb08c5c2731e50?s=96&d=mm&r=g","contentUrl":"https:\/\/secure.gravatar.com\/avatar\/f0f1e2efdfd88f1ad2cb08c5c2731e50?s=96&d=mm&r=g","caption":"Gabriel Martins"},"sameAs":["https:\/\/www.em.com.br\/emfoco\/"],"url":"https:\/\/www.em.com.br\/emfoco\/author\/gabrielmartinsmyth\/"}]}},"_links":{"self":[{"href":"https:\/\/www.em.com.br\/emfoco\/wp-json\/wp\/v2\/posts\/157381","targetHints":{"allow":["GET"]}}],"collection":[{"href":"https:\/\/www.em.com.br\/emfoco\/wp-json\/wp\/v2\/posts"}],"about":[{"href":"https:\/\/www.em.com.br\/emfoco\/wp-json\/wp\/v2\/types\/post"}],"author":[{"embeddable":true,"href":"https:\/\/www.em.com.br\/emfoco\/wp-json\/wp\/v2\/users\/13"}],"replies":[{"embeddable":true,"href":"https:\/\/www.em.com.br\/emfoco\/wp-json\/wp\/v2\/comments?post=157381"}],"version-history":[{"count":1,"href":"https:\/\/www.em.com.br\/emfoco\/wp-json\/wp\/v2\/posts\/157381\/revisions"}],"predecessor-version":[{"id":157413,"href":"https:\/\/www.em.com.br\/emfoco\/wp-json\/wp\/v2\/posts\/157381\/revisions\/157413"}],"wp:featuredmedia":[{"embeddable":true,"href":"https:\/\/www.em.com.br\/emfoco\/wp-json\/wp\/v2\/media\/157410"}],"wp:attachment":[{"href":"https:\/\/www.em.com.br\/emfoco\/wp-json\/wp\/v2\/media?parent=157381"}],"wp:term":[{"taxonomy":"category","embeddable":true,"href":"https:\/\/www.em.com.br\/emfoco\/wp-json\/wp\/v2\/categories?post=157381"},{"taxonomy":"post_tag","embeddable":true,"href":"https:\/\/www.em.com.br\/emfoco\/wp-json\/wp\/v2\/tags?post=157381"}],"curies":[{"name":"wp","href":"https:\/\/api.w.org\/{rel}","templated":true}]}}